{"id":6397,"date":"2024-01-24T14:46:51","date_gmt":"2024-01-24T13:46:51","guid":{"rendered":"https:\/\/altinnov.blog\/?p=6397"},"modified":"2024-01-24T14:46:51","modified_gmt":"2024-01-24T13:46:51","slug":"streetart-gerone","status":"publish","type":"post","link":"https:\/\/altinnov.blog\/index.php\/fr\/2024\/01\/24\/streetart-gerone\/","title":{"rendered":"Le Street Art \u00e0 G\u00e9rone fait sens : participatif et solidaire, il met en avant la diversit\u00e9 avec d\u00e9licatesse !"},"content":{"rendered":"<p>Le Street Art \u00e0 G\u00e9rone est loin d\u2019\u00eatre une attraction touristique majeure. Les \u00e9difices m\u00e9di\u00e9vaux des \u00e9poques romanes, gothiques et baroques attirent plus le chaland que la peinture qui s\u2019\u00e9chappe d\u2019une bombe\u00a0! Et je dois l\u2019avouer pendant des ann\u00e9es j\u2019y suis all\u00e9e avec plaisir pour me perdre dans les d\u00e9dales de la vieille ville afin d\u2019entrevoir les magnifiques tr\u00e9sors cach\u00e9s derri\u00e8re les vieilles pierres ! Mais voil\u00e0 que depuis une dizaine d\u2019ann\u00e9es lorsque j\u2019arrive \u00e0 G\u00e9rone, je ne peux m\u2019emp\u00eacher de voir que les espaces publics se remplissent d\u2019\u0153uvres color\u00e9es \u00e9tonnantes. J\u2019ai donc d\u00e9cid\u00e9 d\u2019aborder G\u00e9rone sous un autre angle, en oubliant la vieille ville et en me concentrant sur les quartiers alentours.<\/p>\n<div id=\"attachment_6401\" style=\"width: 1034px\" class=\"wp-caption aligncenter\"><img aria-describedby=\"caption-attachment-6401\" decoding=\"async\" loading=\"lazy\" class=\"size-large wp-image-6401\" src=\"https:\/\/i0.wp.com\/altinnov.blog\/wp-content\/uploads\/2024\/01\/Street-Art-Gerone-oeuvre-de-lartiste-espagnol-Blazy-pour-le-Festival-Monart-Photo-\u00a9Altinnov.jpg?resize=1024%2C768&#038;ssl=1\" alt=\"Street Art Ge\u0301rone - oeuvre de l'artiste espagnol Blazy pour le Festival Monar't - Photo \u00a9Altinnov.jpg\" width=\"1024\" height=\"768\" srcset=\"https:\/\/i0.wp.com\/altinnov.blog\/wp-content\/uploads\/2024\/01\/Street-Art-Gerone-oeuvre-de-lartiste-espagnol-Blazy-pour-le-Festival-Monart-Photo-\u00a9Altinnov-scaled.jpg?resize=1024%2C768&amp;ssl=1 1024w, https:\/\/i0.wp.com\/altinnov.blog\/wp-content\/uploads\/2024\/01\/Street-Art-Gerone-oeuvre-de-lartiste-espagnol-Blazy-pour-le-Festival-Monart-Photo-\u00a9Altinnov-scaled.jpg?resize=300%2C225&amp;ssl=1 300w, https:\/\/i0.wp.com\/altinnov.blog\/wp-content\/uploads\/2024\/01\/Street-Art-Gerone-oeuvre-de-lartiste-espagnol-Blazy-pour-le-Festival-Monart-Photo-\u00a9Altinnov-scaled.jpg?resize=768%2C576&amp;ssl=1 768w, https:\/\/i0.wp.com\/altinnov.blog\/wp-content\/uploads\/2024\/01\/Street-Art-Gerone-oeuvre-de-lartiste-espagnol-Blazy-pour-le-Festival-Monart-Photo-\u00a9Altinnov-scaled.jpg?resize=1536%2C1152&amp;ssl=1 1536w, https:\/\/i0.wp.com\/altinnov.blog\/wp-content\/uploads\/2024\/01\/Street-Art-Gerone-oeuvre-de-lartiste-espagnol-Blazy-pour-le-Festival-Monart-Photo-\u00a9Altinnov-scaled.jpg?resize=2048%2C1536&amp;ssl=1 2048w, https:\/\/i0.wp.com\/altinnov.blog\/wp-content\/uploads\/2024\/01\/Street-Art-Gerone-oeuvre-de-lartiste-espagnol-Blazy-pour-le-Festival-Monart-Photo-\u00a9Altinnov-scaled.jpg?resize=160%2C120&amp;ssl=1 160w, https:\/\/i0.wp.com\/altinnov.blog\/wp-content\/uploads\/2024\/01\/Street-Art-Gerone-oeuvre-de-lartiste-espagnol-Blazy-pour-le-Festival-Monart-Photo-\u00a9Altinnov-scaled.jpg?w=2280&amp;ssl=1 2280w\" sizes=\"(max-width: 1024px) 100vw, 1024px\" data-recalc-dims=\"1\" \/><p id=\"caption-attachment-6401\" class=\"wp-caption-text\"><a href=\"https:\/\/www.instagram.com\/blessyoublazy\/\" target=\"_blank\" rel=\"noopener\"><strong>Blazy<\/strong><\/a> &#8211; Festival Monar&rsquo;t Girona &#8211; Photo \u00a9Altinnov<\/p><\/div>\n<p>Subjugu\u00e9e je l\u2019ai \u00e9t\u00e9 ! Contre toute attente deux festivals d\u2019art urbain se t\u00e9lescopent dans la ville ! Et sinc\u00e8rement il n\u2019y a que peu de communication autour de ces \u00e9v\u00e9nements\u2026 Une communication locale certes, mais qui n\u2019arrive pas \u00e0 nos oreilles ! J\u2019ai \u00e9t\u00e9 extr\u00eamement \u00e9tonn\u00e9e de la teneur de ces \u0153uvres tourn\u00e9es vers la population. Des petites \u0153uvres aux \u0153uvres XXL, il n\u2019y en a pas une qui soit pos\u00e9e l\u00e0 pour faire d\u00e9cors\u2026 Il y a du sens et m\u00eame quand on ne conna\u00eet pas l\u2019histoire de ces festivals on comprend tr\u00e8s vite que le Street Art \u00e0 G\u00e9rone est fait pour souder la population, passer un message. J\u2019ai donc d\u00e9cid\u00e9 de mettre en avant ces deux \u00e9v\u00e9nements, en commen\u00e7ant par le festival le plus r\u00e9cent qui m\u2019a permis apr\u00e8s quelques \u0153uvres de comprendre la complexit\u00e9 du quartier dans lequel je me trouvais sans avoir lu aucune ligne sur celui-ci.<\/p><div id=\"altin-3047991862\" class=\"altin-contenu_2 altin-entity-placement\"><script async src=\"\/\/pagead2.googlesyndication.com\/pagead\/js\/adsbygoogle.js?client=ca-pub-4035181110757945\" crossorigin=\"anonymous\"><\/script><ins class=\"adsbygoogle\" style=\"display:block; text-align:center;\" data-ad-client=\"ca-pub-4035181110757945\" \ndata-ad-slot=\"9414912321\" \ndata-ad-layout=\"in-article\"\ndata-ad-format=\"fluid\"><\/ins>\n<script> \n(adsbygoogle = window.adsbygoogle || []).push({}); \n<\/script>\n<\/div>\n<div id=\"attachment_6404\" style=\"width: 1034px\" class=\"wp-caption aligncenter\"><img aria-describedby=\"caption-attachment-6404\" decoding=\"async\" loading=\"lazy\" class=\"size-large wp-image-6404\" src=\"https:\/\/i0.wp.com\/altinnov.blog\/wp-content\/uploads\/2024\/01\/Gram21-Graffiti-gerone-espagne-Photo-\u00a9Altinnov.jpg?resize=1024%2C576&#038;ssl=1\" alt=\"Gram21 - Graffiti - ge\u0301rone - espagne - Photo \u00a9Altinnov\" width=\"1024\" height=\"576\" srcset=\"https:\/\/i0.wp.com\/altinnov.blog\/wp-content\/uploads\/2024\/01\/Gram21-Graffiti-gerone-espagne-Photo-\u00a9Altinnov-scaled.jpg?resize=1024%2C576&amp;ssl=1 1024w, https:\/\/i0.wp.com\/altinnov.blog\/wp-content\/uploads\/2024\/01\/Gram21-Graffiti-gerone-espagne-Photo-\u00a9Altinnov-scaled.jpg?resize=300%2C169&amp;ssl=1 300w, https:\/\/i0.wp.com\/altinnov.blog\/wp-content\/uploads\/2024\/01\/Gram21-Graffiti-gerone-espagne-Photo-\u00a9Altinnov-scaled.jpg?resize=768%2C432&amp;ssl=1 768w, https:\/\/i0.wp.com\/altinnov.blog\/wp-content\/uploads\/2024\/01\/Gram21-Graffiti-gerone-espagne-Photo-\u00a9Altinnov-scaled.jpg?resize=1536%2C864&amp;ssl=1 1536w, https:\/\/i0.wp.com\/altinnov.blog\/wp-content\/uploads\/2024\/01\/Gram21-Graffiti-gerone-espagne-Photo-\u00a9Altinnov-scaled.jpg?resize=2048%2C1152&amp;ssl=1 2048w, https:\/\/i0.wp.com\/altinnov.blog\/wp-content\/uploads\/2024\/01\/Gram21-Graffiti-gerone-espagne-Photo-\u00a9Altinnov-scaled.jpg?resize=1140%2C641&amp;ssl=1 1140w, https:\/\/i0.wp.com\/altinnov.blog\/wp-content\/uploads\/2024\/01\/Gram21-Graffiti-gerone-espagne-Photo-\u00a9Altinnov-scaled.jpg?resize=720%2C405&amp;ssl=1 720w, https:\/\/i0.wp.com\/altinnov.blog\/wp-content\/uploads\/2024\/01\/Gram21-Graffiti-gerone-espagne-Photo-\u00a9Altinnov-scaled.jpg?w=2280&amp;ssl=1 2280w\" sizes=\"(max-width: 1024px) 100vw, 1024px\" data-recalc-dims=\"1\" \/><p id=\"caption-attachment-6404\" class=\"wp-caption-text\">Gram21 &#8211; G\u00e9rone &#8211; Photo \u00a9Altinnov<\/p><\/div>\n<p>&nbsp;<\/p>\n<h3><strong>Le Festival Monar\u2019t c\u00e9l\u00e8bre la diversit\u00e9 culturelle<\/strong><\/h3>\n<p>En me dirigeant vers les quartiers de Santa Eug\u00e8nia et Can Gibert, je ne savais pas trop \u00e0 quoi m\u2019attendre, ni en terme de population, ni en terme d\u2019\u0153uvres. D\u00e8s la d\u00e9couverte des premiers murs peints, j\u2019ai compris que nous \u00e9tions dans un quartier populaire compos\u00e9 d\u2019une grande diversit\u00e9 culturelle et donc ethnique. Chacune des \u0153uvres crois\u00e9es sur mon chemin me le rappelait. Le face \u00e0 face monumental f\u00e9minin r\u00e9alis\u00e9 par <strong><a href=\"https:\/\/www.instagram.com\/ilich_roimeser\/\" target=\"_blank\" rel=\"noopener\">Ilich Romeiser<\/a><\/strong>, <strong><a href=\"https:\/\/www.instagram.com\/marinayagoda\/?img_index=1\" target=\"_blank\" rel=\"noopener\">Marina et Ivan Yagoda<\/a> <\/strong>en est une magnifique interpr\u00e9tation. La mixit\u00e9 de la population vient s\u2019incruster dans les v\u00eatements de ces deux femmes. Le pass\u00e9 sur la gauche, la jeunesse sur la droite ; une \u0153uvre qui sonne comme un passage de relais g\u00e9n\u00e9rationnel sur fond de mixit\u00e9 sociale et raciale.<\/p>\n<div id=\"attachment_6398\" style=\"width: 1034px\" class=\"wp-caption aligncenter\"><img aria-describedby=\"caption-attachment-6398\" decoding=\"async\" loading=\"lazy\" class=\"size-large wp-image-6398\" src=\"https:\/\/i0.wp.com\/altinnov.blog\/wp-content\/uploads\/2024\/01\/Street-Art-a-Gerone-Oeuvre-de-Ilich-Romeiser-Marina-Yagova-Yvan-Yagova.jpg?resize=1024%2C768&#038;ssl=1\" alt=\"Street Art a\u0300 Ge\u0301rone - Oeuvre de Ilich Romeiser - Marina Yagova - Yvan Yagova\" width=\"1024\" height=\"768\" srcset=\"https:\/\/i0.wp.com\/altinnov.blog\/wp-content\/uploads\/2024\/01\/Street-Art-a-Gerone-Oeuvre-de-Ilich-Romeiser-Marina-Yagova-Yvan-Yagova-scaled.jpg?resize=1024%2C768&amp;ssl=1 1024w, https:\/\/i0.wp.com\/altinnov.blog\/wp-content\/uploads\/2024\/01\/Street-Art-a-Gerone-Oeuvre-de-Ilich-Romeiser-Marina-Yagova-Yvan-Yagova-scaled.jpg?resize=300%2C225&amp;ssl=1 300w, https:\/\/i0.wp.com\/altinnov.blog\/wp-content\/uploads\/2024\/01\/Street-Art-a-Gerone-Oeuvre-de-Ilich-Romeiser-Marina-Yagova-Yvan-Yagova-scaled.jpg?resize=768%2C576&amp;ssl=1 768w, https:\/\/i0.wp.com\/altinnov.blog\/wp-content\/uploads\/2024\/01\/Street-Art-a-Gerone-Oeuvre-de-Ilich-Romeiser-Marina-Yagova-Yvan-Yagova-scaled.jpg?resize=1536%2C1152&amp;ssl=1 1536w, https:\/\/i0.wp.com\/altinnov.blog\/wp-content\/uploads\/2024\/01\/Street-Art-a-Gerone-Oeuvre-de-Ilich-Romeiser-Marina-Yagova-Yvan-Yagova-scaled.jpg?resize=2048%2C1536&amp;ssl=1 2048w, https:\/\/i0.wp.com\/altinnov.blog\/wp-content\/uploads\/2024\/01\/Street-Art-a-Gerone-Oeuvre-de-Ilich-Romeiser-Marina-Yagova-Yvan-Yagova-scaled.jpg?resize=160%2C120&amp;ssl=1 160w, https:\/\/i0.wp.com\/altinnov.blog\/wp-content\/uploads\/2024\/01\/Street-Art-a-Gerone-Oeuvre-de-Ilich-Romeiser-Marina-Yagova-Yvan-Yagova-scaled.jpg?w=2280&amp;ssl=1 2280w\" sizes=\"(max-width: 1024px) 100vw, 1024px\" data-recalc-dims=\"1\" \/><p id=\"caption-attachment-6398\" class=\"wp-caption-text\">Ilich Romeiser, Marina &amp; Ivan Yagoda &#8211; Festival Monar&rsquo;t Girona &#8211; Photo \u00a9Altinnov<\/p><\/div>\n<p>&nbsp;<\/p>\n<p>Ce n\u2019est pas le seul face \u00e0 face f\u00e9minin qui mette en avant la diversit\u00e9. L\u2019artiste <strong><a href=\"https:\/\/www.instagram.com\/art.debespinosa\/?img_index=2\" target=\"_blank\" rel=\"noopener\">Debra Espinosa<\/a> <\/strong>a elle aussi repr\u00e9sent\u00e9 la diversit\u00e9 \u00e0 sa fa\u00e7on ; plus graphique, ton su ton, l\u2019\u0153uvre a un petit c\u00f4t\u00e9 r\u00e9tro. En parlant de sa r\u00e9alisation baptis\u00e9e \u00ab Santa Eug\u00e8nia de Ter \u00bb, elle d\u00e9clare :<em>\u00a0<\/em><em>\u201cIl ne faut jamais oublier d&rsquo;o\u00f9 nous venons et toujours louer les ponts qui nous y ont men\u00e9s\u201d.<\/em><\/p>\n<p>&nbsp;<\/p>\n<div id=\"attachment_6407\" style=\"width: 1034px\" class=\"wp-caption aligncenter\"><img aria-describedby=\"caption-attachment-6407\" decoding=\"async\" loading=\"lazy\" class=\"size-large wp-image-6407\" src=\"https:\/\/i0.wp.com\/altinnov.blog\/wp-content\/uploads\/2024\/01\/Oeuvre-Street-Art-representant-duex-femmes-realisee-par-Debra-Espinosa-a-Girona-Photo-\u00a9Altinnov.jpg?resize=1024%2C576&#038;ssl=1\" alt=\"Oeuvre Street Art repre\u0301sentant deux femmes re\u0301alise\u0301e par Debra Espinosa a\u0300 Girona - Photo \u00a9Altinnov\" width=\"1024\" height=\"576\" srcset=\"https:\/\/i0.wp.com\/altinnov.blog\/wp-content\/uploads\/2024\/01\/Oeuvre-Street-Art-representant-duex-femmes-realisee-par-Debra-Espinosa-a-Girona-Photo-\u00a9Altinnov-scaled.jpg?resize=1024%2C576&amp;ssl=1 1024w, https:\/\/i0.wp.com\/altinnov.blog\/wp-content\/uploads\/2024\/01\/Oeuvre-Street-Art-representant-duex-femmes-realisee-par-Debra-Espinosa-a-Girona-Photo-\u00a9Altinnov-scaled.jpg?resize=300%2C169&amp;ssl=1 300w, https:\/\/i0.wp.com\/altinnov.blog\/wp-content\/uploads\/2024\/01\/Oeuvre-Street-Art-representant-duex-femmes-realisee-par-Debra-Espinosa-a-Girona-Photo-\u00a9Altinnov-scaled.jpg?resize=768%2C432&amp;ssl=1 768w, https:\/\/i0.wp.com\/altinnov.blog\/wp-content\/uploads\/2024\/01\/Oeuvre-Street-Art-representant-duex-femmes-realisee-par-Debra-Espinosa-a-Girona-Photo-\u00a9Altinnov-scaled.jpg?resize=1536%2C864&amp;ssl=1 1536w, https:\/\/i0.wp.com\/altinnov.blog\/wp-content\/uploads\/2024\/01\/Oeuvre-Street-Art-representant-duex-femmes-realisee-par-Debra-Espinosa-a-Girona-Photo-\u00a9Altinnov-scaled.jpg?resize=2048%2C1152&amp;ssl=1 2048w, https:\/\/i0.wp.com\/altinnov.blog\/wp-content\/uploads\/2024\/01\/Oeuvre-Street-Art-representant-duex-femmes-realisee-par-Debra-Espinosa-a-Girona-Photo-\u00a9Altinnov-scaled.jpg?resize=1140%2C641&amp;ssl=1 1140w, https:\/\/i0.wp.com\/altinnov.blog\/wp-content\/uploads\/2024\/01\/Oeuvre-Street-Art-representant-duex-femmes-realisee-par-Debra-Espinosa-a-Girona-Photo-\u00a9Altinnov-scaled.jpg?resize=720%2C405&amp;ssl=1 720w, https:\/\/i0.wp.com\/altinnov.blog\/wp-content\/uploads\/2024\/01\/Oeuvre-Street-Art-representant-duex-femmes-realisee-par-Debra-Espinosa-a-Girona-Photo-\u00a9Altinnov-scaled.jpg?w=2280&amp;ssl=1 2280w\" sizes=\"(max-width: 1024px) 100vw, 1024px\" data-recalc-dims=\"1\" \/><p id=\"caption-attachment-6407\" class=\"wp-caption-text\">Debra Espinosa &#8211; Festival Monar&rsquo;t &#8211; Photo \u00a9Altinnov<\/p><\/div>\n<p>&nbsp;<\/p>\n<p>Quand on parle de mixit\u00e9 sociale et de quartier populaire en France on a vite fait de faire ce qu\u2019on pourrait appeler un \u00ab\u00a0raccourci clavier\u00a0\u00bb\u00a0! Ici \u00e0 Santa Eug\u00e8nia de G\u00e9rone, plus de 79 nationalit\u00e9s sont repr\u00e9sent\u00e9es\u2026 C\u2019est donc un v\u00e9ritable \u00ab\u00a0melting-pot\u00a0\u00bb venu de tous les continents et pays. Sont repr\u00e9sent\u00e9s l\u2019Afrique du Nord et du Sud, l\u2019Am\u00e9rique Latine, l\u2019Europe centrale et l\u2019Europe de l\u2019est,\u2026 Certains artistes internationaux comme <strong><a href=\"https:\/\/www.instagram.com\/felipepincel_art\/\" target=\"_blank\" rel=\"noopener\">Felipe Pincel<\/a>,<\/strong> artiste Chilien, ou encore <strong><a href=\"https:\/\/www.instagram.com\/kinmx\/\" target=\"_blank\" rel=\"noopener\">Kathrina Rupit alias Kinmx<\/a><\/strong>, artiste Mexicaine ont apport\u00e9 leur propre repr\u00e9sentation ethnique faisant r\u00e9sonance aux origines de certains habitants du quartier.<\/p>\n<p>&nbsp;<\/p><div id=\"altin-2307725648\" class=\"altin-contenu altin-entity-placement\"><script async src=\"\/\/pagead2.googlesyndication.com\/pagead\/js\/adsbygoogle.js?client=ca-pub-4035181110757945\" crossorigin=\"anonymous\"><\/script><ins class=\"adsbygoogle\" style=\"display:block; text-align:center;\" data-ad-client=\"ca-pub-4035181110757945\" \ndata-ad-slot=\"9414912321\" \ndata-ad-layout=\"in-article\"\ndata-ad-format=\"fluid\"><\/ins>\n<script> \n(adsbygoogle = window.adsbygoogle || []).push({}); \n<\/script>\n<\/div>\n<div id=\"attachment_6410\" style=\"width: 1034px\" class=\"wp-caption aligncenter\"><img aria-describedby=\"caption-attachment-6410\" decoding=\"async\" loading=\"lazy\" class=\"size-large wp-image-6410\" src=\"https:\/\/i0.wp.com\/altinnov.blog\/wp-content\/uploads\/2024\/01\/Street-Art-a-Gerone-Oeuvre-de-Felipe-Pincel-artiste-Chilien-pour-le-Festival-Monart-Photo-\u00a9Altinnov.jpg?resize=1024%2C1024&#038;ssl=1\" alt=\"Street Art a\u0300 Ge\u0301rone - Oeuvre de Felipe Pincel artiste Chilien pour le Festival Monart - Photo \u00a9Altinnov\" width=\"1024\" height=\"1024\" srcset=\"https:\/\/i0.wp.com\/altinnov.blog\/wp-content\/uploads\/2024\/01\/Street-Art-a-Gerone-Oeuvre-de-Felipe-Pincel-artiste-Chilien-pour-le-Festival-Monart-Photo-\u00a9Altinnov-scaled.jpg?resize=1024%2C1024&amp;ssl=1 1024w, https:\/\/i0.wp.com\/altinnov.blog\/wp-content\/uploads\/2024\/01\/Street-Art-a-Gerone-Oeuvre-de-Felipe-Pincel-artiste-Chilien-pour-le-Festival-Monart-Photo-\u00a9Altinnov-scaled.jpg?resize=300%2C300&amp;ssl=1 300w, https:\/\/i0.wp.com\/altinnov.blog\/wp-content\/uploads\/2024\/01\/Street-Art-a-Gerone-Oeuvre-de-Felipe-Pincel-artiste-Chilien-pour-le-Festival-Monart-Photo-\u00a9Altinnov-scaled.jpg?resize=150%2C150&amp;ssl=1 150w, https:\/\/i0.wp.com\/altinnov.blog\/wp-content\/uploads\/2024\/01\/Street-Art-a-Gerone-Oeuvre-de-Felipe-Pincel-artiste-Chilien-pour-le-Festival-Monart-Photo-\u00a9Altinnov-scaled.jpg?resize=768%2C768&amp;ssl=1 768w, https:\/\/i0.wp.com\/altinnov.blog\/wp-content\/uploads\/2024\/01\/Street-Art-a-Gerone-Oeuvre-de-Felipe-Pincel-artiste-Chilien-pour-le-Festival-Monart-Photo-\u00a9Altinnov-scaled.jpg?resize=1536%2C1536&amp;ssl=1 1536w, https:\/\/i0.wp.com\/altinnov.blog\/wp-content\/uploads\/2024\/01\/Street-Art-a-Gerone-Oeuvre-de-Felipe-Pincel-artiste-Chilien-pour-le-Festival-Monart-Photo-\u00a9Altinnov-scaled.jpg?resize=2048%2C2048&amp;ssl=1 2048w, https:\/\/i0.wp.com\/altinnov.blog\/wp-content\/uploads\/2024\/01\/Street-Art-a-Gerone-Oeuvre-de-Felipe-Pincel-artiste-Chilien-pour-le-Festival-Monart-Photo-\u00a9Altinnov-scaled.jpg?w=2280&amp;ssl=1 2280w\" sizes=\"(max-width: 1024px) 100vw, 1024px\" data-recalc-dims=\"1\" \/><p id=\"caption-attachment-6410\" class=\"wp-caption-text\">Felipe Pincel &#8211; Festival Monar&rsquo;t &#8211; Photo \u00a9Altinnov<\/p><\/div>\n<p>&nbsp;<\/p>\n<div id=\"attachment_6411\" style=\"width: 1034px\" class=\"wp-caption aligncenter\"><img aria-describedby=\"caption-attachment-6411\" decoding=\"async\" loading=\"lazy\" class=\"size-large wp-image-6411\" src=\"https:\/\/i0.wp.com\/altinnov.blog\/wp-content\/uploads\/2024\/01\/Street-Artiste-KIN-MX-a-Gerone-mur-peint-representant-femme-et-papillons-Photo-\u00a9Altinnov.jpg?resize=1024%2C1024&#038;ssl=1\" alt=\"Street Artiste KIN MX a\u0300 Ge\u0301rone - mur peint repre\u0301sentant femme et papillons - Photo \u00a9Altinnov\" width=\"1024\" height=\"1024\" srcset=\"https:\/\/i0.wp.com\/altinnov.blog\/wp-content\/uploads\/2024\/01\/Street-Artiste-KIN-MX-a-Gerone-mur-peint-representant-femme-et-papillons-Photo-\u00a9Altinnov.jpg?resize=1024%2C1024&amp;ssl=1 1024w, https:\/\/i0.wp.com\/altinnov.blog\/wp-content\/uploads\/2024\/01\/Street-Artiste-KIN-MX-a-Gerone-mur-peint-representant-femme-et-papillons-Photo-\u00a9Altinnov.jpg?resize=300%2C300&amp;ssl=1 300w, https:\/\/i0.wp.com\/altinnov.blog\/wp-content\/uploads\/2024\/01\/Street-Artiste-KIN-MX-a-Gerone-mur-peint-representant-femme-et-papillons-Photo-\u00a9Altinnov.jpg?resize=150%2C150&amp;ssl=1 150w, https:\/\/i0.wp.com\/altinnov.blog\/wp-content\/uploads\/2024\/01\/Street-Artiste-KIN-MX-a-Gerone-mur-peint-representant-femme-et-papillons-Photo-\u00a9Altinnov.jpg?resize=768%2C768&amp;ssl=1 768w, https:\/\/i0.wp.com\/altinnov.blog\/wp-content\/uploads\/2024\/01\/Street-Artiste-KIN-MX-a-Gerone-mur-peint-representant-femme-et-papillons-Photo-\u00a9Altinnov.jpg?resize=1536%2C1536&amp;ssl=1 1536w, https:\/\/i0.wp.com\/altinnov.blog\/wp-content\/uploads\/2024\/01\/Street-Artiste-KIN-MX-a-Gerone-mur-peint-representant-femme-et-papillons-Photo-\u00a9Altinnov.jpg?resize=2048%2C2048&amp;ssl=1 2048w, https:\/\/i0.wp.com\/altinnov.blog\/wp-content\/uploads\/2024\/01\/Street-Artiste-KIN-MX-a-Gerone-mur-peint-representant-femme-et-papillons-Photo-\u00a9Altinnov.jpg?w=2280&amp;ssl=1 2280w\" sizes=\"(max-width: 1024px) 100vw, 1024px\" data-recalc-dims=\"1\" \/><p id=\"caption-attachment-6411\" class=\"wp-caption-text\">Kin Mx &#8211; Festival Monart &#8211; Photo \u00a9Altinnov<\/p><\/div>\n<p>&nbsp;<\/p>\n<p><strong><a href=\"https:\/\/www.instagram.com\/oriolarumi\/\" target=\"_blank\" rel=\"noopener\">Oriol Arumi<\/a><\/strong>, artiste de la r\u00e9gion, a d\u00e9cid\u00e9 de r\u00e9aliser un hommage XXL \u00e0 Tomas Avala, habitant du quartier qui jusqu\u2019\u00e0 ses 97 ans avait travaill\u00e9 activement pour l\u2019association des voisins de Santa Eug\u00e8nia et avait d\u00e9fendu avec ferveur les jardins potagers qui sont toujours l\u00e0 \u00e0 l\u2019or\u00e9e du quartier.<\/p>\n<p>&nbsp;<\/p>\n<div id=\"attachment_6413\" style=\"width: 877px\" class=\"wp-caption aligncenter\"><img aria-describedby=\"caption-attachment-6413\" decoding=\"async\" loading=\"lazy\" class=\"size-large wp-image-6413\" src=\"https:\/\/i0.wp.com\/altinnov.blog\/wp-content\/uploads\/2024\/01\/Tomas-Ayala-par-Oriol-Arumi-Festival-Monart-Girona-Street-Art-Photo-\u00a9Altinnov.jpg?resize=867%2C1024&#038;ssl=1\" alt=\"Tomas Ayala par Oriol Arumi - Festival Monar't Girona - Street Art - Photo \u00a9Altinnov\" width=\"867\" height=\"1024\" srcset=\"https:\/\/i0.wp.com\/altinnov.blog\/wp-content\/uploads\/2024\/01\/Tomas-Ayala-par-Oriol-Arumi-Festival-Monart-Girona-Street-Art-Photo-\u00a9Altinnov-scaled.jpg?resize=867%2C1024&amp;ssl=1 867w, https:\/\/i0.wp.com\/altinnov.blog\/wp-content\/uploads\/2024\/01\/Tomas-Ayala-par-Oriol-Arumi-Festival-Monart-Girona-Street-Art-Photo-\u00a9Altinnov-scaled.jpg?resize=254%2C300&amp;ssl=1 254w, https:\/\/i0.wp.com\/altinnov.blog\/wp-content\/uploads\/2024\/01\/Tomas-Ayala-par-Oriol-Arumi-Festival-Monart-Girona-Street-Art-Photo-\u00a9Altinnov-scaled.jpg?resize=768%2C907&amp;ssl=1 768w, https:\/\/i0.wp.com\/altinnov.blog\/wp-content\/uploads\/2024\/01\/Tomas-Ayala-par-Oriol-Arumi-Festival-Monart-Girona-Street-Art-Photo-\u00a9Altinnov-scaled.jpg?resize=1301%2C1536&amp;ssl=1 1301w, https:\/\/i0.wp.com\/altinnov.blog\/wp-content\/uploads\/2024\/01\/Tomas-Ayala-par-Oriol-Arumi-Festival-Monart-Girona-Street-Art-Photo-\u00a9Altinnov-scaled.jpg?resize=1735%2C2048&amp;ssl=1 1735w\" sizes=\"(max-width: 867px) 100vw, 867px\" data-recalc-dims=\"1\" \/><p id=\"caption-attachment-6413\" class=\"wp-caption-text\">Tomas Ayala par Oriol Arumi &#8211; Festival Monar&rsquo;t &#8211; Photo \u00a9Altinnov<\/p><\/div>\n<p>&nbsp;<\/p>\n<p>Toujours avec cette m\u00eame repr\u00e9sentation de la diversit\u00e9, on retrouve des styles artistiques compl\u00e8tement diff\u00e9rents. Certaines \u0153uvres comme celles d\u2019<strong><a href=\"https:\/\/www.instagram.com\/ernatoepfer\/\" target=\"_blank\" rel=\"noopener\">Erna Toepfer<\/a><\/strong>,<strong> <a href=\"https:\/\/www.instagram.com\/itsmancho\/\" target=\"_blank\" rel=\"noopener\">It\u2019s mancho<\/a><\/strong> ou encore d\u2019un artiste inconnu sont r\u00e9alis\u00e9es sous forme d\u2019illustrations et pourraient m\u00eame faire penser \u00e0 de l\u2019art na\u00eff, cela am\u00e8ne une dose de douceur au quartier.<\/p>\n<div id=\"attachment_6415\" style=\"width: 1034px\" class=\"wp-caption aligncenter\"><img aria-describedby=\"caption-attachment-6415\" decoding=\"async\" loading=\"lazy\" class=\"size-large wp-image-6415\" src=\"https:\/\/i0.wp.com\/altinnov.blog\/wp-content\/uploads\/2024\/01\/Fresque-dErna-Toepfer-Street-art-Girona-Photo-\u00a9Altinnov.jpg?resize=1024%2C768&#038;ssl=1\" alt=\"Fresque d'Erna Toepfer - Street art Girona - Photo \u00a9Altinnov\" width=\"1024\" height=\"768\" srcset=\"https:\/\/i0.wp.com\/altinnov.blog\/wp-content\/uploads\/2024\/01\/Fresque-dErna-Toepfer-Street-art-Girona-Photo-\u00a9Altinnov-scaled.jpg?resize=1024%2C768&amp;ssl=1 1024w, https:\/\/i0.wp.com\/altinnov.blog\/wp-content\/uploads\/2024\/01\/Fresque-dErna-Toepfer-Street-art-Girona-Photo-\u00a9Altinnov-scaled.jpg?resize=300%2C225&amp;ssl=1 300w, https:\/\/i0.wp.com\/altinnov.blog\/wp-content\/uploads\/2024\/01\/Fresque-dErna-Toepfer-Street-art-Girona-Photo-\u00a9Altinnov-scaled.jpg?resize=768%2C576&amp;ssl=1 768w, https:\/\/i0.wp.com\/altinnov.blog\/wp-content\/uploads\/2024\/01\/Fresque-dErna-Toepfer-Street-art-Girona-Photo-\u00a9Altinnov-scaled.jpg?resize=1536%2C1152&amp;ssl=1 1536w, https:\/\/i0.wp.com\/altinnov.blog\/wp-content\/uploads\/2024\/01\/Fresque-dErna-Toepfer-Street-art-Girona-Photo-\u00a9Altinnov-scaled.jpg?resize=2048%2C1536&amp;ssl=1 2048w, https:\/\/i0.wp.com\/altinnov.blog\/wp-content\/uploads\/2024\/01\/Fresque-dErna-Toepfer-Street-art-Girona-Photo-\u00a9Altinnov-scaled.jpg?resize=160%2C120&amp;ssl=1 160w, https:\/\/i0.wp.com\/altinnov.blog\/wp-content\/uploads\/2024\/01\/Fresque-dErna-Toepfer-Street-art-Girona-Photo-\u00a9Altinnov-scaled.jpg?w=2280&amp;ssl=1 2280w\" sizes=\"(max-width: 1024px) 100vw, 1024px\" data-recalc-dims=\"1\" \/><p id=\"caption-attachment-6415\" class=\"wp-caption-text\">It&rsquo;s Mancho &#8211; Festival Monar&rsquo;t &#8211; Photo \u00a9Altinnov<\/p><\/div>\n<p>&nbsp;<\/p>\n<div id=\"attachment_6418\" style=\"width: 1034px\" class=\"wp-caption aligncenter\"><img aria-describedby=\"caption-attachment-6418\" decoding=\"async\" loading=\"lazy\" class=\"size-large wp-image-6418\" src=\"https:\/\/i0.wp.com\/altinnov.blog\/wp-content\/uploads\/2024\/01\/fresque-murale-dartiste-inconnu-gerone-en-espagne-Photo-\u00a9Altinnov.jpg?resize=1024%2C654&#038;ssl=1\" alt=\"fresque murale d'artiste inconnu ) ge\u0301rone en espagne - Photo \u00a9Altinnov\" width=\"1024\" height=\"654\" srcset=\"https:\/\/i0.wp.com\/altinnov.blog\/wp-content\/uploads\/2024\/01\/fresque-murale-dartiste-inconnu-gerone-en-espagne-Photo-\u00a9Altinnov-scaled.jpg?resize=1024%2C654&amp;ssl=1 1024w, https:\/\/i0.wp.com\/altinnov.blog\/wp-content\/uploads\/2024\/01\/fresque-murale-dartiste-inconnu-gerone-en-espagne-Photo-\u00a9Altinnov-scaled.jpg?resize=300%2C191&amp;ssl=1 300w, https:\/\/i0.wp.com\/altinnov.blog\/wp-content\/uploads\/2024\/01\/fresque-murale-dartiste-inconnu-gerone-en-espagne-Photo-\u00a9Altinnov-scaled.jpg?resize=768%2C490&amp;ssl=1 768w, https:\/\/i0.wp.com\/altinnov.blog\/wp-content\/uploads\/2024\/01\/fresque-murale-dartiste-inconnu-gerone-en-espagne-Photo-\u00a9Altinnov-scaled.jpg?resize=1536%2C980&amp;ssl=1 1536w, https:\/\/i0.wp.com\/altinnov.blog\/wp-content\/uploads\/2024\/01\/fresque-murale-dartiste-inconnu-gerone-en-espagne-Photo-\u00a9Altinnov-scaled.jpg?resize=2048%2C1307&amp;ssl=1 2048w, https:\/\/i0.wp.com\/altinnov.blog\/wp-content\/uploads\/2024\/01\/fresque-murale-dartiste-inconnu-gerone-en-espagne-Photo-\u00a9Altinnov-scaled.jpg?w=2280&amp;ssl=1 2280w\" sizes=\"(max-width: 1024px) 100vw, 1024px\" data-recalc-dims=\"1\" \/><p id=\"caption-attachment-6418\" class=\"wp-caption-text\">? &#8211; G\u00e9rone &#8211; Photo \u00a9Altinnov<\/p><\/div>\n<p>&nbsp;<\/p>\n<div id=\"attachment_6417\" style=\"width: 1034px\" class=\"wp-caption aligncenter\"><img aria-describedby=\"caption-attachment-6417\" decoding=\"async\" loading=\"lazy\" class=\"size-large wp-image-6417\" src=\"https:\/\/i0.wp.com\/altinnov.blog\/wp-content\/uploads\/2024\/01\/Erna-Toepfer-art-naif-street-art-spain-Photo-\u00a9Altinnov.jpg?resize=1024%2C768&#038;ssl=1\" alt=\"Erna Toepfer - art naif - street art spain - Photo \u00a9Altinnov\" width=\"1024\" height=\"768\" srcset=\"https:\/\/i0.wp.com\/altinnov.blog\/wp-content\/uploads\/2024\/01\/Erna-Toepfer-art-naif-street-art-spain-Photo-\u00a9Altinnov-scaled.jpg?resize=1024%2C768&amp;ssl=1 1024w, https:\/\/i0.wp.com\/altinnov.blog\/wp-content\/uploads\/2024\/01\/Erna-Toepfer-art-naif-street-art-spain-Photo-\u00a9Altinnov-scaled.jpg?resize=300%2C225&amp;ssl=1 300w, https:\/\/i0.wp.com\/altinnov.blog\/wp-content\/uploads\/2024\/01\/Erna-Toepfer-art-naif-street-art-spain-Photo-\u00a9Altinnov-scaled.jpg?resize=768%2C576&amp;ssl=1 768w, https:\/\/i0.wp.com\/altinnov.blog\/wp-content\/uploads\/2024\/01\/Erna-Toepfer-art-naif-street-art-spain-Photo-\u00a9Altinnov-scaled.jpg?resize=1536%2C1152&amp;ssl=1 1536w, https:\/\/i0.wp.com\/altinnov.blog\/wp-content\/uploads\/2024\/01\/Erna-Toepfer-art-naif-street-art-spain-Photo-\u00a9Altinnov-scaled.jpg?resize=2048%2C1536&amp;ssl=1 2048w, https:\/\/i0.wp.com\/altinnov.blog\/wp-content\/uploads\/2024\/01\/Erna-Toepfer-art-naif-street-art-spain-Photo-\u00a9Altinnov-scaled.jpg?resize=160%2C120&amp;ssl=1 160w, https:\/\/i0.wp.com\/altinnov.blog\/wp-content\/uploads\/2024\/01\/Erna-Toepfer-art-naif-street-art-spain-Photo-\u00a9Altinnov-scaled.jpg?w=2280&amp;ssl=1 2280w\" sizes=\"(max-width: 1024px) 100vw, 1024px\" data-recalc-dims=\"1\" \/><p id=\"caption-attachment-6417\" class=\"wp-caption-text\">Erna Toepfer &#8211; Festival Monar&rsquo;t &#8211; Photo \u00a9Altinnov<\/p><\/div>\n<p>&nbsp;<\/p>\n<p>Dans un tout autre registre\u00a0; l\u2019artiste <strong><a href=\"https:\/\/www.instagram.com\/malpegados\/\">Malpegados<\/a><\/strong> a pris le contre-pied de cette repr\u00e9sentation. Il n\u2019a pas souhait\u00e9 choisir quelle nationalit\u00e9 ou repr\u00e9sentation mettre en avant, il a donc d\u00e9cid\u00e9 de r\u00e9aliser un personnage chien qui regarde fi\u00e8rement vers l\u2019horizon un avenir certainement plus rose.<\/p>\n<p>&nbsp;<\/p>\n<div id=\"attachment_6420\" style=\"width: 1034px\" class=\"wp-caption aligncenter\"><img aria-describedby=\"caption-attachment-6420\" decoding=\"async\" loading=\"lazy\" class=\"size-large wp-image-6420\" src=\"https:\/\/i0.wp.com\/altinnov.blog\/wp-content\/uploads\/2024\/01\/Street-art-Girona-oeuvre-de-lartiste-barcelonais-Malpegados-representant-un-chien-avec-une-chemisette-imprimee-nuage-Photo-\u00a9Altinnov.jpg?resize=1024%2C768&#038;ssl=1\" alt=\"Street art Girona, oeuvre de l'artiste barcelonais Malpegados repre\u0301sentant un chien avec une chemisette imprime\u0301e nuage - Photo \u00a9Altinnov\" width=\"1024\" height=\"768\" srcset=\"https:\/\/i0.wp.com\/altinnov.blog\/wp-content\/uploads\/2024\/01\/Street-art-Girona-oeuvre-de-lartiste-barcelonais-Malpegados-representant-un-chien-avec-une-chemisette-imprimee-nuage-Photo-\u00a9Altinnov-scaled.jpg?resize=1024%2C768&amp;ssl=1 1024w, https:\/\/i0.wp.com\/altinnov.blog\/wp-content\/uploads\/2024\/01\/Street-art-Girona-oeuvre-de-lartiste-barcelonais-Malpegados-representant-un-chien-avec-une-chemisette-imprimee-nuage-Photo-\u00a9Altinnov-scaled.jpg?resize=300%2C225&amp;ssl=1 300w, https:\/\/i0.wp.com\/altinnov.blog\/wp-content\/uploads\/2024\/01\/Street-art-Girona-oeuvre-de-lartiste-barcelonais-Malpegados-representant-un-chien-avec-une-chemisette-imprimee-nuage-Photo-\u00a9Altinnov-scaled.jpg?resize=768%2C576&amp;ssl=1 768w, https:\/\/i0.wp.com\/altinnov.blog\/wp-content\/uploads\/2024\/01\/Street-art-Girona-oeuvre-de-lartiste-barcelonais-Malpegados-representant-un-chien-avec-une-chemisette-imprimee-nuage-Photo-\u00a9Altinnov-scaled.jpg?resize=1536%2C1152&amp;ssl=1 1536w, https:\/\/i0.wp.com\/altinnov.blog\/wp-content\/uploads\/2024\/01\/Street-art-Girona-oeuvre-de-lartiste-barcelonais-Malpegados-representant-un-chien-avec-une-chemisette-imprimee-nuage-Photo-\u00a9Altinnov-scaled.jpg?resize=2048%2C1536&amp;ssl=1 2048w, https:\/\/i0.wp.com\/altinnov.blog\/wp-content\/uploads\/2024\/01\/Street-art-Girona-oeuvre-de-lartiste-barcelonais-Malpegados-representant-un-chien-avec-une-chemisette-imprimee-nuage-Photo-\u00a9Altinnov-scaled.jpg?resize=160%2C120&amp;ssl=1 160w, https:\/\/i0.wp.com\/altinnov.blog\/wp-content\/uploads\/2024\/01\/Street-art-Girona-oeuvre-de-lartiste-barcelonais-Malpegados-representant-un-chien-avec-une-chemisette-imprimee-nuage-Photo-\u00a9Altinnov-scaled.jpg?w=2280&amp;ssl=1 2280w\" sizes=\"(max-width: 1024px) 100vw, 1024px\" data-recalc-dims=\"1\" \/><p id=\"caption-attachment-6420\" class=\"wp-caption-text\">Malpegados &#8211; Festival Monar&rsquo;t &#8211; Photo \u00a9Altinnov<\/p><\/div>\n<p>&nbsp;<\/p>\n<p>Bien \u00e9videmment comme dans tout quartier populaire on retrouve des enfants jouant au ballon dans la rue\u2026 d\u2019autres plus grands, que j\u2019ai crois\u00e9 dans de petites rues \u00e9troites jouent \u00e9galement \u00e0 des jeux, cette fois-ci, un peu moins licites\u2026 L\u2019artiste qui l\u2019a le mieux repr\u00e9sent\u00e9e dans les rues de G\u00e9rone est <a href=\"https:\/\/www.instagram.com\/greendel15\/\" target=\"_blank\" rel=\"noopener\"><strong>Enric Lucas, alias Greendel15<\/strong><\/a>, il l\u2019a montre insouciante, joyeuse, joueuse et \u00e9galement d\u00e9s\u0153uvr\u00e9e dans la froideur de l\u2019hiver.<\/p>\n<p>&nbsp;<\/p>\n<div id=\"attachment_6422\" style=\"width: 1034px\" class=\"wp-caption aligncenter\"><img aria-describedby=\"caption-attachment-6422\" decoding=\"async\" loading=\"lazy\" class=\"size-large wp-image-6422\" src=\"https:\/\/i0.wp.com\/altinnov.blog\/wp-content\/uploads\/2024\/01\/Enfants-a-la-plage-mer-mediterranee-espagne-Gerone-Street-art-de-Greendel15-Photo-\u00a9Altinnov.jpg?resize=1024%2C576&#038;ssl=1\" alt=\"Enfants a\u0300 la plage - mer me\u0301diterrane\u0301e - espagne - Gerone - Street art de Greendel15 - Photo \u00a9Altinnov\" width=\"1024\" height=\"576\" srcset=\"https:\/\/i0.wp.com\/altinnov.blog\/wp-content\/uploads\/2024\/01\/Enfants-a-la-plage-mer-mediterranee-espagne-Gerone-Street-art-de-Greendel15-Photo-\u00a9Altinnov-scaled.jpg?resize=1024%2C576&amp;ssl=1 1024w, https:\/\/i0.wp.com\/altinnov.blog\/wp-content\/uploads\/2024\/01\/Enfants-a-la-plage-mer-mediterranee-espagne-Gerone-Street-art-de-Greendel15-Photo-\u00a9Altinnov-scaled.jpg?resize=300%2C169&amp;ssl=1 300w, https:\/\/i0.wp.com\/altinnov.blog\/wp-content\/uploads\/2024\/01\/Enfants-a-la-plage-mer-mediterranee-espagne-Gerone-Street-art-de-Greendel15-Photo-\u00a9Altinnov-scaled.jpg?resize=768%2C432&amp;ssl=1 768w, https:\/\/i0.wp.com\/altinnov.blog\/wp-content\/uploads\/2024\/01\/Enfants-a-la-plage-mer-mediterranee-espagne-Gerone-Street-art-de-Greendel15-Photo-\u00a9Altinnov-scaled.jpg?resize=1536%2C864&amp;ssl=1 1536w, https:\/\/i0.wp.com\/altinnov.blog\/wp-content\/uploads\/2024\/01\/Enfants-a-la-plage-mer-mediterranee-espagne-Gerone-Street-art-de-Greendel15-Photo-\u00a9Altinnov-scaled.jpg?resize=2048%2C1152&amp;ssl=1 2048w, https:\/\/i0.wp.com\/altinnov.blog\/wp-content\/uploads\/2024\/01\/Enfants-a-la-plage-mer-mediterranee-espagne-Gerone-Street-art-de-Greendel15-Photo-\u00a9Altinnov-scaled.jpg?resize=1140%2C641&amp;ssl=1 1140w, https:\/\/i0.wp.com\/altinnov.blog\/wp-content\/uploads\/2024\/01\/Enfants-a-la-plage-mer-mediterranee-espagne-Gerone-Street-art-de-Greendel15-Photo-\u00a9Altinnov-scaled.jpg?resize=720%2C405&amp;ssl=1 720w, https:\/\/i0.wp.com\/altinnov.blog\/wp-content\/uploads\/2024\/01\/Enfants-a-la-plage-mer-mediterranee-espagne-Gerone-Street-art-de-Greendel15-Photo-\u00a9Altinnov-scaled.jpg?w=2280&amp;ssl=1 2280w\" sizes=\"(max-width: 1024px) 100vw, 1024px\" data-recalc-dims=\"1\" \/><p id=\"caption-attachment-6422\" class=\"wp-caption-text\">Greendel15 &#8211; Festival Monar&rsquo;t &#8211; Photo \u00a9Altinnov<\/p><\/div>\n<p>&nbsp;<\/p>\n<div id=\"attachment_6423\" style=\"width: 1034px\" class=\"wp-caption aligncenter\"><img aria-describedby=\"caption-attachment-6423\" decoding=\"async\" loading=\"lazy\" class=\"size-large wp-image-6423\" src=\"https:\/\/i0.wp.com\/altinnov.blog\/wp-content\/uploads\/2024\/01\/Enfants-se-rechauffant-pres-dun-feu-street-artiste-Greendel15-street-art-girona-Photo-\u00a9Altinnov.jpg?resize=1024%2C768&#038;ssl=1\" alt=\"Enfants se re\u0301chauffant pre\u0300s d'un feu - street artiste Greendel15 - street art girona - Photo \u00a9Altinnov\" width=\"1024\" height=\"768\" srcset=\"https:\/\/i0.wp.com\/altinnov.blog\/wp-content\/uploads\/2024\/01\/Enfants-se-rechauffant-pres-dun-feu-street-artiste-Greendel15-street-art-girona-Photo-\u00a9Altinnov-scaled.jpg?resize=1024%2C768&amp;ssl=1 1024w, https:\/\/i0.wp.com\/altinnov.blog\/wp-content\/uploads\/2024\/01\/Enfants-se-rechauffant-pres-dun-feu-street-artiste-Greendel15-street-art-girona-Photo-\u00a9Altinnov-scaled.jpg?resize=300%2C225&amp;ssl=1 300w, https:\/\/i0.wp.com\/altinnov.blog\/wp-content\/uploads\/2024\/01\/Enfants-se-rechauffant-pres-dun-feu-street-artiste-Greendel15-street-art-girona-Photo-\u00a9Altinnov-scaled.jpg?resize=768%2C576&amp;ssl=1 768w, https:\/\/i0.wp.com\/altinnov.blog\/wp-content\/uploads\/2024\/01\/Enfants-se-rechauffant-pres-dun-feu-street-artiste-Greendel15-street-art-girona-Photo-\u00a9Altinnov-scaled.jpg?resize=1536%2C1152&amp;ssl=1 1536w, https:\/\/i0.wp.com\/altinnov.blog\/wp-content\/uploads\/2024\/01\/Enfants-se-rechauffant-pres-dun-feu-street-artiste-Greendel15-street-art-girona-Photo-\u00a9Altinnov-scaled.jpg?resize=2048%2C1536&amp;ssl=1 2048w, https:\/\/i0.wp.com\/altinnov.blog\/wp-content\/uploads\/2024\/01\/Enfants-se-rechauffant-pres-dun-feu-street-artiste-Greendel15-street-art-girona-Photo-\u00a9Altinnov-scaled.jpg?resize=160%2C120&amp;ssl=1 160w, https:\/\/i0.wp.com\/altinnov.blog\/wp-content\/uploads\/2024\/01\/Enfants-se-rechauffant-pres-dun-feu-street-artiste-Greendel15-street-art-girona-Photo-\u00a9Altinnov-scaled.jpg?w=2280&amp;ssl=1 2280w\" sizes=\"(max-width: 1024px) 100vw, 1024px\" data-recalc-dims=\"1\" \/><p id=\"caption-attachment-6423\" class=\"wp-caption-text\">Greendel15 &#8211; Festival Monar&rsquo;t &#8211; Photo \u00a9Altinnov<\/p><\/div>\n<p>&nbsp;<\/p>\n<p>D\u2019autres th\u00e9matiques d\u2019actualit\u00e9 viennent interpeler l\u2019\u0153il des habitants. Certes le Festival para\u00eet plus engag\u00e9 socialement que politiquement, mais en filigrane derri\u00e8re les \u0153uvres ont peut deviner quelques prises de positions ou messages d\u2019alertes. C\u2019est le cas avec l\u2019\u0153uvre r\u00e9alis\u00e9e par <strong><a href=\"https:\/\/www.instagram.com\/r3spublica\/\" target=\"_blank\" rel=\"noopener\">R3spublica<\/a> <\/strong>et <strong><a href=\"https:\/\/www.instagram.com\/alas.degato\/\" target=\"_blank\" rel=\"noopener\">ala degato<\/a><\/strong> qui repr\u00e9sente une petite fille masqu\u00e9e sous les bouches d\u2019a\u00e9ration d\u2019un immeuble\u00a0\u00bb\u2026 L\u2019accroche \u00ab\u00a0El planeta que dejamos\u00a0\u00bb \/ La plan\u00e8te que nous laissons\u00a0!<\/p>\n<p>&nbsp;<\/p>\n<div id=\"attachment_6425\" style=\"width: 1034px\" class=\"wp-caption aligncenter\"><img aria-describedby=\"caption-attachment-6425\" decoding=\"async\" loading=\"lazy\" class=\"size-large wp-image-6425\" src=\"https:\/\/i0.wp.com\/altinnov.blog\/wp-content\/uploads\/2024\/01\/Oeuvre-Street-Art-22La-Planete-que-nous-laissons22-par-R3spublica-et-Ala-Degato-a-Gerone-Photo-\u00a9Altinnov.jpg?resize=1024%2C1024&#038;ssl=1\" alt=\"Oeuvre Street Art La Plane\u0300te que nous laissons par R3spublica et Ala Degato a\u0300 Ge\u0301rone - Photo \u00a9Altinnov\" width=\"1024\" height=\"1024\" srcset=\"https:\/\/i0.wp.com\/altinnov.blog\/wp-content\/uploads\/2024\/01\/Oeuvre-Street-Art-22La-Planete-que-nous-laissons22-par-R3spublica-et-Ala-Degato-a-Gerone-Photo-\u00a9Altinnov-scaled.jpg?resize=1024%2C1024&amp;ssl=1 1024w, https:\/\/i0.wp.com\/altinnov.blog\/wp-content\/uploads\/2024\/01\/Oeuvre-Street-Art-22La-Planete-que-nous-laissons22-par-R3spublica-et-Ala-Degato-a-Gerone-Photo-\u00a9Altinnov-scaled.jpg?resize=300%2C300&amp;ssl=1 300w, https:\/\/i0.wp.com\/altinnov.blog\/wp-content\/uploads\/2024\/01\/Oeuvre-Street-Art-22La-Planete-que-nous-laissons22-par-R3spublica-et-Ala-Degato-a-Gerone-Photo-\u00a9Altinnov-scaled.jpg?resize=150%2C150&amp;ssl=1 150w, https:\/\/i0.wp.com\/altinnov.blog\/wp-content\/uploads\/2024\/01\/Oeuvre-Street-Art-22La-Planete-que-nous-laissons22-par-R3spublica-et-Ala-Degato-a-Gerone-Photo-\u00a9Altinnov-scaled.jpg?resize=768%2C768&amp;ssl=1 768w, https:\/\/i0.wp.com\/altinnov.blog\/wp-content\/uploads\/2024\/01\/Oeuvre-Street-Art-22La-Planete-que-nous-laissons22-par-R3spublica-et-Ala-Degato-a-Gerone-Photo-\u00a9Altinnov-scaled.jpg?resize=1536%2C1536&amp;ssl=1 1536w, https:\/\/i0.wp.com\/altinnov.blog\/wp-content\/uploads\/2024\/01\/Oeuvre-Street-Art-22La-Planete-que-nous-laissons22-par-R3spublica-et-Ala-Degato-a-Gerone-Photo-\u00a9Altinnov-scaled.jpg?resize=2048%2C2048&amp;ssl=1 2048w, https:\/\/i0.wp.com\/altinnov.blog\/wp-content\/uploads\/2024\/01\/Oeuvre-Street-Art-22La-Planete-que-nous-laissons22-par-R3spublica-et-Ala-Degato-a-Gerone-Photo-\u00a9Altinnov-scaled.jpg?w=2280&amp;ssl=1 2280w\" sizes=\"(max-width: 1024px) 100vw, 1024px\" data-recalc-dims=\"1\" \/><p id=\"caption-attachment-6425\" class=\"wp-caption-text\">\u00ab\u00a0La plan\u00e8te que nous laissons\u00a0\u00bb &#8211; R3spublica &amp; ala degato &#8211; Festival Monar&rsquo;t &#8211; Photo \u00a9Altinnov<\/p><\/div>\n<p>&nbsp;<\/p>\n<p>En 5 \u00e9ditions seulement, le <strong>Festival Monar\u2019t<\/strong> a r\u00e9ussi a changer le visage d\u2019un quartier ; chaque ann\u00e9e, avec les associations, celui-ci est devenu un moment de vies partag\u00e9es attendu. Les habitants du quartier participent \u00e0 certaines \u0153uvres, animent des activit\u00e9s, y participent,.. C\u2019est un r\u00e9el moment d\u2019union et de partage qui se termine par un grand Festival des Cultures et de la Diversit\u00e9. Mais comme je vous l\u2019ai annonc\u00e9 en pr\u00e9ambule de l\u2019article, ce n\u2019est pas la seule facette Street Art de G\u00e9rone !<\/p>\n<p>&nbsp;<\/p>\n<div id=\"attachment_6428\" style=\"width: 1034px\" class=\"wp-caption aligncenter\"><img aria-describedby=\"caption-attachment-6428\" decoding=\"async\" loading=\"lazy\" class=\"size-large wp-image-6428\" src=\"https:\/\/i0.wp.com\/altinnov.blog\/wp-content\/uploads\/2024\/01\/Oeuvre-communautaire-participative-a-Gerone-llukutter-street-artiste-Photo-\u00a9Altinnov.jpg?resize=1024%2C1024&#038;ssl=1\" alt=\"Oeuvre communautaire &amp; participative a\u0300 Ge\u0301rone - llukutter street artiste - Photo \u00a9Altinnov\" width=\"1024\" height=\"1024\" srcset=\"https:\/\/i0.wp.com\/altinnov.blog\/wp-content\/uploads\/2024\/01\/Oeuvre-communautaire-participative-a-Gerone-llukutter-street-artiste-Photo-\u00a9Altinnov-scaled.jpg?resize=1024%2C1024&amp;ssl=1 1024w, https:\/\/i0.wp.com\/altinnov.blog\/wp-content\/uploads\/2024\/01\/Oeuvre-communautaire-participative-a-Gerone-llukutter-street-artiste-Photo-\u00a9Altinnov-scaled.jpg?resize=300%2C300&amp;ssl=1 300w, https:\/\/i0.wp.com\/altinnov.blog\/wp-content\/uploads\/2024\/01\/Oeuvre-communautaire-participative-a-Gerone-llukutter-street-artiste-Photo-\u00a9Altinnov-scaled.jpg?resize=150%2C150&amp;ssl=1 150w, https:\/\/i0.wp.com\/altinnov.blog\/wp-content\/uploads\/2024\/01\/Oeuvre-communautaire-participative-a-Gerone-llukutter-street-artiste-Photo-\u00a9Altinnov-scaled.jpg?resize=768%2C768&amp;ssl=1 768w, https:\/\/i0.wp.com\/altinnov.blog\/wp-content\/uploads\/2024\/01\/Oeuvre-communautaire-participative-a-Gerone-llukutter-street-artiste-Photo-\u00a9Altinnov-scaled.jpg?resize=1536%2C1536&amp;ssl=1 1536w, https:\/\/i0.wp.com\/altinnov.blog\/wp-content\/uploads\/2024\/01\/Oeuvre-communautaire-participative-a-Gerone-llukutter-street-artiste-Photo-\u00a9Altinnov-scaled.jpg?resize=2048%2C2048&amp;ssl=1 2048w, https:\/\/i0.wp.com\/altinnov.blog\/wp-content\/uploads\/2024\/01\/Oeuvre-communautaire-participative-a-Gerone-llukutter-street-artiste-Photo-\u00a9Altinnov-scaled.jpg?w=2280&amp;ssl=1 2280w\" sizes=\"(max-width: 1024px) 100vw, 1024px\" data-recalc-dims=\"1\" \/><p id=\"caption-attachment-6428\" class=\"wp-caption-text\">Oeuvre communautaire &amp; participative &#8211; Llukutter &#8211; Festival Monar&rsquo;t &#8211; Photo \u00a9Altinnov<\/p><\/div>\n<p>&nbsp;<\/p>\n<h3><strong>Avec le Milestone project, le Street Art \u00e0 G\u00e9rone s\u2019internationalise pour devenir mus\u00e9al<\/strong><\/h3>\n<p>Le <strong>Milestone Project<\/strong> n\u2019a jamais cach\u00e9 son ambition et d\u00e8s la 1<sup>\u00e8re<\/sup> \u00e9dition ils ont annonc\u00e9 la couleur : cr\u00e9er un mus\u00e9e \u00e0 ciel ouvert avec des artistes internationaux\u2026 Selon leurs mots des \u00ab big names \u00bb ! \u00c9tonnamment, cette ann\u00e9e le Festival n\u2019a pas eu lieu \u00e0 G\u00e9rone mais \u00e0 Ripoll, petite ville se situant dans les basses Pyr\u00e9n\u00e9es\u2026 Leur site web qui jusque l\u00e0 nous montrait un plan des \u0153uvres parfaitement \u00e9labor\u00e9 est devenu statique et se focalise \u00e9galement sur Ripoll&#8230; Comme il m\u2019a \u00e9t\u00e9 impossible de savoir ce qui se passait, je me suis dit que j\u2019allais juste vous montrer le contraste avec les \u0153uvres r\u00e9alis\u00e9es dans le cadre du Festival Monar\u2019t.<\/p>\n<p>&nbsp;<\/p>\n<div id=\"attachment_6430\" style=\"width: 1034px\" class=\"wp-caption aligncenter\"><img aria-describedby=\"caption-attachment-6430\" decoding=\"async\" loading=\"lazy\" class=\"size-large wp-image-6430\" src=\"https:\/\/i0.wp.com\/altinnov.blog\/wp-content\/uploads\/2024\/01\/Street-Art-Gerone-oeuvre-XXL-de-Erica-il-Cane-reprsentant-la-cocollona-un-animal-mi-crocodile-mi-papillon-faisant-partie-des-legendes-catalanes-Photo-\u00a9Altinnov.jpg?resize=1024%2C676&#038;ssl=1\" alt=\"Street Art Gerone - oeuvre XXL de Erica il Cane reprsentant la cocollona, un animal mi-crocodile mi-papillon faisant partie des le\u0301gendes catalanes - Photo \u00a9Altinnov\" width=\"1024\" height=\"676\" srcset=\"https:\/\/i0.wp.com\/altinnov.blog\/wp-content\/uploads\/2024\/01\/Street-Art-Gerone-oeuvre-XXL-de-Erica-il-Cane-reprsentant-la-cocollona-un-animal-mi-crocodile-mi-papillon-faisant-partie-des-legendes-catalanes-Photo-\u00a9Altinnov-scaled.jpg?resize=1024%2C676&amp;ssl=1 1024w, https:\/\/i0.wp.com\/altinnov.blog\/wp-content\/uploads\/2024\/01\/Street-Art-Gerone-oeuvre-XXL-de-Erica-il-Cane-reprsentant-la-cocollona-un-animal-mi-crocodile-mi-papillon-faisant-partie-des-legendes-catalanes-Photo-\u00a9Altinnov-scaled.jpg?resize=300%2C198&amp;ssl=1 300w, https:\/\/i0.wp.com\/altinnov.blog\/wp-content\/uploads\/2024\/01\/Street-Art-Gerone-oeuvre-XXL-de-Erica-il-Cane-reprsentant-la-cocollona-un-animal-mi-crocodile-mi-papillon-faisant-partie-des-legendes-catalanes-Photo-\u00a9Altinnov-scaled.jpg?resize=768%2C507&amp;ssl=1 768w, https:\/\/i0.wp.com\/altinnov.blog\/wp-content\/uploads\/2024\/01\/Street-Art-Gerone-oeuvre-XXL-de-Erica-il-Cane-reprsentant-la-cocollona-un-animal-mi-crocodile-mi-papillon-faisant-partie-des-legendes-catalanes-Photo-\u00a9Altinnov-scaled.jpg?resize=1536%2C1014&amp;ssl=1 1536w, https:\/\/i0.wp.com\/altinnov.blog\/wp-content\/uploads\/2024\/01\/Street-Art-Gerone-oeuvre-XXL-de-Erica-il-Cane-reprsentant-la-cocollona-un-animal-mi-crocodile-mi-papillon-faisant-partie-des-legendes-catalanes-Photo-\u00a9Altinnov-scaled.jpg?resize=2048%2C1352&amp;ssl=1 2048w, https:\/\/i0.wp.com\/altinnov.blog\/wp-content\/uploads\/2024\/01\/Street-Art-Gerone-oeuvre-XXL-de-Erica-il-Cane-reprsentant-la-cocollona-un-animal-mi-crocodile-mi-papillon-faisant-partie-des-legendes-catalanes-Photo-\u00a9Altinnov-scaled.jpg?w=2280&amp;ssl=1 2280w\" sizes=\"(max-width: 1024px) 100vw, 1024px\" data-recalc-dims=\"1\" \/><p id=\"caption-attachment-6430\" class=\"wp-caption-text\">Erica il Cane &#8211; Milestone Project &#8211; Photo \u00a9Altinnov<\/p><\/div>\n<p>&nbsp;<\/p>\n<p>J\u2019ai d\u00e9cid\u00e9 de commencer par l\u2019immense \u0153uvre\u2026 ou plut\u00f4t devrais-je dire \u00ab\u00a0l\u2019\u00e9norme\u00a0\u00bb\u00a0 r\u00e9alis\u00e9e par l\u2019artiste Italien <strong><a href=\"https:\/\/www.instagram.com\/potentedifuoco\/\" target=\"_blank\" rel=\"noopener\">Erica il Cane<\/a> <\/strong>d\u00e8s la 1<sup>er<\/sup> ann\u00e9e du Festival en 2012\u00a0! Le ton et l\u2019ambition \u00e9taient donn\u00e9 et d\u2019ailleurs certains habitants ont \u00e9t\u00e9 \u00e9tonn\u00e9s \u00e0 l\u2019\u00e9poque de voir que la r\u00e9alisation de la <strong>Cocollona<\/strong>, animal symbolique de G\u00e9rone et des l\u00e9gendes catalanes \u00e9tait confi\u00e9e \u00e0 un Italien\u00a0! Aujourd\u2019hui la couleur de l\u2019\u0153uvre est un peu pass\u00e9e mais elle reste gigantesque et surplombe le pont de la voie ferr\u00e9e de fa\u00e7on impressionnante pour les voyageurs arrivant en train.<\/p>\n<p>Quand vous arrivez \u00e0 G\u00e9rone, que ce soit en train, en voiture ou encore en bus, vous ne pouvez \u00e9viter cette fameuse voie ferr\u00e9e a\u00e9rienne\u2026 On y passe forc\u00e9ment pour acc\u00e9der \u00e0 la vieille ville et c\u2019est justement sous cette voie que j\u2019ai commenc\u00e9 \u00e0 apercevoir les premi\u00e8res \u0153uvres. Ici les artistes <a href=\"https:\/\/www.instagram.com\/borishoppek3\/\" target=\"_blank\" rel=\"noopener\"><strong>Boris Hoppek<\/strong><\/a> et <strong><a href=\"https:\/\/www.instagram.com\/cyopekaf\/\" target=\"_blank\" rel=\"noopener\">Cyop &amp; Kaf<\/a> <\/strong>ont jou\u00e9 avec l\u2019architecture, les personnages d\u2019<strong>Hoppek <\/strong>soutiennent les poteaux et ceux du duo <strong>Cyop &amp; Kaf<\/strong> naviguent dans un monde imaginaire tr\u00e8s vertical\u2026<\/p>\n<p>&nbsp;<\/p>\n<div id=\"attachment_6433\" style=\"width: 1034px\" class=\"wp-caption aligncenter\"><img aria-describedby=\"caption-attachment-6433\" decoding=\"async\" loading=\"lazy\" class=\"size-large wp-image-6433\" src=\"https:\/\/i0.wp.com\/altinnov.blog\/wp-content\/uploads\/2024\/01\/Boris-Hoopek-street-art-characters-ville-de-gerone-voie-ferree-Photo-\u00a9Altinnov.jpg?resize=1024%2C768&#038;ssl=1\" alt=\"Boris Hoopek - street art - characters - ville de ge\u0301rone - voie ferre\u0301e - Photo \u00a9Altinnov\" width=\"1024\" height=\"768\" srcset=\"https:\/\/i0.wp.com\/altinnov.blog\/wp-content\/uploads\/2024\/01\/Boris-Hoopek-street-art-characters-ville-de-gerone-voie-ferree-Photo-\u00a9Altinnov-scaled.jpg?resize=1024%2C768&amp;ssl=1 1024w, https:\/\/i0.wp.com\/altinnov.blog\/wp-content\/uploads\/2024\/01\/Boris-Hoopek-street-art-characters-ville-de-gerone-voie-ferree-Photo-\u00a9Altinnov-scaled.jpg?resize=300%2C225&amp;ssl=1 300w, https:\/\/i0.wp.com\/altinnov.blog\/wp-content\/uploads\/2024\/01\/Boris-Hoopek-street-art-characters-ville-de-gerone-voie-ferree-Photo-\u00a9Altinnov-scaled.jpg?resize=768%2C576&amp;ssl=1 768w, https:\/\/i0.wp.com\/altinnov.blog\/wp-content\/uploads\/2024\/01\/Boris-Hoopek-street-art-characters-ville-de-gerone-voie-ferree-Photo-\u00a9Altinnov-scaled.jpg?resize=1536%2C1152&amp;ssl=1 1536w, https:\/\/i0.wp.com\/altinnov.blog\/wp-content\/uploads\/2024\/01\/Boris-Hoopek-street-art-characters-ville-de-gerone-voie-ferree-Photo-\u00a9Altinnov-scaled.jpg?resize=2048%2C1536&amp;ssl=1 2048w, https:\/\/i0.wp.com\/altinnov.blog\/wp-content\/uploads\/2024\/01\/Boris-Hoopek-street-art-characters-ville-de-gerone-voie-ferree-Photo-\u00a9Altinnov-scaled.jpg?resize=160%2C120&amp;ssl=1 160w, https:\/\/i0.wp.com\/altinnov.blog\/wp-content\/uploads\/2024\/01\/Boris-Hoopek-street-art-characters-ville-de-gerone-voie-ferree-Photo-\u00a9Altinnov-scaled.jpg?w=2280&amp;ssl=1 2280w\" sizes=\"(max-width: 1024px) 100vw, 1024px\" data-recalc-dims=\"1\" \/><p id=\"caption-attachment-6433\" class=\"wp-caption-text\">Boris Hoppek &#8211; Milestone Project &#8211; Photo \u00a9Altinnov<\/p><\/div>\n<p>&nbsp;<\/p>\n<div id=\"attachment_6434\" style=\"width: 778px\" class=\"wp-caption aligncenter\"><img aria-describedby=\"caption-attachment-6434\" decoding=\"async\" loading=\"lazy\" class=\"size-large wp-image-6434\" src=\"https:\/\/i0.wp.com\/altinnov.blog\/wp-content\/uploads\/2024\/01\/Oeuvre-murale-du-duo-street-art-Cyop-et-Kaf-a-Gerone-espagne-Photo-\u00a9Altinnov.jpg?resize=768%2C1024&#038;ssl=1\" alt=\"Oeuvre murale du duo street art Cyop et Kaf a\u0300 Ge\u0301rone - espagne - Photo \u00a9Altinnov\" width=\"768\" height=\"1024\" srcset=\"https:\/\/i0.wp.com\/altinnov.blog\/wp-content\/uploads\/2024\/01\/Oeuvre-murale-du-duo-street-art-Cyop-et-Kaf-a-Gerone-espagne-Photo-\u00a9Altinnov-scaled.jpg?resize=768%2C1024&amp;ssl=1 768w, https:\/\/i0.wp.com\/altinnov.blog\/wp-content\/uploads\/2024\/01\/Oeuvre-murale-du-duo-street-art-Cyop-et-Kaf-a-Gerone-espagne-Photo-\u00a9Altinnov-scaled.jpg?resize=225%2C300&amp;ssl=1 225w, https:\/\/i0.wp.com\/altinnov.blog\/wp-content\/uploads\/2024\/01\/Oeuvre-murale-du-duo-street-art-Cyop-et-Kaf-a-Gerone-espagne-Photo-\u00a9Altinnov-scaled.jpg?resize=1152%2C1536&amp;ssl=1 1152w, https:\/\/i0.wp.com\/altinnov.blog\/wp-content\/uploads\/2024\/01\/Oeuvre-murale-du-duo-street-art-Cyop-et-Kaf-a-Gerone-espagne-Photo-\u00a9Altinnov-scaled.jpg?resize=1536%2C2048&amp;ssl=1 1536w, https:\/\/i0.wp.com\/altinnov.blog\/wp-content\/uploads\/2024\/01\/Oeuvre-murale-du-duo-street-art-Cyop-et-Kaf-a-Gerone-espagne-Photo-\u00a9Altinnov-scaled.jpg?w=1920&amp;ssl=1 1920w\" sizes=\"(max-width: 768px) 100vw, 768px\" data-recalc-dims=\"1\" \/><p id=\"caption-attachment-6434\" class=\"wp-caption-text\">Cyop &amp; Kaf &#8211; Milestone Project &#8211; Photo \u00a9Altinnov<\/p><\/div>\n<p>&nbsp;<\/p>\n<p>Il y a quelque chose de tr\u00e8s ludique \u00e0 faire le tour des poteaux pour d\u00e9couvrir ce qu\u2019ils cachent\u2026 Et il y a \u00e9galement quelque chose de tr\u00e8s sportif puisqu\u2019il faut \u00e9viter les v\u00e9los arrivant \u00e0 toute vitesse sur la piste cyclable situ\u00e9e au centre\u00a0! J\u2019ai donc fait quelques trouvailles \u00e9tonnantes\u2026 L\u2019artiste <a href=\"https:\/\/www.instagram.com\/btoyglitch\/\" target=\"_blank\" rel=\"noopener\"><strong>Andrea Michaelsson alias\u00a0<u><strong>Btoy<\/strong><\/u><\/strong><\/a>\u00a0 y a peint au pochoir les visages de Malcom X ou encore <strong>Martin Luther King<\/strong>. Le graffeur Barcelonais <strong><a href=\"https:\/\/www.instagram.com\/kram_bcn\/\" target=\"_blank\" rel=\"noopener\">Kram<\/a><\/strong> a incrust\u00e9 un de ses caract\u00e8res sur une balan\u00e7oire.<\/p>\n<p>&nbsp;<\/p>\n<div id=\"attachment_6436\" style=\"width: 778px\" class=\"wp-caption aligncenter\"><img aria-describedby=\"caption-attachment-6436\" decoding=\"async\" loading=\"lazy\" class=\"size-large wp-image-6436\" src=\"https:\/\/i0.wp.com\/altinnov.blog\/wp-content\/uploads\/2024\/01\/Martin-Luther-King-par-le-street-artiste-barcelonais-BToy-Oeuvre-au-pochoir-a-Gerone-Photo-\u00a9Altinnov.jpg?resize=768%2C1024&#038;ssl=1\" alt=\"Martin Luther King par le street artiste barcelonais BToy - Oeuvre au pochoir a\u0300 Ge\u0301rone - Photo \u00a9Altinnov\" width=\"768\" height=\"1024\" srcset=\"https:\/\/i0.wp.com\/altinnov.blog\/wp-content\/uploads\/2024\/01\/Martin-Luther-King-par-le-street-artiste-barcelonais-BToy-Oeuvre-au-pochoir-a-Gerone-Photo-\u00a9Altinnov-scaled.jpg?resize=768%2C1024&amp;ssl=1 768w, https:\/\/i0.wp.com\/altinnov.blog\/wp-content\/uploads\/2024\/01\/Martin-Luther-King-par-le-street-artiste-barcelonais-BToy-Oeuvre-au-pochoir-a-Gerone-Photo-\u00a9Altinnov-scaled.jpg?resize=225%2C300&amp;ssl=1 225w, https:\/\/i0.wp.com\/altinnov.blog\/wp-content\/uploads\/2024\/01\/Martin-Luther-King-par-le-street-artiste-barcelonais-BToy-Oeuvre-au-pochoir-a-Gerone-Photo-\u00a9Altinnov-scaled.jpg?resize=1152%2C1536&amp;ssl=1 1152w, https:\/\/i0.wp.com\/altinnov.blog\/wp-content\/uploads\/2024\/01\/Martin-Luther-King-par-le-street-artiste-barcelonais-BToy-Oeuvre-au-pochoir-a-Gerone-Photo-\u00a9Altinnov-scaled.jpg?resize=1536%2C2048&amp;ssl=1 1536w, https:\/\/i0.wp.com\/altinnov.blog\/wp-content\/uploads\/2024\/01\/Martin-Luther-King-par-le-street-artiste-barcelonais-BToy-Oeuvre-au-pochoir-a-Gerone-Photo-\u00a9Altinnov-scaled.jpg?w=1920&amp;ssl=1 1920w\" sizes=\"(max-width: 768px) 100vw, 768px\" data-recalc-dims=\"1\" \/><p id=\"caption-attachment-6436\" class=\"wp-caption-text\">Martin Luther King par Btoy &#8211; Photo \u00a9Altinnov<\/p><\/div>\n<p>&nbsp;<\/p>\n<div id=\"attachment_6437\" style=\"width: 778px\" class=\"wp-caption aligncenter\"><img aria-describedby=\"caption-attachment-6437\" decoding=\"async\" loading=\"lazy\" class=\"size-large wp-image-6437\" src=\"https:\/\/i0.wp.com\/altinnov.blog\/wp-content\/uploads\/2024\/01\/caractere-street-art-du-graffeur-Barcelonais-KRAM-a-Gerone-Photo-\u00a9Altinnov.jpg?resize=768%2C1024&#038;ssl=1\" alt=\"caractere street art du graffeur Barcelonais KRAM a\u0300 Ge\u0301rone - Photo \u00a9Altinnov\" width=\"768\" height=\"1024\" srcset=\"https:\/\/i0.wp.com\/altinnov.blog\/wp-content\/uploads\/2024\/01\/caractere-street-art-du-graffeur-Barcelonais-KRAM-a-Gerone-Photo-\u00a9Altinnov-scaled.jpg?resize=768%2C1024&amp;ssl=1 768w, https:\/\/i0.wp.com\/altinnov.blog\/wp-content\/uploads\/2024\/01\/caractere-street-art-du-graffeur-Barcelonais-KRAM-a-Gerone-Photo-\u00a9Altinnov-scaled.jpg?resize=225%2C300&amp;ssl=1 225w, https:\/\/i0.wp.com\/altinnov.blog\/wp-content\/uploads\/2024\/01\/caractere-street-art-du-graffeur-Barcelonais-KRAM-a-Gerone-Photo-\u00a9Altinnov-scaled.jpg?resize=1152%2C1536&amp;ssl=1 1152w, https:\/\/i0.wp.com\/altinnov.blog\/wp-content\/uploads\/2024\/01\/caractere-street-art-du-graffeur-Barcelonais-KRAM-a-Gerone-Photo-\u00a9Altinnov-scaled.jpg?resize=1536%2C2048&amp;ssl=1 1536w, https:\/\/i0.wp.com\/altinnov.blog\/wp-content\/uploads\/2024\/01\/caractere-street-art-du-graffeur-Barcelonais-KRAM-a-Gerone-Photo-\u00a9Altinnov-scaled.jpg?w=1920&amp;ssl=1 1920w\" sizes=\"(max-width: 768px) 100vw, 768px\" data-recalc-dims=\"1\" \/><p id=\"caption-attachment-6437\" class=\"wp-caption-text\">KRAM &#8211; Milestone Project &#8211; Photo \u00a9Altinnov<\/p><\/div>\n<p>&nbsp;<\/p>\n<p>La fin de mon parcours sous les poteaux se conclue par la d\u00e9couverte d\u2019une \u0153uvre assez incroyable r\u00e9alis\u00e9e par <strong>Ome y Nadie<\/strong>\u2026 Une \u0153uvre qui donne l\u2019impression de se retrouver dans un univers sous-marin galactique\u00a0! Une sensation renforc\u00e9e par celle d\u2019enfermement que procure cet espace sous la voie.<\/p>\n<p>&nbsp;<\/p>\n<div id=\"attachment_6438\" style=\"width: 1034px\" class=\"wp-caption aligncenter\"><img aria-describedby=\"caption-attachment-6438\" decoding=\"async\" loading=\"lazy\" class=\"size-large wp-image-6438\" src=\"https:\/\/i0.wp.com\/altinnov.blog\/wp-content\/uploads\/2024\/01\/Oeuvre-dOme-y-Nadie-a-Gerone-nage-sous-la-voie-ferree-Street-art-gerone-Photo-\u00a9Altinnov.jpg?resize=1024%2C654&#038;ssl=1\" alt=\"Oeuvre d'Ome y Nadie a\u0300 Gerone - nage sous la voie ferre\u0301e - Street art gerone - Photo \u00a9Altinnov\" width=\"1024\" height=\"654\" srcset=\"https:\/\/i0.wp.com\/altinnov.blog\/wp-content\/uploads\/2024\/01\/Oeuvre-dOme-y-Nadie-a-Gerone-nage-sous-la-voie-ferree-Street-art-gerone-Photo-\u00a9Altinnov-scaled.jpg?resize=1024%2C654&amp;ssl=1 1024w, https:\/\/i0.wp.com\/altinnov.blog\/wp-content\/uploads\/2024\/01\/Oeuvre-dOme-y-Nadie-a-Gerone-nage-sous-la-voie-ferree-Street-art-gerone-Photo-\u00a9Altinnov-scaled.jpg?resize=300%2C192&amp;ssl=1 300w, https:\/\/i0.wp.com\/altinnov.blog\/wp-content\/uploads\/2024\/01\/Oeuvre-dOme-y-Nadie-a-Gerone-nage-sous-la-voie-ferree-Street-art-gerone-Photo-\u00a9Altinnov-scaled.jpg?resize=768%2C490&amp;ssl=1 768w, https:\/\/i0.wp.com\/altinnov.blog\/wp-content\/uploads\/2024\/01\/Oeuvre-dOme-y-Nadie-a-Gerone-nage-sous-la-voie-ferree-Street-art-gerone-Photo-\u00a9Altinnov-scaled.jpg?resize=1536%2C981&amp;ssl=1 1536w, https:\/\/i0.wp.com\/altinnov.blog\/wp-content\/uploads\/2024\/01\/Oeuvre-dOme-y-Nadie-a-Gerone-nage-sous-la-voie-ferree-Street-art-gerone-Photo-\u00a9Altinnov-scaled.jpg?resize=2048%2C1308&amp;ssl=1 2048w, https:\/\/i0.wp.com\/altinnov.blog\/wp-content\/uploads\/2024\/01\/Oeuvre-dOme-y-Nadie-a-Gerone-nage-sous-la-voie-ferree-Street-art-gerone-Photo-\u00a9Altinnov-scaled.jpg?w=2280&amp;ssl=1 2280w\" sizes=\"(max-width: 1024px) 100vw, 1024px\" data-recalc-dims=\"1\" \/><p id=\"caption-attachment-6438\" class=\"wp-caption-text\">Ome y Nadie &#8211; G\u00e9rone &#8211; Photo \u00a9Altinnov<\/p><\/div>\n<p>&nbsp;<\/p>\n<p>En restant proche du centre ville, je d\u00e9couvre quelques \u0153uvres r\u00e9alis\u00e9es au d\u00e9but du projet Milestone\u2026 Leurs couleurs se sont fan\u00e9es, mais elles ont le m\u00e9rite d\u2019exister\u2026 encore. La 1<sup>\u00e8re<\/sup> est celle d\u2019<a href=\"https:\/\/www.instagram.com\/agostinoiacurci\/\" target=\"_blank\" rel=\"noopener\"><strong>Agostino Iacurci<\/strong><\/a> qui expose d\u00e9sormais dans le monde entier. Son homme en cage, un peu surrealiste, nous fait imm\u00e9diatement penser aux cages \u00e0 lapins qui ont pouss\u00e9 dans les ann\u00e9es 70 dans les faubourgs de G\u00e9rone. Cet artiste expose d\u00e9sormais \u00e0 Los Angeles, Prague, S\u00e9oul ses \u0153uvres toujours aussi graphiques.<\/p>\n<p>&nbsp;<\/p>\n<div id=\"attachment_6439\" style=\"width: 1034px\" class=\"wp-caption aligncenter\"><img aria-describedby=\"caption-attachment-6439\" decoding=\"async\" loading=\"lazy\" class=\"size-large wp-image-6439\" src=\"https:\/\/i0.wp.com\/altinnov.blog\/wp-content\/uploads\/2024\/01\/Homme-en-cage-Agostino-Iacurci-Mileston-Project-Gerone-Photo-\u00a9Altinnov-.jpg?resize=1024%2C768&#038;ssl=1\" alt=\"Homme en cage - Agostino Iacurci - Mileston Project Ge\u0301rone - Photo \u00a9Altinnov\" width=\"1024\" height=\"768\" srcset=\"https:\/\/i0.wp.com\/altinnov.blog\/wp-content\/uploads\/2024\/01\/Homme-en-cage-Agostino-Iacurci-Mileston-Project-Gerone-Photo-\u00a9Altinnov-.jpg?resize=1024%2C768&amp;ssl=1 1024w, https:\/\/i0.wp.com\/altinnov.blog\/wp-content\/uploads\/2024\/01\/Homme-en-cage-Agostino-Iacurci-Mileston-Project-Gerone-Photo-\u00a9Altinnov-.jpg?resize=300%2C225&amp;ssl=1 300w, https:\/\/i0.wp.com\/altinnov.blog\/wp-content\/uploads\/2024\/01\/Homme-en-cage-Agostino-Iacurci-Mileston-Project-Gerone-Photo-\u00a9Altinnov-.jpg?resize=768%2C576&amp;ssl=1 768w, https:\/\/i0.wp.com\/altinnov.blog\/wp-content\/uploads\/2024\/01\/Homme-en-cage-Agostino-Iacurci-Mileston-Project-Gerone-Photo-\u00a9Altinnov-.jpg?resize=1536%2C1152&amp;ssl=1 1536w, https:\/\/i0.wp.com\/altinnov.blog\/wp-content\/uploads\/2024\/01\/Homme-en-cage-Agostino-Iacurci-Mileston-Project-Gerone-Photo-\u00a9Altinnov-.jpg?resize=2048%2C1536&amp;ssl=1 2048w, https:\/\/i0.wp.com\/altinnov.blog\/wp-content\/uploads\/2024\/01\/Homme-en-cage-Agostino-Iacurci-Mileston-Project-Gerone-Photo-\u00a9Altinnov-.jpg?resize=160%2C120&amp;ssl=1 160w, https:\/\/i0.wp.com\/altinnov.blog\/wp-content\/uploads\/2024\/01\/Homme-en-cage-Agostino-Iacurci-Mileston-Project-Gerone-Photo-\u00a9Altinnov-.jpg?w=2280&amp;ssl=1 2280w\" sizes=\"(max-width: 1024px) 100vw, 1024px\" data-recalc-dims=\"1\" \/><p id=\"caption-attachment-6439\" class=\"wp-caption-text\">Homme en cage &#8211; Agostino Iacurci &#8211; Photo \u00a9Altinnov<\/p><\/div>\n<p>&nbsp;<\/p>\n<p>Une autre \u0153uvre \u00e9galement tr\u00e8s graphique baptis\u00e9e \u00ab\u00a0resist\u00e8ncia\u00a0\u00bb a \u00e9t\u00e9 r\u00e9alis\u00e9e par le collectif <strong><a href=\"https:\/\/www.instagram.com\/reskatestudio\/\" target=\"_blank\" rel=\"noopener\">Reskate<\/a><\/strong> compos\u00e9 de <strong><a href=\"https:\/\/www.instagram.com\/minuskula\/\" target=\"_blank\" rel=\"noopener\">Maria Lopez<\/a><\/strong> et <strong><a href=\"https:\/\/www.instagram.com\/javierderiba\/\" target=\"_blank\" rel=\"noopener\">Javier de Riba<\/a><\/strong>. On y voit un magnifique cheval qui a l\u2019air de se battre avec une \u00e9norme mouche int\u00e9rieure. Etant donn\u00e9 le nom de l\u2019\u0153uvre il est facile d\u2019y voir une all\u00e9gorie dans le combat que m\u00e8nent les catalans pour l\u2019ind\u00e9pendance contre la castille\u2026 G\u00e9rone \u00e9tant le fief des ind\u00e9pendantistes catalans, la signification de l\u2019\u0153uvre semble \u00e9vidente\u2026<\/p>\n<p>&nbsp;<\/p>\n<div id=\"attachment_6440\" style=\"width: 1034px\" class=\"wp-caption aligncenter\"><img aria-describedby=\"caption-attachment-6440\" decoding=\"async\" loading=\"lazy\" class=\"size-large wp-image-6440\" src=\"https:\/\/i0.wp.com\/altinnov.blog\/wp-content\/uploads\/2024\/01\/Oeuvre-Resisteencia-par-le-collectif-Reskate-Studio-Gerone-Milestone-Project-Photo-\u00a9Altinnov.jpg?resize=1024%2C1018&#038;ssl=1\" alt=\"Oeuvre Resiste\u0300ncia par le collectif Reskate Studio - Ge\u0301rone - Milestone Project - Photo \u00a9Altinnov\" width=\"1024\" height=\"1018\" srcset=\"https:\/\/i0.wp.com\/altinnov.blog\/wp-content\/uploads\/2024\/01\/Oeuvre-Resisteencia-par-le-collectif-Reskate-Studio-Gerone-Milestone-Project-Photo-\u00a9Altinnov-scaled.jpg?resize=1024%2C1018&amp;ssl=1 1024w, https:\/\/i0.wp.com\/altinnov.blog\/wp-content\/uploads\/2024\/01\/Oeuvre-Resisteencia-par-le-collectif-Reskate-Studio-Gerone-Milestone-Project-Photo-\u00a9Altinnov-scaled.jpg?resize=300%2C298&amp;ssl=1 300w, https:\/\/i0.wp.com\/altinnov.blog\/wp-content\/uploads\/2024\/01\/Oeuvre-Resisteencia-par-le-collectif-Reskate-Studio-Gerone-Milestone-Project-Photo-\u00a9Altinnov-scaled.jpg?resize=150%2C150&amp;ssl=1 150w, https:\/\/i0.wp.com\/altinnov.blog\/wp-content\/uploads\/2024\/01\/Oeuvre-Resisteencia-par-le-collectif-Reskate-Studio-Gerone-Milestone-Project-Photo-\u00a9Altinnov-scaled.jpg?resize=768%2C764&amp;ssl=1 768w, https:\/\/i0.wp.com\/altinnov.blog\/wp-content\/uploads\/2024\/01\/Oeuvre-Resisteencia-par-le-collectif-Reskate-Studio-Gerone-Milestone-Project-Photo-\u00a9Altinnov-scaled.jpg?resize=1536%2C1527&amp;ssl=1 1536w, https:\/\/i0.wp.com\/altinnov.blog\/wp-content\/uploads\/2024\/01\/Oeuvre-Resisteencia-par-le-collectif-Reskate-Studio-Gerone-Milestone-Project-Photo-\u00a9Altinnov-scaled.jpg?resize=2048%2C2036&amp;ssl=1 2048w, https:\/\/i0.wp.com\/altinnov.blog\/wp-content\/uploads\/2024\/01\/Oeuvre-Resisteencia-par-le-collectif-Reskate-Studio-Gerone-Milestone-Project-Photo-\u00a9Altinnov-scaled.jpg?w=2280&amp;ssl=1 2280w\" sizes=\"(max-width: 1024px) 100vw, 1024px\" data-recalc-dims=\"1\" \/><p id=\"caption-attachment-6440\" class=\"wp-caption-text\">\u00ab\u00a0Resist\u00e8ncia\u00a0\u00bb &#8211; Reskate &#8211; Photo \u00a9Altinnov<\/p><\/div>\n<p>&nbsp;<\/p>\n<p>L\u2019\u0153uvre la plus haute et proche du centre ville de G\u00e9rone est celle <a href=\"https:\/\/www.instagram.com\/okudart\/\" target=\"_blank\" rel=\"noopener\"><strong>San Miguel Okuda<\/strong><\/a>, l\u2019artiste urbain espagnol le plus populaire de par le monde. Comme dans toutes ses \u0153uvres, il fragmente les corps en formes g\u00e9om\u00e9triques ultra-color\u00e9es. Son travail se reconna\u00eet d\u2019un simple coup d\u2019\u0153il. Cette \u0153uvre baptis\u00e9e \u00ab<strong>\u00a0African housewife independence\u00a0\u00bb<\/strong> situ\u00e9e dans le quartier de Santa Eug\u00e9nia est une r\u00e9ponse \u00e9vidente \u00e0 la population venue d\u2019Afrique habitant le quartier\u2026 Elle trouve tr\u00e8s bien sa place au milieu des \u0153uvres \u00e0 caract\u00e8re social du festival Monar\u2019t.<\/p>\n<p>&nbsp;<\/p>\n<div id=\"attachment_6441\" style=\"width: 778px\" class=\"wp-caption aligncenter\"><img aria-describedby=\"caption-attachment-6441\" decoding=\"async\" loading=\"lazy\" class=\"size-large wp-image-6441\" src=\"https:\/\/i0.wp.com\/altinnov.blog\/wp-content\/uploads\/2024\/01\/independance-de-la-famme-au-foyer-africaine-par-San-miguel-Okuda-Oeuvre-Street-art-a-Gerone-pour-le-Milestone-Project-Photo-\u00a9Altinnov.jpg?resize=768%2C1024&#038;ssl=1\" alt=\"inde\u0301pendance de la femme au foyer africaine par San miguel Okuda - Oeuvre Street art a\u0300 Ge\u0301rone pour le Milestone Project - Photo \u00a9Altinnov\" width=\"768\" height=\"1024\" srcset=\"https:\/\/i0.wp.com\/altinnov.blog\/wp-content\/uploads\/2024\/01\/independance-de-la-famme-au-foyer-africaine-par-San-miguel-Okuda-Oeuvre-Street-art-a-Gerone-pour-le-Milestone-Project-Photo-\u00a9Altinnov-scaled.jpg?resize=768%2C1024&amp;ssl=1 768w, https:\/\/i0.wp.com\/altinnov.blog\/wp-content\/uploads\/2024\/01\/independance-de-la-famme-au-foyer-africaine-par-San-miguel-Okuda-Oeuvre-Street-art-a-Gerone-pour-le-Milestone-Project-Photo-\u00a9Altinnov-scaled.jpg?resize=225%2C300&amp;ssl=1 225w, https:\/\/i0.wp.com\/altinnov.blog\/wp-content\/uploads\/2024\/01\/independance-de-la-famme-au-foyer-africaine-par-San-miguel-Okuda-Oeuvre-Street-art-a-Gerone-pour-le-Milestone-Project-Photo-\u00a9Altinnov-scaled.jpg?resize=1152%2C1536&amp;ssl=1 1152w, https:\/\/i0.wp.com\/altinnov.blog\/wp-content\/uploads\/2024\/01\/independance-de-la-famme-au-foyer-africaine-par-San-miguel-Okuda-Oeuvre-Street-art-a-Gerone-pour-le-Milestone-Project-Photo-\u00a9Altinnov-scaled.jpg?resize=1536%2C2048&amp;ssl=1 1536w, https:\/\/i0.wp.com\/altinnov.blog\/wp-content\/uploads\/2024\/01\/independance-de-la-famme-au-foyer-africaine-par-San-miguel-Okuda-Oeuvre-Street-art-a-Gerone-pour-le-Milestone-Project-Photo-\u00a9Altinnov-scaled.jpg?w=1920&amp;ssl=1 1920w\" sizes=\"(max-width: 768px) 100vw, 768px\" data-recalc-dims=\"1\" \/><p id=\"caption-attachment-6441\" class=\"wp-caption-text\">\u00ab African housewife independence \u00bb &#8211; San Miguel Okuda &#8211; Photo \u00a9Altinnov<\/p><\/div>\n<p>&nbsp;<\/p>\n<p>Avec des \u0153uvres aussi monumentales, il est vrai que le Street Art \u00e0 G\u00e9rone d\u00e9voile une autre facette\u2026 Afin de mieux appr\u00e9hender ce fameux Milestone Project qui n\u2019est absolument pas d\u00e9nu\u00e9 de sens comme je l\u2019avais un peu imagin\u00e9 au d\u00e9part, j\u2019ai d\u00e9cid\u00e9 de continuer en voiture afin d\u2019acc\u00e9der \u00e0 des quartiers plus \u00e9loign\u00e9s de la vieille ville. C\u2019est avec surprise et plaisir que j\u2019ai d\u00e9couvert une \u0153uvre de <a href=\"https:\/\/www.instagram.com\/mohamedlghacham\/\" target=\"_blank\" rel=\"noopener\"><strong>Mohamed l&rsquo;Gacham<\/strong><\/a>. N\u00e9 \u00e0 Tanger, il vit d\u00e9sormais \u00e0 Barcelone. Issu du monde du graffiti <strong>Mohamed<\/strong> a ce don pour rendre magiques des sc\u00e8nes banales de la vie quotidienne. Il travaille \u00e0 partir de photos anciennes et dans un style m\u00ealant figuratif, classicisme et parfois impressionnisme\u2026 Il vient magnifier le quotidien comme pour nous dire de profiter de ces instants simples. Ici il a repr\u00e9sent\u00e9 un int\u00e9rieur bourgeois, qui pourrait \u00eatre celui de n\u2019importe qui ayant conserv\u00e9 ses vieux meubles de famille.<\/p>\n<p>&nbsp;<\/p>\n<div id=\"attachment_6442\" style=\"width: 1034px\" class=\"wp-caption aligncenter\"><img aria-describedby=\"caption-attachment-6442\" decoding=\"async\" loading=\"lazy\" class=\"size-large wp-image-6442\" src=\"https:\/\/i0.wp.com\/altinnov.blog\/wp-content\/uploads\/2024\/01\/Scene-de-la-vie-quotidienne-par-Mohamed-LGacham-interieur-bourgeois-peinture-Gerone-Milestone-Project-Photo-\u00a9Altinnov.jpg?resize=1024%2C1024&#038;ssl=1\" alt=\"Sce\u0300ne de la vie quotidienne par Mohamed L'Gacham- inte\u0301rieur bourgeois - peinture Ge\u0301rone - Milestone Project - Photo \u00a9Altinnov\" width=\"1024\" height=\"1024\" srcset=\"https:\/\/i0.wp.com\/altinnov.blog\/wp-content\/uploads\/2024\/01\/Scene-de-la-vie-quotidienne-par-Mohamed-LGacham-interieur-bourgeois-peinture-Gerone-Milestone-Project-Photo-\u00a9Altinnov.jpg?resize=1024%2C1024&amp;ssl=1 1024w, https:\/\/i0.wp.com\/altinnov.blog\/wp-content\/uploads\/2024\/01\/Scene-de-la-vie-quotidienne-par-Mohamed-LGacham-interieur-bourgeois-peinture-Gerone-Milestone-Project-Photo-\u00a9Altinnov.jpg?resize=300%2C300&amp;ssl=1 300w, https:\/\/i0.wp.com\/altinnov.blog\/wp-content\/uploads\/2024\/01\/Scene-de-la-vie-quotidienne-par-Mohamed-LGacham-interieur-bourgeois-peinture-Gerone-Milestone-Project-Photo-\u00a9Altinnov.jpg?resize=150%2C150&amp;ssl=1 150w, https:\/\/i0.wp.com\/altinnov.blog\/wp-content\/uploads\/2024\/01\/Scene-de-la-vie-quotidienne-par-Mohamed-LGacham-interieur-bourgeois-peinture-Gerone-Milestone-Project-Photo-\u00a9Altinnov.jpg?resize=768%2C768&amp;ssl=1 768w, https:\/\/i0.wp.com\/altinnov.blog\/wp-content\/uploads\/2024\/01\/Scene-de-la-vie-quotidienne-par-Mohamed-LGacham-interieur-bourgeois-peinture-Gerone-Milestone-Project-Photo-\u00a9Altinnov.jpg?resize=1536%2C1536&amp;ssl=1 1536w, https:\/\/i0.wp.com\/altinnov.blog\/wp-content\/uploads\/2024\/01\/Scene-de-la-vie-quotidienne-par-Mohamed-LGacham-interieur-bourgeois-peinture-Gerone-Milestone-Project-Photo-\u00a9Altinnov.jpg?resize=2048%2C2048&amp;ssl=1 2048w, https:\/\/i0.wp.com\/altinnov.blog\/wp-content\/uploads\/2024\/01\/Scene-de-la-vie-quotidienne-par-Mohamed-LGacham-interieur-bourgeois-peinture-Gerone-Milestone-Project-Photo-\u00a9Altinnov.jpg?w=2280&amp;ssl=1 2280w\" sizes=\"(max-width: 1024px) 100vw, 1024px\" data-recalc-dims=\"1\" \/><p id=\"caption-attachment-6442\" class=\"wp-caption-text\">Mohamed l&rsquo;Gacham &#8211; Milestone Project &#8211; Photo \u00a9Altinnov<\/p><\/div>\n<p>&nbsp;<\/p>\n<p>La fin de ma d\u00e9couverte de G\u00e9rone a \u00e9t\u00e9 marqu\u00e9e par l\u2019\u0153uvre d\u2019un artiste que j\u2019appr\u00e9cie tout particuli\u00e8rement. De m\u00e8re espagnole et de p\u00e8re Ha\u00eftien, il a v\u00e9cu sa petite enfance en Espagne avant de parcourir le monde pour finalement s\u2019installer aux Etats-Unis. <strong><a href=\"https:\/\/www.instagram.com\/axelvoid\/\" target=\"_blank\" rel=\"noopener\">Axel Void<\/a><\/strong> est \u00e0 mes yeux un des plus grand artiste contemporain urbain, au m\u00eame titre que <strong>Gonzalo Borondo<\/strong> ou encore <strong>Francisco Bosoletti<\/strong>\u2026 Ses \u0153uvres se font rares\u2026 mais tellement percutantes. Je suis rest\u00e9e sans voix en d\u00e9couvrant ce triptyque morcel\u00e9 sur le campus de l\u2019Universit\u00e9 de G\u00e9rone\u00a0! La sc\u00e8ne est frappante, la couleur violente\u00a0! On y voit trois personnages mangeant au plus pr\u00e8s d\u2019un bol. Dans mon cerveau j\u2019ai tout de suite fait le rapprochement avec les photographies que le r\u00e9alisateur Carlos Saura avait prise en Espagne pendant la guerre civile. Il \u00e9tait alors simple photographe t\u00e9moin d\u2019une \u00e9poque de p\u00e9nurie et de privation de libert\u00e9. Certaines de ses photos repr\u00e9sentaient des paysans devant un bol de soupe avec un quignon de pain \u00e0 la main\u2026 J\u2019ai voulu savoir si le sentiment ressenti devant cette \u0153uvre n\u2019\u00e9tait qu\u2019une vue de mon esprit&#8230; J\u2019ai alors d\u00e9couvert la phrase suivante d\u2019Axel Void \u00e0 propos de son \u0153uvre\u00a0: <em>\u00ab\u00a0S&rsquo;il vous pla\u00eet, donnez-nous des guerres pour que nous puissions vraiment savoir quel go\u00fbt a la nourriture.\u00a0\u00bb<\/em><\/p>\n<p>&nbsp;<\/p>\n<div id=\"attachment_6445\" style=\"width: 1034px\" class=\"wp-caption aligncenter\"><img aria-describedby=\"caption-attachment-6445\" decoding=\"async\" loading=\"lazy\" class=\"size-large wp-image-6445\" src=\"https:\/\/i0.wp.com\/altinnov.blog\/wp-content\/uploads\/2024\/01\/oeuvre-street-art-monumentale-a-Gerone-realisee-par-Axel-Void-pour-le-Milestone-Project-Photo-\u00a9Altinnov.jpg?resize=1024%2C768&#038;ssl=1\" alt=\"oeuvre street art monumentale a\u0300 Ge\u0301rone re\u0301alise\u0301e par Axel Void pour le Milestone Project - Photo \u00a9Altinnov\" width=\"1024\" height=\"768\" srcset=\"https:\/\/i0.wp.com\/altinnov.blog\/wp-content\/uploads\/2024\/01\/oeuvre-street-art-monumentale-a-Gerone-realisee-par-Axel-Void-pour-le-Milestone-Project-Photo-\u00a9Altinnov-scaled.jpg?resize=1024%2C768&amp;ssl=1 1024w, https:\/\/i0.wp.com\/altinnov.blog\/wp-content\/uploads\/2024\/01\/oeuvre-street-art-monumentale-a-Gerone-realisee-par-Axel-Void-pour-le-Milestone-Project-Photo-\u00a9Altinnov-scaled.jpg?resize=300%2C225&amp;ssl=1 300w, https:\/\/i0.wp.com\/altinnov.blog\/wp-content\/uploads\/2024\/01\/oeuvre-street-art-monumentale-a-Gerone-realisee-par-Axel-Void-pour-le-Milestone-Project-Photo-\u00a9Altinnov-scaled.jpg?resize=768%2C576&amp;ssl=1 768w, https:\/\/i0.wp.com\/altinnov.blog\/wp-content\/uploads\/2024\/01\/oeuvre-street-art-monumentale-a-Gerone-realisee-par-Axel-Void-pour-le-Milestone-Project-Photo-\u00a9Altinnov-scaled.jpg?resize=1536%2C1152&amp;ssl=1 1536w, https:\/\/i0.wp.com\/altinnov.blog\/wp-content\/uploads\/2024\/01\/oeuvre-street-art-monumentale-a-Gerone-realisee-par-Axel-Void-pour-le-Milestone-Project-Photo-\u00a9Altinnov-scaled.jpg?resize=2048%2C1537&amp;ssl=1 2048w, https:\/\/i0.wp.com\/altinnov.blog\/wp-content\/uploads\/2024\/01\/oeuvre-street-art-monumentale-a-Gerone-realisee-par-Axel-Void-pour-le-Milestone-Project-Photo-\u00a9Altinnov-scaled.jpg?resize=160%2C120&amp;ssl=1 160w, https:\/\/i0.wp.com\/altinnov.blog\/wp-content\/uploads\/2024\/01\/oeuvre-street-art-monumentale-a-Gerone-realisee-par-Axel-Void-pour-le-Milestone-Project-Photo-\u00a9Altinnov-scaled.jpg?w=2280&amp;ssl=1 2280w\" sizes=\"(max-width: 1024px) 100vw, 1024px\" data-recalc-dims=\"1\" \/><p id=\"caption-attachment-6445\" class=\"wp-caption-text\">Axel Void &#8211; Milestone Project &#8211; Photo \u00a9Altinnov<\/p><\/div>\n<p>&nbsp;<\/p>\n<p>Je vais conclure ma d\u00e9couverte du Milestone Project sur cette \u0153uvre et vous laisser d\u00e9couvrir la suite, tout aussi \u00e9poustouflante, quand vous visiterez G\u00e9rone\u00a0!<\/p>\n<p>&nbsp;<\/p>\n<h3><strong>Le Street Art \u00e0 G\u00e9rone vaut-il le d\u00e9placement\u00a0?<\/strong><\/h3>\n<p>Mille fois oui\u00a0! Cela faisait bien longtemps que je n\u2019avais pas ressenti une telle coh\u00e9rence entre les \u0153uvres, l\u2019environnement social, culturel et urbain\u2026 Une interd\u00e9pendance qui fait sens. A force de vouloir attirer les touristes \u00e0 tout prix avec de l\u2019art urbain, certaines villes finissent par perdre le fil et ne proposent qu\u2019une succession d\u2019\u0153uvres \u00ab\u00a0Waouhh\u00a0\u00bb qui ne veulent pas dire grand chose. Le Street Art \u00e0 G\u00e9rone red\u00e9finit s\u00e9rieusement la place essentielle de l\u2019artiste dans notre quotidien et c\u2019est vraiment une claque, croyez-moi\u00a0! Bien s\u00fbr vous me direz que <a href=\"https:\/\/altinnov.blog\/index.php\/fr\/2022\/02\/23\/graffiti-a-barcelone\/\"><strong>le graffiti \u00e0 Barcelone est roi<\/strong><\/a>, que l\u2019on peu retrouver cette ambiance \u00e0 <a href=\"https:\/\/altinnov.blog\/index.php\/fr\/2022\/01\/17\/street-art-barcelone\/\"><strong>Poblenou<\/strong><\/a>\u2026 \u00c0 cela je vous r\u00e9pondrais que vous faites fausse route\u2026 Il y a peu de sc\u00e8ne artistique comme celle de G\u00e9rone et ce serait vraiment dommage de vous en priver si vous \u00eates de passage sur la Costa Brava\u2026 Qui plus est la vieille ville est magnifique et les plages pas tr\u00e8s \u00e9loign\u00e9es\u00a0\ud83d\ude09<\/p>\n<p>J\u2019esp\u00e8re que cette d\u00e9couverte vous a enthousiasm\u00e9 tout autant que moi\u00a0! Alors si vous avez aim\u00e9, partagez bien s\u00fbr, cela me fera plaisir\u00a0\ud83d\ude09<\/p>\n<p>De mon c\u00f4t\u00e9 je pars \u00e0 la d\u00e9couverte pour mon prochain article d&rsquo;une patinoire en transition !<\/p>\n<p>A tr\u00e8s bient\u00f4t pour de nouvelles aventures urbaines.<\/p>\n<p>S\u00e9verine<\/p>\n<p style=\"text-align: center;\"><iframe loading=\"lazy\" style=\"border: 1px solid #EEE; background: white;\" src=\"https:\/\/severine.substack.com\/embed\" width=\"480\" height=\"320\" frameborder=\"0\" scrolling=\"no\"><\/iframe><\/p>\n<div id=\"altin-62906400\" class=\"altin-apres-le-contenu_2 altin-entity-placement\"><!-- Ezoic - bas article - native_bottom -->\r\n<div id=\"ezoic-pub-ad-placeholder-102\"> <\/div>\r\n<!-- End Ezoic - bas article - native_bottom --><\/div><div id=\"altin-1922317510\" class=\"altin-apres-le-contenu altin-entity-placement\" style=\"margin-left: auto;margin-right: auto;text-align: center;\"><script async src=\"\/\/pagead2.googlesyndication.com\/pagead\/js\/adsbygoogle.js?client=ca-pub-4035181110757945\" crossorigin=\"anonymous\"><\/script><ins class=\"adsbygoogle\" style=\"display:block; text-align:center;\" data-ad-client=\"ca-pub-4035181110757945\" \ndata-ad-slot=\"9414912321\" \ndata-ad-layout=\"in-article\"\ndata-ad-format=\"fluid\"><\/ins>\n<script> \n(adsbygoogle = window.adsbygoogle || []).push({}); \n<\/script>\n<\/div>","protected":false},"excerpt":{"rendered":"<p>Le Street Art \u00e0 G\u00e9rone fait sens : participatif et solidaire, il met en avant la diversit\u00e9 avec d\u00e9licatesse !<\/p>\n","protected":false},"author":1,"featured_media":6398,"comment_status":"open","ping_status":"open","sticky":false,"template":"","format":"standard","meta":{"jetpack_post_was_ever_published":false,"_jetpack_newsletter_access":"","_jetpack_dont_email_post_to_subs":false,"_jetpack_newsletter_tier_id":0,"_jetpack_memberships_contains_paywalled_content":false,"footnotes":"","_jetpack_memberships_contains_paid_content":false},"categories":[29],"tags":[3579,3565,3159,3547,3569,3585,3571,3549,3567,3555,2729,3561,3543,3557,3575,3551,3573,3559,3545,3583,3553,3563,3577,3581],"yoast_head":"<!-- This site is optimized with the Yoast SEO plugin v22.6 - https:\/\/yoast.com\/wordpress\/plugins\/seo\/ -->\n<title>Le Street Art \u00e0 G\u00e9rone fait sens : participatif et solidaire, il met en avant la diversit\u00e9 avec d\u00e9licatesse ! - ALTINNOV<\/title>\n<meta name=\"description\" content=\"Le Street Art \u00e0 G\u00e9rone fait sens : participatif et solidaire, il met en avant la diversit\u00e9 avec d\u00e9licatesse !\" \/>\n<meta name=\"robots\" content=\"index, follow, max-snippet:-1, max-image-preview:large, max-video-preview:-1\" \/>\n<link rel=\"canonical\" href=\"https:\/\/altinnov.blog\/index.php\/fr\/2024\/01\/24\/streetart-gerone\/\" \/>\n<meta property=\"og:locale\" content=\"fr_FR\" \/>\n<meta property=\"og:type\" content=\"article\" \/>\n<meta property=\"og:title\" content=\"Le Street Art \u00e0 G\u00e9rone fait sens : participatif et solidaire, il met en avant la diversit\u00e9 avec d\u00e9licatesse !\" \/>\n<meta property=\"og:description\" content=\"Le Street Art \u00e0 G\u00e9rone fait sens: participatif &amp; solidaire, il met en avant la diversit\u00e9 avec d\u00e9licatesse ! #streetartgerone #art #streetart #axelvoid #okuda #streetartspain #girona #milestoneproject #festivalmonart\" \/>\n<meta property=\"og:url\" content=\"https:\/\/altinnov.blog\/index.php\/fr\/2024\/01\/24\/streetart-gerone\/\" \/>\n<meta property=\"og:site_name\" content=\"ALTINNOV\" \/>\n<meta property=\"article:publisher\" content=\"https:\/\/www.facebook.com\/Altinnov\/\" \/>\n<meta property=\"article:author\" content=\"https:\/\/www.facebook.com\/Altinnov\/\" \/>\n<meta property=\"article:published_time\" content=\"2024-01-24T13:46:51+00:00\" \/>\n<meta property=\"og:image\" content=\"https:\/\/altinnov.blog\/wp-content\/uploads\/2024\/01\/Street-Art-a-Gerone-Oeuvre-de-Ilich-Romeiser-Marina-Yagova-Yvan-Yagova-scaled.jpg\" \/>\n\t<meta property=\"og:image:width\" content=\"2560\" \/>\n\t<meta property=\"og:image:height\" content=\"1920\" \/>\n\t<meta property=\"og:image:type\" content=\"image\/jpeg\" \/>\n<meta name=\"author\" content=\"S\u00e9verine\" \/>\n<meta name=\"twitter:card\" content=\"summary_large_image\" \/>\n<meta name=\"twitter:title\" content=\"Le Street Art \u00e0 G\u00e9rone fait sens : participatif et solidaire, il met en avant la diversit\u00e9 avec d\u00e9licatesse !\" \/>\n<meta name=\"twitter:description\" content=\"Le Street Art \u00e0 G\u00e9rone fait sens: participatif &amp; solidaire, il met en avant la diversit\u00e9 avec d\u00e9licatesse ! #streetartgerone #art #streetart #axelvoid #okuda #streetartspain #girona #milestoneproject #festivalmonart\" \/>\n<meta name=\"twitter:image\" content=\"https:\/\/i0.wp.com\/altinnov.blog\/wp-content\/uploads\/2024\/01\/Street-Art-a-Gerone-Oeuvre-de-Ilich-Romeiser-Marina-Yagova-Yvan-Yagova-scaled.jpg?fit=2560%2C1920&ssl=1\" \/>\n<meta name=\"twitter:creator\" content=\"@Altinnov1\" \/>\n<meta name=\"twitter:site\" content=\"@Altinnov1\" \/>\n<meta name=\"twitter:label1\" content=\"\u00c9crit par\" \/>\n\t<meta name=\"twitter:data1\" content=\"S\u00e9verine\" \/>\n\t<meta name=\"twitter:label2\" content=\"Dur\u00e9e de lecture estim\u00e9e\" \/>\n\t<meta name=\"twitter:data2\" content=\"19 minutes\" \/>\n<script type=\"application\/ld+json\" class=\"yoast-schema-graph\">{\"@context\":\"https:\/\/schema.org\",\"@graph\":[{\"@type\":\"Article\",\"@id\":\"https:\/\/altinnov.blog\/index.php\/fr\/2024\/01\/24\/streetart-gerone\/#article\",\"isPartOf\":{\"@id\":\"https:\/\/altinnov.blog\/index.php\/fr\/2024\/01\/24\/streetart-gerone\/\"},\"author\":{\"name\":\"S\u00e9verine\",\"@id\":\"https:\/\/altinnov.blog\/#\/schema\/person\/fb38574bf72ee22878743e54d687ae5a\"},\"headline\":\"Le Street Art \u00e0 G\u00e9rone fait sens : participatif et solidaire, il met en avant la diversit\u00e9 avec d\u00e9licatesse !\",\"datePublished\":\"2024-01-24T13:46:51+00:00\",\"dateModified\":\"2024-01-24T13:46:51+00:00\",\"mainEntityOfPage\":{\"@id\":\"https:\/\/altinnov.blog\/index.php\/fr\/2024\/01\/24\/streetart-gerone\/\"},\"wordCount\":3009,\"commentCount\":2,\"publisher\":{\"@id\":\"https:\/\/altinnov.blog\/#\/schema\/person\/fb38574bf72ee22878743e54d687ae5a\"},\"image\":{\"@id\":\"https:\/\/altinnov.blog\/index.php\/fr\/2024\/01\/24\/streetart-gerone\/#primaryimage\"},\"thumbnailUrl\":\"https:\/\/i0.wp.com\/altinnov.blog\/wp-content\/uploads\/2024\/01\/Street-Art-a-Gerone-Oeuvre-de-Ilich-Romeiser-Marina-Yagova-Yvan-Yagova-scaled.jpg?fit=2560%2C1920&ssl=1\",\"keywords\":[\"Agostino Iacurci\",\"ala degato\",\"Axel Void\",\"Blazy\",\"Boris Hoppek\",\"Btoy\",\"Cyop &amp; Kaf\",\"Debra Espinosa\",\"Erica il Cane\",\"Erna Toepfer\",\"Felipe Pincel\",\"Greendel15\",\"Ilich Romeiser\",\"it's mancho\",\"Jodorowsky\",\"Kin mx\",\"Kram\",\"Malpegados\",\"Marina Yagoda\",\"Mohamed l'Gacham\",\"Oriol Arumi\",\"R3spublica\",\"Reskate\",\"San Miguel Okuda\"],\"articleSection\":[\"Balades Street Art\"],\"inLanguage\":\"fr-FR\",\"potentialAction\":[{\"@type\":\"CommentAction\",\"name\":\"Comment\",\"target\":[\"https:\/\/altinnov.blog\/index.php\/fr\/2024\/01\/24\/streetart-gerone\/#respond\"]}]},{\"@type\":\"WebPage\",\"@id\":\"https:\/\/altinnov.blog\/index.php\/fr\/2024\/01\/24\/streetart-gerone\/\",\"url\":\"https:\/\/altinnov.blog\/index.php\/fr\/2024\/01\/24\/streetart-gerone\/\",\"name\":\"Le Street Art \u00e0 G\u00e9rone fait sens : participatif et solidaire, il met en avant la diversit\u00e9 avec d\u00e9licatesse ! - ALTINNOV\",\"isPartOf\":{\"@id\":\"https:\/\/altinnov.blog\/#website\"},\"primaryImageOfPage\":{\"@id\":\"https:\/\/altinnov.blog\/index.php\/fr\/2024\/01\/24\/streetart-gerone\/#primaryimage\"},\"image\":{\"@id\":\"https:\/\/altinnov.blog\/index.php\/fr\/2024\/01\/24\/streetart-gerone\/#primaryimage\"},\"thumbnailUrl\":\"https:\/\/i0.wp.com\/altinnov.blog\/wp-content\/uploads\/2024\/01\/Street-Art-a-Gerone-Oeuvre-de-Ilich-Romeiser-Marina-Yagova-Yvan-Yagova-scaled.jpg?fit=2560%2C1920&ssl=1\",\"datePublished\":\"2024-01-24T13:46:51+00:00\",\"dateModified\":\"2024-01-24T13:46:51+00:00\",\"description\":\"Le Street Art \u00e0 G\u00e9rone fait sens : participatif et solidaire, il met en avant la diversit\u00e9 avec d\u00e9licatesse !\",\"breadcrumb\":{\"@id\":\"https:\/\/altinnov.blog\/index.php\/fr\/2024\/01\/24\/streetart-gerone\/#breadcrumb\"},\"inLanguage\":\"fr-FR\",\"potentialAction\":[{\"@type\":\"ReadAction\",\"target\":[\"https:\/\/altinnov.blog\/index.php\/fr\/2024\/01\/24\/streetart-gerone\/\"]}]},{\"@type\":\"ImageObject\",\"inLanguage\":\"fr-FR\",\"@id\":\"https:\/\/altinnov.blog\/index.php\/fr\/2024\/01\/24\/streetart-gerone\/#primaryimage\",\"url\":\"https:\/\/i0.wp.com\/altinnov.blog\/wp-content\/uploads\/2024\/01\/Street-Art-a-Gerone-Oeuvre-de-Ilich-Romeiser-Marina-Yagova-Yvan-Yagova-scaled.jpg?fit=2560%2C1920&ssl=1\",\"contentUrl\":\"https:\/\/i0.wp.com\/altinnov.blog\/wp-content\/uploads\/2024\/01\/Street-Art-a-Gerone-Oeuvre-de-Ilich-Romeiser-Marina-Yagova-Yvan-Yagova-scaled.jpg?fit=2560%2C1920&ssl=1\",\"width\":2560,\"height\":1920,\"caption\":\"Ilich Romeiser, Matina & Ivan Yagova - Festival Monar't Girona - Photo \u00a9Altinnov\"},{\"@type\":\"BreadcrumbList\",\"@id\":\"https:\/\/altinnov.blog\/index.php\/fr\/2024\/01\/24\/streetart-gerone\/#breadcrumb\",\"itemListElement\":[{\"@type\":\"ListItem\",\"position\":1,\"name\":\"Accueil\",\"item\":\"https:\/\/altinnov.blog\/\"},{\"@type\":\"ListItem\",\"position\":2,\"name\":\"Le Street Art \u00e0 G\u00e9rone fait sens : participatif et solidaire, il met en avant la diversit\u00e9 avec d\u00e9licatesse !\"}]},{\"@type\":\"WebSite\",\"@id\":\"https:\/\/altinnov.blog\/#website\",\"url\":\"https:\/\/altinnov.blog\/\",\"name\":\"ALTINNOV\",\"description\":\"BLOG STREET ART &amp; LIFESTYLE\",\"publisher\":{\"@id\":\"https:\/\/altinnov.blog\/#\/schema\/person\/fb38574bf72ee22878743e54d687ae5a\"},\"potentialAction\":[{\"@type\":\"SearchAction\",\"target\":{\"@type\":\"EntryPoint\",\"urlTemplate\":\"https:\/\/altinnov.blog\/?s={search_term_string}\"},\"query-input\":\"required name=search_term_string\"}],\"inLanguage\":\"fr-FR\"},{\"@type\":[\"Person\",\"Organization\"],\"@id\":\"https:\/\/altinnov.blog\/#\/schema\/person\/fb38574bf72ee22878743e54d687ae5a\",\"name\":\"S\u00e9verine\",\"image\":{\"@type\":\"ImageObject\",\"inLanguage\":\"fr-FR\",\"@id\":\"https:\/\/altinnov.blog\/#\/schema\/person\/image\/\",\"url\":\"https:\/\/i0.wp.com\/altinnov.blog\/wp-content\/uploads\/2021\/07\/SkatePark-re\u0301alise\u0301-par-JonOne-dans-lespace-transition-ephe\u0301me\u0300re-dAbbeville-scaled.jpg?fit=2560%2C1920&ssl=1\",\"contentUrl\":\"https:\/\/i0.wp.com\/altinnov.blog\/wp-content\/uploads\/2021\/07\/SkatePark-re\u0301alise\u0301-par-JonOne-dans-lespace-transition-ephe\u0301me\u0300re-dAbbeville-scaled.jpg?fit=2560%2C1920&ssl=1\",\"width\":2560,\"height\":1920,\"caption\":\"S\u00e9verine\"},\"logo\":{\"@id\":\"https:\/\/altinnov.blog\/#\/schema\/person\/image\/\"},\"sameAs\":[\"https:\/\/altinnov.blog\/\",\"https:\/\/www.facebook.com\/Altinnov\/\",\"https:\/\/www.instagram.com\/Altinnov\/\",\"https:\/\/www.linkedin.com\/in\/severinetp\/\",\"https:\/\/www.pinterest.fr\/SeverineTP\/\",\"https:\/\/x.com\/Altinnov1\"]}]}<\/script>\n<!-- \/ Yoast SEO plugin. -->","yoast_head_json":{"title":"Le Street Art \u00e0 G\u00e9rone fait sens : participatif et solidaire, il met en avant la diversit\u00e9 avec d\u00e9licatesse ! - ALTINNOV","description":"Le Street Art \u00e0 G\u00e9rone fait sens : participatif et solidaire, il met en avant la diversit\u00e9 avec d\u00e9licatesse !","robots":{"index":"index","follow":"follow","max-snippet":"max-snippet:-1","max-image-preview":"max-image-preview:large","max-video-preview":"max-video-preview:-1"},"canonical":"https:\/\/altinnov.blog\/index.php\/fr\/2024\/01\/24\/streetart-gerone\/","og_locale":"fr_FR","og_type":"article","og_title":"Le Street Art \u00e0 G\u00e9rone fait sens : participatif et solidaire, il met en avant la diversit\u00e9 avec d\u00e9licatesse !","og_description":"Le Street Art \u00e0 G\u00e9rone fait sens: participatif & solidaire, il met en avant la diversit\u00e9 avec d\u00e9licatesse ! #streetartgerone #art #streetart #axelvoid #okuda #streetartspain #girona #milestoneproject #festivalmonart","og_url":"https:\/\/altinnov.blog\/index.php\/fr\/2024\/01\/24\/streetart-gerone\/","og_site_name":"ALTINNOV","article_publisher":"https:\/\/www.facebook.com\/Altinnov\/","article_author":"https:\/\/www.facebook.com\/Altinnov\/","article_published_time":"2024-01-24T13:46:51+00:00","og_image":[{"width":2560,"height":1920,"url":"https:\/\/altinnov.blog\/wp-content\/uploads\/2024\/01\/Street-Art-a-Gerone-Oeuvre-de-Ilich-Romeiser-Marina-Yagova-Yvan-Yagova-scaled.jpg","type":"image\/jpeg"}],"author":"S\u00e9verine","twitter_card":"summary_large_image","twitter_title":"Le Street Art \u00e0 G\u00e9rone fait sens : participatif et solidaire, il met en avant la diversit\u00e9 avec d\u00e9licatesse !","twitter_description":"Le Street Art \u00e0 G\u00e9rone fait sens: participatif & solidaire, il met en avant la diversit\u00e9 avec d\u00e9licatesse ! #streetartgerone #art #streetart #axelvoid #okuda #streetartspain #girona #milestoneproject #festivalmonart","twitter_image":"https:\/\/i0.wp.com\/altinnov.blog\/wp-content\/uploads\/2024\/01\/Street-Art-a-Gerone-Oeuvre-de-Ilich-Romeiser-Marina-Yagova-Yvan-Yagova-scaled.jpg?fit=2560%2C1920&ssl=1","twitter_creator":"@Altinnov1","twitter_site":"@Altinnov1","twitter_misc":{"\u00c9crit par":"S\u00e9verine","Dur\u00e9e de lecture estim\u00e9e":"19 minutes"},"schema":{"@context":"https:\/\/schema.org","@graph":[{"@type":"Article","@id":"https:\/\/altinnov.blog\/index.php\/fr\/2024\/01\/24\/streetart-gerone\/#article","isPartOf":{"@id":"https:\/\/altinnov.blog\/index.php\/fr\/2024\/01\/24\/streetart-gerone\/"},"author":{"name":"S\u00e9verine","@id":"https:\/\/altinnov.blog\/#\/schema\/person\/fb38574bf72ee22878743e54d687ae5a"},"headline":"Le Street Art \u00e0 G\u00e9rone fait sens : participatif et solidaire, il met en avant la diversit\u00e9 avec d\u00e9licatesse !","datePublished":"2024-01-24T13:46:51+00:00","dateModified":"2024-01-24T13:46:51+00:00","mainEntityOfPage":{"@id":"https:\/\/altinnov.blog\/index.php\/fr\/2024\/01\/24\/streetart-gerone\/"},"wordCount":3009,"commentCount":2,"publisher":{"@id":"https:\/\/altinnov.blog\/#\/schema\/person\/fb38574bf72ee22878743e54d687ae5a"},"image":{"@id":"https:\/\/altinnov.blog\/index.php\/fr\/2024\/01\/24\/streetart-gerone\/#primaryimage"},"thumbnailUrl":"https:\/\/i0.wp.com\/altinnov.blog\/wp-content\/uploads\/2024\/01\/Street-Art-a-Gerone-Oeuvre-de-Ilich-Romeiser-Marina-Yagova-Yvan-Yagova-scaled.jpg?fit=2560%2C1920&ssl=1","keywords":["Agostino Iacurci","ala degato","Axel Void","Blazy","Boris Hoppek","Btoy","Cyop &amp; Kaf","Debra Espinosa","Erica il Cane","Erna Toepfer","Felipe Pincel","Greendel15","Ilich Romeiser","it's mancho","Jodorowsky","Kin mx","Kram","Malpegados","Marina Yagoda","Mohamed l'Gacham","Oriol Arumi","R3spublica","Reskate","San Miguel Okuda"],"articleSection":["Balades Street Art"],"inLanguage":"fr-FR","potentialAction":[{"@type":"CommentAction","name":"Comment","target":["https:\/\/altinnov.blog\/index.php\/fr\/2024\/01\/24\/streetart-gerone\/#respond"]}]},{"@type":"WebPage","@id":"https:\/\/altinnov.blog\/index.php\/fr\/2024\/01\/24\/streetart-gerone\/","url":"https:\/\/altinnov.blog\/index.php\/fr\/2024\/01\/24\/streetart-gerone\/","name":"Le Street Art \u00e0 G\u00e9rone fait sens : participatif et solidaire, il met en avant la diversit\u00e9 avec d\u00e9licatesse ! - ALTINNOV","isPartOf":{"@id":"https:\/\/altinnov.blog\/#website"},"primaryImageOfPage":{"@id":"https:\/\/altinnov.blog\/index.php\/fr\/2024\/01\/24\/streetart-gerone\/#primaryimage"},"image":{"@id":"https:\/\/altinnov.blog\/index.php\/fr\/2024\/01\/24\/streetart-gerone\/#primaryimage"},"thumbnailUrl":"https:\/\/i0.wp.com\/altinnov.blog\/wp-content\/uploads\/2024\/01\/Street-Art-a-Gerone-Oeuvre-de-Ilich-Romeiser-Marina-Yagova-Yvan-Yagova-scaled.jpg?fit=2560%2C1920&ssl=1","datePublished":"2024-01-24T13:46:51+00:00","dateModified":"2024-01-24T13:46:51+00:00","description":"Le Street Art \u00e0 G\u00e9rone fait sens : participatif et solidaire, il met en avant la diversit\u00e9 avec d\u00e9licatesse !","breadcrumb":{"@id":"https:\/\/altinnov.blog\/index.php\/fr\/2024\/01\/24\/streetart-gerone\/#breadcrumb"},"inLanguage":"fr-FR","potentialAction":[{"@type":"ReadAction","target":["https:\/\/altinnov.blog\/index.php\/fr\/2024\/01\/24\/streetart-gerone\/"]}]},{"@type":"ImageObject","inLanguage":"fr-FR","@id":"https:\/\/altinnov.blog\/index.php\/fr\/2024\/01\/24\/streetart-gerone\/#primaryimage","url":"https:\/\/i0.wp.com\/altinnov.blog\/wp-content\/uploads\/2024\/01\/Street-Art-a-Gerone-Oeuvre-de-Ilich-Romeiser-Marina-Yagova-Yvan-Yagova-scaled.jpg?fit=2560%2C1920&ssl=1","contentUrl":"https:\/\/i0.wp.com\/altinnov.blog\/wp-content\/uploads\/2024\/01\/Street-Art-a-Gerone-Oeuvre-de-Ilich-Romeiser-Marina-Yagova-Yvan-Yagova-scaled.jpg?fit=2560%2C1920&ssl=1","width":2560,"height":1920,"caption":"Ilich Romeiser, Matina & Ivan Yagova - Festival Monar't Girona - Photo \u00a9Altinnov"},{"@type":"BreadcrumbList","@id":"https:\/\/altinnov.blog\/index.php\/fr\/2024\/01\/24\/streetart-gerone\/#breadcrumb","itemListElement":[{"@type":"ListItem","position":1,"name":"Accueil","item":"https:\/\/altinnov.blog\/"},{"@type":"ListItem","position":2,"name":"Le Street Art \u00e0 G\u00e9rone fait sens : participatif et solidaire, il met en avant la diversit\u00e9 avec d\u00e9licatesse !"}]},{"@type":"WebSite","@id":"https:\/\/altinnov.blog\/#website","url":"https:\/\/altinnov.blog\/","name":"ALTINNOV","description":"BLOG STREET ART &amp; LIFESTYLE","publisher":{"@id":"https:\/\/altinnov.blog\/#\/schema\/person\/fb38574bf72ee22878743e54d687ae5a"},"potentialAction":[{"@type":"SearchAction","target":{"@type":"EntryPoint","urlTemplate":"https:\/\/altinnov.blog\/?s={search_term_string}"},"query-input":"required name=search_term_string"}],"inLanguage":"fr-FR"},{"@type":["Person","Organization"],"@id":"https:\/\/altinnov.blog\/#\/schema\/person\/fb38574bf72ee22878743e54d687ae5a","name":"S\u00e9verine","image":{"@type":"ImageObject","inLanguage":"fr-FR","@id":"https:\/\/altinnov.blog\/#\/schema\/person\/image\/","url":"https:\/\/i0.wp.com\/altinnov.blog\/wp-content\/uploads\/2021\/07\/SkatePark-re\u0301alise\u0301-par-JonOne-dans-lespace-transition-ephe\u0301me\u0300re-dAbbeville-scaled.jpg?fit=2560%2C1920&ssl=1","contentUrl":"https:\/\/i0.wp.com\/altinnov.blog\/wp-content\/uploads\/2021\/07\/SkatePark-re\u0301alise\u0301-par-JonOne-dans-lespace-transition-ephe\u0301me\u0300re-dAbbeville-scaled.jpg?fit=2560%2C1920&ssl=1","width":2560,"height":1920,"caption":"S\u00e9verine"},"logo":{"@id":"https:\/\/altinnov.blog\/#\/schema\/person\/image\/"},"sameAs":["https:\/\/altinnov.blog\/","https:\/\/www.facebook.com\/Altinnov\/","https:\/\/www.instagram.com\/Altinnov\/","https:\/\/www.linkedin.com\/in\/severinetp\/","https:\/\/www.pinterest.fr\/SeverineTP\/","https:\/\/x.com\/Altinnov1"]}]}},"jetpack_sharing_enabled":true,"jetpack_featured_media_url":"https:\/\/i0.wp.com\/altinnov.blog\/wp-content\/uploads\/2024\/01\/Street-Art-a-Gerone-Oeuvre-de-Ilich-Romeiser-Marina-Yagova-Yvan-Yagova-scaled.jpg?fit=2560%2C1920&ssl=1","jetpack_shortlink":"https:\/\/wp.me\/pakAzb-1Fb","jetpack_likes_enabled":false,"jetpack-related-posts":[],"_links":{"self":[{"href":"https:\/\/altinnov.blog\/index.php\/wp-json\/wp\/v2\/posts\/6397"}],"collection":[{"href":"https:\/\/altinnov.blog\/index.php\/wp-json\/wp\/v2\/posts"}],"about":[{"href":"https:\/\/altinnov.blog\/index.php\/wp-json\/wp\/v2\/types\/post"}],"author":[{"embeddable":true,"href":"https:\/\/altinnov.blog\/index.php\/wp-json\/wp\/v2\/users\/1"}],"replies":[{"embeddable":true,"href":"https:\/\/altinnov.blog\/index.php\/wp-json\/wp\/v2\/comments?post=6397"}],"version-history":[{"count":23,"href":"https:\/\/altinnov.blog\/index.php\/wp-json\/wp\/v2\/posts\/6397\/revisions"}],"predecessor-version":[{"id":6449,"href":"https:\/\/altinnov.blog\/index.php\/wp-json\/wp\/v2\/posts\/6397\/revisions\/6449"}],"wp:featuredmedia":[{"embeddable":true,"href":"https:\/\/altinnov.blog\/index.php\/wp-json\/wp\/v2\/media\/6398"}],"wp:attachment":[{"href":"https:\/\/altinnov.blog\/index.php\/wp-json\/wp\/v2\/media?parent=6397"}],"wp:term":[{"taxonomy":"category","embeddable":true,"href":"https:\/\/altinnov.blog\/index.php\/wp-json\/wp\/v2\/categories?post=6397"},{"taxonomy":"post_tag","embeddable":true,"href":"https:\/\/altinnov.blog\/index.php\/wp-json\/wp\/v2\/tags?post=6397"}],"curies":[{"name":"wp","href":"https:\/\/api.w.org\/{rel}","templated":true}]}}