{"id":5358,"date":"2022-08-16T19:37:42","date_gmt":"2022-08-16T17:37:42","guid":{"rendered":"https:\/\/altinnov.blog\/?p=5358"},"modified":"2022-08-16T20:04:22","modified_gmt":"2022-08-16T18:04:22","slug":"festival-a-part-alpilles-street-art","status":"publish","type":"post","link":"https:\/\/altinnov.blog\/index.php\/fr\/2022\/08\/16\/festival-a-part-alpilles-street-art\/","title":{"rendered":"Festival-\u00e0-part dans les Alpilles : Quand Street Art &#038; Art Contemporain ne font qu\u2019un !"},"content":{"rendered":"<p>Le Street Art, ou Art Urbain pour les puristes, a toujours fait partie int\u00e9grante de l\u2019Art Contemporain. Seule une petite cat\u00e9gorie de personnes, qui pratique l\u2019entre soit, essaye de cloisonner les arts au travers des si\u00e8cles. Des personnes qui souvent prot\u00e8gent un monde contemporain poussi\u00e9reux effray\u00e9 par l\u2019\u00e9lan apport\u00e9 dans le monde de l\u2019art par les artistes urbains. Aussi quand je suis tomb\u00e9e en me promenant dans les bucoliques Alpilles Fran\u00e7aises sur une \u0153uvre du collectif Berlinois underground, <strong><a href=\"https:\/\/www.instagram.com\/xidesign\/\" target=\"_blank\" rel=\"noopener\">Die Dixons<\/a><\/strong>, mon sang n\u2019a fait qu\u2019un tour. Et quand je me suis aper\u00e7ue qu\u2019un peu plus loin sur ce silo \u00e0 grain toujours en activit\u00e9 il y avait aussi une \u0153uvre d\u2019<strong>Aur\u00e8le Ricard alias <a href=\"https:\/\/www.instagram.com\/aurelelostdog\/\" target=\"_blank\" rel=\"noopener\">Aurele Lost Dog<\/a><\/strong>, artiste contemporain Fran\u00e7ais ; je suis rest\u00e9e bouche b\u00e9e en me demandant comment, \u00f4 grand comment ces deux mondes avaient enfin pu se rejoindre dans ce petit village des Alpilles qu\u2019est Saint-\u00c9tienne-du-Gr\u00e8s ?<\/p>\n<p>&nbsp;<\/p><div id=\"altin-1632477427\" class=\"altin-contenu_2 altin-entity-placement\"><script async src=\"\/\/pagead2.googlesyndication.com\/pagead\/js\/adsbygoogle.js?client=ca-pub-4035181110757945\" crossorigin=\"anonymous\"><\/script><ins class=\"adsbygoogle\" style=\"display:block; text-align:center;\" data-ad-client=\"ca-pub-4035181110757945\" \ndata-ad-slot=\"9414912321\" \ndata-ad-layout=\"in-article\"\ndata-ad-format=\"fluid\"><\/ins>\n<script> \n(adsbygoogle = window.adsbygoogle || []).push({}); \n<\/script>\n<\/div>\n<div id=\"attachment_5361\" style=\"width: 1034px\" class=\"wp-caption aligncenter\"><img aria-describedby=\"caption-attachment-5361\" decoding=\"async\" loading=\"lazy\" class=\"size-large wp-image-5361\" src=\"https:\/\/i0.wp.com\/altinnov.blog\/wp-content\/uploads\/2022\/08\/Festival-a\u0300-part-oeuvres-Street-Art-de-Die-Dixons-et-KEF.jpg?resize=1024%2C707&#038;ssl=1\" alt=\"Festival-a\u0300-part-oeuvres Street Art de Die Dixons et KEF\" width=\"1024\" height=\"707\" srcset=\"https:\/\/i0.wp.com\/altinnov.blog\/wp-content\/uploads\/2022\/08\/Festival-a\u0300-part-oeuvres-Street-Art-de-Die-Dixons-et-KEF-scaled.jpg?resize=1024%2C707&amp;ssl=1 1024w, https:\/\/i0.wp.com\/altinnov.blog\/wp-content\/uploads\/2022\/08\/Festival-a\u0300-part-oeuvres-Street-Art-de-Die-Dixons-et-KEF-scaled.jpg?resize=300%2C207&amp;ssl=1 300w, https:\/\/i0.wp.com\/altinnov.blog\/wp-content\/uploads\/2022\/08\/Festival-a\u0300-part-oeuvres-Street-Art-de-Die-Dixons-et-KEF-scaled.jpg?resize=768%2C531&amp;ssl=1 768w, https:\/\/i0.wp.com\/altinnov.blog\/wp-content\/uploads\/2022\/08\/Festival-a\u0300-part-oeuvres-Street-Art-de-Die-Dixons-et-KEF-scaled.jpg?resize=1536%2C1061&amp;ssl=1 1536w, https:\/\/i0.wp.com\/altinnov.blog\/wp-content\/uploads\/2022\/08\/Festival-a\u0300-part-oeuvres-Street-Art-de-Die-Dixons-et-KEF-scaled.jpg?resize=2048%2C1415&amp;ssl=1 2048w, https:\/\/i0.wp.com\/altinnov.blog\/wp-content\/uploads\/2022\/08\/Festival-a\u0300-part-oeuvres-Street-Art-de-Die-Dixons-et-KEF-scaled.jpg?w=2280&amp;ssl=1 2280w\" sizes=\"(max-width: 1024px) 100vw, 1024px\" data-recalc-dims=\"1\" \/><p id=\"caption-attachment-5361\" class=\"wp-caption-text\">Oeuvres de Die Dixons &amp; KEF au silo Alpilles C\u00e9r\u00e9ales &#8211; Photo \u00a9Altinnov<\/p><\/div>\n<p>&nbsp;<\/p>\n<p>Apr\u00e8s une excitation non dissimul\u00e9e par cette d\u00e9couverte\u00a0; je me suis mise en qu\u00eate du responsable de cette magnifique id\u00e9e que de mixer artistes contemporains et urbains en un lieu tr\u00e8s urbex au milieu d\u2019une nature enchant\u00e9e\u00a0! J\u2019ai facilement trouv\u00e9 et me suis dit qu\u2019une p\u00e9pite comme celle-ci ne pouvait rester dans l\u2019ombre, et que vous tous, amateurs et passionn\u00e9s d\u2019art urbain auriez certainement envie de la d\u00e9couvrir\u00a0\ud83d\ude09<\/p>\n<p>&nbsp;<\/p>\n<div id=\"attachment_5362\" style=\"width: 1034px\" class=\"wp-caption aligncenter\"><img aria-describedby=\"caption-attachment-5362\" decoding=\"async\" loading=\"lazy\" class=\"size-large wp-image-5362\" src=\"https:\/\/i0.wp.com\/altinnov.blog\/wp-content\/uploads\/2022\/08\/Aurele-Lost-Dog-Aurele-Ricard-art-contemporain-Alpilles-photo-\u00a9Altinnov.jpg?resize=1024%2C775&#038;ssl=1\" alt=\"Aurele Lost Dog - Aurele Ricard - art contemporain - Alpilles - photo \u00a9Altinnov\" width=\"1024\" height=\"775\" srcset=\"https:\/\/i0.wp.com\/altinnov.blog\/wp-content\/uploads\/2022\/08\/Aurele-Lost-Dog-Aurele-Ricard-art-contemporain-Alpilles-photo-\u00a9Altinnov-scaled.jpg?resize=1024%2C775&amp;ssl=1 1024w, https:\/\/i0.wp.com\/altinnov.blog\/wp-content\/uploads\/2022\/08\/Aurele-Lost-Dog-Aurele-Ricard-art-contemporain-Alpilles-photo-\u00a9Altinnov-scaled.jpg?resize=300%2C227&amp;ssl=1 300w, https:\/\/i0.wp.com\/altinnov.blog\/wp-content\/uploads\/2022\/08\/Aurele-Lost-Dog-Aurele-Ricard-art-contemporain-Alpilles-photo-\u00a9Altinnov-scaled.jpg?resize=768%2C581&amp;ssl=1 768w, https:\/\/i0.wp.com\/altinnov.blog\/wp-content\/uploads\/2022\/08\/Aurele-Lost-Dog-Aurele-Ricard-art-contemporain-Alpilles-photo-\u00a9Altinnov-scaled.jpg?resize=1536%2C1162&amp;ssl=1 1536w, https:\/\/i0.wp.com\/altinnov.blog\/wp-content\/uploads\/2022\/08\/Aurele-Lost-Dog-Aurele-Ricard-art-contemporain-Alpilles-photo-\u00a9Altinnov-scaled.jpg?resize=2048%2C1550&amp;ssl=1 2048w, https:\/\/i0.wp.com\/altinnov.blog\/wp-content\/uploads\/2022\/08\/Aurele-Lost-Dog-Aurele-Ricard-art-contemporain-Alpilles-photo-\u00a9Altinnov-scaled.jpg?resize=160%2C120&amp;ssl=1 160w, https:\/\/i0.wp.com\/altinnov.blog\/wp-content\/uploads\/2022\/08\/Aurele-Lost-Dog-Aurele-Ricard-art-contemporain-Alpilles-photo-\u00a9Altinnov-scaled.jpg?w=2280&amp;ssl=1 2280w\" sizes=\"(max-width: 1024px) 100vw, 1024px\" data-recalc-dims=\"1\" \/><p id=\"caption-attachment-5362\" class=\"wp-caption-text\">Aur\u00e8le Ricard alias Aurele Lost Dog au Silo Alpilles C\u00e9r\u00e9ales &#8211; Photo \u00a9Altinnov<\/p><\/div>\n<p>&nbsp;<\/p>\n<h3><strong>Le Festival-\u00e0-Part : un ovni contemporain qui fait du bien\u00a0!<\/strong><\/h3>\n<p>&nbsp;<\/p>\n<p>Si je vous parle de ce Festival alors que je n\u2019\u00e9cris jamais sur les festivals\/foires d\u2019art urbain c\u2019est tout simplement parce que sa ligne \u00e9ditoriale va dans la m\u00eame direction que celle du blog \ud83d\ude09 Ce <strong>Festival-\u00e0-part<\/strong>, qui porte merveilleusement bien son nom, est gratuit, oui vous avez bien lu ! Cr\u00e9\u00e9 en 2010 par <strong>Leila Voight, <\/strong>il r\u00e9unit artistes plasticiens, sculpteurs, peintres, photographes, artistes urbains, essayistes culturels,\u2026 Chaque ann\u00e9e de plus en plus de visiteurs viennent d\u00e9couvrir cet atypique festival des Alpilles. Il incarne \u00e0 merveille ce que j\u2019appelle la culture pour tous et offre un vent de libert\u00e9 n\u00e9cessaire \u00e0 toute forme de cr\u00e9ation.<\/p>\n<div id=\"attachment_5364\" style=\"width: 892px\" class=\"wp-caption aligncenter\"><img aria-describedby=\"caption-attachment-5364\" decoding=\"async\" loading=\"lazy\" class=\"size-large wp-image-5364\" src=\"https:\/\/i0.wp.com\/altinnov.blog\/wp-content\/uploads\/2022\/08\/Oeuvre-du-street-artiste-Kraken-sur-un-silo-dans-les-Alpilles.jpg?resize=882%2C1024&#038;ssl=1\" alt=\"Oeuvre du street artiste Kraken sur un silo dans les Alpilles\" width=\"882\" height=\"1024\" srcset=\"https:\/\/i0.wp.com\/altinnov.blog\/wp-content\/uploads\/2022\/08\/Oeuvre-du-street-artiste-Kraken-sur-un-silo-dans-les-Alpilles-scaled.jpg?resize=882%2C1024&amp;ssl=1 882w, https:\/\/i0.wp.com\/altinnov.blog\/wp-content\/uploads\/2022\/08\/Oeuvre-du-street-artiste-Kraken-sur-un-silo-dans-les-Alpilles-scaled.jpg?resize=259%2C300&amp;ssl=1 259w, https:\/\/i0.wp.com\/altinnov.blog\/wp-content\/uploads\/2022\/08\/Oeuvre-du-street-artiste-Kraken-sur-un-silo-dans-les-Alpilles-scaled.jpg?resize=768%2C891&amp;ssl=1 768w, https:\/\/i0.wp.com\/altinnov.blog\/wp-content\/uploads\/2022\/08\/Oeuvre-du-street-artiste-Kraken-sur-un-silo-dans-les-Alpilles-scaled.jpg?resize=1324%2C1536&amp;ssl=1 1324w, https:\/\/i0.wp.com\/altinnov.blog\/wp-content\/uploads\/2022\/08\/Oeuvre-du-street-artiste-Kraken-sur-un-silo-dans-les-Alpilles-scaled.jpg?resize=1765%2C2048&amp;ssl=1 1765w\" sizes=\"(max-width: 882px) 100vw, 882px\" data-recalc-dims=\"1\" \/><p id=\"caption-attachment-5364\" class=\"wp-caption-text\">Oeuvre de Kraken sur le Silo Alpilles C\u00e9r\u00e9ales &#8211; Photo \u00a9Altinnov<\/p><\/div>\n<p>&nbsp;<\/p>\n<p>Je ne peux vous parler de l\u2019ambiance du Festival puisque je n\u2019ai pu y assister, et m\u00eame si j\u2019ai crois\u00e9 tr\u00e8s rapidement sa cr\u00e9atrice qui m\u2019a donn\u00e9e envie de m\u2019y rendre l\u2019ann\u00e9e prochaine, j\u2019ai pour habitude de parler essentiellement des lieux que je foule de mes pieds. Je vais donc me concentrer sur le Silo de la coop\u00e9rative Alpilles C\u00e9r\u00e9ales\u00a0; un silo toujours en activit\u00e9 qui ressemble d\u00e9sormais \u00e0 un mus\u00e9e \u00e0 ciel ouvert.<\/p><div id=\"altin-2966965326\" class=\"altin-contenu altin-entity-placement\"><script async src=\"\/\/pagead2.googlesyndication.com\/pagead\/js\/adsbygoogle.js?client=ca-pub-4035181110757945\" crossorigin=\"anonymous\"><\/script><ins class=\"adsbygoogle\" style=\"display:block; text-align:center;\" data-ad-client=\"ca-pub-4035181110757945\" \ndata-ad-slot=\"9414912321\" \ndata-ad-layout=\"in-article\"\ndata-ad-format=\"fluid\"><\/ins>\n<script> \n(adsbygoogle = window.adsbygoogle || []).push({}); \n<\/script>\n<\/div>\n<p>&nbsp;<\/p>\n<h3><strong>Le Silo Alpilles C\u00e9r\u00e9ales\u00a0: une \u0153uvre d\u2019art globale\u00a0!<\/strong><\/h3>\n<p>&nbsp;<\/p>\n<p>C\u2019est par un dimanche caverneux en octobre 2021 que j\u2019ai d\u00e9couvert cet incroyable Silo\u00a0! j\u2019ai pens\u00e9 l\u2019espace d\u2019un instant qu\u2019il n\u2019\u00e9tait plus en activit\u00e9 et que des artistes urbains s\u2019en \u00e9taient empar\u00e9s. Le temps lugubre de cette journ\u00e9e rendait cette d\u00e9couverte color\u00e9e encore plus improbable\u00a0! Apr\u00e8s un petit moment d\u2019exaltation, je me suis ressaisie et ai commenc\u00e9 \u00e0 appr\u00e9hender les \u0153uvres les unes apr\u00e8s les autres. L\u2019ensemble \u00e9tait d\u00e9j\u00e0 \u00e9poustouflant, le d\u00e9tail \u00e9tait saisissant\u00a0! Comment \u00e9tait-il possible qu\u2019un Silo nich\u00e9 au c\u0153ur des Alpilles puissent r\u00e9unir les \u0153uvres d\u2019artistes contemporains fran\u00e7ais &amp; internationaux ainsi que des figures de l\u2019art urbain sans que j\u2019en ai jamais \u00e9t\u00e9 inform\u00e9e\u00a0!!!<\/p>\n<p>&nbsp;<\/p>\n<div id=\"attachment_5367\" style=\"width: 1034px\" class=\"wp-caption aligncenter\"><img aria-describedby=\"caption-attachment-5367\" decoding=\"async\" loading=\"lazy\" class=\"size-large wp-image-5367\" src=\"https:\/\/i0.wp.com\/altinnov.blog\/wp-content\/uploads\/2022\/08\/Festival-a\u0300-part-Jean-Pierre-Formica-Guillermo-S.-Quintana-Felix-Rodewaldt-.jpg?resize=1024%2C822&#038;ssl=1\" alt=\"Festival-a\u0300-part - Jean-Pierre Formica - Guillermo S. Quintana - Felix Rodewaldt\" width=\"1024\" height=\"822\" srcset=\"https:\/\/i0.wp.com\/altinnov.blog\/wp-content\/uploads\/2022\/08\/Festival-a\u0300-part-Jean-Pierre-Formica-Guillermo-S.-Quintana-Felix-Rodewaldt--scaled.jpg?resize=1024%2C822&amp;ssl=1 1024w, https:\/\/i0.wp.com\/altinnov.blog\/wp-content\/uploads\/2022\/08\/Festival-a\u0300-part-Jean-Pierre-Formica-Guillermo-S.-Quintana-Felix-Rodewaldt--scaled.jpg?resize=300%2C241&amp;ssl=1 300w, https:\/\/i0.wp.com\/altinnov.blog\/wp-content\/uploads\/2022\/08\/Festival-a\u0300-part-Jean-Pierre-Formica-Guillermo-S.-Quintana-Felix-Rodewaldt--scaled.jpg?resize=768%2C616&amp;ssl=1 768w, https:\/\/i0.wp.com\/altinnov.blog\/wp-content\/uploads\/2022\/08\/Festival-a\u0300-part-Jean-Pierre-Formica-Guillermo-S.-Quintana-Felix-Rodewaldt--scaled.jpg?resize=1536%2C1232&amp;ssl=1 1536w, https:\/\/i0.wp.com\/altinnov.blog\/wp-content\/uploads\/2022\/08\/Festival-a\u0300-part-Jean-Pierre-Formica-Guillermo-S.-Quintana-Felix-Rodewaldt--scaled.jpg?resize=2048%2C1643&amp;ssl=1 2048w, https:\/\/i0.wp.com\/altinnov.blog\/wp-content\/uploads\/2022\/08\/Festival-a\u0300-part-Jean-Pierre-Formica-Guillermo-S.-Quintana-Felix-Rodewaldt--scaled.jpg?w=2280&amp;ssl=1 2280w\" sizes=\"(max-width: 1024px) 100vw, 1024px\" data-recalc-dims=\"1\" \/><p id=\"caption-attachment-5367\" class=\"wp-caption-text\">Oeuvre de Jean-Pierre Formica, Guillermo S. Quintana, Felix Rodewaldt &#8211; Photo \u00a9Altinnov<\/p><\/div>\n<p>&nbsp;<\/p>\n<p>Je ne sais pas si vous avez d\u00e9j\u00e0 ressenti cette sensation quand on d\u00e9couvre un tr\u00e9sor\u2026 mais c\u2019est exactement le sentiment que j\u2019avais \u00e0 cet instant pr\u00e9cis. Une \u0153uvre de <strong>Die Dixons <\/strong>en France est d\u00e9j\u00e0 rarissime, mais alors l\u00e0 dans les Alpilles \u00e7a m\u2019est apparu comme compl\u00e8tement anachronique\u00a0! Et retrouver <strong><a href=\"https:\/\/www.instagram.com\/theflowerguy\/\">Michael De Feo Alias The Flower Guy<\/a> <\/strong>dont j\u2019ai vu les fleurs \u00e0 <a href=\"https:\/\/altinnov.blog\/index.php\/fr\/2021\/01\/21\/the-lisa-project-nyc\/\"><strong>New-York<\/strong><\/a> ou encore \u00e0 <a href=\"https:\/\/altinnov.blog\/index.php\/fr\/2020\/06\/29\/street-art-vitry-sur-seine\/\"><strong>Vitry<\/strong><\/a>, on en parle\u00a0?;-)<\/p>\n<p>&nbsp;<\/p>\n<div id=\"attachment_5369\" style=\"width: 1034px\" class=\"wp-caption aligncenter\"><img aria-describedby=\"caption-attachment-5369\" decoding=\"async\" loading=\"lazy\" class=\"size-large wp-image-5369\" src=\"https:\/\/i0.wp.com\/altinnov.blog\/wp-content\/uploads\/2022\/08\/Micheael-De-Feo-alias-The-Flower-Guy-Street-art-art-urbain-saint-etienne-du-gre\u0300s.jpg?resize=1024%2C693&#038;ssl=1\" alt=\"Michael De Feo alias The Flower Guy - Street art - art urbain - saint-etienne du gre\u0300s\" width=\"1024\" height=\"693\" srcset=\"https:\/\/i0.wp.com\/altinnov.blog\/wp-content\/uploads\/2022\/08\/Micheael-De-Feo-alias-The-Flower-Guy-Street-art-art-urbain-saint-etienne-du-gre\u0300s-scaled.jpg?resize=1024%2C693&amp;ssl=1 1024w, https:\/\/i0.wp.com\/altinnov.blog\/wp-content\/uploads\/2022\/08\/Micheael-De-Feo-alias-The-Flower-Guy-Street-art-art-urbain-saint-etienne-du-gre\u0300s-scaled.jpg?resize=300%2C203&amp;ssl=1 300w, https:\/\/i0.wp.com\/altinnov.blog\/wp-content\/uploads\/2022\/08\/Micheael-De-Feo-alias-The-Flower-Guy-Street-art-art-urbain-saint-etienne-du-gre\u0300s-scaled.jpg?resize=768%2C520&amp;ssl=1 768w, https:\/\/i0.wp.com\/altinnov.blog\/wp-content\/uploads\/2022\/08\/Micheael-De-Feo-alias-The-Flower-Guy-Street-art-art-urbain-saint-etienne-du-gre\u0300s-scaled.jpg?resize=1536%2C1039&amp;ssl=1 1536w, https:\/\/i0.wp.com\/altinnov.blog\/wp-content\/uploads\/2022\/08\/Micheael-De-Feo-alias-The-Flower-Guy-Street-art-art-urbain-saint-etienne-du-gre\u0300s-scaled.jpg?resize=2048%2C1386&amp;ssl=1 2048w, https:\/\/i0.wp.com\/altinnov.blog\/wp-content\/uploads\/2022\/08\/Micheael-De-Feo-alias-The-Flower-Guy-Street-art-art-urbain-saint-etienne-du-gre\u0300s-scaled.jpg?w=2280&amp;ssl=1 2280w\" sizes=\"(max-width: 1024px) 100vw, 1024px\" data-recalc-dims=\"1\" \/><p id=\"caption-attachment-5369\" class=\"wp-caption-text\">Michael De Feo alias The Flower Guy &#8211; Photo \u00a9Altinnov<\/p><\/div>\n<p>&nbsp;<\/p>\n<p>Une fois la d\u00e9couverte dig\u00e9r\u00e9e, je me suis promis de revenir cet \u00e9t\u00e9 pour r\u00e9aliser des photos dans de bonnes conditions afin de sublimer ces \u0153uvres comme elles le m\u00e9ritent. Et je dois vous dire que je ne regrette en rien d\u2019avoir brav\u00e9 la canicule pour admirer les g\u00e9om\u00e9tries variables <strong><a href=\"https:\/\/www.instagram.com\/guillermo_s_quintana\/\" target=\"_blank\" rel=\"noopener\">Guillermo S.Quintana<\/a> <\/strong>et <a href=\"https:\/\/www.instagram.com\/felixrodewaldt\/\" target=\"_blank\" rel=\"noopener\"><strong>Felix Rodewaldt<\/strong>\u00a0<\/a>; elles illuminent magistralement ce b\u00e2timent industriel. Quant au poulpe g\u00e9ant de <a href=\"https:\/\/www.instagram.com\/jeanpierre__formica\/\" target=\"_blank\" rel=\"noopener\"><strong>Jean-Pierre Formica<\/strong><\/a>, il nous projette dans un univers \u00e0 la 20.000 lieues sous les mers qui r\u00e9pond au magnifique scaphandre de <a href=\"https:\/\/www.instagram.com\/ciyo.art\/\" target=\"_blank\" rel=\"noopener\"><strong>Ciyo<\/strong><\/a> et rejoint celui tout en finesse et po\u00e9sie d\u2019<a href=\"https:\/\/www.instagram.com\/mandioh\/\" target=\"_blank\" rel=\"noopener\"><strong>Amanda Arrou-tea<\/strong><\/a>.<\/p>\n<p>&nbsp;<\/p>\n<div id=\"attachment_5371\" style=\"width: 1034px\" class=\"wp-caption aligncenter\"><img aria-describedby=\"caption-attachment-5371\" decoding=\"async\" loading=\"lazy\" class=\"size-large wp-image-5371\" src=\"https:\/\/i0.wp.com\/altinnov.blog\/wp-content\/uploads\/2022\/08\/Jean-Pierre-Formica-artiste-contemporain-.jpg?resize=1024%2C768&#038;ssl=1\" alt=\"Jean-Pierre Formica - artiste contemporain\" width=\"1024\" height=\"768\" srcset=\"https:\/\/i0.wp.com\/altinnov.blog\/wp-content\/uploads\/2022\/08\/Jean-Pierre-Formica-artiste-contemporain--scaled.jpg?resize=1024%2C768&amp;ssl=1 1024w, https:\/\/i0.wp.com\/altinnov.blog\/wp-content\/uploads\/2022\/08\/Jean-Pierre-Formica-artiste-contemporain--scaled.jpg?resize=300%2C225&amp;ssl=1 300w, https:\/\/i0.wp.com\/altinnov.blog\/wp-content\/uploads\/2022\/08\/Jean-Pierre-Formica-artiste-contemporain--scaled.jpg?resize=768%2C576&amp;ssl=1 768w, https:\/\/i0.wp.com\/altinnov.blog\/wp-content\/uploads\/2022\/08\/Jean-Pierre-Formica-artiste-contemporain--scaled.jpg?resize=1536%2C1152&amp;ssl=1 1536w, https:\/\/i0.wp.com\/altinnov.blog\/wp-content\/uploads\/2022\/08\/Jean-Pierre-Formica-artiste-contemporain--scaled.jpg?resize=2048%2C1536&amp;ssl=1 2048w, https:\/\/i0.wp.com\/altinnov.blog\/wp-content\/uploads\/2022\/08\/Jean-Pierre-Formica-artiste-contemporain--scaled.jpg?resize=160%2C120&amp;ssl=1 160w, https:\/\/i0.wp.com\/altinnov.blog\/wp-content\/uploads\/2022\/08\/Jean-Pierre-Formica-artiste-contemporain--scaled.jpg?w=2280&amp;ssl=1 2280w\" sizes=\"(max-width: 1024px) 100vw, 1024px\" data-recalc-dims=\"1\" \/><p id=\"caption-attachment-5371\" class=\"wp-caption-text\">oeuvre de jean-Pierre Formica &#8211; Photo \u00a9Altinnov<\/p><\/div>\n<p>&nbsp;<\/p>\n<div id=\"attachment_5372\" style=\"width: 1034px\" class=\"wp-caption aligncenter\"><img aria-describedby=\"caption-attachment-5372\" decoding=\"async\" loading=\"lazy\" class=\"size-large wp-image-5372\" src=\"https:\/\/i0.wp.com\/altinnov.blog\/wp-content\/uploads\/2022\/08\/festival-a\u0300-part-oeuvre-Street-Art-de-Ciyo-repre\u0301sentant-un-scaphandre-ancien.jpg?resize=1024%2C783&#038;ssl=1\" alt=\"festival-a\u0300-part- oeuvre Street Art de Ciyo repre\u0301sentant un scaphandre ancien\" width=\"1024\" height=\"783\" srcset=\"https:\/\/i0.wp.com\/altinnov.blog\/wp-content\/uploads\/2022\/08\/festival-a\u0300-part-oeuvre-Street-Art-de-Ciyo-repre\u0301sentant-un-scaphandre-ancien-scaled.jpg?resize=1024%2C783&amp;ssl=1 1024w, https:\/\/i0.wp.com\/altinnov.blog\/wp-content\/uploads\/2022\/08\/festival-a\u0300-part-oeuvre-Street-Art-de-Ciyo-repre\u0301sentant-un-scaphandre-ancien-scaled.jpg?resize=300%2C229&amp;ssl=1 300w, https:\/\/i0.wp.com\/altinnov.blog\/wp-content\/uploads\/2022\/08\/festival-a\u0300-part-oeuvre-Street-Art-de-Ciyo-repre\u0301sentant-un-scaphandre-ancien-scaled.jpg?resize=768%2C587&amp;ssl=1 768w, https:\/\/i0.wp.com\/altinnov.blog\/wp-content\/uploads\/2022\/08\/festival-a\u0300-part-oeuvre-Street-Art-de-Ciyo-repre\u0301sentant-un-scaphandre-ancien-scaled.jpg?resize=1536%2C1174&amp;ssl=1 1536w, https:\/\/i0.wp.com\/altinnov.blog\/wp-content\/uploads\/2022\/08\/festival-a\u0300-part-oeuvre-Street-Art-de-Ciyo-repre\u0301sentant-un-scaphandre-ancien-scaled.jpg?resize=2048%2C1566&amp;ssl=1 2048w, https:\/\/i0.wp.com\/altinnov.blog\/wp-content\/uploads\/2022\/08\/festival-a\u0300-part-oeuvre-Street-Art-de-Ciyo-repre\u0301sentant-un-scaphandre-ancien-scaled.jpg?w=2280&amp;ssl=1 2280w\" sizes=\"(max-width: 1024px) 100vw, 1024px\" data-recalc-dims=\"1\" \/><p id=\"caption-attachment-5372\" class=\"wp-caption-text\">Oeuvre de Ciyo &#8211; Photo \u00a9Altinnov<\/p><\/div>\n<p>&nbsp;<\/p>\n<div id=\"attachment_5365\" style=\"width: 1034px\" class=\"wp-caption aligncenter\"><img aria-describedby=\"caption-attachment-5365\" decoding=\"async\" loading=\"lazy\" class=\"size-large wp-image-5365\" src=\"https:\/\/i0.wp.com\/altinnov.blog\/wp-content\/uploads\/2022\/08\/oeuvre-Street-Art-dAmanda-Arrou-tea-pour-le-Festival-a\u0300-part-dans-les-Alpilles.jpg?resize=1024%2C1024&#038;ssl=1\" alt=\"oeuvre Street Art d'Amanda Arrou-tea pour le Festival-a\u0300-part dans les Alpilles\" width=\"1024\" height=\"1024\" srcset=\"https:\/\/i0.wp.com\/altinnov.blog\/wp-content\/uploads\/2022\/08\/oeuvre-Street-Art-dAmanda-Arrou-tea-pour-le-Festival-a\u0300-part-dans-les-Alpilles.jpg?resize=1024%2C1024&amp;ssl=1 1024w, https:\/\/i0.wp.com\/altinnov.blog\/wp-content\/uploads\/2022\/08\/oeuvre-Street-Art-dAmanda-Arrou-tea-pour-le-Festival-a\u0300-part-dans-les-Alpilles.jpg?resize=300%2C300&amp;ssl=1 300w, https:\/\/i0.wp.com\/altinnov.blog\/wp-content\/uploads\/2022\/08\/oeuvre-Street-Art-dAmanda-Arrou-tea-pour-le-Festival-a\u0300-part-dans-les-Alpilles.jpg?resize=150%2C150&amp;ssl=1 150w, https:\/\/i0.wp.com\/altinnov.blog\/wp-content\/uploads\/2022\/08\/oeuvre-Street-Art-dAmanda-Arrou-tea-pour-le-Festival-a\u0300-part-dans-les-Alpilles.jpg?resize=768%2C768&amp;ssl=1 768w, https:\/\/i0.wp.com\/altinnov.blog\/wp-content\/uploads\/2022\/08\/oeuvre-Street-Art-dAmanda-Arrou-tea-pour-le-Festival-a\u0300-part-dans-les-Alpilles.jpg?resize=1536%2C1536&amp;ssl=1 1536w, https:\/\/i0.wp.com\/altinnov.blog\/wp-content\/uploads\/2022\/08\/oeuvre-Street-Art-dAmanda-Arrou-tea-pour-le-Festival-a\u0300-part-dans-les-Alpilles.jpg?resize=2048%2C2048&amp;ssl=1 2048w, https:\/\/i0.wp.com\/altinnov.blog\/wp-content\/uploads\/2022\/08\/oeuvre-Street-Art-dAmanda-Arrou-tea-pour-le-Festival-a\u0300-part-dans-les-Alpilles.jpg?w=2280&amp;ssl=1 2280w\" sizes=\"(max-width: 1024px) 100vw, 1024px\" data-recalc-dims=\"1\" \/><p id=\"caption-attachment-5365\" class=\"wp-caption-text\">Oeuvre d&rsquo;Amanda Arrou-tea sur le Silo Alpilles C\u00e9r\u00e9ales &#8211; Photo \u00a9Altinnov<\/p><\/div>\n<p>&nbsp;<\/p>\n<p>Sur ce silo dialoguent en toute fluidit\u00e9 <strong><a href=\"https:\/\/www.instagram.com\/jacquesvillegle_officiel\/\" target=\"_blank\" rel=\"noopener\">Jacques Villegl\u00e9<\/a><\/strong> pionner de l\u2019art urbain et son alphabet socio-culturel avec de jeunes artistes contemporains comme <strong><a href=\"https:\/\/www.instagram.com\/claire.chapchap\/\" target=\"_blank\" rel=\"noopener\">Simon &amp; Claire Chapuis<\/a><\/strong>. Des artistes contemporains reconnus internationalement se sont essay\u00e9s au muralisme aux c\u00f4t\u00e9s d\u2019artistes urbains \u00e9mergeants. Le tout cr\u00e9e une agr\u00e9able et g\u00e9n\u00e9reuse alchimie. Le Festival-\u00e0-part a r\u00e9ussit son pari de faire du silo Alpilles C\u00e9r\u00e9ales un silo \u00e0 part pour le bonheur de nos yeux.<\/p>\n<p>&nbsp;<\/p>\n<div id=\"attachment_5374\" style=\"width: 1034px\" class=\"wp-caption aligncenter\"><img aria-describedby=\"caption-attachment-5374\" decoding=\"async\" loading=\"lazy\" class=\"size-large wp-image-5374\" src=\"https:\/\/i0.wp.com\/altinnov.blog\/wp-content\/uploads\/2022\/08\/Festival-a\u0300-part-Jacques-Villegle\u0301-et-son-alphabet-socio-culturel.jpg?resize=1024%2C1024&#038;ssl=1\" alt=\"Festival-a\u0300-part Jacques Villegle\u0301 et son alphabet socio-culturel\" width=\"1024\" height=\"1024\" srcset=\"https:\/\/i0.wp.com\/altinnov.blog\/wp-content\/uploads\/2022\/08\/Festival-a\u0300-part-Jacques-Villegle\u0301-et-son-alphabet-socio-culturel-scaled.jpg?resize=1024%2C1024&amp;ssl=1 1024w, https:\/\/i0.wp.com\/altinnov.blog\/wp-content\/uploads\/2022\/08\/Festival-a\u0300-part-Jacques-Villegle\u0301-et-son-alphabet-socio-culturel-scaled.jpg?resize=300%2C300&amp;ssl=1 300w, https:\/\/i0.wp.com\/altinnov.blog\/wp-content\/uploads\/2022\/08\/Festival-a\u0300-part-Jacques-Villegle\u0301-et-son-alphabet-socio-culturel-scaled.jpg?resize=150%2C150&amp;ssl=1 150w, https:\/\/i0.wp.com\/altinnov.blog\/wp-content\/uploads\/2022\/08\/Festival-a\u0300-part-Jacques-Villegle\u0301-et-son-alphabet-socio-culturel-scaled.jpg?resize=768%2C768&amp;ssl=1 768w, https:\/\/i0.wp.com\/altinnov.blog\/wp-content\/uploads\/2022\/08\/Festival-a\u0300-part-Jacques-Villegle\u0301-et-son-alphabet-socio-culturel-scaled.jpg?resize=1536%2C1536&amp;ssl=1 1536w, https:\/\/i0.wp.com\/altinnov.blog\/wp-content\/uploads\/2022\/08\/Festival-a\u0300-part-Jacques-Villegle\u0301-et-son-alphabet-socio-culturel-scaled.jpg?resize=2048%2C2048&amp;ssl=1 2048w, https:\/\/i0.wp.com\/altinnov.blog\/wp-content\/uploads\/2022\/08\/Festival-a\u0300-part-Jacques-Villegle\u0301-et-son-alphabet-socio-culturel-scaled.jpg?w=2280&amp;ssl=1 2280w\" sizes=\"(max-width: 1024px) 100vw, 1024px\" data-recalc-dims=\"1\" \/><p id=\"caption-attachment-5374\" class=\"wp-caption-text\">Jacques Villegle\u0301 et son alphabet socio-culturel &#8211; Photo \u00a9Altinnov<\/p><\/div>\n<p>&nbsp;<\/p>\n<div id=\"attachment_5375\" style=\"width: 1034px\" class=\"wp-caption aligncenter\"><img aria-describedby=\"caption-attachment-5375\" decoding=\"async\" loading=\"lazy\" class=\"size-large wp-image-5375\" src=\"https:\/\/i0.wp.com\/altinnov.blog\/wp-content\/uploads\/2022\/08\/Festival-a\u0300-part-oeuvre-de-Claire-Simon-Chapuis-au-Silo-Alpilles-Ce\u0301re\u0301ales.jpg?resize=1024%2C1024&#038;ssl=1\" alt=\"Festival-a\u0300-part oeuvre de Claire &amp; Simon Chapuis au Silo Alpilles Ce\u0301re\u0301ales\" width=\"1024\" height=\"1024\" srcset=\"https:\/\/i0.wp.com\/altinnov.blog\/wp-content\/uploads\/2022\/08\/Festival-a\u0300-part-oeuvre-de-Claire-Simon-Chapuis-au-Silo-Alpilles-Ce\u0301re\u0301ales-scaled.jpg?resize=1024%2C1024&amp;ssl=1 1024w, https:\/\/i0.wp.com\/altinnov.blog\/wp-content\/uploads\/2022\/08\/Festival-a\u0300-part-oeuvre-de-Claire-Simon-Chapuis-au-Silo-Alpilles-Ce\u0301re\u0301ales-scaled.jpg?resize=300%2C300&amp;ssl=1 300w, https:\/\/i0.wp.com\/altinnov.blog\/wp-content\/uploads\/2022\/08\/Festival-a\u0300-part-oeuvre-de-Claire-Simon-Chapuis-au-Silo-Alpilles-Ce\u0301re\u0301ales-scaled.jpg?resize=150%2C150&amp;ssl=1 150w, https:\/\/i0.wp.com\/altinnov.blog\/wp-content\/uploads\/2022\/08\/Festival-a\u0300-part-oeuvre-de-Claire-Simon-Chapuis-au-Silo-Alpilles-Ce\u0301re\u0301ales-scaled.jpg?resize=768%2C768&amp;ssl=1 768w, https:\/\/i0.wp.com\/altinnov.blog\/wp-content\/uploads\/2022\/08\/Festival-a\u0300-part-oeuvre-de-Claire-Simon-Chapuis-au-Silo-Alpilles-Ce\u0301re\u0301ales-scaled.jpg?resize=1536%2C1536&amp;ssl=1 1536w, https:\/\/i0.wp.com\/altinnov.blog\/wp-content\/uploads\/2022\/08\/Festival-a\u0300-part-oeuvre-de-Claire-Simon-Chapuis-au-Silo-Alpilles-Ce\u0301re\u0301ales-scaled.jpg?resize=2048%2C2048&amp;ssl=1 2048w, https:\/\/i0.wp.com\/altinnov.blog\/wp-content\/uploads\/2022\/08\/Festival-a\u0300-part-oeuvre-de-Claire-Simon-Chapuis-au-Silo-Alpilles-Ce\u0301re\u0301ales-scaled.jpg?w=2280&amp;ssl=1 2280w\" sizes=\"(max-width: 1024px) 100vw, 1024px\" data-recalc-dims=\"1\" \/><p id=\"caption-attachment-5375\" class=\"wp-caption-text\">Oeuvre de Claire &amp; Simon Chapuis &#8211; Photo \u00a9Altinnov<\/p><\/div>\n<h3><\/h3>\n<h3><strong>Faut-il vous rendre au Festival-\u00e0-part \u00e9dition 2023\u00a0?<\/strong><\/h3>\n<p>&nbsp;<\/p>\n<p>A cette question il m\u2019est difficile de vous r\u00e9pondre puisque du Festival je n\u2019ai vu que le Silo. Mais une chose est certaine, je vais faire mon maximum afin d\u2019y assister l\u2019\u00e9t\u00e9 prochain\u00a0! Dans tous les cas si vous vous promener du c\u00f4t\u00e9 de la Provence et des Alpilles, je vous conseille vivement de vous y arr\u00eater\u00a0! Que vous vous rendiez \u00e0 N\u00eemes pour sa sc\u00e8ne Street Art foisonnante, \u00e0 Avignon pour son Festival de th\u00e9\u00e2tre ou encore \u00e0 Arles pour Les Rencontres de la photographie\u00a0; sachez que le Silo Alpilles C\u00e9r\u00e9ales n\u2019est qu\u2019\u00e0 une vingtaine de minutes de toutes ces villes\u00a0\ud83d\ude09<\/p>\n<p>&nbsp;<\/p>\n<p>Il est temps pour moi de vous laisser avec le petit live r\u00e9alis\u00e9 sur place ! Je file vers de nouvelles aventures Street Art qui devraient me mener au bord de l\u2019eau\u00a0\ud83d\ude09<\/p>\n<p>A tr\u00e8s tr\u00e8s bient\u00f4t et surtout profitez de vos vacances jusqu\u2019au bout\u00a0!<\/p>\n<p>S\u00e9verine<\/p>\n<p>&nbsp;<\/p>\n<p><iframe loading=\"lazy\" style=\"border: none; overflow: hidden;\" src=\"https:\/\/www.facebook.com\/plugins\/video.php?height=476&amp;href=https%3A%2F%2Fwww.facebook.com%2FAltinnov%2Fvideos%2F414799967344653%2F&amp;show_text=false&amp;width=267&amp;t=0\" width=\"534\" height=\"952\" frameborder=\"0\" scrolling=\"no\" allowfullscreen=\"allowfullscreen\"><span data-mce-type=\"bookmark\" style=\"display: inline-block; width: 0px; overflow: hidden; line-height: 0;\" class=\"mce_SELRES_start\">\ufeff<\/span><\/iframe><\/p>\n<div id=\"altin-2415282200\" class=\"altin-apres-le-contenu_2 altin-entity-placement\"><!-- Ezoic - bas article - native_bottom -->\r\n<div id=\"ezoic-pub-ad-placeholder-102\"> <\/div>\r\n<!-- End Ezoic - bas article - native_bottom --><\/div><div id=\"altin-675275010\" class=\"altin-apres-le-contenu altin-entity-placement\" style=\"margin-left: auto;margin-right: auto;text-align: center;\"><script async src=\"\/\/pagead2.googlesyndication.com\/pagead\/js\/adsbygoogle.js?client=ca-pub-4035181110757945\" crossorigin=\"anonymous\"><\/script><ins class=\"adsbygoogle\" style=\"display:block; text-align:center;\" data-ad-client=\"ca-pub-4035181110757945\" \ndata-ad-slot=\"9414912321\" \ndata-ad-layout=\"in-article\"\ndata-ad-format=\"fluid\"><\/ins>\n<script> \n(adsbygoogle = window.adsbygoogle || []).push({}); \n<\/script>\n<\/div>","protected":false},"excerpt":{"rendered":"<p>Le Festival-\u00e0-part a cr\u00e9\u00e9 un lieu incroyable au c\u0153ur des Alpilles en faisant dialoguer artistes urbains et artistes contemporains. A voir absolument !<\/p>\n","protected":false},"author":1,"featured_media":5359,"comment_status":"open","ping_status":"open","sticky":false,"template":"","format":"standard","meta":{"jetpack_post_was_ever_published":false,"_jetpack_newsletter_access":"","_jetpack_dont_email_post_to_subs":false,"_jetpack_newsletter_tier_id":0,"_jetpack_memberships_contains_paywalled_content":false,"footnotes":"","_jetpack_memberships_contains_paid_content":false},"categories":[29],"tags":[2914,2910,2922,2908,2920,2918,2924,2916,2912,1955],"yoast_head":"<!-- This site is optimized with the Yoast SEO plugin v22.6 - https:\/\/yoast.com\/wordpress\/plugins\/seo\/ -->\n<title>Festival-\u00e0-part dans les Alpilles : Quand Street Art &amp; Art Contemporain ne font qu\u2019un ! - ALTINNOV<\/title>\n<meta name=\"description\" content=\"Le Festival-\u00e0-part a cr\u00e9\u00e9 un lieu incroyable au c\u0153ur des Alpilles en faisant dialoguer artistes urbains et artistes contemporains !\" \/>\n<meta name=\"robots\" content=\"index, follow, max-snippet:-1, max-image-preview:large, max-video-preview:-1\" \/>\n<link rel=\"canonical\" href=\"https:\/\/altinnov.blog\/index.php\/fr\/2022\/08\/16\/festival-a-part-alpilles-street-art\/\" \/>\n<meta property=\"og:locale\" content=\"fr_FR\" \/>\n<meta property=\"og:type\" content=\"article\" \/>\n<meta property=\"og:title\" content=\"Festival-\u00e0-part dans les Alpilles : Quand Street Art &amp; Art Contemporain ne font qu\u2019un !\" \/>\n<meta property=\"og:description\" content=\"Le Festival-\u00e0-part a cr\u00e9\u00e9 un lieu incroyable au c\u0153ur des Alpilles en faisant dialoguer artistes urbains et artistes contemporains. A voir absolument !\" \/>\n<meta property=\"og:url\" content=\"https:\/\/altinnov.blog\/index.php\/fr\/2022\/08\/16\/festival-a-part-alpilles-street-art\/\" \/>\n<meta property=\"og:site_name\" content=\"ALTINNOV\" \/>\n<meta property=\"article:publisher\" content=\"https:\/\/www.facebook.com\/Altinnov\/\" \/>\n<meta property=\"article:author\" content=\"https:\/\/www.facebook.com\/Altinnov\/\" \/>\n<meta property=\"article:published_time\" content=\"2022-08-16T17:37:42+00:00\" \/>\n<meta property=\"article:modified_time\" content=\"2022-08-16T18:04:22+00:00\" \/>\n<meta property=\"og:image\" content=\"https:\/\/altinnov.blog\/wp-content\/uploads\/2022\/08\/Festival-a\u0300-part-Jean-Pierre-Formica-Guillermo-S.-Quintana-Felix-Rodewaldt--scaled.jpg\" \/>\n\t<meta property=\"og:image:width\" content=\"2560\" \/>\n\t<meta property=\"og:image:height\" content=\"2054\" \/>\n\t<meta property=\"og:image:type\" content=\"image\/jpeg\" \/>\n<meta name=\"author\" content=\"S\u00e9verine\" \/>\n<meta name=\"twitter:card\" content=\"summary_large_image\" \/>\n<meta name=\"twitter:title\" content=\"Festival-\u00e0-part dans les Alpilles : Quand Street Art &amp; Art Contemporain ne font qu\u2019un !\" \/>\n<meta name=\"twitter:description\" content=\"Festival-\u00e0-part dans les Alpilles : Quand Street Art &amp; Art Contemporain ne font qu\u2019un ! #festivalapart #aurelelostdog #diedixons #theflowerguy #kraken #streetart #arturbain #artcontemporain\" \/>\n<meta name=\"twitter:image\" content=\"https:\/\/i0.wp.com\/altinnov.blog\/wp-content\/uploads\/2022\/08\/Festival-a\u0300-part-Jean-Pierre-Formica-Guillermo-S.-Quintana-Felix-Rodewaldt--scaled.jpg?fit=2560%2C2054&ssl=1\" \/>\n<meta name=\"twitter:creator\" content=\"@Altinnov1\" \/>\n<meta name=\"twitter:site\" content=\"@Altinnov1\" \/>\n<meta name=\"twitter:label1\" content=\"\u00c9crit par\" \/>\n\t<meta name=\"twitter:data1\" content=\"S\u00e9verine\" \/>\n\t<meta name=\"twitter:label2\" content=\"Dur\u00e9e de lecture estim\u00e9e\" \/>\n\t<meta name=\"twitter:data2\" content=\"8 minutes\" \/>\n<script type=\"application\/ld+json\" class=\"yoast-schema-graph\">{\"@context\":\"https:\/\/schema.org\",\"@graph\":[{\"@type\":\"Article\",\"@id\":\"https:\/\/altinnov.blog\/index.php\/fr\/2022\/08\/16\/festival-a-part-alpilles-street-art\/#article\",\"isPartOf\":{\"@id\":\"https:\/\/altinnov.blog\/index.php\/fr\/2022\/08\/16\/festival-a-part-alpilles-street-art\/\"},\"author\":{\"name\":\"S\u00e9verine\",\"@id\":\"https:\/\/altinnov.blog\/#\/schema\/person\/fb38574bf72ee22878743e54d687ae5a\"},\"headline\":\"Festival-\u00e0-part dans les Alpilles : Quand Street Art &#038; Art Contemporain ne font qu\u2019un !\",\"datePublished\":\"2022-08-16T17:37:42+00:00\",\"dateModified\":\"2022-08-16T18:04:22+00:00\",\"mainEntityOfPage\":{\"@id\":\"https:\/\/altinnov.blog\/index.php\/fr\/2022\/08\/16\/festival-a-part-alpilles-street-art\/\"},\"wordCount\":1270,\"commentCount\":0,\"publisher\":{\"@id\":\"https:\/\/altinnov.blog\/#\/schema\/person\/fb38574bf72ee22878743e54d687ae5a\"},\"image\":{\"@id\":\"https:\/\/altinnov.blog\/index.php\/fr\/2022\/08\/16\/festival-a-part-alpilles-street-art\/#primaryimage\"},\"thumbnailUrl\":\"https:\/\/i0.wp.com\/altinnov.blog\/wp-content\/uploads\/2022\/08\/Festival-a\u0300-part-silo-Alpilles-Ce\u0301re\u0301ales-Saint-Etienne-du-gre\u0301-street-art-scaled.jpg?fit=2560%2C2048&ssl=1\",\"keywords\":[\"Amanda Arrou-tea\",\"Aurele Lost Dog\",\"Claire Chapuis\",\"Die Dixons\",\"Felix Rodewaldt\",\"Guillermo S.Quintana\",\"Jacques Villegl\u00e9\",\"Jean-Pierre Formica\",\"Kraken\",\"The Flower Guy\"],\"articleSection\":[\"Balades Street Art\"],\"inLanguage\":\"fr-FR\",\"potentialAction\":[{\"@type\":\"CommentAction\",\"name\":\"Comment\",\"target\":[\"https:\/\/altinnov.blog\/index.php\/fr\/2022\/08\/16\/festival-a-part-alpilles-street-art\/#respond\"]}]},{\"@type\":\"WebPage\",\"@id\":\"https:\/\/altinnov.blog\/index.php\/fr\/2022\/08\/16\/festival-a-part-alpilles-street-art\/\",\"url\":\"https:\/\/altinnov.blog\/index.php\/fr\/2022\/08\/16\/festival-a-part-alpilles-street-art\/\",\"name\":\"Festival-\u00e0-part dans les Alpilles : Quand Street Art & Art Contemporain ne font qu\u2019un ! - ALTINNOV\",\"isPartOf\":{\"@id\":\"https:\/\/altinnov.blog\/#website\"},\"primaryImageOfPage\":{\"@id\":\"https:\/\/altinnov.blog\/index.php\/fr\/2022\/08\/16\/festival-a-part-alpilles-street-art\/#primaryimage\"},\"image\":{\"@id\":\"https:\/\/altinnov.blog\/index.php\/fr\/2022\/08\/16\/festival-a-part-alpilles-street-art\/#primaryimage\"},\"thumbnailUrl\":\"https:\/\/i0.wp.com\/altinnov.blog\/wp-content\/uploads\/2022\/08\/Festival-a\u0300-part-silo-Alpilles-Ce\u0301re\u0301ales-Saint-Etienne-du-gre\u0301-street-art-scaled.jpg?fit=2560%2C2048&ssl=1\",\"datePublished\":\"2022-08-16T17:37:42+00:00\",\"dateModified\":\"2022-08-16T18:04:22+00:00\",\"description\":\"Le Festival-\u00e0-part a cr\u00e9\u00e9 un lieu incroyable au c\u0153ur des Alpilles en faisant dialoguer artistes urbains et artistes contemporains !\",\"breadcrumb\":{\"@id\":\"https:\/\/altinnov.blog\/index.php\/fr\/2022\/08\/16\/festival-a-part-alpilles-street-art\/#breadcrumb\"},\"inLanguage\":\"fr-FR\",\"potentialAction\":[{\"@type\":\"ReadAction\",\"target\":[\"https:\/\/altinnov.blog\/index.php\/fr\/2022\/08\/16\/festival-a-part-alpilles-street-art\/\"]}]},{\"@type\":\"ImageObject\",\"inLanguage\":\"fr-FR\",\"@id\":\"https:\/\/altinnov.blog\/index.php\/fr\/2022\/08\/16\/festival-a-part-alpilles-street-art\/#primaryimage\",\"url\":\"https:\/\/i0.wp.com\/altinnov.blog\/wp-content\/uploads\/2022\/08\/Festival-a\u0300-part-silo-Alpilles-Ce\u0301re\u0301ales-Saint-Etienne-du-gre\u0301-street-art-scaled.jpg?fit=2560%2C2048&ssl=1\",\"contentUrl\":\"https:\/\/i0.wp.com\/altinnov.blog\/wp-content\/uploads\/2022\/08\/Festival-a\u0300-part-silo-Alpilles-Ce\u0301re\u0301ales-Saint-Etienne-du-gre\u0301-street-art-scaled.jpg?fit=2560%2C2048&ssl=1\",\"width\":2560,\"height\":2048,\"caption\":\"Festival-a\u0300-part-silo Alpilles Ce\u0301re\u0301ales Saint-Etienne-du-gr\u00e8s-street-art\"},{\"@type\":\"BreadcrumbList\",\"@id\":\"https:\/\/altinnov.blog\/index.php\/fr\/2022\/08\/16\/festival-a-part-alpilles-street-art\/#breadcrumb\",\"itemListElement\":[{\"@type\":\"ListItem\",\"position\":1,\"name\":\"Accueil\",\"item\":\"https:\/\/altinnov.blog\/\"},{\"@type\":\"ListItem\",\"position\":2,\"name\":\"Festival-\u00e0-part dans les Alpilles : Quand Street Art &#038; Art Contemporain ne font qu\u2019un !\"}]},{\"@type\":\"WebSite\",\"@id\":\"https:\/\/altinnov.blog\/#website\",\"url\":\"https:\/\/altinnov.blog\/\",\"name\":\"ALTINNOV\",\"description\":\"BLOG STREET ART &amp; LIFESTYLE\",\"publisher\":{\"@id\":\"https:\/\/altinnov.blog\/#\/schema\/person\/fb38574bf72ee22878743e54d687ae5a\"},\"potentialAction\":[{\"@type\":\"SearchAction\",\"target\":{\"@type\":\"EntryPoint\",\"urlTemplate\":\"https:\/\/altinnov.blog\/?s={search_term_string}\"},\"query-input\":\"required name=search_term_string\"}],\"inLanguage\":\"fr-FR\"},{\"@type\":[\"Person\",\"Organization\"],\"@id\":\"https:\/\/altinnov.blog\/#\/schema\/person\/fb38574bf72ee22878743e54d687ae5a\",\"name\":\"S\u00e9verine\",\"image\":{\"@type\":\"ImageObject\",\"inLanguage\":\"fr-FR\",\"@id\":\"https:\/\/altinnov.blog\/#\/schema\/person\/image\/\",\"url\":\"https:\/\/i0.wp.com\/altinnov.blog\/wp-content\/uploads\/2021\/07\/SkatePark-re\u0301alise\u0301-par-JonOne-dans-lespace-transition-ephe\u0301me\u0300re-dAbbeville-scaled.jpg?fit=2560%2C1920&ssl=1\",\"contentUrl\":\"https:\/\/i0.wp.com\/altinnov.blog\/wp-content\/uploads\/2021\/07\/SkatePark-re\u0301alise\u0301-par-JonOne-dans-lespace-transition-ephe\u0301me\u0300re-dAbbeville-scaled.jpg?fit=2560%2C1920&ssl=1\",\"width\":2560,\"height\":1920,\"caption\":\"S\u00e9verine\"},\"logo\":{\"@id\":\"https:\/\/altinnov.blog\/#\/schema\/person\/image\/\"},\"sameAs\":[\"https:\/\/altinnov.blog\/\",\"https:\/\/www.facebook.com\/Altinnov\/\",\"https:\/\/www.instagram.com\/Altinnov\/\",\"https:\/\/www.linkedin.com\/in\/severinetp\/\",\"https:\/\/www.pinterest.fr\/SeverineTP\/\",\"https:\/\/x.com\/Altinnov1\"]}]}<\/script>\n<!-- \/ Yoast SEO plugin. -->","yoast_head_json":{"title":"Festival-\u00e0-part dans les Alpilles : Quand Street Art & Art Contemporain ne font qu\u2019un ! - ALTINNOV","description":"Le Festival-\u00e0-part a cr\u00e9\u00e9 un lieu incroyable au c\u0153ur des Alpilles en faisant dialoguer artistes urbains et artistes contemporains !","robots":{"index":"index","follow":"follow","max-snippet":"max-snippet:-1","max-image-preview":"max-image-preview:large","max-video-preview":"max-video-preview:-1"},"canonical":"https:\/\/altinnov.blog\/index.php\/fr\/2022\/08\/16\/festival-a-part-alpilles-street-art\/","og_locale":"fr_FR","og_type":"article","og_title":"Festival-\u00e0-part dans les Alpilles : Quand Street Art & Art Contemporain ne font qu\u2019un !","og_description":"Le Festival-\u00e0-part a cr\u00e9\u00e9 un lieu incroyable au c\u0153ur des Alpilles en faisant dialoguer artistes urbains et artistes contemporains. A voir absolument !","og_url":"https:\/\/altinnov.blog\/index.php\/fr\/2022\/08\/16\/festival-a-part-alpilles-street-art\/","og_site_name":"ALTINNOV","article_publisher":"https:\/\/www.facebook.com\/Altinnov\/","article_author":"https:\/\/www.facebook.com\/Altinnov\/","article_published_time":"2022-08-16T17:37:42+00:00","article_modified_time":"2022-08-16T18:04:22+00:00","og_image":[{"width":2560,"height":2054,"url":"https:\/\/altinnov.blog\/wp-content\/uploads\/2022\/08\/Festival-a\u0300-part-Jean-Pierre-Formica-Guillermo-S.-Quintana-Felix-Rodewaldt--scaled.jpg","type":"image\/jpeg"}],"author":"S\u00e9verine","twitter_card":"summary_large_image","twitter_title":"Festival-\u00e0-part dans les Alpilles : Quand Street Art & Art Contemporain ne font qu\u2019un !","twitter_description":"Festival-\u00e0-part dans les Alpilles : Quand Street Art & Art Contemporain ne font qu\u2019un ! #festivalapart #aurelelostdog #diedixons #theflowerguy #kraken #streetart #arturbain #artcontemporain","twitter_image":"https:\/\/i0.wp.com\/altinnov.blog\/wp-content\/uploads\/2022\/08\/Festival-a\u0300-part-Jean-Pierre-Formica-Guillermo-S.-Quintana-Felix-Rodewaldt--scaled.jpg?fit=2560%2C2054&ssl=1","twitter_creator":"@Altinnov1","twitter_site":"@Altinnov1","twitter_misc":{"\u00c9crit par":"S\u00e9verine","Dur\u00e9e de lecture estim\u00e9e":"8 minutes"},"schema":{"@context":"https:\/\/schema.org","@graph":[{"@type":"Article","@id":"https:\/\/altinnov.blog\/index.php\/fr\/2022\/08\/16\/festival-a-part-alpilles-street-art\/#article","isPartOf":{"@id":"https:\/\/altinnov.blog\/index.php\/fr\/2022\/08\/16\/festival-a-part-alpilles-street-art\/"},"author":{"name":"S\u00e9verine","@id":"https:\/\/altinnov.blog\/#\/schema\/person\/fb38574bf72ee22878743e54d687ae5a"},"headline":"Festival-\u00e0-part dans les Alpilles : Quand Street Art &#038; Art Contemporain ne font qu\u2019un !","datePublished":"2022-08-16T17:37:42+00:00","dateModified":"2022-08-16T18:04:22+00:00","mainEntityOfPage":{"@id":"https:\/\/altinnov.blog\/index.php\/fr\/2022\/08\/16\/festival-a-part-alpilles-street-art\/"},"wordCount":1270,"commentCount":0,"publisher":{"@id":"https:\/\/altinnov.blog\/#\/schema\/person\/fb38574bf72ee22878743e54d687ae5a"},"image":{"@id":"https:\/\/altinnov.blog\/index.php\/fr\/2022\/08\/16\/festival-a-part-alpilles-street-art\/#primaryimage"},"thumbnailUrl":"https:\/\/i0.wp.com\/altinnov.blog\/wp-content\/uploads\/2022\/08\/Festival-a\u0300-part-silo-Alpilles-Ce\u0301re\u0301ales-Saint-Etienne-du-gre\u0301-street-art-scaled.jpg?fit=2560%2C2048&ssl=1","keywords":["Amanda Arrou-tea","Aurele Lost Dog","Claire Chapuis","Die Dixons","Felix Rodewaldt","Guillermo S.Quintana","Jacques Villegl\u00e9","Jean-Pierre Formica","Kraken","The Flower Guy"],"articleSection":["Balades Street Art"],"inLanguage":"fr-FR","potentialAction":[{"@type":"CommentAction","name":"Comment","target":["https:\/\/altinnov.blog\/index.php\/fr\/2022\/08\/16\/festival-a-part-alpilles-street-art\/#respond"]}]},{"@type":"WebPage","@id":"https:\/\/altinnov.blog\/index.php\/fr\/2022\/08\/16\/festival-a-part-alpilles-street-art\/","url":"https:\/\/altinnov.blog\/index.php\/fr\/2022\/08\/16\/festival-a-part-alpilles-street-art\/","name":"Festival-\u00e0-part dans les Alpilles : Quand Street Art & Art Contemporain ne font qu\u2019un ! - ALTINNOV","isPartOf":{"@id":"https:\/\/altinnov.blog\/#website"},"primaryImageOfPage":{"@id":"https:\/\/altinnov.blog\/index.php\/fr\/2022\/08\/16\/festival-a-part-alpilles-street-art\/#primaryimage"},"image":{"@id":"https:\/\/altinnov.blog\/index.php\/fr\/2022\/08\/16\/festival-a-part-alpilles-street-art\/#primaryimage"},"thumbnailUrl":"https:\/\/i0.wp.com\/altinnov.blog\/wp-content\/uploads\/2022\/08\/Festival-a\u0300-part-silo-Alpilles-Ce\u0301re\u0301ales-Saint-Etienne-du-gre\u0301-street-art-scaled.jpg?fit=2560%2C2048&ssl=1","datePublished":"2022-08-16T17:37:42+00:00","dateModified":"2022-08-16T18:04:22+00:00","description":"Le Festival-\u00e0-part a cr\u00e9\u00e9 un lieu incroyable au c\u0153ur des Alpilles en faisant dialoguer artistes urbains et artistes contemporains !","breadcrumb":{"@id":"https:\/\/altinnov.blog\/index.php\/fr\/2022\/08\/16\/festival-a-part-alpilles-street-art\/#breadcrumb"},"inLanguage":"fr-FR","potentialAction":[{"@type":"ReadAction","target":["https:\/\/altinnov.blog\/index.php\/fr\/2022\/08\/16\/festival-a-part-alpilles-street-art\/"]}]},{"@type":"ImageObject","inLanguage":"fr-FR","@id":"https:\/\/altinnov.blog\/index.php\/fr\/2022\/08\/16\/festival-a-part-alpilles-street-art\/#primaryimage","url":"https:\/\/i0.wp.com\/altinnov.blog\/wp-content\/uploads\/2022\/08\/Festival-a\u0300-part-silo-Alpilles-Ce\u0301re\u0301ales-Saint-Etienne-du-gre\u0301-street-art-scaled.jpg?fit=2560%2C2048&ssl=1","contentUrl":"https:\/\/i0.wp.com\/altinnov.blog\/wp-content\/uploads\/2022\/08\/Festival-a\u0300-part-silo-Alpilles-Ce\u0301re\u0301ales-Saint-Etienne-du-gre\u0301-street-art-scaled.jpg?fit=2560%2C2048&ssl=1","width":2560,"height":2048,"caption":"Festival-a\u0300-part-silo Alpilles Ce\u0301re\u0301ales Saint-Etienne-du-gr\u00e8s-street-art"},{"@type":"BreadcrumbList","@id":"https:\/\/altinnov.blog\/index.php\/fr\/2022\/08\/16\/festival-a-part-alpilles-street-art\/#breadcrumb","itemListElement":[{"@type":"ListItem","position":1,"name":"Accueil","item":"https:\/\/altinnov.blog\/"},{"@type":"ListItem","position":2,"name":"Festival-\u00e0-part dans les Alpilles : Quand Street Art &#038; Art Contemporain ne font qu\u2019un !"}]},{"@type":"WebSite","@id":"https:\/\/altinnov.blog\/#website","url":"https:\/\/altinnov.blog\/","name":"ALTINNOV","description":"BLOG STREET ART &amp; LIFESTYLE","publisher":{"@id":"https:\/\/altinnov.blog\/#\/schema\/person\/fb38574bf72ee22878743e54d687ae5a"},"potentialAction":[{"@type":"SearchAction","target":{"@type":"EntryPoint","urlTemplate":"https:\/\/altinnov.blog\/?s={search_term_string}"},"query-input":"required name=search_term_string"}],"inLanguage":"fr-FR"},{"@type":["Person","Organization"],"@id":"https:\/\/altinnov.blog\/#\/schema\/person\/fb38574bf72ee22878743e54d687ae5a","name":"S\u00e9verine","image":{"@type":"ImageObject","inLanguage":"fr-FR","@id":"https:\/\/altinnov.blog\/#\/schema\/person\/image\/","url":"https:\/\/i0.wp.com\/altinnov.blog\/wp-content\/uploads\/2021\/07\/SkatePark-re\u0301alise\u0301-par-JonOne-dans-lespace-transition-ephe\u0301me\u0300re-dAbbeville-scaled.jpg?fit=2560%2C1920&ssl=1","contentUrl":"https:\/\/i0.wp.com\/altinnov.blog\/wp-content\/uploads\/2021\/07\/SkatePark-re\u0301alise\u0301-par-JonOne-dans-lespace-transition-ephe\u0301me\u0300re-dAbbeville-scaled.jpg?fit=2560%2C1920&ssl=1","width":2560,"height":1920,"caption":"S\u00e9verine"},"logo":{"@id":"https:\/\/altinnov.blog\/#\/schema\/person\/image\/"},"sameAs":["https:\/\/altinnov.blog\/","https:\/\/www.facebook.com\/Altinnov\/","https:\/\/www.instagram.com\/Altinnov\/","https:\/\/www.linkedin.com\/in\/severinetp\/","https:\/\/www.pinterest.fr\/SeverineTP\/","https:\/\/x.com\/Altinnov1"]}]}},"jetpack_sharing_enabled":true,"jetpack_featured_media_url":"https:\/\/i0.wp.com\/altinnov.blog\/wp-content\/uploads\/2022\/08\/Festival-a\u0300-part-silo-Alpilles-Ce\u0301re\u0301ales-Saint-Etienne-du-gre\u0301-street-art-scaled.jpg?fit=2560%2C2048&ssl=1","jetpack_shortlink":"https:\/\/wp.me\/pakAzb-1oq","jetpack_likes_enabled":false,"jetpack-related-posts":[],"_links":{"self":[{"href":"https:\/\/altinnov.blog\/index.php\/wp-json\/wp\/v2\/posts\/5358"}],"collection":[{"href":"https:\/\/altinnov.blog\/index.php\/wp-json\/wp\/v2\/posts"}],"about":[{"href":"https:\/\/altinnov.blog\/index.php\/wp-json\/wp\/v2\/types\/post"}],"author":[{"embeddable":true,"href":"https:\/\/altinnov.blog\/index.php\/wp-json\/wp\/v2\/users\/1"}],"replies":[{"embeddable":true,"href":"https:\/\/altinnov.blog\/index.php\/wp-json\/wp\/v2\/comments?post=5358"}],"version-history":[{"count":9,"href":"https:\/\/altinnov.blog\/index.php\/wp-json\/wp\/v2\/posts\/5358\/revisions"}],"predecessor-version":[{"id":5381,"href":"https:\/\/altinnov.blog\/index.php\/wp-json\/wp\/v2\/posts\/5358\/revisions\/5381"}],"wp:featuredmedia":[{"embeddable":true,"href":"https:\/\/altinnov.blog\/index.php\/wp-json\/wp\/v2\/media\/5359"}],"wp:attachment":[{"href":"https:\/\/altinnov.blog\/index.php\/wp-json\/wp\/v2\/media?parent=5358"}],"wp:term":[{"taxonomy":"category","embeddable":true,"href":"https:\/\/altinnov.blog\/index.php\/wp-json\/wp\/v2\/categories?post=5358"},{"taxonomy":"post_tag","embeddable":true,"href":"https:\/\/altinnov.blog\/index.php\/wp-json\/wp\/v2\/tags?post=5358"}],"curies":[{"name":"wp","href":"https:\/\/api.w.org\/{rel}","templated":true}]}}