{"id":4775,"date":"2021-12-19T22:59:12","date_gmt":"2021-12-19T21:59:12","guid":{"rendered":"https:\/\/altinnov.blog\/?p=4775"},"modified":"2021-12-19T22:59:12","modified_gmt":"2021-12-19T21:59:12","slug":"street-art-montmartre-paris-article","status":"publish","type":"post","link":"https:\/\/altinnov.blog\/index.php\/fr\/2021\/12\/19\/street-art-montmartre-paris-article\/","title":{"rendered":"Escapade Street Art sur les pentes de la Butte Montmartre \u00e0 Paris"},"content":{"rendered":"<p>D\u2019aussi loin que je me souvienne\u00a0; le Street Art \u00e0 Montmartre \u00e9tait incarn\u00e9 essentiellement par <strong>MissTic<\/strong>, pochoiriste de talent aux messages vifs et au verbe haut\u00a0! Il y avait aussi dans le quartier quelques tags r\u00e9alis\u00e9s par les jeunes pendant leurs vir\u00e9es nocturnes. J\u2019ai habit\u00e9 plus de huit ann\u00e9es ce quartier et c\u2019\u00e9tait il y a 20 ans\u00a0! Les artisans de l\u2019\u00e9poque, tailleurs, chausseurs, menuisiers,\u2026 ont laiss\u00e9 place aux marques de v\u00eatements que l\u2019on retrouve partout dans le monde et m\u00eame la galerie d\u2019Art qui repr\u00e9sentait <strong>MissTic<\/strong> \u00e0 l\u2019\u00e9poque a \u00e9t\u00e9 \u00e9radiqu\u00e9e par une grande enseigne de supermarch\u00e9\u00a0! Oui le quartier a quelque peu perdu de ce qui faisait son charme. Mais pour nous, amateurs d\u2019arts urbains, il est devenu la cible de quelques artistes irr\u00e9ductibles qui travaillent pour la plupart du temps de fa\u00e7on ill\u00e9gale pour poser leurs \u0153uvres\u2026 Il y a donc quelques p\u00e9pites \u00e0 d\u00e9nicher et savourer. Je vous ai pr\u00e9vu un petit itin\u00e9raire de 2 heures maximum et 7 kilom\u00e8tres qui devrait vous ravir\u00a0!<\/p>\n<p>&nbsp;<\/p><div id=\"altin-4108856502\" class=\"altin-contenu_2 altin-entity-placement\"><script async src=\"\/\/pagead2.googlesyndication.com\/pagead\/js\/adsbygoogle.js?client=ca-pub-4035181110757945\" crossorigin=\"anonymous\"><\/script><ins class=\"adsbygoogle\" style=\"display:block; text-align:center;\" data-ad-client=\"ca-pub-4035181110757945\" \ndata-ad-slot=\"9414912321\" \ndata-ad-layout=\"in-article\"\ndata-ad-format=\"fluid\"><\/ins>\n<script> \n(adsbygoogle = window.adsbygoogle || []).push({}); \n<\/script>\n<\/div>\n<h3><strong>Partons \u00e0 l\u2019ascension de la Butte et gardons l\u2019\u0153il ouvert.<\/strong><\/h3>\n<p>Je commence donc par une pente \u00ab\u00a0douce\u00a0\u00bb qu\u2019est celle de la <strong>rue Lepic\u00a0<\/strong>; c\u2019est \u00e0 l\u2019angle de la <strong>rue Robert Planquette<\/strong> que commence cette d\u00e9couverte Street Art \u00e0 Montmartre. Vous ne pourrez absolument pas manquer l\u2019\u0153uvre de <strong><a href=\"https:\/\/www.jodibona.com\/\" target=\"_blank\" rel=\"noopener\">Jo Di Bona<\/a> <\/strong>qui s\u2019offre \u00e0 vous\u00a0! Cet artiste qui joue avec les codes des affichistes et de la culture pop rend un hommage flamboyant au roi de la Pop qui n\u2019est autre que <strong>Michael Jackson<\/strong>. Cet angle de rue est riche en grandes et petites d\u00e9couvertes. Si vous ouvrez l\u2019\u0153il vous verrez les travaux des <a href=\"https:\/\/www.instagram.com\/toquefreres\/\" target=\"_blank\" rel=\"noopener\"><strong>Toqu\u00e9 Fr\u00e8res<\/strong><\/a>, de <a href=\"https:\/\/www.instagram.com\/ladactylo\/\" target=\"_blank\" rel=\"noopener\"><strong>La Dactylo<\/strong><\/a> et bien d\u2019autres artistes.<\/p>\n<p>&nbsp;<\/p>\n<div id=\"attachment_4778\" style=\"width: 1034px\" class=\"wp-caption aligncenter\"><img aria-describedby=\"caption-attachment-4778\" decoding=\"async\" loading=\"lazy\" class=\"size-large wp-image-4778\" src=\"https:\/\/i0.wp.com\/altinnov.blog\/wp-content\/uploads\/2021\/12\/Street-Art-Montmartre-Hommage-a\u0300-Michael-Jackson-par-Jo-Di-Bona.jpg?resize=1024%2C1024&#038;ssl=1\" alt=\"Street Art Montmartre - Hommage a\u0300 Michael Jackson par Jo Di Bona\" width=\"1024\" height=\"1024\" srcset=\"https:\/\/i0.wp.com\/altinnov.blog\/wp-content\/uploads\/2021\/12\/Street-Art-Montmartre-Hommage-a\u0300-Michael-Jackson-par-Jo-Di-Bona-scaled.jpg?resize=1024%2C1024&amp;ssl=1 1024w, https:\/\/i0.wp.com\/altinnov.blog\/wp-content\/uploads\/2021\/12\/Street-Art-Montmartre-Hommage-a\u0300-Michael-Jackson-par-Jo-Di-Bona-scaled.jpg?resize=300%2C300&amp;ssl=1 300w, https:\/\/i0.wp.com\/altinnov.blog\/wp-content\/uploads\/2021\/12\/Street-Art-Montmartre-Hommage-a\u0300-Michael-Jackson-par-Jo-Di-Bona-scaled.jpg?resize=150%2C150&amp;ssl=1 150w, https:\/\/i0.wp.com\/altinnov.blog\/wp-content\/uploads\/2021\/12\/Street-Art-Montmartre-Hommage-a\u0300-Michael-Jackson-par-Jo-Di-Bona-scaled.jpg?resize=768%2C768&amp;ssl=1 768w, https:\/\/i0.wp.com\/altinnov.blog\/wp-content\/uploads\/2021\/12\/Street-Art-Montmartre-Hommage-a\u0300-Michael-Jackson-par-Jo-Di-Bona-scaled.jpg?resize=1536%2C1536&amp;ssl=1 1536w, https:\/\/i0.wp.com\/altinnov.blog\/wp-content\/uploads\/2021\/12\/Street-Art-Montmartre-Hommage-a\u0300-Michael-Jackson-par-Jo-Di-Bona-scaled.jpg?resize=2048%2C2048&amp;ssl=1 2048w, https:\/\/i0.wp.com\/altinnov.blog\/wp-content\/uploads\/2021\/12\/Street-Art-Montmartre-Hommage-a\u0300-Michael-Jackson-par-Jo-Di-Bona-scaled.jpg?w=2280&amp;ssl=1 2280w\" sizes=\"(max-width: 1024px) 100vw, 1024px\" data-recalc-dims=\"1\" \/><p id=\"caption-attachment-4778\" class=\"wp-caption-text\">Michael Jackson &#8211; Jo Di Bona &#8211; Photo @Altinnov<\/p><\/div>\n<p>&nbsp;<\/p>\n<div id=\"attachment_4779\" style=\"width: 1034px\" class=\"wp-caption aligncenter\"><img aria-describedby=\"caption-attachment-4779\" decoding=\"async\" loading=\"lazy\" class=\"size-large wp-image-4779\" src=\"https:\/\/i0.wp.com\/altinnov.blog\/wp-content\/uploads\/2021\/12\/Street-Art-Montmartre-Oeuvre-des-artistes-Toque\u0301-Fre\u0300res-et-La-Dactylo.jpg?resize=1024%2C576&#038;ssl=1\" alt=\"Street Art Montmartre - Oeuvre des artistes Toque\u0301 Fre\u0300res et La Dactylo\" width=\"1024\" height=\"576\" srcset=\"https:\/\/i0.wp.com\/altinnov.blog\/wp-content\/uploads\/2021\/12\/Street-Art-Montmartre-Oeuvre-des-artistes-Toque\u0301-Fre\u0300res-et-La-Dactylo-scaled.jpg?resize=1024%2C576&amp;ssl=1 1024w, https:\/\/i0.wp.com\/altinnov.blog\/wp-content\/uploads\/2021\/12\/Street-Art-Montmartre-Oeuvre-des-artistes-Toque\u0301-Fre\u0300res-et-La-Dactylo-scaled.jpg?resize=300%2C169&amp;ssl=1 300w, https:\/\/i0.wp.com\/altinnov.blog\/wp-content\/uploads\/2021\/12\/Street-Art-Montmartre-Oeuvre-des-artistes-Toque\u0301-Fre\u0300res-et-La-Dactylo-scaled.jpg?resize=768%2C432&amp;ssl=1 768w, https:\/\/i0.wp.com\/altinnov.blog\/wp-content\/uploads\/2021\/12\/Street-Art-Montmartre-Oeuvre-des-artistes-Toque\u0301-Fre\u0300res-et-La-Dactylo-scaled.jpg?resize=1536%2C864&amp;ssl=1 1536w, https:\/\/i0.wp.com\/altinnov.blog\/wp-content\/uploads\/2021\/12\/Street-Art-Montmartre-Oeuvre-des-artistes-Toque\u0301-Fre\u0300res-et-La-Dactylo-scaled.jpg?resize=2048%2C1152&amp;ssl=1 2048w, https:\/\/i0.wp.com\/altinnov.blog\/wp-content\/uploads\/2021\/12\/Street-Art-Montmartre-Oeuvre-des-artistes-Toque\u0301-Fre\u0300res-et-La-Dactylo-scaled.jpg?resize=1140%2C641&amp;ssl=1 1140w, https:\/\/i0.wp.com\/altinnov.blog\/wp-content\/uploads\/2021\/12\/Street-Art-Montmartre-Oeuvre-des-artistes-Toque\u0301-Fre\u0300res-et-La-Dactylo-scaled.jpg?resize=720%2C405&amp;ssl=1 720w, https:\/\/i0.wp.com\/altinnov.blog\/wp-content\/uploads\/2021\/12\/Street-Art-Montmartre-Oeuvre-des-artistes-Toque\u0301-Fre\u0300res-et-La-Dactylo-scaled.jpg?w=2280&amp;ssl=1 2280w\" sizes=\"(max-width: 1024px) 100vw, 1024px\" data-recalc-dims=\"1\" \/><p id=\"caption-attachment-4779\" class=\"wp-caption-text\">Toqu\u00e9 Fr\u00e8res &amp; La Dactylo &#8211; Photo @Altinnov<\/p><\/div>\n<p>&nbsp;<\/p>\n<p>En reprenant la <strong>rue Lepic<\/strong> sur quelques m\u00e8tres on arrive <strong>rue V\u00e9ron<\/strong>. Cette rue \u00e9tait celle de la vie nocturne la plus \u00e9clectique du quartier, on y mangeait du Capitaine en papillote avec les doigts dans un restaurant Africain ; une espagnole faisait des Tapas tellement lentement que l\u2019int\u00e9gralit\u00e9 du restaurant \u00e9tait hilare \u00e0 la sangria \u00e0 minuit sans avoir din\u00e9,\u2026 C\u2019\u00e9tait un joyeux chaos qui est devenu beaucoup plus lisse\u2026 Par chance les artistes urbains ont \u00e9lu domicile dans cette rue qui est un peu \u00e0 l\u2019abris de l\u2019effervescente Butte ! Il y a encore quelques semaines on pouvait d\u00e9couvrir l\u2019\u0153uvre de l\u2019artiste sud-africaine <strong><a href=\"https:\/\/faith47.com\/\" target=\"_blank\" rel=\"noopener\">FAITH XLVII<\/a> <\/strong>qui \u00e9tait tout simplement magnifique. Je n\u2019ai pu m\u2019emp\u00eacher de l\u2019utiliser en couverture de cet article, car son effacement m\u2019a quelque peu pinc\u00e9 le c\u0153ur. Ce mur a \u00e9t\u00e9 vraisemblablement repris par l\u2019association Le MUR est devient donc <strong><a href=\"https:\/\/www.instagram.com\/lemurmontmartre\/\" target=\"_blank\" rel=\"noopener\">Le Mur Montmartre<\/a><\/strong> sur lequel tr\u00f4ne une \u0153uvre tr\u00e8s graphique avec quelques accents anamorphiques de <a href=\"https:\/\/www.instagram.com\/marchal_shaka\/\" target=\"_blank\" rel=\"noopener\"><strong>Marchal Shaka<\/strong><\/a>. \u0152uvre qui sera sans doute elle aussi recouverte par une autre dans quelques semaines\u00a0!<\/p>\n<p>&nbsp;<\/p>\n<div id=\"attachment_4781\" style=\"width: 1034px\" class=\"wp-caption aligncenter\"><img aria-describedby=\"caption-attachment-4781\" decoding=\"async\" loading=\"lazy\" class=\"size-large wp-image-4781\" src=\"https:\/\/i0.wp.com\/altinnov.blog\/wp-content\/uploads\/2021\/12\/Le-Mur-Montmartre-Street-Art-rue-Ve\u0301ron-a\u0300-Paris-Oeuvre-de-Marchal-Shaka.jpg?resize=1024%2C576&#038;ssl=1\" alt=\"Le Mur Montmartre - Street Art rue Ve\u0301ron a\u0300 Paris - Oeuvre de Marchal Shaka\" width=\"1024\" height=\"576\" srcset=\"https:\/\/i0.wp.com\/altinnov.blog\/wp-content\/uploads\/2021\/12\/Le-Mur-Montmartre-Street-Art-rue-Ve\u0301ron-a\u0300-Paris-Oeuvre-de-Marchal-Shaka.jpg?resize=1024%2C576&amp;ssl=1 1024w, https:\/\/i0.wp.com\/altinnov.blog\/wp-content\/uploads\/2021\/12\/Le-Mur-Montmartre-Street-Art-rue-Ve\u0301ron-a\u0300-Paris-Oeuvre-de-Marchal-Shaka.jpg?resize=300%2C169&amp;ssl=1 300w, https:\/\/i0.wp.com\/altinnov.blog\/wp-content\/uploads\/2021\/12\/Le-Mur-Montmartre-Street-Art-rue-Ve\u0301ron-a\u0300-Paris-Oeuvre-de-Marchal-Shaka.jpg?resize=768%2C432&amp;ssl=1 768w, https:\/\/i0.wp.com\/altinnov.blog\/wp-content\/uploads\/2021\/12\/Le-Mur-Montmartre-Street-Art-rue-Ve\u0301ron-a\u0300-Paris-Oeuvre-de-Marchal-Shaka.jpg?resize=1536%2C864&amp;ssl=1 1536w, https:\/\/i0.wp.com\/altinnov.blog\/wp-content\/uploads\/2021\/12\/Le-Mur-Montmartre-Street-Art-rue-Ve\u0301ron-a\u0300-Paris-Oeuvre-de-Marchal-Shaka.jpg?resize=1140%2C641&amp;ssl=1 1140w, https:\/\/i0.wp.com\/altinnov.blog\/wp-content\/uploads\/2021\/12\/Le-Mur-Montmartre-Street-Art-rue-Ve\u0301ron-a\u0300-Paris-Oeuvre-de-Marchal-Shaka.jpg?resize=720%2C405&amp;ssl=1 720w, https:\/\/i0.wp.com\/altinnov.blog\/wp-content\/uploads\/2021\/12\/Le-Mur-Montmartre-Street-Art-rue-Ve\u0301ron-a\u0300-Paris-Oeuvre-de-Marchal-Shaka.jpg?w=2042&amp;ssl=1 2042w\" sizes=\"(max-width: 1024px) 100vw, 1024px\" data-recalc-dims=\"1\" \/><p id=\"caption-attachment-4781\" class=\"wp-caption-text\">Le Mur Montmartre &#8211; Marchal Shaka &#8211; Photo @Altinnov<\/p><\/div>\n<p>&nbsp;<\/p>\n<p>En continuant, c\u2019est avec plaisir que l\u2019on retrouve les pochoirs de <strong><a href=\"http:\/\/missticinparis.com\/\" target=\"_blank\" rel=\"noopener\">MissTic<\/a><\/strong> et aussi une multitude d\u2019\u0153uvres \u00e9manant d\u2019artistes utilisant des techniques diff\u00e9rentes. Pochoirs, collages, installations en reliefs,\u2026 la rue V\u00e9ron retrouve un peu de son chaos si charmant mais cette fois-ci il est artistique\u00a0! De nouvelles \u0153uvres viennent s\u2019ajouter aux existantes tous les mois, mais vous \u00eates certains de rencontrer les cr\u00e9ations de <strong><a href=\"https:\/\/www.instagram.com\/levalet.art\/\" target=\"_blank\" rel=\"noopener\">Levalet<\/a><\/strong>, <a href=\"https:\/\/www.instagram.com\/mapecoo\/\" target=\"_blank\" rel=\"noopener\"><strong>Maria Pe\u00f1a Coto<\/strong><\/a>, <a href=\"https:\/\/www.instagram.com\/akiza_akiza\/\" target=\"_blank\" rel=\"noopener\"><strong>Akiza<\/strong><\/a>, <a href=\"https:\/\/www.instagram.com\/monsieurplus.officiel\/\" target=\"_blank\" rel=\"noopener\"><strong>Monsieur Plus<\/strong><\/a>,\u00a0<a href=\"https:\/\/www.instagram.com\/tzigrafik\/\" target=\"_blank\" rel=\"noopener\"><strong>Tzigrafik<\/strong><\/a>,\u2026 Certes les \u0153uvres sont in\u00e9gales mais c\u2019est toujours d\u00e9licieux de d\u00e9couvrir les nouvelles id\u00e9es et concepts des artistes en herbe !<\/p><div id=\"altin-3193674503\" class=\"altin-contenu altin-entity-placement\"><script async src=\"\/\/pagead2.googlesyndication.com\/pagead\/js\/adsbygoogle.js?client=ca-pub-4035181110757945\" crossorigin=\"anonymous\"><\/script><ins class=\"adsbygoogle\" style=\"display:block; text-align:center;\" data-ad-client=\"ca-pub-4035181110757945\" \ndata-ad-slot=\"9414912321\" \ndata-ad-layout=\"in-article\"\ndata-ad-format=\"fluid\"><\/ins>\n<script> \n(adsbygoogle = window.adsbygoogle || []).push({}); \n<\/script>\n<\/div>\n<p>&nbsp;<\/p>\n<div class=\"tiled-gallery type-rectangular tiled-gallery-unresized\" data-original-width=\"1140\" data-carousel-extra='null' itemscope itemtype=\"http:\/\/schema.org\/ImageGallery\" > <div class=\"gallery-row\" style=\"width: 1140px; height: 577px;\" data-original-width=\"1140\" data-original-height=\"577\" > <div class=\"gallery-group images-1\" style=\"width: 852px; height: 577px;\" data-original-width=\"852\" data-original-height=\"577\" > <div class=\"tiled-gallery-item tiled-gallery-item-large\" itemprop=\"associatedMedia\" itemscope itemtype=\"http:\/\/schema.org\/ImageObject\"> <a href=\"https:\/\/altinnov.blog\/index.php\/fr\/2021\/12\/19\/street-art-montmartre-paris-article\/street-art-a-montmartre\/\" border=\"0\" itemprop=\"url\"> <meta itemprop=\"width\" content=\"848\"> <meta itemprop=\"height\" content=\"573\"> <img class=\"\" data-attachment-id=\"4783\" data-orig-file=\"https:\/\/altinnov.blog\/wp-content\/uploads\/2021\/12\/Street-Art-a\u0300-Montmartre-scaled.jpg\" data-orig-size=\"2560,1730\" data-comments-opened=\"1\" data-image-meta=\"{&quot;aperture&quot;:&quot;2.2&quot;,&quot;credit&quot;:&quot;&quot;,&quot;camera&quot;:&quot;iPhone 6s Plus&quot;,&quot;caption&quot;:&quot;&quot;,&quot;created_timestamp&quot;:&quot;1635616572&quot;,&quot;copyright&quot;:&quot;&quot;,&quot;focal_length&quot;:&quot;4.15&quot;,&quot;iso&quot;:&quot;50&quot;,&quot;shutter_speed&quot;:&quot;0.03030303030303&quot;,&quot;title&quot;:&quot;&quot;,&quot;orientation&quot;:&quot;0&quot;}\" data-image-title=\"Street Art a\u0300 Montmartre\" data-image-description=\"&lt;p&gt;Street Art a\u0300 Montmartre&lt;\/p&gt; \" data-medium-file=\"https:\/\/i0.wp.com\/altinnov.blog\/wp-content\/uploads\/2021\/12\/Street-Art-a\u0300-Montmartre-scaled.jpg?fit=300%2C203&#038;ssl=1\" data-large-file=\"https:\/\/i0.wp.com\/altinnov.blog\/wp-content\/uploads\/2021\/12\/Street-Art-a\u0300-Montmartre-scaled.jpg?fit=1024%2C692&#038;ssl=1\" src=\"https:\/\/i0.wp.com\/altinnov.blog\/wp-content\/uploads\/2021\/12\/Street-Art-a\u0300-Montmartre-scaled.jpg?w=848&#038;h=573&#038;ssl=1\" srcset=\"https:\/\/i0.wp.com\/altinnov.blog\/wp-content\/uploads\/2021\/12\/Street-Art-a\u0300-Montmartre-scaled.jpg?w=2560&amp;ssl=1 2560w, https:\/\/i0.wp.com\/altinnov.blog\/wp-content\/uploads\/2021\/12\/Street-Art-a\u0300-Montmartre-scaled.jpg?resize=300%2C203&amp;ssl=1 300w, https:\/\/i0.wp.com\/altinnov.blog\/wp-content\/uploads\/2021\/12\/Street-Art-a\u0300-Montmartre-scaled.jpg?resize=1024%2C692&amp;ssl=1 1024w, https:\/\/i0.wp.com\/altinnov.blog\/wp-content\/uploads\/2021\/12\/Street-Art-a\u0300-Montmartre-scaled.jpg?resize=768%2C519&amp;ssl=1 768w, https:\/\/i0.wp.com\/altinnov.blog\/wp-content\/uploads\/2021\/12\/Street-Art-a\u0300-Montmartre-scaled.jpg?resize=1536%2C1038&amp;ssl=1 1536w, https:\/\/i0.wp.com\/altinnov.blog\/wp-content\/uploads\/2021\/12\/Street-Art-a\u0300-Montmartre-scaled.jpg?resize=2048%2C1384&amp;ssl=1 2048w, https:\/\/i0.wp.com\/altinnov.blog\/wp-content\/uploads\/2021\/12\/Street-Art-a\u0300-Montmartre-scaled.jpg?w=2280&amp;ssl=1 2280w\" width=\"848\" height=\"573\" loading=\"lazy\" data-original-width=\"848\" data-original-height=\"573\" itemprop=\"http:\/\/schema.org\/image\" title=\"Street Art a\u0300 Montmartre\" alt=\"Street Art a\u0300 Montmartre\" style=\"width: 848px; height: 573px;\" \/> <\/a> <div class=\"tiled-gallery-caption\" itemprop=\"caption description\"> MissTic &#8211; Photo @Altinnov <\/div> <\/div> <\/div> <!-- close group --> <div class=\"gallery-group images-2\" style=\"width: 288px; height: 577px;\" data-original-width=\"288\" data-original-height=\"577\" > <div class=\"tiled-gallery-item tiled-gallery-item-large\" itemprop=\"associatedMedia\" itemscope itemtype=\"http:\/\/schema.org\/ImageObject\"> <a href=\"https:\/\/altinnov.blog\/index.php\/fr\/2021\/12\/19\/street-art-montmartre-paris-article\/pochoir-de-la-street-artiste-misstic-a-montmartre-2\/\" border=\"0\" itemprop=\"url\"> <meta itemprop=\"width\" content=\"284\"> <meta itemprop=\"height\" content=\"285\"> <img class=\"\" data-attachment-id=\"4791\" data-orig-file=\"https:\/\/altinnov.blog\/wp-content\/uploads\/2021\/12\/Pochoir-de-la-Street-Artiste-MissTic-a\u0300-Montmartre-1-scaled.jpg\" data-orig-size=\"2560,2560\" data-comments-opened=\"1\" data-image-meta=\"{&quot;aperture&quot;:&quot;2.2&quot;,&quot;credit&quot;:&quot;&quot;,&quot;camera&quot;:&quot;iPhone 6s Plus&quot;,&quot;caption&quot;:&quot;&quot;,&quot;created_timestamp&quot;:&quot;1635616555&quot;,&quot;copyright&quot;:&quot;&quot;,&quot;focal_length&quot;:&quot;4.15&quot;,&quot;iso&quot;:&quot;64&quot;,&quot;shutter_speed&quot;:&quot;0.03030303030303&quot;,&quot;title&quot;:&quot;&quot;,&quot;orientation&quot;:&quot;0&quot;}\" data-image-title=\"Pochoir de la Street Artiste MissTic a\u0300 Montmartre\" data-image-description=\"&lt;p&gt;Pochoir de la Street Artiste MissTic a\u0300 Montmartre&lt;\/p&gt; \" data-medium-file=\"https:\/\/i0.wp.com\/altinnov.blog\/wp-content\/uploads\/2021\/12\/Pochoir-de-la-Street-Artiste-MissTic-a\u0300-Montmartre-1-scaled.jpg?fit=300%2C300&#038;ssl=1\" data-large-file=\"https:\/\/i0.wp.com\/altinnov.blog\/wp-content\/uploads\/2021\/12\/Pochoir-de-la-Street-Artiste-MissTic-a\u0300-Montmartre-1-scaled.jpg?fit=1024%2C1024&#038;ssl=1\" src=\"https:\/\/i0.wp.com\/altinnov.blog\/wp-content\/uploads\/2021\/12\/Pochoir-de-la-Street-Artiste-MissTic-a\u0300-Montmartre-1-scaled.jpg?w=284&#038;h=285&#038;ssl=1\" srcset=\"https:\/\/i0.wp.com\/altinnov.blog\/wp-content\/uploads\/2021\/12\/Pochoir-de-la-Street-Artiste-MissTic-a\u0300-Montmartre-1-scaled.jpg?w=2560&amp;ssl=1 2560w, https:\/\/i0.wp.com\/altinnov.blog\/wp-content\/uploads\/2021\/12\/Pochoir-de-la-Street-Artiste-MissTic-a\u0300-Montmartre-1-scaled.jpg?resize=300%2C300&amp;ssl=1 300w, https:\/\/i0.wp.com\/altinnov.blog\/wp-content\/uploads\/2021\/12\/Pochoir-de-la-Street-Artiste-MissTic-a\u0300-Montmartre-1-scaled.jpg?resize=1024%2C1024&amp;ssl=1 1024w, https:\/\/i0.wp.com\/altinnov.blog\/wp-content\/uploads\/2021\/12\/Pochoir-de-la-Street-Artiste-MissTic-a\u0300-Montmartre-1-scaled.jpg?resize=150%2C150&amp;ssl=1 150w, https:\/\/i0.wp.com\/altinnov.blog\/wp-content\/uploads\/2021\/12\/Pochoir-de-la-Street-Artiste-MissTic-a\u0300-Montmartre-1-scaled.jpg?resize=768%2C768&amp;ssl=1 768w, https:\/\/i0.wp.com\/altinnov.blog\/wp-content\/uploads\/2021\/12\/Pochoir-de-la-Street-Artiste-MissTic-a\u0300-Montmartre-1-scaled.jpg?resize=1536%2C1536&amp;ssl=1 1536w, https:\/\/i0.wp.com\/altinnov.blog\/wp-content\/uploads\/2021\/12\/Pochoir-de-la-Street-Artiste-MissTic-a\u0300-Montmartre-1-scaled.jpg?resize=2048%2C2048&amp;ssl=1 2048w, https:\/\/i0.wp.com\/altinnov.blog\/wp-content\/uploads\/2021\/12\/Pochoir-de-la-Street-Artiste-MissTic-a\u0300-Montmartre-1-scaled.jpg?w=2280&amp;ssl=1 2280w\" width=\"284\" height=\"285\" loading=\"lazy\" data-original-width=\"284\" data-original-height=\"285\" itemprop=\"http:\/\/schema.org\/image\" title=\"Pochoir de la Street Artiste MissTic a\u0300 Montmartre\" alt=\"Pochoir de la Street Artiste MissTic a\u0300 Montmartre\" style=\"width: 284px; height: 285px;\" \/> <\/a> <div class=\"tiled-gallery-caption\" itemprop=\"caption description\"> MissTic &#8211; Photo @Altinnov <\/div> <\/div> <div class=\"tiled-gallery-item tiled-gallery-item-large\" itemprop=\"associatedMedia\" itemscope itemtype=\"http:\/\/schema.org\/ImageObject\"> <a href=\"https:\/\/altinnov.blog\/index.php\/fr\/2021\/12\/19\/street-art-montmartre-paris-article\/collage-street-art-de-lartiste-levalet-a-montmartre\/\" border=\"0\" itemprop=\"url\"> <meta itemprop=\"width\" content=\"284\"> <meta itemprop=\"height\" content=\"284\"> <img class=\"\" data-attachment-id=\"4786\" data-orig-file=\"https:\/\/altinnov.blog\/wp-content\/uploads\/2021\/12\/Collage-Street-Art-de-lartiste-Levalet-a\u0300-Montmartre.jpg\" data-orig-size=\"2208,2208\" data-comments-opened=\"1\" data-image-meta=\"{&quot;aperture&quot;:&quot;2.2&quot;,&quot;credit&quot;:&quot;&quot;,&quot;camera&quot;:&quot;iPhone 6s Plus&quot;,&quot;caption&quot;:&quot;&quot;,&quot;created_timestamp&quot;:&quot;1635616486&quot;,&quot;copyright&quot;:&quot;&quot;,&quot;focal_length&quot;:&quot;4.15&quot;,&quot;iso&quot;:&quot;32&quot;,&quot;shutter_speed&quot;:&quot;0.058823529411765&quot;,&quot;title&quot;:&quot;&quot;,&quot;orientation&quot;:&quot;0&quot;}\" data-image-title=\"Collage Street Art de l&amp;rsquo;artiste Levalet a\u0300 Montmartre\" data-image-description=\"&lt;p&gt;Collage Street Art de l&amp;rsquo;artiste Levalet a\u0300 Montmartre&lt;\/p&gt; \" data-medium-file=\"https:\/\/i0.wp.com\/altinnov.blog\/wp-content\/uploads\/2021\/12\/Collage-Street-Art-de-lartiste-Levalet-a\u0300-Montmartre.jpg?fit=300%2C300&#038;ssl=1\" data-large-file=\"https:\/\/i0.wp.com\/altinnov.blog\/wp-content\/uploads\/2021\/12\/Collage-Street-Art-de-lartiste-Levalet-a\u0300-Montmartre.jpg?fit=1024%2C1024&#038;ssl=1\" src=\"https:\/\/i0.wp.com\/altinnov.blog\/wp-content\/uploads\/2021\/12\/Collage-Street-Art-de-lartiste-Levalet-a\u0300-Montmartre.jpg?w=284&#038;h=284&#038;crop=1&#038;ssl=1\" srcset=\"https:\/\/i0.wp.com\/altinnov.blog\/wp-content\/uploads\/2021\/12\/Collage-Street-Art-de-lartiste-Levalet-a\u0300-Montmartre.jpg?w=2208&amp;ssl=1 2208w, https:\/\/i0.wp.com\/altinnov.blog\/wp-content\/uploads\/2021\/12\/Collage-Street-Art-de-lartiste-Levalet-a\u0300-Montmartre.jpg?resize=300%2C300&amp;ssl=1 300w, https:\/\/i0.wp.com\/altinnov.blog\/wp-content\/uploads\/2021\/12\/Collage-Street-Art-de-lartiste-Levalet-a\u0300-Montmartre.jpg?resize=1024%2C1024&amp;ssl=1 1024w, https:\/\/i0.wp.com\/altinnov.blog\/wp-content\/uploads\/2021\/12\/Collage-Street-Art-de-lartiste-Levalet-a\u0300-Montmartre.jpg?resize=150%2C150&amp;ssl=1 150w, https:\/\/i0.wp.com\/altinnov.blog\/wp-content\/uploads\/2021\/12\/Collage-Street-Art-de-lartiste-Levalet-a\u0300-Montmartre.jpg?resize=768%2C768&amp;ssl=1 768w, https:\/\/i0.wp.com\/altinnov.blog\/wp-content\/uploads\/2021\/12\/Collage-Street-Art-de-lartiste-Levalet-a\u0300-Montmartre.jpg?resize=1536%2C1536&amp;ssl=1 1536w, https:\/\/i0.wp.com\/altinnov.blog\/wp-content\/uploads\/2021\/12\/Collage-Street-Art-de-lartiste-Levalet-a\u0300-Montmartre.jpg?resize=2048%2C2048&amp;ssl=1 2048w\" width=\"284\" height=\"284\" loading=\"lazy\" data-original-width=\"284\" data-original-height=\"284\" itemprop=\"http:\/\/schema.org\/image\" title=\"Collage Street Art de l&#039;artiste Levalet a\u0300 Montmartre\" alt=\"Collage Street Art de l&#039;artiste Levalet a\u0300 Montmartre\" style=\"width: 284px; height: 284px;\" \/> <\/a> <div class=\"tiled-gallery-caption\" itemprop=\"caption description\"> Levalet &#8211; Photo @Altinnov <\/div> <\/div> <\/div> <!-- close group --> <\/div> <!-- close row --> <div class=\"gallery-row\" style=\"width: 1140px; height: 285px;\" data-original-width=\"1140\" data-original-height=\"285\" > <div class=\"gallery-group images-1\" style=\"width: 285px; height: 285px;\" data-original-width=\"285\" data-original-height=\"285\" > <div class=\"tiled-gallery-item tiled-gallery-item-large\" itemprop=\"associatedMedia\" itemscope itemtype=\"http:\/\/schema.org\/ImageObject\"> <a href=\"https:\/\/altinnov.blog\/index.php\/fr\/2021\/12\/19\/street-art-montmartre-paris-article\/oeuvre-street-art-la-comancha-de-tzigrafik-a-montmartre\/\" border=\"0\" itemprop=\"url\"> <meta itemprop=\"width\" content=\"281\"> <meta itemprop=\"height\" content=\"281\"> <img class=\"\" data-attachment-id=\"4788\" data-orig-file=\"https:\/\/altinnov.blog\/wp-content\/uploads\/2021\/12\/Oeuvre-Street-Art-La-Comancha-de-Tzigrafik-a\u0300-Montmartre--scaled.jpg\" data-orig-size=\"2560,2560\" data-comments-opened=\"1\" data-image-meta=\"{&quot;aperture&quot;:&quot;2&quot;,&quot;credit&quot;:&quot;&quot;,&quot;camera&quot;:&quot;iPhone 11 Pro&quot;,&quot;caption&quot;:&quot;&quot;,&quot;created_timestamp&quot;:&quot;1639053589&quot;,&quot;copyright&quot;:&quot;&quot;,&quot;focal_length&quot;:&quot;6&quot;,&quot;iso&quot;:&quot;20&quot;,&quot;shutter_speed&quot;:&quot;0.0036231884057971&quot;,&quot;title&quot;:&quot;&quot;,&quot;orientation&quot;:&quot;1&quot;}\" data-image-title=\"Oeuvre Street Art La Comancha de Tzigrafik a\u0300 Montmartre\" data-image-description=\"&lt;p&gt;Oeuvre Street Art La Comancha de Tzigrafik a\u0300 Montmartre&lt;\/p&gt; \" data-medium-file=\"https:\/\/i0.wp.com\/altinnov.blog\/wp-content\/uploads\/2021\/12\/Oeuvre-Street-Art-La-Comancha-de-Tzigrafik-a\u0300-Montmartre--scaled.jpg?fit=300%2C300&#038;ssl=1\" data-large-file=\"https:\/\/i0.wp.com\/altinnov.blog\/wp-content\/uploads\/2021\/12\/Oeuvre-Street-Art-La-Comancha-de-Tzigrafik-a\u0300-Montmartre--scaled.jpg?fit=1024%2C1024&#038;ssl=1\" src=\"https:\/\/i0.wp.com\/altinnov.blog\/wp-content\/uploads\/2021\/12\/Oeuvre-Street-Art-La-Comancha-de-Tzigrafik-a\u0300-Montmartre--scaled.jpg?w=281&#038;h=281&#038;crop=1&#038;ssl=1\" srcset=\"https:\/\/i0.wp.com\/altinnov.blog\/wp-content\/uploads\/2021\/12\/Oeuvre-Street-Art-La-Comancha-de-Tzigrafik-a\u0300-Montmartre--scaled.jpg?w=2560&amp;ssl=1 2560w, https:\/\/i0.wp.com\/altinnov.blog\/wp-content\/uploads\/2021\/12\/Oeuvre-Street-Art-La-Comancha-de-Tzigrafik-a\u0300-Montmartre--scaled.jpg?resize=300%2C300&amp;ssl=1 300w, https:\/\/i0.wp.com\/altinnov.blog\/wp-content\/uploads\/2021\/12\/Oeuvre-Street-Art-La-Comancha-de-Tzigrafik-a\u0300-Montmartre--scaled.jpg?resize=1024%2C1024&amp;ssl=1 1024w, https:\/\/i0.wp.com\/altinnov.blog\/wp-content\/uploads\/2021\/12\/Oeuvre-Street-Art-La-Comancha-de-Tzigrafik-a\u0300-Montmartre--scaled.jpg?resize=150%2C150&amp;ssl=1 150w, https:\/\/i0.wp.com\/altinnov.blog\/wp-content\/uploads\/2021\/12\/Oeuvre-Street-Art-La-Comancha-de-Tzigrafik-a\u0300-Montmartre--scaled.jpg?resize=768%2C768&amp;ssl=1 768w, https:\/\/i0.wp.com\/altinnov.blog\/wp-content\/uploads\/2021\/12\/Oeuvre-Street-Art-La-Comancha-de-Tzigrafik-a\u0300-Montmartre--scaled.jpg?resize=1536%2C1536&amp;ssl=1 1536w, https:\/\/i0.wp.com\/altinnov.blog\/wp-content\/uploads\/2021\/12\/Oeuvre-Street-Art-La-Comancha-de-Tzigrafik-a\u0300-Montmartre--scaled.jpg?resize=2048%2C2048&amp;ssl=1 2048w, https:\/\/i0.wp.com\/altinnov.blog\/wp-content\/uploads\/2021\/12\/Oeuvre-Street-Art-La-Comancha-de-Tzigrafik-a\u0300-Montmartre--scaled.jpg?w=2280&amp;ssl=1 2280w\" width=\"281\" height=\"281\" loading=\"lazy\" data-original-width=\"281\" data-original-height=\"281\" itemprop=\"http:\/\/schema.org\/image\" title=\"Oeuvre Street Art La Comancha de Tzigrafik a\u0300 Montmartre\" alt=\"Oeuvre Street Art La Comancha de Tzigrafik a\u0300 Montmartre\" style=\"width: 281px; height: 281px;\" \/> <\/a> <div class=\"tiled-gallery-caption\" itemprop=\"caption description\"> Tzigrafik <\/div> <\/div> <\/div> <!-- close group --> <div class=\"gallery-group images-1\" style=\"width: 285px; height: 285px;\" data-original-width=\"285\" data-original-height=\"285\" > <div class=\"tiled-gallery-item tiled-gallery-item-large\" itemprop=\"associatedMedia\" itemscope itemtype=\"http:\/\/schema.org\/ImageObject\"> <a href=\"https:\/\/altinnov.blog\/index.php\/fr\/2021\/12\/19\/street-art-montmartre-paris-article\/peinture-street-art-de-maria-pena-coto-a-montmartre-2\/\" border=\"0\" itemprop=\"url\"> <meta itemprop=\"width\" content=\"281\"> <meta itemprop=\"height\" content=\"281\"> <img class=\"\" data-attachment-id=\"4792\" data-orig-file=\"https:\/\/altinnov.blog\/wp-content\/uploads\/2021\/12\/Peinture-Street-Art-de-Maria-Pena-Coto-a\u0300-Montmartre-1-scaled.jpg\" data-orig-size=\"2560,2560\" data-comments-opened=\"1\" data-image-meta=\"{&quot;aperture&quot;:&quot;2.2&quot;,&quot;credit&quot;:&quot;&quot;,&quot;camera&quot;:&quot;iPhone 6s Plus&quot;,&quot;caption&quot;:&quot;&quot;,&quot;created_timestamp&quot;:&quot;1635616504&quot;,&quot;copyright&quot;:&quot;&quot;,&quot;focal_length&quot;:&quot;4.15&quot;,&quot;iso&quot;:&quot;32&quot;,&quot;shutter_speed&quot;:&quot;0.058823529411765&quot;,&quot;title&quot;:&quot;&quot;,&quot;orientation&quot;:&quot;0&quot;}\" data-image-title=\"Peinture Street Art de Maria Pena Coto a\u0300 Montmartre\" data-image-description=\"\" data-medium-file=\"https:\/\/i0.wp.com\/altinnov.blog\/wp-content\/uploads\/2021\/12\/Peinture-Street-Art-de-Maria-Pena-Coto-a\u0300-Montmartre-1-scaled.jpg?fit=300%2C300&#038;ssl=1\" data-large-file=\"https:\/\/i0.wp.com\/altinnov.blog\/wp-content\/uploads\/2021\/12\/Peinture-Street-Art-de-Maria-Pena-Coto-a\u0300-Montmartre-1-scaled.jpg?fit=1024%2C1024&#038;ssl=1\" src=\"https:\/\/i0.wp.com\/altinnov.blog\/wp-content\/uploads\/2021\/12\/Peinture-Street-Art-de-Maria-Pena-Coto-a\u0300-Montmartre-1-scaled.jpg?w=281&#038;h=281&#038;crop=1&#038;ssl=1\" srcset=\"https:\/\/i0.wp.com\/altinnov.blog\/wp-content\/uploads\/2021\/12\/Peinture-Street-Art-de-Maria-Pena-Coto-a\u0300-Montmartre-1-scaled.jpg?w=2560&amp;ssl=1 2560w, https:\/\/i0.wp.com\/altinnov.blog\/wp-content\/uploads\/2021\/12\/Peinture-Street-Art-de-Maria-Pena-Coto-a\u0300-Montmartre-1-scaled.jpg?resize=300%2C300&amp;ssl=1 300w, https:\/\/i0.wp.com\/altinnov.blog\/wp-content\/uploads\/2021\/12\/Peinture-Street-Art-de-Maria-Pena-Coto-a\u0300-Montmartre-1-scaled.jpg?resize=1024%2C1024&amp;ssl=1 1024w, https:\/\/i0.wp.com\/altinnov.blog\/wp-content\/uploads\/2021\/12\/Peinture-Street-Art-de-Maria-Pena-Coto-a\u0300-Montmartre-1-scaled.jpg?resize=150%2C150&amp;ssl=1 150w, https:\/\/i0.wp.com\/altinnov.blog\/wp-content\/uploads\/2021\/12\/Peinture-Street-Art-de-Maria-Pena-Coto-a\u0300-Montmartre-1-scaled.jpg?resize=768%2C768&amp;ssl=1 768w, https:\/\/i0.wp.com\/altinnov.blog\/wp-content\/uploads\/2021\/12\/Peinture-Street-Art-de-Maria-Pena-Coto-a\u0300-Montmartre-1-scaled.jpg?resize=1536%2C1536&amp;ssl=1 1536w, https:\/\/i0.wp.com\/altinnov.blog\/wp-content\/uploads\/2021\/12\/Peinture-Street-Art-de-Maria-Pena-Coto-a\u0300-Montmartre-1-scaled.jpg?resize=2048%2C2048&amp;ssl=1 2048w, https:\/\/i0.wp.com\/altinnov.blog\/wp-content\/uploads\/2021\/12\/Peinture-Street-Art-de-Maria-Pena-Coto-a\u0300-Montmartre-1-scaled.jpg?w=2280&amp;ssl=1 2280w\" width=\"281\" height=\"281\" loading=\"lazy\" data-original-width=\"281\" data-original-height=\"281\" itemprop=\"http:\/\/schema.org\/image\" title=\"Peinture Street Art de Maria Pena Coto a\u0300 Montmartre\" alt=\"Peinture Street Art de Maria Pena Coto a\u0300 Montmartre\" style=\"width: 281px; height: 281px;\" \/> <\/a> <div class=\"tiled-gallery-caption\" itemprop=\"caption description\"> Maria Pe\u00f1a Coto &#8211; Photo @Altinnov <\/div> <\/div> <\/div> <!-- close group --> <div class=\"gallery-group images-1\" style=\"width: 285px; height: 285px;\" data-original-width=\"285\" data-original-height=\"285\" > <div class=\"tiled-gallery-item tiled-gallery-item-large\" itemprop=\"associatedMedia\" itemscope itemtype=\"http:\/\/schema.org\/ImageObject\"> <a href=\"https:\/\/altinnov.blog\/index.php\/fr\/2021\/12\/19\/street-art-montmartre-paris-article\/oeuvre-de-akiza_akiza-a-montmartre-2\/\" border=\"0\" itemprop=\"url\"> <meta itemprop=\"width\" content=\"281\"> <meta itemprop=\"height\" content=\"281\"> <img class=\"\" data-attachment-id=\"4790\" data-orig-file=\"https:\/\/altinnov.blog\/wp-content\/uploads\/2021\/12\/Oeuvre-de-Akiza_Akiza-a\u0300-Montmartre-1-scaled.jpg\" data-orig-size=\"2558,2560\" data-comments-opened=\"1\" data-image-meta=\"{&quot;aperture&quot;:&quot;1.8&quot;,&quot;credit&quot;:&quot;&quot;,&quot;camera&quot;:&quot;iPhone 11 Pro&quot;,&quot;caption&quot;:&quot;&quot;,&quot;created_timestamp&quot;:&quot;1639053413&quot;,&quot;copyright&quot;:&quot;&quot;,&quot;focal_length&quot;:&quot;4.25&quot;,&quot;iso&quot;:&quot;32&quot;,&quot;shutter_speed&quot;:&quot;0.0054644808743169&quot;,&quot;title&quot;:&quot;&quot;,&quot;orientation&quot;:&quot;0&quot;}\" data-image-title=\"Oeuvre de Akiza_Akiza a\u0300 Montmartre\" data-image-description=\"&lt;p&gt;Oeuvre de Akiza_Akiza a\u0300 Montmartre&lt;\/p&gt; \" data-medium-file=\"https:\/\/i0.wp.com\/altinnov.blog\/wp-content\/uploads\/2021\/12\/Oeuvre-de-Akiza_Akiza-a\u0300-Montmartre-1-scaled.jpg?fit=300%2C300&#038;ssl=1\" data-large-file=\"https:\/\/i0.wp.com\/altinnov.blog\/wp-content\/uploads\/2021\/12\/Oeuvre-de-Akiza_Akiza-a\u0300-Montmartre-1-scaled.jpg?fit=1024%2C1024&#038;ssl=1\" src=\"https:\/\/i0.wp.com\/altinnov.blog\/wp-content\/uploads\/2021\/12\/Oeuvre-de-Akiza_Akiza-a\u0300-Montmartre-1-scaled.jpg?w=281&#038;h=281&#038;crop=1&#038;ssl=1\" srcset=\"https:\/\/i0.wp.com\/altinnov.blog\/wp-content\/uploads\/2021\/12\/Oeuvre-de-Akiza_Akiza-a\u0300-Montmartre-1-scaled.jpg?w=2558&amp;ssl=1 2558w, https:\/\/i0.wp.com\/altinnov.blog\/wp-content\/uploads\/2021\/12\/Oeuvre-de-Akiza_Akiza-a\u0300-Montmartre-1-scaled.jpg?resize=300%2C300&amp;ssl=1 300w, https:\/\/i0.wp.com\/altinnov.blog\/wp-content\/uploads\/2021\/12\/Oeuvre-de-Akiza_Akiza-a\u0300-Montmartre-1-scaled.jpg?resize=1024%2C1024&amp;ssl=1 1024w, https:\/\/i0.wp.com\/altinnov.blog\/wp-content\/uploads\/2021\/12\/Oeuvre-de-Akiza_Akiza-a\u0300-Montmartre-1-scaled.jpg?resize=150%2C150&amp;ssl=1 150w, https:\/\/i0.wp.com\/altinnov.blog\/wp-content\/uploads\/2021\/12\/Oeuvre-de-Akiza_Akiza-a\u0300-Montmartre-1-scaled.jpg?resize=768%2C769&amp;ssl=1 768w, https:\/\/i0.wp.com\/altinnov.blog\/wp-content\/uploads\/2021\/12\/Oeuvre-de-Akiza_Akiza-a\u0300-Montmartre-1-scaled.jpg?resize=1536%2C1536&amp;ssl=1 1536w, https:\/\/i0.wp.com\/altinnov.blog\/wp-content\/uploads\/2021\/12\/Oeuvre-de-Akiza_Akiza-a\u0300-Montmartre-1-scaled.jpg?resize=2048%2C2048&amp;ssl=1 2048w, https:\/\/i0.wp.com\/altinnov.blog\/wp-content\/uploads\/2021\/12\/Oeuvre-de-Akiza_Akiza-a\u0300-Montmartre-1-scaled.jpg?w=2280&amp;ssl=1 2280w\" width=\"281\" height=\"281\" loading=\"lazy\" data-original-width=\"281\" data-original-height=\"281\" itemprop=\"http:\/\/schema.org\/image\" title=\"Oeuvre de Akiza_Akiza a\u0300 Montmartre\" alt=\"Oeuvre de Akiza_Akiza a\u0300 Montmartre\" style=\"width: 281px; height: 281px;\" \/> <\/a> <div class=\"tiled-gallery-caption\" itemprop=\"caption description\"> Akiza &#8211; Photo @Altinnov <\/div> <\/div> <\/div> <!-- close group --> <div class=\"gallery-group images-1\" style=\"width: 285px; height: 285px;\" data-original-width=\"285\" data-original-height=\"285\" > <div class=\"tiled-gallery-item tiled-gallery-item-large\" itemprop=\"associatedMedia\" itemscope itemtype=\"http:\/\/schema.org\/ImageObject\"> <a href=\"https:\/\/altinnov.blog\/index.php\/fr\/2021\/12\/19\/street-art-montmartre-paris-article\/oeuvre-de-monsieur-plus-street-art-a-montmartre\/\" border=\"0\" itemprop=\"url\"> <meta itemprop=\"width\" content=\"281\"> <meta itemprop=\"height\" content=\"281\"> <img class=\"\" data-attachment-id=\"4789\" data-orig-file=\"https:\/\/altinnov.blog\/wp-content\/uploads\/2021\/12\/Oeuvre-de-Monsieur-Plus-Street-Art-a\u0300-Montmartre-scaled.jpg\" data-orig-size=\"2560,2560\" data-comments-opened=\"1\" data-image-meta=\"{&quot;aperture&quot;:&quot;1.8&quot;,&quot;credit&quot;:&quot;&quot;,&quot;camera&quot;:&quot;iPhone 11 Pro&quot;,&quot;caption&quot;:&quot;&quot;,&quot;created_timestamp&quot;:&quot;1639053230&quot;,&quot;copyright&quot;:&quot;&quot;,&quot;focal_length&quot;:&quot;4.25&quot;,&quot;iso&quot;:&quot;40&quot;,&quot;shutter_speed&quot;:&quot;0.0081967213114754&quot;,&quot;title&quot;:&quot;&quot;,&quot;orientation&quot;:&quot;0&quot;}\" data-image-title=\"Oeuvre de Monsieur Plus Street Art a\u0300 Montmartre\" data-image-description=\"&lt;p&gt;Oeuvre de Monsieur Plus Street Art a\u0300 Montmartre&lt;\/p&gt; \" data-medium-file=\"https:\/\/i0.wp.com\/altinnov.blog\/wp-content\/uploads\/2021\/12\/Oeuvre-de-Monsieur-Plus-Street-Art-a\u0300-Montmartre-scaled.jpg?fit=300%2C300&#038;ssl=1\" data-large-file=\"https:\/\/i0.wp.com\/altinnov.blog\/wp-content\/uploads\/2021\/12\/Oeuvre-de-Monsieur-Plus-Street-Art-a\u0300-Montmartre-scaled.jpg?fit=1024%2C1024&#038;ssl=1\" src=\"https:\/\/i0.wp.com\/altinnov.blog\/wp-content\/uploads\/2021\/12\/Oeuvre-de-Monsieur-Plus-Street-Art-a\u0300-Montmartre-scaled.jpg?w=281&#038;h=281&#038;crop=1&#038;ssl=1\" srcset=\"https:\/\/i0.wp.com\/altinnov.blog\/wp-content\/uploads\/2021\/12\/Oeuvre-de-Monsieur-Plus-Street-Art-a\u0300-Montmartre-scaled.jpg?w=2560&amp;ssl=1 2560w, https:\/\/i0.wp.com\/altinnov.blog\/wp-content\/uploads\/2021\/12\/Oeuvre-de-Monsieur-Plus-Street-Art-a\u0300-Montmartre-scaled.jpg?resize=300%2C300&amp;ssl=1 300w, https:\/\/i0.wp.com\/altinnov.blog\/wp-content\/uploads\/2021\/12\/Oeuvre-de-Monsieur-Plus-Street-Art-a\u0300-Montmartre-scaled.jpg?resize=1024%2C1024&amp;ssl=1 1024w, https:\/\/i0.wp.com\/altinnov.blog\/wp-content\/uploads\/2021\/12\/Oeuvre-de-Monsieur-Plus-Street-Art-a\u0300-Montmartre-scaled.jpg?resize=150%2C150&amp;ssl=1 150w, https:\/\/i0.wp.com\/altinnov.blog\/wp-content\/uploads\/2021\/12\/Oeuvre-de-Monsieur-Plus-Street-Art-a\u0300-Montmartre-scaled.jpg?resize=768%2C768&amp;ssl=1 768w, https:\/\/i0.wp.com\/altinnov.blog\/wp-content\/uploads\/2021\/12\/Oeuvre-de-Monsieur-Plus-Street-Art-a\u0300-Montmartre-scaled.jpg?resize=1536%2C1536&amp;ssl=1 1536w, https:\/\/i0.wp.com\/altinnov.blog\/wp-content\/uploads\/2021\/12\/Oeuvre-de-Monsieur-Plus-Street-Art-a\u0300-Montmartre-scaled.jpg?resize=2048%2C2048&amp;ssl=1 2048w, https:\/\/i0.wp.com\/altinnov.blog\/wp-content\/uploads\/2021\/12\/Oeuvre-de-Monsieur-Plus-Street-Art-a\u0300-Montmartre-scaled.jpg?w=2280&amp;ssl=1 2280w\" width=\"281\" height=\"281\" loading=\"lazy\" data-original-width=\"281\" data-original-height=\"281\" itemprop=\"http:\/\/schema.org\/image\" title=\"Oeuvre de Monsieur Plus Street Art a\u0300 Montmartre\" alt=\"Oeuvre de Monsieur Plus Street Art a\u0300 Montmartre\" style=\"width: 281px; height: 281px;\" \/> <\/a> <div class=\"tiled-gallery-caption\" itemprop=\"caption description\"> Monsieur Plus <\/div> <\/div> <\/div> <!-- close group --> <\/div> <!-- close row --> <\/div>\n<p>&nbsp;<\/p>\n<p>En arrivant \u00e0 l&rsquo;angle de la<strong> rue Germain Pilon<\/strong>, c&rsquo;est une immense fresque du\u00a0duo d\u2019agitateurs <strong><a href=\"https:\/\/titomulk.com\/\" target=\"_blank\" rel=\"noopener\">Tito &amp; Mulk<\/a><\/strong> qui vient vous r\u00e9veiller. On sent dans leur \u0153uvre une forte inspiration \u00ab\u00a0comics\u00a0\u00bb. Ils s\u2019amusent \u00e0 d\u00e9rouler des sortes de cadavres exquis sur les murs en utilisant des mots d\u2019enfants ou des r\u00e9flexions plus intimes. Leur \u00ab\u00a0Ce qui ne nous tue pas nous rend plus fort\u00a0\u00bb emprunt\u00e9 \u00e0 Nietzsche est une r\u00e9ponse au Covid d\u00e9livr\u00e9e par une infirmi\u00e8re super-h\u00e9ro\u00a0! Leur univers un peu d\u00e9jant\u00e9 n\u2019a pu m\u2019emp\u00eacher de penser au dessinateur Crumb\u00a0!<\/p>\n<p>&nbsp;<\/p>\n<div id=\"attachment_4797\" style=\"width: 1034px\" class=\"wp-caption aligncenter\"><img aria-describedby=\"caption-attachment-4797\" decoding=\"async\" loading=\"lazy\" class=\"wp-image-4797 size-large\" src=\"https:\/\/i0.wp.com\/altinnov.blog\/wp-content\/uploads\/2021\/12\/Ce-qui-ne-nous-tue-pas-nous-rend-plus-fort-Nietzsche-Fresque-murale-street-art-montmartre-par-le-duo-TitoMulk.jpg?resize=1024%2C676&#038;ssl=1\" alt=\"Street Art \u00e0 Montmartre : Ce qui ne nous tue pas nous rend plus fort - Nietzsche - Fresque murale street art montmartre par le duo TitoMulk\" width=\"1024\" height=\"676\" srcset=\"https:\/\/i0.wp.com\/altinnov.blog\/wp-content\/uploads\/2021\/12\/Ce-qui-ne-nous-tue-pas-nous-rend-plus-fort-Nietzsche-Fresque-murale-street-art-montmartre-par-le-duo-TitoMulk-scaled.jpg?resize=1024%2C676&amp;ssl=1 1024w, https:\/\/i0.wp.com\/altinnov.blog\/wp-content\/uploads\/2021\/12\/Ce-qui-ne-nous-tue-pas-nous-rend-plus-fort-Nietzsche-Fresque-murale-street-art-montmartre-par-le-duo-TitoMulk-scaled.jpg?resize=300%2C198&amp;ssl=1 300w, https:\/\/i0.wp.com\/altinnov.blog\/wp-content\/uploads\/2021\/12\/Ce-qui-ne-nous-tue-pas-nous-rend-plus-fort-Nietzsche-Fresque-murale-street-art-montmartre-par-le-duo-TitoMulk-scaled.jpg?resize=768%2C507&amp;ssl=1 768w, https:\/\/i0.wp.com\/altinnov.blog\/wp-content\/uploads\/2021\/12\/Ce-qui-ne-nous-tue-pas-nous-rend-plus-fort-Nietzsche-Fresque-murale-street-art-montmartre-par-le-duo-TitoMulk-scaled.jpg?resize=1536%2C1014&amp;ssl=1 1536w, https:\/\/i0.wp.com\/altinnov.blog\/wp-content\/uploads\/2021\/12\/Ce-qui-ne-nous-tue-pas-nous-rend-plus-fort-Nietzsche-Fresque-murale-street-art-montmartre-par-le-duo-TitoMulk-scaled.jpg?resize=2048%2C1352&amp;ssl=1 2048w, https:\/\/i0.wp.com\/altinnov.blog\/wp-content\/uploads\/2021\/12\/Ce-qui-ne-nous-tue-pas-nous-rend-plus-fort-Nietzsche-Fresque-murale-street-art-montmartre-par-le-duo-TitoMulk-scaled.jpg?w=2280&amp;ssl=1 2280w\" sizes=\"(max-width: 1024px) 100vw, 1024px\" data-recalc-dims=\"1\" \/><p id=\"caption-attachment-4797\" class=\"wp-caption-text\">Ce qui ne nous tue pas nous rend plus fort &#8211; Titomulk &#8211; Photo @Altinnov<\/p><\/div>\n<p>&nbsp;<\/p>\n<p>Quand on se trouve rue Germain Pilon, la tentative de remonter vers les Abbesses est grande; mais un petit conseil, commencez par ouvrir l&rsquo;\u0153il autour de cette fresque. Juste au coin de la rue vous d\u00e9couvrirez un portrait de l\u2019artiste <a href=\"https:\/\/www.instagram.com\/no.street.art\/\" target=\"_blank\" rel=\"noopener\"><strong>N\u00f4<\/strong><\/a> surplomb\u00e9 par un pochoir d\u2019<strong>Akiza<\/strong>.<\/p>\n<p>&nbsp;<\/p>\n<div id=\"attachment_4799\" style=\"width: 1034px\" class=\"wp-caption aligncenter\"><img aria-describedby=\"caption-attachment-4799\" decoding=\"async\" loading=\"lazy\" class=\"size-large wp-image-4799\" src=\"https:\/\/i0.wp.com\/altinnov.blog\/wp-content\/uploads\/2021\/12\/Oeuvre-de-lartiste-No\u0302-situe\u0301e-rue-Germain-Pilon-a\u0300-Montmartre.jpg?resize=1024%2C1024&#038;ssl=1\" alt=\"Oeuvre de l'artiste No\u0302 situe\u0301e rue Germain Pilon a\u0300 Montmartre\" width=\"1024\" height=\"1024\" srcset=\"https:\/\/i0.wp.com\/altinnov.blog\/wp-content\/uploads\/2021\/12\/Oeuvre-de-lartiste-No\u0302-situe\u0301e-rue-Germain-Pilon-a\u0300-Montmartre-scaled.jpg?resize=1024%2C1024&amp;ssl=1 1024w, https:\/\/i0.wp.com\/altinnov.blog\/wp-content\/uploads\/2021\/12\/Oeuvre-de-lartiste-No\u0302-situe\u0301e-rue-Germain-Pilon-a\u0300-Montmartre-scaled.jpg?resize=300%2C300&amp;ssl=1 300w, https:\/\/i0.wp.com\/altinnov.blog\/wp-content\/uploads\/2021\/12\/Oeuvre-de-lartiste-No\u0302-situe\u0301e-rue-Germain-Pilon-a\u0300-Montmartre-scaled.jpg?resize=150%2C150&amp;ssl=1 150w, https:\/\/i0.wp.com\/altinnov.blog\/wp-content\/uploads\/2021\/12\/Oeuvre-de-lartiste-No\u0302-situe\u0301e-rue-Germain-Pilon-a\u0300-Montmartre-scaled.jpg?resize=768%2C768&amp;ssl=1 768w, https:\/\/i0.wp.com\/altinnov.blog\/wp-content\/uploads\/2021\/12\/Oeuvre-de-lartiste-No\u0302-situe\u0301e-rue-Germain-Pilon-a\u0300-Montmartre-scaled.jpg?resize=1536%2C1536&amp;ssl=1 1536w, https:\/\/i0.wp.com\/altinnov.blog\/wp-content\/uploads\/2021\/12\/Oeuvre-de-lartiste-No\u0302-situe\u0301e-rue-Germain-Pilon-a\u0300-Montmartre-scaled.jpg?resize=2048%2C2048&amp;ssl=1 2048w, https:\/\/i0.wp.com\/altinnov.blog\/wp-content\/uploads\/2021\/12\/Oeuvre-de-lartiste-No\u0302-situe\u0301e-rue-Germain-Pilon-a\u0300-Montmartre-scaled.jpg?w=2280&amp;ssl=1 2280w\" sizes=\"(max-width: 1024px) 100vw, 1024px\" data-recalc-dims=\"1\" \/><p id=\"caption-attachment-4799\" class=\"wp-caption-text\">N\u00f4 &#8211; Photo @Altinnov<\/p><\/div>\n<p>&nbsp;<\/p>\n<p>Continuez jusqu\u2019au bout de la rue V\u00e9ron, et quelques surprises vous attendrons <strong>rue Andr\u00e9 Antoine<\/strong>. Si je vous conseille de vous engouffrer dans cette rue c\u2019est aussi parce qu\u2019une des plus belles fa\u00e7ade de l\u2019art nouveau s\u2019y cache \u00e9loign\u00e9e des touristes. R\u00e9alis\u00e9e par le sculpteur fran\u00e7ais Fran\u00e7ois Cogn\u00e9 qui avait des accointances avec des dirigeants politiques peu recommandables\u00a0; cette fa\u00e7ade reste un secret bien gard\u00e9 du quartier\u00a0\ud83d\ude09<\/p>\n<p>&nbsp;<\/p>\n<div id=\"attachment_4800\" style=\"width: 893px\" class=\"wp-caption aligncenter\"><img aria-describedby=\"caption-attachment-4800\" decoding=\"async\" loading=\"lazy\" class=\"size-large wp-image-4800\" src=\"https:\/\/i0.wp.com\/altinnov.blog\/wp-content\/uploads\/2021\/12\/fac\u0327ade-Art-Nouveau-dans-le-quartier-de-Montmartre-a\u0300-Paris-re\u0301alise\u0301e-par-Franc\u0327ois-Cogne\u0301.jpg?resize=883%2C1024&#038;ssl=1\" alt=\"fac\u0327ade Art Nouveau dans le quartier de Montmartre a\u0300 Paris - re\u0301alise\u0301e par Franc\u0327ois Cogne\u0301\" width=\"883\" height=\"1024\" srcset=\"https:\/\/i0.wp.com\/altinnov.blog\/wp-content\/uploads\/2021\/12\/fac\u0327ade-Art-Nouveau-dans-le-quartier-de-Montmartre-a\u0300-Paris-re\u0301alise\u0301e-par-Franc\u0327ois-Cogne\u0301-scaled.jpg?resize=883%2C1024&amp;ssl=1 883w, https:\/\/i0.wp.com\/altinnov.blog\/wp-content\/uploads\/2021\/12\/fac\u0327ade-Art-Nouveau-dans-le-quartier-de-Montmartre-a\u0300-Paris-re\u0301alise\u0301e-par-Franc\u0327ois-Cogne\u0301-scaled.jpg?resize=259%2C300&amp;ssl=1 259w, https:\/\/i0.wp.com\/altinnov.blog\/wp-content\/uploads\/2021\/12\/fac\u0327ade-Art-Nouveau-dans-le-quartier-de-Montmartre-a\u0300-Paris-re\u0301alise\u0301e-par-Franc\u0327ois-Cogne\u0301-scaled.jpg?resize=768%2C890&amp;ssl=1 768w, https:\/\/i0.wp.com\/altinnov.blog\/wp-content\/uploads\/2021\/12\/fac\u0327ade-Art-Nouveau-dans-le-quartier-de-Montmartre-a\u0300-Paris-re\u0301alise\u0301e-par-Franc\u0327ois-Cogne\u0301-scaled.jpg?resize=1325%2C1536&amp;ssl=1 1325w, https:\/\/i0.wp.com\/altinnov.blog\/wp-content\/uploads\/2021\/12\/fac\u0327ade-Art-Nouveau-dans-le-quartier-de-Montmartre-a\u0300-Paris-re\u0301alise\u0301e-par-Franc\u0327ois-Cogne\u0301-scaled.jpg?resize=1766%2C2048&amp;ssl=1 1766w\" sizes=\"(max-width: 883px) 100vw, 883px\" data-recalc-dims=\"1\" \/><p id=\"caption-attachment-4800\" class=\"wp-caption-text\">Fran\u00e7ois Cogn\u00e9 &#8211; Photo @Altinnov<\/p><\/div>\n<p>&nbsp;<\/p>\n<p>Vous imaginez bien que je ne vous ai pas fait venir jusque l\u00e0 pour une fa\u00e7ade\u00a0! Non cette rue est remplie de petites surprises. On y retrouve une \u0153uvre tr\u00e8s po\u00e9tique de <strong>Maria Pe\u00f1a Coto<\/strong>, des pochoirs d\u2019<strong>Akiza<\/strong> et votre mont\u00e9e d\u2019escaliers en direction des Abbesses sera ponctu\u00e9e de surprises comme cette Frida Kahlo de l\u2019artiste <a href=\"https:\/\/www.instagram.com\/c_plus_s_street_art\/\" target=\"_blank\" rel=\"noopener\"><strong>C+S<\/strong><\/a>, ou encore les petites phrases de <a href=\"https:\/\/www.instagram.com\/singularvintage\/\" target=\"_blank\" rel=\"noopener\"><strong>Singular Vintage<\/strong><\/a>.<\/p>\n<p>&nbsp;<\/p>\n<div class=\"tiled-gallery type-rectangular tiled-gallery-unresized\" data-original-width=\"1140\" data-carousel-extra='null' itemscope itemtype=\"http:\/\/schema.org\/ImageGallery\" > <div class=\"gallery-row\" style=\"width: 1140px; height: 1051px;\" data-original-width=\"1140\" data-original-height=\"1051\" > <div class=\"gallery-group images-1\" style=\"width: 790px; height: 1051px;\" data-original-width=\"790\" data-original-height=\"1051\" > <div class=\"tiled-gallery-item tiled-gallery-item-large\" itemprop=\"associatedMedia\" itemscope itemtype=\"http:\/\/schema.org\/ImageObject\"> <a href=\"https:\/\/altinnov.blog\/index.php\/fr\/2021\/12\/19\/street-art-montmartre-paris-article\/img_6512\/\" border=\"0\" itemprop=\"url\"> <meta itemprop=\"width\" content=\"786\"> <meta itemprop=\"height\" content=\"1047\"> <img class=\"\" data-attachment-id=\"4801\" data-orig-file=\"https:\/\/altinnov.blog\/wp-content\/uploads\/2021\/12\/IMG_6512-scaled.jpg\" data-orig-size=\"1920,2560\" data-comments-opened=\"1\" data-image-meta=\"{&quot;aperture&quot;:&quot;1.8&quot;,&quot;credit&quot;:&quot;&quot;,&quot;camera&quot;:&quot;iPhone 11 Pro&quot;,&quot;caption&quot;:&quot;&quot;,&quot;created_timestamp&quot;:&quot;1639053806&quot;,&quot;copyright&quot;:&quot;&quot;,&quot;focal_length&quot;:&quot;4.25&quot;,&quot;iso&quot;:&quot;50&quot;,&quot;shutter_speed&quot;:&quot;0.0082644628099174&quot;,&quot;title&quot;:&quot;&quot;,&quot;orientation&quot;:&quot;0&quot;}\" data-image-title=\"Enfants Jouant aux billes\" data-image-description=\"&lt;p&gt;Enfants jouant aux billes &#8211; Maria Pe\u00f1a Coto -Photo @Altinnov&lt;\/p&gt; \" data-medium-file=\"https:\/\/i0.wp.com\/altinnov.blog\/wp-content\/uploads\/2021\/12\/IMG_6512-scaled.jpg?fit=225%2C300&#038;ssl=1\" data-large-file=\"https:\/\/i0.wp.com\/altinnov.blog\/wp-content\/uploads\/2021\/12\/IMG_6512-scaled.jpg?fit=768%2C1024&#038;ssl=1\" src=\"https:\/\/i0.wp.com\/altinnov.blog\/wp-content\/uploads\/2021\/12\/IMG_6512-scaled.jpg?w=786&#038;h=1047&#038;ssl=1\" srcset=\"https:\/\/i0.wp.com\/altinnov.blog\/wp-content\/uploads\/2021\/12\/IMG_6512-scaled.jpg?w=1920&amp;ssl=1 1920w, https:\/\/i0.wp.com\/altinnov.blog\/wp-content\/uploads\/2021\/12\/IMG_6512-scaled.jpg?resize=225%2C300&amp;ssl=1 225w, https:\/\/i0.wp.com\/altinnov.blog\/wp-content\/uploads\/2021\/12\/IMG_6512-scaled.jpg?resize=768%2C1024&amp;ssl=1 768w, https:\/\/i0.wp.com\/altinnov.blog\/wp-content\/uploads\/2021\/12\/IMG_6512-scaled.jpg?resize=1152%2C1536&amp;ssl=1 1152w, https:\/\/i0.wp.com\/altinnov.blog\/wp-content\/uploads\/2021\/12\/IMG_6512-scaled.jpg?resize=1536%2C2048&amp;ssl=1 1536w\" width=\"786\" height=\"1047\" loading=\"lazy\" data-original-width=\"786\" data-original-height=\"1047\" itemprop=\"http:\/\/schema.org\/image\" title=\"Enfants Jouant aux billes\" alt=\"Enfants jouant aux billes - Maria Pe\u00f1a Coto -Photo @Altinnov\" style=\"width: 786px; height: 1047px;\" \/> <\/a> <div class=\"tiled-gallery-caption\" itemprop=\"caption description\"> Maria Pe\u00f1a Coto -Photo @Altinnov <\/div> <\/div> <\/div> <!-- close group --> <div class=\"gallery-group images-3\" style=\"width: 350px; height: 1051px;\" data-original-width=\"350\" data-original-height=\"1051\" > <div class=\"tiled-gallery-item tiled-gallery-item-large\" itemprop=\"associatedMedia\" itemscope itemtype=\"http:\/\/schema.org\/ImageObject\"> <a href=\"https:\/\/altinnov.blog\/index.php\/fr\/2021\/12\/19\/street-art-montmartre-paris-article\/img_6524\/\" border=\"0\" itemprop=\"url\"> <meta itemprop=\"width\" content=\"346\"> <meta itemprop=\"height\" content=\"347\"> <img class=\"\" data-attachment-id=\"4805\" data-orig-file=\"https:\/\/altinnov.blog\/wp-content\/uploads\/2021\/12\/IMG_6524-scaled.jpg\" data-orig-size=\"2560,2560\" data-comments-opened=\"1\" data-image-meta=\"{&quot;aperture&quot;:&quot;1.8&quot;,&quot;credit&quot;:&quot;&quot;,&quot;camera&quot;:&quot;iPhone 11 Pro&quot;,&quot;caption&quot;:&quot;&quot;,&quot;created_timestamp&quot;:&quot;1639054047&quot;,&quot;copyright&quot;:&quot;&quot;,&quot;focal_length&quot;:&quot;4.25&quot;,&quot;iso&quot;:&quot;40&quot;,&quot;shutter_speed&quot;:&quot;0.0082644628099174&quot;,&quot;title&quot;:&quot;&quot;,&quot;orientation&quot;:&quot;0&quot;}\" data-image-title=\"Singular Vintage\" data-image-description=\"&lt;p&gt;Singular Vintage&lt;\/p&gt; \" data-medium-file=\"https:\/\/i0.wp.com\/altinnov.blog\/wp-content\/uploads\/2021\/12\/IMG_6524-scaled.jpg?fit=300%2C300&#038;ssl=1\" data-large-file=\"https:\/\/i0.wp.com\/altinnov.blog\/wp-content\/uploads\/2021\/12\/IMG_6524-scaled.jpg?fit=1024%2C1024&#038;ssl=1\" src=\"https:\/\/i0.wp.com\/altinnov.blog\/wp-content\/uploads\/2021\/12\/IMG_6524-scaled.jpg?w=346&#038;h=347&#038;ssl=1\" srcset=\"https:\/\/i0.wp.com\/altinnov.blog\/wp-content\/uploads\/2021\/12\/IMG_6524-scaled.jpg?w=2560&amp;ssl=1 2560w, https:\/\/i0.wp.com\/altinnov.blog\/wp-content\/uploads\/2021\/12\/IMG_6524-scaled.jpg?resize=300%2C300&amp;ssl=1 300w, https:\/\/i0.wp.com\/altinnov.blog\/wp-content\/uploads\/2021\/12\/IMG_6524-scaled.jpg?resize=1024%2C1024&amp;ssl=1 1024w, https:\/\/i0.wp.com\/altinnov.blog\/wp-content\/uploads\/2021\/12\/IMG_6524-scaled.jpg?resize=150%2C150&amp;ssl=1 150w, https:\/\/i0.wp.com\/altinnov.blog\/wp-content\/uploads\/2021\/12\/IMG_6524-scaled.jpg?resize=768%2C768&amp;ssl=1 768w, https:\/\/i0.wp.com\/altinnov.blog\/wp-content\/uploads\/2021\/12\/IMG_6524-scaled.jpg?resize=1536%2C1536&amp;ssl=1 1536w, https:\/\/i0.wp.com\/altinnov.blog\/wp-content\/uploads\/2021\/12\/IMG_6524-scaled.jpg?resize=2048%2C2048&amp;ssl=1 2048w, https:\/\/i0.wp.com\/altinnov.blog\/wp-content\/uploads\/2021\/12\/IMG_6524-scaled.jpg?w=2280&amp;ssl=1 2280w\" width=\"346\" height=\"347\" loading=\"lazy\" data-original-width=\"346\" data-original-height=\"347\" itemprop=\"http:\/\/schema.org\/image\" title=\"Singular Vintage\" alt=\"Singular Vintage\" style=\"width: 346px; height: 347px;\" \/> <\/a> <div class=\"tiled-gallery-caption\" itemprop=\"caption description\"> Singular Vintage &#8211; Photo @Altinnov <\/div> <\/div> <div class=\"tiled-gallery-item tiled-gallery-item-large\" itemprop=\"associatedMedia\" itemscope itemtype=\"http:\/\/schema.org\/ImageObject\"> <a href=\"https:\/\/altinnov.blog\/index.php\/fr\/2021\/12\/19\/street-art-montmartre-paris-article\/img_6516\/\" border=\"0\" itemprop=\"url\"> <meta itemprop=\"width\" content=\"346\"> <meta itemprop=\"height\" content=\"346\"> <img class=\"\" data-attachment-id=\"4803\" data-orig-file=\"https:\/\/altinnov.blog\/wp-content\/uploads\/2021\/12\/IMG_6516.jpg\" data-orig-size=\"2410,2410\" data-comments-opened=\"1\" data-image-meta=\"{&quot;aperture&quot;:&quot;1.8&quot;,&quot;credit&quot;:&quot;&quot;,&quot;camera&quot;:&quot;iPhone 11 Pro&quot;,&quot;caption&quot;:&quot;&quot;,&quot;created_timestamp&quot;:&quot;1639053861&quot;,&quot;copyright&quot;:&quot;&quot;,&quot;focal_length&quot;:&quot;4.25&quot;,&quot;iso&quot;:&quot;32&quot;,&quot;shutter_speed&quot;:&quot;0.0064516129032258&quot;,&quot;title&quot;:&quot;&quot;,&quot;orientation&quot;:&quot;0&quot;}\" data-image-title=\"Akiza\" data-image-description=\"&lt;p&gt;pochoir de l&amp;rsquo;artiste Akiza&lt;\/p&gt; \" data-medium-file=\"https:\/\/i0.wp.com\/altinnov.blog\/wp-content\/uploads\/2021\/12\/IMG_6516.jpg?fit=300%2C300&#038;ssl=1\" data-large-file=\"https:\/\/i0.wp.com\/altinnov.blog\/wp-content\/uploads\/2021\/12\/IMG_6516.jpg?fit=1024%2C1024&#038;ssl=1\" src=\"https:\/\/i0.wp.com\/altinnov.blog\/wp-content\/uploads\/2021\/12\/IMG_6516.jpg?w=346&#038;h=346&#038;crop=1&#038;ssl=1\" srcset=\"https:\/\/i0.wp.com\/altinnov.blog\/wp-content\/uploads\/2021\/12\/IMG_6516.jpg?w=2410&amp;ssl=1 2410w, https:\/\/i0.wp.com\/altinnov.blog\/wp-content\/uploads\/2021\/12\/IMG_6516.jpg?resize=300%2C300&amp;ssl=1 300w, https:\/\/i0.wp.com\/altinnov.blog\/wp-content\/uploads\/2021\/12\/IMG_6516.jpg?resize=1024%2C1024&amp;ssl=1 1024w, https:\/\/i0.wp.com\/altinnov.blog\/wp-content\/uploads\/2021\/12\/IMG_6516.jpg?resize=150%2C150&amp;ssl=1 150w, https:\/\/i0.wp.com\/altinnov.blog\/wp-content\/uploads\/2021\/12\/IMG_6516.jpg?resize=768%2C768&amp;ssl=1 768w, https:\/\/i0.wp.com\/altinnov.blog\/wp-content\/uploads\/2021\/12\/IMG_6516.jpg?resize=1536%2C1536&amp;ssl=1 1536w, https:\/\/i0.wp.com\/altinnov.blog\/wp-content\/uploads\/2021\/12\/IMG_6516.jpg?resize=2048%2C2048&amp;ssl=1 2048w, https:\/\/i0.wp.com\/altinnov.blog\/wp-content\/uploads\/2021\/12\/IMG_6516.jpg?w=2280&amp;ssl=1 2280w\" width=\"346\" height=\"346\" loading=\"lazy\" data-original-width=\"346\" data-original-height=\"346\" itemprop=\"http:\/\/schema.org\/image\" title=\"Akiza\" alt=\"pochoir de l&#039;artiste Akiza\" style=\"width: 346px; height: 346px;\" \/> <\/a> <div class=\"tiled-gallery-caption\" itemprop=\"caption description\"> Akiza &#8211; Photo @Altinnov <\/div> <\/div> <div class=\"tiled-gallery-item tiled-gallery-item-large\" itemprop=\"associatedMedia\" itemscope itemtype=\"http:\/\/schema.org\/ImageObject\"> <a href=\"https:\/\/altinnov.blog\/index.php\/fr\/2021\/12\/19\/street-art-montmartre-paris-article\/img_6523\/\" border=\"0\" itemprop=\"url\"> <meta itemprop=\"width\" content=\"346\"> <meta itemprop=\"height\" content=\"346\"> <img class=\"\" data-attachment-id=\"4804\" data-orig-file=\"https:\/\/altinnov.blog\/wp-content\/uploads\/2021\/12\/IMG_6523-scaled.jpg\" data-orig-size=\"2560,2560\" data-comments-opened=\"1\" data-image-meta=\"{&quot;aperture&quot;:&quot;2&quot;,&quot;credit&quot;:&quot;&quot;,&quot;camera&quot;:&quot;iPhone 11 Pro&quot;,&quot;caption&quot;:&quot;&quot;,&quot;created_timestamp&quot;:&quot;1639054030&quot;,&quot;copyright&quot;:&quot;&quot;,&quot;focal_length&quot;:&quot;6&quot;,&quot;iso&quot;:&quot;64&quot;,&quot;shutter_speed&quot;:&quot;0.0081967213114754&quot;,&quot;title&quot;:&quot;&quot;,&quot;orientation&quot;:&quot;0&quot;}\" data-image-title=\"C+S\" data-image-description=\"&lt;p&gt;oeuvre de l&amp;rsquo;artiste C+S&lt;\/p&gt; \" data-medium-file=\"https:\/\/i0.wp.com\/altinnov.blog\/wp-content\/uploads\/2021\/12\/IMG_6523-scaled.jpg?fit=300%2C300&#038;ssl=1\" data-large-file=\"https:\/\/i0.wp.com\/altinnov.blog\/wp-content\/uploads\/2021\/12\/IMG_6523-scaled.jpg?fit=1024%2C1024&#038;ssl=1\" src=\"https:\/\/i0.wp.com\/altinnov.blog\/wp-content\/uploads\/2021\/12\/IMG_6523-scaled.jpg?w=346&#038;h=346&#038;crop=1&#038;ssl=1\" srcset=\"https:\/\/i0.wp.com\/altinnov.blog\/wp-content\/uploads\/2021\/12\/IMG_6523-scaled.jpg?w=2560&amp;ssl=1 2560w, https:\/\/i0.wp.com\/altinnov.blog\/wp-content\/uploads\/2021\/12\/IMG_6523-scaled.jpg?resize=300%2C300&amp;ssl=1 300w, https:\/\/i0.wp.com\/altinnov.blog\/wp-content\/uploads\/2021\/12\/IMG_6523-scaled.jpg?resize=1024%2C1024&amp;ssl=1 1024w, https:\/\/i0.wp.com\/altinnov.blog\/wp-content\/uploads\/2021\/12\/IMG_6523-scaled.jpg?resize=150%2C150&amp;ssl=1 150w, https:\/\/i0.wp.com\/altinnov.blog\/wp-content\/uploads\/2021\/12\/IMG_6523-scaled.jpg?resize=768%2C768&amp;ssl=1 768w, https:\/\/i0.wp.com\/altinnov.blog\/wp-content\/uploads\/2021\/12\/IMG_6523-scaled.jpg?resize=1536%2C1536&amp;ssl=1 1536w, https:\/\/i0.wp.com\/altinnov.blog\/wp-content\/uploads\/2021\/12\/IMG_6523-scaled.jpg?resize=2048%2C2048&amp;ssl=1 2048w, https:\/\/i0.wp.com\/altinnov.blog\/wp-content\/uploads\/2021\/12\/IMG_6523-scaled.jpg?w=2280&amp;ssl=1 2280w\" width=\"346\" height=\"346\" loading=\"lazy\" data-original-width=\"346\" data-original-height=\"346\" itemprop=\"http:\/\/schema.org\/image\" title=\"C+S\" alt=\"oeuvre de l&#039;artiste C+S\" style=\"width: 346px; height: 346px;\" \/> <\/a> <div class=\"tiled-gallery-caption\" itemprop=\"caption description\"> C+S &#8211; Photo @Altinnov <\/div> <\/div> <\/div> <!-- close group --> <\/div> <!-- close row --> <div class=\"gallery-row\" style=\"width: 1140px; height: 1140px;\" data-original-width=\"1140\" data-original-height=\"1140\" > <div class=\"gallery-group images-1\" style=\"width: 1140px; height: 1140px;\" data-original-width=\"1140\" data-original-height=\"1140\" > <div class=\"tiled-gallery-item tiled-gallery-item-large\" itemprop=\"associatedMedia\" itemscope itemtype=\"http:\/\/schema.org\/ImageObject\"> <a href=\"https:\/\/altinnov.blog\/index.php\/fr\/2021\/12\/19\/street-art-montmartre-paris-article\/img_6515\/\" border=\"0\" itemprop=\"url\"> <meta itemprop=\"width\" content=\"1136\"> <meta itemprop=\"height\" content=\"1136\"> <img class=\"\" data-attachment-id=\"4802\" data-orig-file=\"https:\/\/altinnov.blog\/wp-content\/uploads\/2021\/12\/IMG_6515-scaled.jpg\" data-orig-size=\"2560,2560\" data-comments-opened=\"1\" data-image-meta=\"{&quot;aperture&quot;:&quot;1.8&quot;,&quot;credit&quot;:&quot;&quot;,&quot;camera&quot;:&quot;iPhone 11 Pro&quot;,&quot;caption&quot;:&quot;&quot;,&quot;created_timestamp&quot;:&quot;1639053828&quot;,&quot;copyright&quot;:&quot;&quot;,&quot;focal_length&quot;:&quot;4.25&quot;,&quot;iso&quot;:&quot;64&quot;,&quot;shutter_speed&quot;:&quot;0.0081967213114754&quot;,&quot;title&quot;:&quot;&quot;,&quot;orientation&quot;:&quot;0&quot;}\" data-image-title=\"oeuvre de MAria Pena Coto\" data-image-description=\"&lt;p&gt;Enfants jouant aux billes &#8211; Maria Pe\u00f1a Coto -Photo @Altinnov&lt;\/p&gt; \" data-medium-file=\"https:\/\/i0.wp.com\/altinnov.blog\/wp-content\/uploads\/2021\/12\/IMG_6515-scaled.jpg?fit=300%2C300&#038;ssl=1\" data-large-file=\"https:\/\/i0.wp.com\/altinnov.blog\/wp-content\/uploads\/2021\/12\/IMG_6515-scaled.jpg?fit=1024%2C1024&#038;ssl=1\" src=\"https:\/\/i0.wp.com\/altinnov.blog\/wp-content\/uploads\/2021\/12\/IMG_6515-scaled.jpg?w=1136&#038;h=1136&#038;crop=1&#038;ssl=1\" srcset=\"https:\/\/i0.wp.com\/altinnov.blog\/wp-content\/uploads\/2021\/12\/IMG_6515-scaled.jpg?w=2560&amp;ssl=1 2560w, https:\/\/i0.wp.com\/altinnov.blog\/wp-content\/uploads\/2021\/12\/IMG_6515-scaled.jpg?resize=300%2C300&amp;ssl=1 300w, https:\/\/i0.wp.com\/altinnov.blog\/wp-content\/uploads\/2021\/12\/IMG_6515-scaled.jpg?resize=1024%2C1024&amp;ssl=1 1024w, https:\/\/i0.wp.com\/altinnov.blog\/wp-content\/uploads\/2021\/12\/IMG_6515-scaled.jpg?resize=150%2C150&amp;ssl=1 150w, https:\/\/i0.wp.com\/altinnov.blog\/wp-content\/uploads\/2021\/12\/IMG_6515-scaled.jpg?resize=768%2C768&amp;ssl=1 768w, https:\/\/i0.wp.com\/altinnov.blog\/wp-content\/uploads\/2021\/12\/IMG_6515-scaled.jpg?resize=1536%2C1536&amp;ssl=1 1536w, https:\/\/i0.wp.com\/altinnov.blog\/wp-content\/uploads\/2021\/12\/IMG_6515-scaled.jpg?resize=2048%2C2048&amp;ssl=1 2048w, https:\/\/i0.wp.com\/altinnov.blog\/wp-content\/uploads\/2021\/12\/IMG_6515-scaled.jpg?w=2280&amp;ssl=1 2280w\" width=\"1136\" height=\"1136\" loading=\"lazy\" data-original-width=\"1136\" data-original-height=\"1136\" itemprop=\"http:\/\/schema.org\/image\" title=\"oeuvre de MAria Pena Coto\" alt=\"Enfants jouant aux billes - Maria Pe\u00f1a Coto -Photo @Altinnov\" style=\"width: 1136px; height: 1136px;\" \/> <\/a> <div class=\"tiled-gallery-caption\" itemprop=\"caption description\"> Maria Pe\u00f1a Coto -Photo @Altinnov <\/div> <\/div> <\/div> <!-- close group --> <\/div> <!-- close row --> <\/div>\n<p>&nbsp;<\/p>\n<p>Vous serez certainement un peu essouffl\u00e9 en arrivant au sommet mais l\u00e0 encore\u2026 petit cadeau\u00a0: une jolie jeune fille de <a href=\"https:\/\/www.instagram.com\/janaundjs\/\" target=\"_blank\" rel=\"noopener\"><strong>Jana &amp; JS<\/strong><\/a>, l\u2019univers naturel &amp; animalier d\u2019<a href=\"https:\/\/www.instagram.com\/olivia_de_bona\/\" target=\"_blank\" rel=\"noopener\"><strong>Olivia de Bona<\/strong><\/a> et quelques <a href=\"https:\/\/altinnov.blog\/index.php\/fr\/2018\/06\/22\/invaders-paris-lyon-new-york\/\" target=\"_blank\" rel=\"noopener\"><strong>Invader<\/strong><\/a> vous accueilleront.<\/p>\n<p>&nbsp;<\/p>\n<div class=\"tiled-gallery type-rectangular tiled-gallery-unresized\" data-original-width=\"1140\" data-carousel-extra='null' itemscope itemtype=\"http:\/\/schema.org\/ImageGallery\" > <div class=\"gallery-row\" style=\"width: 1140px; height: 442px;\" data-original-width=\"1140\" data-original-height=\"442\" > <div class=\"gallery-group images-1\" style=\"width: 333px; height: 442px;\" data-original-width=\"333\" data-original-height=\"442\" > <div class=\"tiled-gallery-item tiled-gallery-item-large\" itemprop=\"associatedMedia\" itemscope itemtype=\"http:\/\/schema.org\/ImageObject\"> <a href=\"https:\/\/altinnov.blog\/index.php\/fr\/2021\/12\/19\/street-art-montmartre-paris-article\/img_6525\/\" border=\"0\" itemprop=\"url\"> <meta itemprop=\"width\" content=\"329\"> <meta itemprop=\"height\" content=\"438\"> <img class=\"\" data-attachment-id=\"4810\" data-orig-file=\"https:\/\/altinnov.blog\/wp-content\/uploads\/2021\/12\/IMG_6525-scaled.jpg\" data-orig-size=\"1920,2560\" data-comments-opened=\"1\" data-image-meta=\"{&quot;aperture&quot;:&quot;1.8&quot;,&quot;credit&quot;:&quot;&quot;,&quot;camera&quot;:&quot;iPhone 11 Pro&quot;,&quot;caption&quot;:&quot;&quot;,&quot;created_timestamp&quot;:&quot;1639054080&quot;,&quot;copyright&quot;:&quot;&quot;,&quot;focal_length&quot;:&quot;4.25&quot;,&quot;iso&quot;:&quot;32&quot;,&quot;shutter_speed&quot;:&quot;0.0047619047619048&quot;,&quot;title&quot;:&quot;&quot;,&quot;orientation&quot;:&quot;1&quot;}\" data-image-title=\"Jana &#038; JS\" data-image-description=\"&lt;p&gt;Jana &#038; JS&lt;\/p&gt; \" data-medium-file=\"https:\/\/i0.wp.com\/altinnov.blog\/wp-content\/uploads\/2021\/12\/IMG_6525-scaled.jpg?fit=225%2C300&#038;ssl=1\" data-large-file=\"https:\/\/i0.wp.com\/altinnov.blog\/wp-content\/uploads\/2021\/12\/IMG_6525-scaled.jpg?fit=768%2C1024&#038;ssl=1\" src=\"https:\/\/i0.wp.com\/altinnov.blog\/wp-content\/uploads\/2021\/12\/IMG_6525-scaled.jpg?w=329&#038;h=438&#038;ssl=1\" srcset=\"https:\/\/i0.wp.com\/altinnov.blog\/wp-content\/uploads\/2021\/12\/IMG_6525-scaled.jpg?w=1920&amp;ssl=1 1920w, https:\/\/i0.wp.com\/altinnov.blog\/wp-content\/uploads\/2021\/12\/IMG_6525-scaled.jpg?resize=225%2C300&amp;ssl=1 225w, https:\/\/i0.wp.com\/altinnov.blog\/wp-content\/uploads\/2021\/12\/IMG_6525-scaled.jpg?resize=768%2C1024&amp;ssl=1 768w, https:\/\/i0.wp.com\/altinnov.blog\/wp-content\/uploads\/2021\/12\/IMG_6525-scaled.jpg?resize=1152%2C1536&amp;ssl=1 1152w, https:\/\/i0.wp.com\/altinnov.blog\/wp-content\/uploads\/2021\/12\/IMG_6525-scaled.jpg?resize=1536%2C2048&amp;ssl=1 1536w\" width=\"329\" height=\"438\" loading=\"lazy\" data-original-width=\"329\" data-original-height=\"438\" itemprop=\"http:\/\/schema.org\/image\" title=\"Jana &amp; JS\" alt=\"Jana &amp; JS\" style=\"width: 329px; height: 438px;\" \/> <\/a> <div class=\"tiled-gallery-caption\" itemprop=\"caption description\"> Jana &#038; JS &#8211; Photo @Altinnov <\/div> <\/div> <\/div> <!-- close group --> <div class=\"gallery-group images-1\" style=\"width: 365px; height: 442px;\" data-original-width=\"365\" data-original-height=\"442\" > <div class=\"tiled-gallery-item tiled-gallery-item-large\" itemprop=\"associatedMedia\" itemscope itemtype=\"http:\/\/schema.org\/ImageObject\"> <a href=\"https:\/\/altinnov.blog\/index.php\/fr\/2021\/12\/19\/street-art-montmartre-paris-article\/img_6545\/\" border=\"0\" itemprop=\"url\"> <meta itemprop=\"width\" content=\"361\"> <meta itemprop=\"height\" content=\"438\"> <img class=\"\" data-attachment-id=\"4812\" data-orig-file=\"https:\/\/altinnov.blog\/wp-content\/uploads\/2021\/12\/IMG_6545-scaled.jpg\" data-orig-size=\"2108,2560\" data-comments-opened=\"1\" data-image-meta=\"{&quot;aperture&quot;:&quot;1.8&quot;,&quot;credit&quot;:&quot;&quot;,&quot;camera&quot;:&quot;iPhone 11 Pro&quot;,&quot;caption&quot;:&quot;&quot;,&quot;created_timestamp&quot;:&quot;1639054524&quot;,&quot;copyright&quot;:&quot;&quot;,&quot;focal_length&quot;:&quot;4.25&quot;,&quot;iso&quot;:&quot;64&quot;,&quot;shutter_speed&quot;:&quot;0.0082644628099174&quot;,&quot;title&quot;:&quot;&quot;,&quot;orientation&quot;:&quot;0&quot;}\" data-image-title=\"Olivia de Bona\" data-image-description=\"&lt;p&gt;oeuvre repr\u00e9sentant deux renards r\u00e9alis\u00e9e par Olivia de Bona&lt;\/p&gt; \" data-medium-file=\"https:\/\/i0.wp.com\/altinnov.blog\/wp-content\/uploads\/2021\/12\/IMG_6545-scaled.jpg?fit=247%2C300&#038;ssl=1\" data-large-file=\"https:\/\/i0.wp.com\/altinnov.blog\/wp-content\/uploads\/2021\/12\/IMG_6545-scaled.jpg?fit=843%2C1024&#038;ssl=1\" src=\"https:\/\/i0.wp.com\/altinnov.blog\/wp-content\/uploads\/2021\/12\/IMG_6545-scaled.jpg?w=361&#038;h=438&#038;ssl=1\" srcset=\"https:\/\/i0.wp.com\/altinnov.blog\/wp-content\/uploads\/2021\/12\/IMG_6545-scaled.jpg?w=2108&amp;ssl=1 2108w, https:\/\/i0.wp.com\/altinnov.blog\/wp-content\/uploads\/2021\/12\/IMG_6545-scaled.jpg?resize=247%2C300&amp;ssl=1 247w, https:\/\/i0.wp.com\/altinnov.blog\/wp-content\/uploads\/2021\/12\/IMG_6545-scaled.jpg?resize=843%2C1024&amp;ssl=1 843w, https:\/\/i0.wp.com\/altinnov.blog\/wp-content\/uploads\/2021\/12\/IMG_6545-scaled.jpg?resize=768%2C933&amp;ssl=1 768w, https:\/\/i0.wp.com\/altinnov.blog\/wp-content\/uploads\/2021\/12\/IMG_6545-scaled.jpg?resize=1265%2C1536&amp;ssl=1 1265w, https:\/\/i0.wp.com\/altinnov.blog\/wp-content\/uploads\/2021\/12\/IMG_6545-scaled.jpg?resize=1686%2C2048&amp;ssl=1 1686w\" width=\"361\" height=\"438\" loading=\"lazy\" data-original-width=\"361\" data-original-height=\"438\" itemprop=\"http:\/\/schema.org\/image\" title=\"Olivia de Bona\" alt=\"oeuvre repr\u00e9sentant deux renards r\u00e9alis\u00e9e par Olivia de Bona\" style=\"width: 361px; height: 438px;\" \/> <\/a> <div class=\"tiled-gallery-caption\" itemprop=\"caption description\"> Olivia de Bona &#8211; Photo @Altinnov <\/div> <\/div> <\/div> <!-- close group --> <div class=\"gallery-group images-1\" style=\"width: 442px; height: 442px;\" data-original-width=\"442\" data-original-height=\"442\" > <div class=\"tiled-gallery-item tiled-gallery-item-large\" itemprop=\"associatedMedia\" itemscope itemtype=\"http:\/\/schema.org\/ImageObject\"> <a href=\"https:\/\/altinnov.blog\/index.php\/fr\/2021\/12\/19\/street-art-montmartre-paris-article\/img_6543\/\" border=\"0\" itemprop=\"url\"> <meta itemprop=\"width\" content=\"438\"> <meta itemprop=\"height\" content=\"438\"> <img class=\"\" data-attachment-id=\"4811\" data-orig-file=\"https:\/\/altinnov.blog\/wp-content\/uploads\/2021\/12\/IMG_6543-scaled.jpg\" data-orig-size=\"2560,2560\" data-comments-opened=\"1\" data-image-meta=\"{&quot;aperture&quot;:&quot;2&quot;,&quot;credit&quot;:&quot;&quot;,&quot;camera&quot;:&quot;iPhone 11 Pro&quot;,&quot;caption&quot;:&quot;&quot;,&quot;created_timestamp&quot;:&quot;1639054502&quot;,&quot;copyright&quot;:&quot;&quot;,&quot;focal_length&quot;:&quot;6&quot;,&quot;iso&quot;:&quot;20&quot;,&quot;shutter_speed&quot;:&quot;0.0017921146953405&quot;,&quot;title&quot;:&quot;&quot;,&quot;orientation&quot;:&quot;0&quot;}\" data-image-title=\"Invader\" data-image-description=\"&lt;p&gt;Invader&lt;\/p&gt; \" data-medium-file=\"https:\/\/i0.wp.com\/altinnov.blog\/wp-content\/uploads\/2021\/12\/IMG_6543-scaled.jpg?fit=300%2C300&#038;ssl=1\" data-large-file=\"https:\/\/i0.wp.com\/altinnov.blog\/wp-content\/uploads\/2021\/12\/IMG_6543-scaled.jpg?fit=1024%2C1024&#038;ssl=1\" src=\"https:\/\/i0.wp.com\/altinnov.blog\/wp-content\/uploads\/2021\/12\/IMG_6543-scaled.jpg?w=438&#038;h=438&#038;crop=1&#038;ssl=1\" srcset=\"https:\/\/i0.wp.com\/altinnov.blog\/wp-content\/uploads\/2021\/12\/IMG_6543-scaled.jpg?w=2560&amp;ssl=1 2560w, https:\/\/i0.wp.com\/altinnov.blog\/wp-content\/uploads\/2021\/12\/IMG_6543-scaled.jpg?resize=300%2C300&amp;ssl=1 300w, https:\/\/i0.wp.com\/altinnov.blog\/wp-content\/uploads\/2021\/12\/IMG_6543-scaled.jpg?resize=1024%2C1024&amp;ssl=1 1024w, https:\/\/i0.wp.com\/altinnov.blog\/wp-content\/uploads\/2021\/12\/IMG_6543-scaled.jpg?resize=150%2C150&amp;ssl=1 150w, https:\/\/i0.wp.com\/altinnov.blog\/wp-content\/uploads\/2021\/12\/IMG_6543-scaled.jpg?resize=768%2C768&amp;ssl=1 768w, https:\/\/i0.wp.com\/altinnov.blog\/wp-content\/uploads\/2021\/12\/IMG_6543-scaled.jpg?resize=1536%2C1536&amp;ssl=1 1536w, https:\/\/i0.wp.com\/altinnov.blog\/wp-content\/uploads\/2021\/12\/IMG_6543-scaled.jpg?resize=2048%2C2048&amp;ssl=1 2048w, https:\/\/i0.wp.com\/altinnov.blog\/wp-content\/uploads\/2021\/12\/IMG_6543-scaled.jpg?w=2280&amp;ssl=1 2280w\" width=\"438\" height=\"438\" loading=\"lazy\" data-original-width=\"438\" data-original-height=\"438\" itemprop=\"http:\/\/schema.org\/image\" title=\"Invader\" alt=\"Invader\" style=\"width: 438px; height: 438px;\" \/> <\/a> <div class=\"tiled-gallery-caption\" itemprop=\"caption description\"> Invader &#8211; Photo @Altinnov <\/div> <\/div> <\/div> <!-- close group --> <\/div> <!-- close row --> <\/div>\n<p>&nbsp;<\/p>\n<h3><strong>Et si vous passiez sous le porche du Passage des Abbesses par curiosit\u00e9\u00a0!<\/strong><\/h3>\n<p>Vous ne pouvez pas louper ce porche bien connu des habitants du quartier. C\u2019est ici que l\u2019on a vu appara\u00eetre les premiers visages de l\u2019artiste <strong>Gregos<\/strong>, c\u2019est aussi ici qu\u2019on peut d\u00e9couvrir de jeunes artistes. En fait c\u2019est un peu le spot incontournable pour voir les nouveaut\u00e9s du moment\u2026 Et aussi pour essayer d\u2019\u00eatre vu\u00a0! Voici quelques photos de celui-ci avec des \u0153uvres de <a href=\"https:\/\/www.instagram.com\/gregosart\/\" target=\"_blank\" rel=\"noopener\"><strong>Gregos<\/strong><\/a> bien \u00e9videmment, et aussi de <a href=\"https:\/\/www.instagram.com\/loup_y_es_tu_\/\" target=\"_blank\" rel=\"noopener\"><strong>Loup y es-tu<\/strong><\/a>, <a href=\"https:\/\/www.instagram.com\/mimileclown\/\" target=\"_blank\" rel=\"noopener\"><strong>Mimi the Clown<\/strong><\/a>,\u2026<\/p>\n<div class=\"tiled-gallery type-rectangular tiled-gallery-unresized\" data-original-width=\"1140\" data-carousel-extra='null' itemscope itemtype=\"http:\/\/schema.org\/ImageGallery\" > <div class=\"gallery-row\" style=\"width: 1140px; height: 402px;\" data-original-width=\"1140\" data-original-height=\"402\" > <div class=\"gallery-group images-1\" style=\"width: 303px; height: 402px;\" data-original-width=\"303\" data-original-height=\"402\" > <div class=\"tiled-gallery-item tiled-gallery-item-large\" itemprop=\"associatedMedia\" itemscope itemtype=\"http:\/\/schema.org\/ImageObject\"> <a href=\"https:\/\/altinnov.blog\/index.php\/fr\/2021\/12\/19\/street-art-montmartre-paris-article\/img_6528\/\" border=\"0\" itemprop=\"url\"> <meta itemprop=\"width\" content=\"299\"> <meta itemprop=\"height\" content=\"398\"> <img class=\"\" data-attachment-id=\"4816\" data-orig-file=\"https:\/\/altinnov.blog\/wp-content\/uploads\/2021\/12\/IMG_6528-scaled.jpg\" data-orig-size=\"1920,2560\" data-comments-opened=\"1\" data-image-meta=\"{&quot;aperture&quot;:&quot;1.8&quot;,&quot;credit&quot;:&quot;&quot;,&quot;camera&quot;:&quot;iPhone 11 Pro&quot;,&quot;caption&quot;:&quot;&quot;,&quot;created_timestamp&quot;:&quot;1639054153&quot;,&quot;copyright&quot;:&quot;&quot;,&quot;focal_length&quot;:&quot;4.25&quot;,&quot;iso&quot;:&quot;32&quot;,&quot;shutter_speed&quot;:&quot;0.00094073377234243&quot;,&quot;title&quot;:&quot;&quot;,&quot;orientation&quot;:&quot;1&quot;}\" data-image-title=\"Mimi The Clown\" data-image-description=\"&lt;p&gt;Oeuvres de Mimi The Clown et Gregos \u00e0 Montmartre&lt;\/p&gt; \" data-medium-file=\"https:\/\/i0.wp.com\/altinnov.blog\/wp-content\/uploads\/2021\/12\/IMG_6528-scaled.jpg?fit=225%2C300&#038;ssl=1\" data-large-file=\"https:\/\/i0.wp.com\/altinnov.blog\/wp-content\/uploads\/2021\/12\/IMG_6528-scaled.jpg?fit=768%2C1024&#038;ssl=1\" src=\"https:\/\/i0.wp.com\/altinnov.blog\/wp-content\/uploads\/2021\/12\/IMG_6528-scaled.jpg?w=299&#038;h=398&#038;ssl=1\" srcset=\"https:\/\/i0.wp.com\/altinnov.blog\/wp-content\/uploads\/2021\/12\/IMG_6528-scaled.jpg?w=1920&amp;ssl=1 1920w, https:\/\/i0.wp.com\/altinnov.blog\/wp-content\/uploads\/2021\/12\/IMG_6528-scaled.jpg?resize=225%2C300&amp;ssl=1 225w, https:\/\/i0.wp.com\/altinnov.blog\/wp-content\/uploads\/2021\/12\/IMG_6528-scaled.jpg?resize=768%2C1024&amp;ssl=1 768w, https:\/\/i0.wp.com\/altinnov.blog\/wp-content\/uploads\/2021\/12\/IMG_6528-scaled.jpg?resize=1152%2C1536&amp;ssl=1 1152w, https:\/\/i0.wp.com\/altinnov.blog\/wp-content\/uploads\/2021\/12\/IMG_6528-scaled.jpg?resize=1536%2C2048&amp;ssl=1 1536w\" width=\"299\" height=\"398\" loading=\"lazy\" data-original-width=\"299\" data-original-height=\"398\" itemprop=\"http:\/\/schema.org\/image\" title=\"Mimi The Clown\" alt=\"Oeuvres de Mimi The Clown et Gregos \u00e0 Montmartre\" style=\"width: 299px; height: 398px;\" \/> <\/a> <div class=\"tiled-gallery-caption\" itemprop=\"caption description\"> Mimi The Clown &#038; Gregos &#8211; Photo @Altinnov <\/div> <\/div> <\/div> <!-- close group --> <div class=\"gallery-group images-1\" style=\"width: 302px; height: 402px;\" data-original-width=\"302\" data-original-height=\"402\" > <div class=\"tiled-gallery-item tiled-gallery-item-large\" itemprop=\"associatedMedia\" itemscope itemtype=\"http:\/\/schema.org\/ImageObject\"> <a href=\"https:\/\/altinnov.blog\/index.php\/fr\/2021\/12\/19\/street-art-montmartre-paris-article\/img_6529\/\" border=\"0\" itemprop=\"url\"> <meta itemprop=\"width\" content=\"298\"> <meta itemprop=\"height\" content=\"398\"> <img class=\"\" data-attachment-id=\"4817\" data-orig-file=\"https:\/\/altinnov.blog\/wp-content\/uploads\/2021\/12\/IMG_6529-scaled.jpg\" data-orig-size=\"1920,2560\" data-comments-opened=\"1\" data-image-meta=\"{&quot;aperture&quot;:&quot;1.8&quot;,&quot;credit&quot;:&quot;&quot;,&quot;camera&quot;:&quot;iPhone 11 Pro&quot;,&quot;caption&quot;:&quot;&quot;,&quot;created_timestamp&quot;:&quot;1639054170&quot;,&quot;copyright&quot;:&quot;&quot;,&quot;focal_length&quot;:&quot;4.25&quot;,&quot;iso&quot;:&quot;32&quot;,&quot;shutter_speed&quot;:&quot;0.0045454545454545&quot;,&quot;title&quot;:&quot;&quot;,&quot;orientation&quot;:&quot;1&quot;}\" data-image-title=\"Sculpture de l&amp;rsquo;artiste Gregos \u00e0 Montmartre\" data-image-description=\"&lt;p&gt;Sculpture de l&amp;rsquo;artiste Gregos \u00e0 Montmartre&lt;\/p&gt; \" data-medium-file=\"https:\/\/i0.wp.com\/altinnov.blog\/wp-content\/uploads\/2021\/12\/IMG_6529-scaled.jpg?fit=225%2C300&#038;ssl=1\" data-large-file=\"https:\/\/i0.wp.com\/altinnov.blog\/wp-content\/uploads\/2021\/12\/IMG_6529-scaled.jpg?fit=768%2C1024&#038;ssl=1\" src=\"https:\/\/i0.wp.com\/altinnov.blog\/wp-content\/uploads\/2021\/12\/IMG_6529-scaled.jpg?w=298&#038;h=398&#038;ssl=1\" srcset=\"https:\/\/i0.wp.com\/altinnov.blog\/wp-content\/uploads\/2021\/12\/IMG_6529-scaled.jpg?w=1920&amp;ssl=1 1920w, https:\/\/i0.wp.com\/altinnov.blog\/wp-content\/uploads\/2021\/12\/IMG_6529-scaled.jpg?resize=225%2C300&amp;ssl=1 225w, https:\/\/i0.wp.com\/altinnov.blog\/wp-content\/uploads\/2021\/12\/IMG_6529-scaled.jpg?resize=768%2C1024&amp;ssl=1 768w, https:\/\/i0.wp.com\/altinnov.blog\/wp-content\/uploads\/2021\/12\/IMG_6529-scaled.jpg?resize=1152%2C1536&amp;ssl=1 1152w, https:\/\/i0.wp.com\/altinnov.blog\/wp-content\/uploads\/2021\/12\/IMG_6529-scaled.jpg?resize=1536%2C2048&amp;ssl=1 1536w\" width=\"298\" height=\"398\" loading=\"lazy\" data-original-width=\"298\" data-original-height=\"398\" itemprop=\"http:\/\/schema.org\/image\" title=\"Sculpture de l&#039;artiste Gregos \u00e0 Montmartre\" alt=\"Sculpture de l&#039;artiste Gregos \u00e0 Montmartre\" style=\"width: 298px; height: 398px;\" \/> <\/a> <div class=\"tiled-gallery-caption\" itemprop=\"caption description\"> Gregos &#8211; photo @Altinnov <\/div> <\/div> <\/div> <!-- close group --> <div class=\"gallery-group images-1\" style=\"width: 535px; height: 402px;\" data-original-width=\"535\" data-original-height=\"402\" > <div class=\"tiled-gallery-item tiled-gallery-item-large\" itemprop=\"associatedMedia\" itemscope itemtype=\"http:\/\/schema.org\/ImageObject\"> <a href=\"https:\/\/altinnov.blog\/index.php\/fr\/2021\/12\/19\/street-art-montmartre-paris-article\/img_6532\/\" border=\"0\" itemprop=\"url\"> <meta itemprop=\"width\" content=\"531\"> <meta itemprop=\"height\" content=\"398\"> <img class=\"\" data-attachment-id=\"4818\" data-orig-file=\"https:\/\/altinnov.blog\/wp-content\/uploads\/2021\/12\/IMG_6532-scaled.jpg\" data-orig-size=\"2560,1920\" data-comments-opened=\"1\" data-image-meta=\"{&quot;aperture&quot;:&quot;1.8&quot;,&quot;credit&quot;:&quot;&quot;,&quot;camera&quot;:&quot;iPhone 11 Pro&quot;,&quot;caption&quot;:&quot;&quot;,&quot;created_timestamp&quot;:&quot;1639054204&quot;,&quot;copyright&quot;:&quot;&quot;,&quot;focal_length&quot;:&quot;4.25&quot;,&quot;iso&quot;:&quot;32&quot;,&quot;shutter_speed&quot;:&quot;0.0056179775280899&quot;,&quot;title&quot;:&quot;&quot;,&quot;orientation&quot;:&quot;1&quot;}\" data-image-title=\"Loup y es-tu\" data-image-description=\"&lt;p&gt;collage de l&amp;rsquo;artiste Loup y es-tu&lt;\/p&gt; \" data-medium-file=\"https:\/\/i0.wp.com\/altinnov.blog\/wp-content\/uploads\/2021\/12\/IMG_6532-scaled.jpg?fit=300%2C225&#038;ssl=1\" data-large-file=\"https:\/\/i0.wp.com\/altinnov.blog\/wp-content\/uploads\/2021\/12\/IMG_6532-scaled.jpg?fit=1024%2C768&#038;ssl=1\" src=\"https:\/\/i0.wp.com\/altinnov.blog\/wp-content\/uploads\/2021\/12\/IMG_6532-scaled.jpg?w=531&#038;h=398&#038;ssl=1\" srcset=\"https:\/\/i0.wp.com\/altinnov.blog\/wp-content\/uploads\/2021\/12\/IMG_6532-scaled.jpg?w=2560&amp;ssl=1 2560w, https:\/\/i0.wp.com\/altinnov.blog\/wp-content\/uploads\/2021\/12\/IMG_6532-scaled.jpg?resize=300%2C225&amp;ssl=1 300w, https:\/\/i0.wp.com\/altinnov.blog\/wp-content\/uploads\/2021\/12\/IMG_6532-scaled.jpg?resize=1024%2C768&amp;ssl=1 1024w, https:\/\/i0.wp.com\/altinnov.blog\/wp-content\/uploads\/2021\/12\/IMG_6532-scaled.jpg?resize=768%2C576&amp;ssl=1 768w, https:\/\/i0.wp.com\/altinnov.blog\/wp-content\/uploads\/2021\/12\/IMG_6532-scaled.jpg?resize=1536%2C1152&amp;ssl=1 1536w, https:\/\/i0.wp.com\/altinnov.blog\/wp-content\/uploads\/2021\/12\/IMG_6532-scaled.jpg?resize=2048%2C1536&amp;ssl=1 2048w, https:\/\/i0.wp.com\/altinnov.blog\/wp-content\/uploads\/2021\/12\/IMG_6532-scaled.jpg?resize=160%2C120&amp;ssl=1 160w, https:\/\/i0.wp.com\/altinnov.blog\/wp-content\/uploads\/2021\/12\/IMG_6532-scaled.jpg?w=2280&amp;ssl=1 2280w\" width=\"531\" height=\"398\" loading=\"lazy\" data-original-width=\"531\" data-original-height=\"398\" itemprop=\"http:\/\/schema.org\/image\" title=\"Loup y es-tu\" alt=\"collage de l&#039;artiste Loup y es-tu\" style=\"width: 531px; height: 398px;\" \/> <\/a> <div class=\"tiled-gallery-caption\" itemprop=\"caption description\"> Loup y es-tu &#8211; Photo @Altinnov <\/div> <\/div> <\/div> <!-- close group --> <\/div> <!-- close row --> <\/div>\n<p>&nbsp;<\/p>\n<p>L\u2019essentiel ne se trouve pas \u00e0 l\u2019entr\u00e9e du porche mais juste un peu plus loin. En fait personne ne prend jamais ce passage. Seuls les riverains s\u2019y aventurent puisqu\u2019il se finit pas d\u2019interminables escaliers\u00a0!<\/p>\n<p>&nbsp;<\/p>\n<div id=\"attachment_4820\" style=\"width: 1034px\" class=\"wp-caption aligncenter\"><img aria-describedby=\"caption-attachment-4820\" decoding=\"async\" loading=\"lazy\" class=\"size-large wp-image-4820\" src=\"https:\/\/i0.wp.com\/altinnov.blog\/wp-content\/uploads\/2021\/12\/Les-escaliers-de-Montmartre-Paris-Passage-des-Abbesses.jpg?resize=1024%2C576&#038;ssl=1\" alt=\"Les escaliers de Montmartre Paris - Passage des Abbesses\" width=\"1024\" height=\"576\" srcset=\"https:\/\/i0.wp.com\/altinnov.blog\/wp-content\/uploads\/2021\/12\/Les-escaliers-de-Montmartre-Paris-Passage-des-Abbesses-scaled.jpg?resize=1024%2C576&amp;ssl=1 1024w, https:\/\/i0.wp.com\/altinnov.blog\/wp-content\/uploads\/2021\/12\/Les-escaliers-de-Montmartre-Paris-Passage-des-Abbesses-scaled.jpg?resize=300%2C169&amp;ssl=1 300w, https:\/\/i0.wp.com\/altinnov.blog\/wp-content\/uploads\/2021\/12\/Les-escaliers-de-Montmartre-Paris-Passage-des-Abbesses-scaled.jpg?resize=768%2C432&amp;ssl=1 768w, https:\/\/i0.wp.com\/altinnov.blog\/wp-content\/uploads\/2021\/12\/Les-escaliers-de-Montmartre-Paris-Passage-des-Abbesses-scaled.jpg?resize=1536%2C864&amp;ssl=1 1536w, https:\/\/i0.wp.com\/altinnov.blog\/wp-content\/uploads\/2021\/12\/Les-escaliers-de-Montmartre-Paris-Passage-des-Abbesses-scaled.jpg?resize=2048%2C1152&amp;ssl=1 2048w, https:\/\/i0.wp.com\/altinnov.blog\/wp-content\/uploads\/2021\/12\/Les-escaliers-de-Montmartre-Paris-Passage-des-Abbesses-scaled.jpg?resize=1140%2C641&amp;ssl=1 1140w, https:\/\/i0.wp.com\/altinnov.blog\/wp-content\/uploads\/2021\/12\/Les-escaliers-de-Montmartre-Paris-Passage-des-Abbesses-scaled.jpg?resize=720%2C405&amp;ssl=1 720w, https:\/\/i0.wp.com\/altinnov.blog\/wp-content\/uploads\/2021\/12\/Les-escaliers-de-Montmartre-Paris-Passage-des-Abbesses-scaled.jpg?w=2280&amp;ssl=1 2280w\" sizes=\"(max-width: 1024px) 100vw, 1024px\" data-recalc-dims=\"1\" \/><p id=\"caption-attachment-4820\" class=\"wp-caption-text\">Passage des Abbesses &#8211; photo @Altinnov<\/p><\/div>\n<p>&nbsp;<\/p>\n<p>Si on s\u2019y aventure, m\u00eame quand Montmartre est bond\u00e9 de touristes on se retrouve au calme et on peut admirer un tr\u00e8s joli portrait d\u2019enfant r\u00e9alis\u00e9 par l\u2019artiste <strong>N\u00f4<\/strong> ou encore l\u2019excellent travail de <strong><a href=\"https:\/\/www.instagram.com\/mirages.studio\/\">Mirages<\/a> <\/strong>qui compose des visages \u00e0 partir de chef d\u2019\u0153uvres d\u2019artistes tels que <strong>Picasso<\/strong>, <strong>Velasquez<\/strong>, <strong>Gauguin<\/strong>, <strong>Courbet<\/strong>, <strong>Matisse<\/strong>,\u2026<\/p>\n<p>&nbsp;<\/p>\n<div id=\"attachment_4821\" style=\"width: 778px\" class=\"wp-caption aligncenter\"><img aria-describedby=\"caption-attachment-4821\" decoding=\"async\" loading=\"lazy\" class=\"wp-image-4821 size-large\" src=\"https:\/\/i0.wp.com\/altinnov.blog\/wp-content\/uploads\/2021\/12\/Art-Urbain-a\u0300-Montmartre-oeuvre-de-lartiste-No\u0302-Visage-denfant.jpg?resize=768%2C1024&#038;ssl=1\" alt=\"Street Art a\u0300 Montmartre - oeuvre de l'artiste No\u0302 - Visage d'enfant\" width=\"768\" height=\"1024\" srcset=\"https:\/\/i0.wp.com\/altinnov.blog\/wp-content\/uploads\/2021\/12\/Art-Urbain-a\u0300-Montmartre-oeuvre-de-lartiste-No\u0302-Visage-denfant-scaled.jpg?resize=768%2C1024&amp;ssl=1 768w, https:\/\/i0.wp.com\/altinnov.blog\/wp-content\/uploads\/2021\/12\/Art-Urbain-a\u0300-Montmartre-oeuvre-de-lartiste-No\u0302-Visage-denfant-scaled.jpg?resize=225%2C300&amp;ssl=1 225w, https:\/\/i0.wp.com\/altinnov.blog\/wp-content\/uploads\/2021\/12\/Art-Urbain-a\u0300-Montmartre-oeuvre-de-lartiste-No\u0302-Visage-denfant-scaled.jpg?resize=1152%2C1536&amp;ssl=1 1152w, https:\/\/i0.wp.com\/altinnov.blog\/wp-content\/uploads\/2021\/12\/Art-Urbain-a\u0300-Montmartre-oeuvre-de-lartiste-No\u0302-Visage-denfant-scaled.jpg?resize=1536%2C2048&amp;ssl=1 1536w, https:\/\/i0.wp.com\/altinnov.blog\/wp-content\/uploads\/2021\/12\/Art-Urbain-a\u0300-Montmartre-oeuvre-de-lartiste-No\u0302-Visage-denfant-scaled.jpg?w=1919&amp;ssl=1 1919w\" sizes=\"(max-width: 768px) 100vw, 768px\" data-recalc-dims=\"1\" \/><p id=\"caption-attachment-4821\" class=\"wp-caption-text\">N\u00f4 &#8211; Photo @Altinnov<\/p><\/div>\n<p>&nbsp;<\/p>\n<div class=\"tiled-gallery type-rectangular tiled-gallery-unresized\" data-original-width=\"1140\" data-carousel-extra='null' itemscope itemtype=\"http:\/\/schema.org\/ImageGallery\" > <div class=\"gallery-row\" style=\"width: 1140px; height: 735px;\" data-original-width=\"1140\" data-original-height=\"735\" > <div class=\"gallery-group images-1\" style=\"width: 588px; height: 735px;\" data-original-width=\"588\" data-original-height=\"735\" > <div class=\"tiled-gallery-item tiled-gallery-item-large\" itemprop=\"associatedMedia\" itemscope itemtype=\"http:\/\/schema.org\/ImageObject\"> <a href=\"https:\/\/altinnov.blog\/index.php\/fr\/2021\/12\/19\/street-art-montmartre-paris-article\/collage-de-mirages-a-montmartre\/\" border=\"0\" itemprop=\"url\"> <meta itemprop=\"width\" content=\"584\"> <meta itemprop=\"height\" content=\"731\"> <img class=\"\" data-attachment-id=\"4822\" data-orig-file=\"https:\/\/altinnov.blog\/wp-content\/uploads\/2021\/12\/Collage-de-Mirages-a\u0300-Montmartre-scaled.jpg\" data-orig-size=\"2046,2560\" data-comments-opened=\"1\" data-image-meta=\"{&quot;aperture&quot;:&quot;2.4&quot;,&quot;credit&quot;:&quot;&quot;,&quot;camera&quot;:&quot;iPhone 11 Pro&quot;,&quot;caption&quot;:&quot;&quot;,&quot;created_timestamp&quot;:&quot;1639054354&quot;,&quot;copyright&quot;:&quot;&quot;,&quot;focal_length&quot;:&quot;1.54&quot;,&quot;iso&quot;:&quot;64&quot;,&quot;shutter_speed&quot;:&quot;0.0081967213114754&quot;,&quot;title&quot;:&quot;&quot;,&quot;orientation&quot;:&quot;0&quot;}\" data-image-title=\"Collage de Mirages a\u0300 Montmartre\" data-image-description=\"&lt;p&gt;Portrait commun #1 &#8211; Le visage fran\u00e7ais &#8211; Mirages &#8211; Photo @Altinnov&lt;\/p&gt; \" data-medium-file=\"https:\/\/i0.wp.com\/altinnov.blog\/wp-content\/uploads\/2021\/12\/Collage-de-Mirages-a\u0300-Montmartre-scaled.jpg?fit=240%2C300&#038;ssl=1\" data-large-file=\"https:\/\/i0.wp.com\/altinnov.blog\/wp-content\/uploads\/2021\/12\/Collage-de-Mirages-a\u0300-Montmartre-scaled.jpg?fit=819%2C1024&#038;ssl=1\" src=\"https:\/\/i0.wp.com\/altinnov.blog\/wp-content\/uploads\/2021\/12\/Collage-de-Mirages-a\u0300-Montmartre-scaled.jpg?w=584&#038;h=731&#038;ssl=1\" srcset=\"https:\/\/i0.wp.com\/altinnov.blog\/wp-content\/uploads\/2021\/12\/Collage-de-Mirages-a\u0300-Montmartre-scaled.jpg?w=2046&amp;ssl=1 2046w, https:\/\/i0.wp.com\/altinnov.blog\/wp-content\/uploads\/2021\/12\/Collage-de-Mirages-a\u0300-Montmartre-scaled.jpg?resize=240%2C300&amp;ssl=1 240w, https:\/\/i0.wp.com\/altinnov.blog\/wp-content\/uploads\/2021\/12\/Collage-de-Mirages-a\u0300-Montmartre-scaled.jpg?resize=819%2C1024&amp;ssl=1 819w, https:\/\/i0.wp.com\/altinnov.blog\/wp-content\/uploads\/2021\/12\/Collage-de-Mirages-a\u0300-Montmartre-scaled.jpg?resize=768%2C961&amp;ssl=1 768w, https:\/\/i0.wp.com\/altinnov.blog\/wp-content\/uploads\/2021\/12\/Collage-de-Mirages-a\u0300-Montmartre-scaled.jpg?resize=1228%2C1536&amp;ssl=1 1228w, https:\/\/i0.wp.com\/altinnov.blog\/wp-content\/uploads\/2021\/12\/Collage-de-Mirages-a\u0300-Montmartre-scaled.jpg?resize=1637%2C2048&amp;ssl=1 1637w\" width=\"584\" height=\"731\" loading=\"lazy\" data-original-width=\"584\" data-original-height=\"731\" itemprop=\"http:\/\/schema.org\/image\" title=\"Collage de Mirages a\u0300 Montmartre\" alt=\"Portrait commun #1 - Le visage fran\u00e7ais - Mirages - Photo @Altinnov\" style=\"width: 584px; height: 731px;\" \/> <\/a> <div class=\"tiled-gallery-caption\" itemprop=\"caption description\"> Portrait commun #1 &#8211; Le visage fran\u00e7ais &#8211; Mirages &#8211; Photo @Altinnov <\/div> <\/div> <\/div> <!-- close group --> <div class=\"gallery-group images-1\" style=\"width: 552px; height: 735px;\" data-original-width=\"552\" data-original-height=\"735\" > <div class=\"tiled-gallery-item tiled-gallery-item-large\" itemprop=\"associatedMedia\" itemscope itemtype=\"http:\/\/schema.org\/ImageObject\"> <a href=\"https:\/\/altinnov.blog\/index.php\/fr\/2021\/12\/19\/street-art-montmartre-paris-article\/collage-de-mirages-passage-des-abbesses\/\" border=\"0\" itemprop=\"url\"> <meta itemprop=\"width\" content=\"548\"> <meta itemprop=\"height\" content=\"731\"> <img class=\"\" data-attachment-id=\"4823\" data-orig-file=\"https:\/\/altinnov.blog\/wp-content\/uploads\/2021\/12\/Collage-de-Mirages-Passage-des-Abbesses-scaled.jpg\" data-orig-size=\"1920,2560\" data-comments-opened=\"1\" data-image-meta=\"{&quot;aperture&quot;:&quot;1.8&quot;,&quot;credit&quot;:&quot;&quot;,&quot;camera&quot;:&quot;iPhone 11 Pro&quot;,&quot;caption&quot;:&quot;&quot;,&quot;created_timestamp&quot;:&quot;1639054334&quot;,&quot;copyright&quot;:&quot;&quot;,&quot;focal_length&quot;:&quot;4.25&quot;,&quot;iso&quot;:&quot;32&quot;,&quot;shutter_speed&quot;:&quot;0.0027548209366391&quot;,&quot;title&quot;:&quot;&quot;,&quot;orientation&quot;:&quot;1&quot;}\" data-image-title=\"Collage de Mirages Passage des Abbesses\" data-image-description=\"&lt;p&gt;Portrait Commun #2 &#8211; Le Visage Espagnol &#8211; Mirages &#8211; Photo @Altinnov&lt;\/p&gt; \" data-medium-file=\"https:\/\/i0.wp.com\/altinnov.blog\/wp-content\/uploads\/2021\/12\/Collage-de-Mirages-Passage-des-Abbesses-scaled.jpg?fit=225%2C300&#038;ssl=1\" data-large-file=\"https:\/\/i0.wp.com\/altinnov.blog\/wp-content\/uploads\/2021\/12\/Collage-de-Mirages-Passage-des-Abbesses-scaled.jpg?fit=768%2C1024&#038;ssl=1\" src=\"https:\/\/i0.wp.com\/altinnov.blog\/wp-content\/uploads\/2021\/12\/Collage-de-Mirages-Passage-des-Abbesses-scaled.jpg?w=548&#038;h=731&#038;ssl=1\" srcset=\"https:\/\/i0.wp.com\/altinnov.blog\/wp-content\/uploads\/2021\/12\/Collage-de-Mirages-Passage-des-Abbesses-scaled.jpg?w=1920&amp;ssl=1 1920w, https:\/\/i0.wp.com\/altinnov.blog\/wp-content\/uploads\/2021\/12\/Collage-de-Mirages-Passage-des-Abbesses-scaled.jpg?resize=225%2C300&amp;ssl=1 225w, https:\/\/i0.wp.com\/altinnov.blog\/wp-content\/uploads\/2021\/12\/Collage-de-Mirages-Passage-des-Abbesses-scaled.jpg?resize=768%2C1024&amp;ssl=1 768w, https:\/\/i0.wp.com\/altinnov.blog\/wp-content\/uploads\/2021\/12\/Collage-de-Mirages-Passage-des-Abbesses-scaled.jpg?resize=1152%2C1536&amp;ssl=1 1152w, https:\/\/i0.wp.com\/altinnov.blog\/wp-content\/uploads\/2021\/12\/Collage-de-Mirages-Passage-des-Abbesses-scaled.jpg?resize=1536%2C2048&amp;ssl=1 1536w\" width=\"548\" height=\"731\" loading=\"lazy\" data-original-width=\"548\" data-original-height=\"731\" itemprop=\"http:\/\/schema.org\/image\" title=\"Collage de Mirages Passage des Abbesses\" alt=\"Portrait Commun #2 - Le Visage Espagnol - Mirages - Photo @Altinnov\" style=\"width: 548px; height: 731px;\" \/> <\/a> <div class=\"tiled-gallery-caption\" itemprop=\"caption description\"> Portrait Commun #2 &#8211; Le Visage Espagnol &#8211; Mirages &#8211; Photo @Altinnov <\/div> <\/div> <\/div> <!-- close group --> <\/div> <!-- close row --> <\/div>\n<p>&nbsp;<\/p>\n<p>Non je ne vais pas vous conseiller de monter au ciel par cet immense escalier. Je vous r\u00e9serve cela pour plus tard\u00a0! Car juste \u00e0 c\u00f4t\u00e9 <strong>place des Abbesses<\/strong> il y a un lieu incontournable du quartier. Pour moi c\u2019est une curiosit\u00e9 touristique ! <strong>Le mur des je t\u2019aime <\/strong>est n\u00e9 il y a 21 ans ; il est constitu\u00e9 de 612 carreaux de lave \u00e9maill\u00e9e sur lesquels sont d\u00e9clam\u00e9s 311 je t\u2019aime en 280 langues. Quand la mairie du 18<sup>\u00e8me<\/sup> a lanc\u00e9 ce projet r\u00e9alis\u00e9 par l\u2019artiste calligraphe <strong>Claire Kito\u00a0<\/strong>; nous avons beaucoup rit dans le quartier car le <strong>square Jehan-Rictus<\/strong> \u00e9tait pr\u00e9sent\u00e9 comme un square romantique alors que c\u2019\u00e9tait une vraie plaque tournante o\u00f9 se vendaient toutes sortes de substances\u00a0! Mais il faut croire que les Je t\u2019aime ont eu raison des dealers car aujourd\u2019hui ce sont des milliers de touristes qui se pr\u00e9cipitent tous les jours pour se prendre en photo\u00a0! Plus aucun trafic \u00e0 l\u2019horizon, juste du love \u00e0 profusion\u00a0\ud83d\ude09<\/p>\n<p>&nbsp;<\/p>\n<div id=\"attachment_4825\" style=\"width: 1034px\" class=\"wp-caption aligncenter\"><img aria-describedby=\"caption-attachment-4825\" decoding=\"async\" loading=\"lazy\" class=\"size-large wp-image-4825\" src=\"https:\/\/i0.wp.com\/altinnov.blog\/wp-content\/uploads\/2021\/12\/Le-Mur-des-Je-taime-a\u0300-Montmartre.jpg?resize=1024%2C694&#038;ssl=1\" alt=\"Le Mur des Je t'aime a\u0300 Montmartre\" width=\"1024\" height=\"694\" srcset=\"https:\/\/i0.wp.com\/altinnov.blog\/wp-content\/uploads\/2021\/12\/Le-Mur-des-Je-taime-a\u0300-Montmartre-scaled.jpg?resize=1024%2C694&amp;ssl=1 1024w, https:\/\/i0.wp.com\/altinnov.blog\/wp-content\/uploads\/2021\/12\/Le-Mur-des-Je-taime-a\u0300-Montmartre-scaled.jpg?resize=300%2C203&amp;ssl=1 300w, https:\/\/i0.wp.com\/altinnov.blog\/wp-content\/uploads\/2021\/12\/Le-Mur-des-Je-taime-a\u0300-Montmartre-scaled.jpg?resize=768%2C520&amp;ssl=1 768w, https:\/\/i0.wp.com\/altinnov.blog\/wp-content\/uploads\/2021\/12\/Le-Mur-des-Je-taime-a\u0300-Montmartre-scaled.jpg?resize=1536%2C1041&amp;ssl=1 1536w, https:\/\/i0.wp.com\/altinnov.blog\/wp-content\/uploads\/2021\/12\/Le-Mur-des-Je-taime-a\u0300-Montmartre-scaled.jpg?resize=2048%2C1388&amp;ssl=1 2048w, https:\/\/i0.wp.com\/altinnov.blog\/wp-content\/uploads\/2021\/12\/Le-Mur-des-Je-taime-a\u0300-Montmartre-scaled.jpg?w=2280&amp;ssl=1 2280w\" sizes=\"(max-width: 1024px) 100vw, 1024px\" data-recalc-dims=\"1\" \/><p id=\"caption-attachment-4825\" class=\"wp-caption-text\">Le mur des Je t&rsquo;aime &#8211; Claire Kito &#8211; Photo @Altinnov<\/p><\/div>\n<p>&nbsp;<\/p>\n<h3><strong>La rue Briquet\u00a0: Spot incontournable du Street Art Montmartrois\u00a0!<\/strong><\/h3>\n<p>Il faut tout de m\u00eame que je vous avoue qu\u2019il y a 20 ans, la <strong>rue Briquet<\/strong> \u00e9tait la plus sordide et la plus sale du quartier. \u00c7a c\u2019est fait. Nous y allions avec des amis en fin de soir\u00e9e car la seule lumi\u00e8re que l\u2019on voyait dans cette rue \u00e9tait celle d\u2019un restaurant Indien qui fermait tr\u00e8s tard, ou pas du tout, et qui permettait de diner \u00e0 des prix d\u00e9risoires. Le restaurant est toujours l\u00e0, mais je ne m\u2019y suis pas risqu\u00e9e\u00a0\ud83d\ude09 L\u2019ambiance de la rue n\u2019a pas compl\u00e8tement chang\u00e9e\u00a0; mais ce que l\u2019on peut y voir est assez d\u00e9concertant. Je n\u2019ai m\u00eame pas envie de vous la pr\u00e9senter comme un \u00ab\u00a0spot\u00a0\u00bb car les \u0153uvres qui s\u2019y trouvent sont pleines de sentiments, d\u2019espoir, de compassion,\u2026<\/p>\n<p>Je vais vous les pr\u00e9senter comme je les ai d\u00e9couvertes en commen\u00e7ant par les \u0153uvres de l\u2019artiste <strong><a href=\"https:\/\/www.instagram.com\/18emedesigne\/\" target=\"_blank\" rel=\"noopener\">18emedesigne<\/a><\/strong> qui a un don pour retranscrire les \u00e9motions de l\u2019enfance\u00a0; ses \u0153uvres, ses regards nous parlent de m\u00e9lancolie, de tristesse et puis d\u2019un seul coup de joie, de malice,\u2026 Je vous invite de tout c\u0153ur \u00e0 suivre son travail qui est rare dans le monde du Street Art.<\/p>\n<p>&nbsp;<\/p>\n<div id=\"attachment_4827\" style=\"width: 1034px\" class=\"wp-caption aligncenter\"><img aria-describedby=\"caption-attachment-4827\" decoding=\"async\" loading=\"lazy\" class=\"size-large wp-image-4827\" src=\"https:\/\/i0.wp.com\/altinnov.blog\/wp-content\/uploads\/2021\/12\/Portrait-denfants-peint-par-lartiste-Urbain-18emedesigne-a\u0300-Montmartre.jpg?resize=1024%2C768&#038;ssl=1\" alt=\"Portraits d'enfants peint par l'artiste Urbain 18emedesigne a\u0300 Montmartre\" width=\"1024\" height=\"768\" srcset=\"https:\/\/i0.wp.com\/altinnov.blog\/wp-content\/uploads\/2021\/12\/Portrait-denfants-peint-par-lartiste-Urbain-18emedesigne-a\u0300-Montmartre-scaled.jpg?resize=1024%2C768&amp;ssl=1 1024w, https:\/\/i0.wp.com\/altinnov.blog\/wp-content\/uploads\/2021\/12\/Portrait-denfants-peint-par-lartiste-Urbain-18emedesigne-a\u0300-Montmartre-scaled.jpg?resize=300%2C225&amp;ssl=1 300w, https:\/\/i0.wp.com\/altinnov.blog\/wp-content\/uploads\/2021\/12\/Portrait-denfants-peint-par-lartiste-Urbain-18emedesigne-a\u0300-Montmartre-scaled.jpg?resize=768%2C576&amp;ssl=1 768w, https:\/\/i0.wp.com\/altinnov.blog\/wp-content\/uploads\/2021\/12\/Portrait-denfants-peint-par-lartiste-Urbain-18emedesigne-a\u0300-Montmartre-scaled.jpg?resize=1536%2C1152&amp;ssl=1 1536w, https:\/\/i0.wp.com\/altinnov.blog\/wp-content\/uploads\/2021\/12\/Portrait-denfants-peint-par-lartiste-Urbain-18emedesigne-a\u0300-Montmartre-scaled.jpg?resize=2048%2C1536&amp;ssl=1 2048w, https:\/\/i0.wp.com\/altinnov.blog\/wp-content\/uploads\/2021\/12\/Portrait-denfants-peint-par-lartiste-Urbain-18emedesigne-a\u0300-Montmartre-scaled.jpg?resize=160%2C120&amp;ssl=1 160w, https:\/\/i0.wp.com\/altinnov.blog\/wp-content\/uploads\/2021\/12\/Portrait-denfants-peint-par-lartiste-Urbain-18emedesigne-a\u0300-Montmartre-scaled.jpg?w=2280&amp;ssl=1 2280w\" sizes=\"(max-width: 1024px) 100vw, 1024px\" data-recalc-dims=\"1\" \/><p id=\"caption-attachment-4827\" class=\"wp-caption-text\">18emedesigne &#8211; Photo @Altinnov<\/p><\/div>\n<p>&nbsp;<\/p>\n<div id=\"attachment_4828\" style=\"width: 1034px\" class=\"wp-caption aligncenter\"><img aria-describedby=\"caption-attachment-4828\" decoding=\"async\" loading=\"lazy\" class=\"size-large wp-image-4828\" src=\"https:\/\/i0.wp.com\/altinnov.blog\/wp-content\/uploads\/2021\/12\/Portraits-denfants-dune-classe-de-CE2-a\u0300-Paris-Montmartre-par-lartiste-18emedesigne.jpg?resize=1024%2C768&#038;ssl=1\" alt=\"Portraits d'enfants d'une classe de CE2 a\u0300 Paris Montmartre par l'artiste 18emedesigne\" width=\"1024\" height=\"768\" srcset=\"https:\/\/i0.wp.com\/altinnov.blog\/wp-content\/uploads\/2021\/12\/Portraits-denfants-dune-classe-de-CE2-a\u0300-Paris-Montmartre-par-lartiste-18emedesigne-scaled.jpg?resize=1024%2C768&amp;ssl=1 1024w, https:\/\/i0.wp.com\/altinnov.blog\/wp-content\/uploads\/2021\/12\/Portraits-denfants-dune-classe-de-CE2-a\u0300-Paris-Montmartre-par-lartiste-18emedesigne-scaled.jpg?resize=300%2C225&amp;ssl=1 300w, https:\/\/i0.wp.com\/altinnov.blog\/wp-content\/uploads\/2021\/12\/Portraits-denfants-dune-classe-de-CE2-a\u0300-Paris-Montmartre-par-lartiste-18emedesigne-scaled.jpg?resize=768%2C576&amp;ssl=1 768w, https:\/\/i0.wp.com\/altinnov.blog\/wp-content\/uploads\/2021\/12\/Portraits-denfants-dune-classe-de-CE2-a\u0300-Paris-Montmartre-par-lartiste-18emedesigne-scaled.jpg?resize=1536%2C1152&amp;ssl=1 1536w, https:\/\/i0.wp.com\/altinnov.blog\/wp-content\/uploads\/2021\/12\/Portraits-denfants-dune-classe-de-CE2-a\u0300-Paris-Montmartre-par-lartiste-18emedesigne-scaled.jpg?resize=2048%2C1536&amp;ssl=1 2048w, https:\/\/i0.wp.com\/altinnov.blog\/wp-content\/uploads\/2021\/12\/Portraits-denfants-dune-classe-de-CE2-a\u0300-Paris-Montmartre-par-lartiste-18emedesigne-scaled.jpg?resize=160%2C120&amp;ssl=1 160w, https:\/\/i0.wp.com\/altinnov.blog\/wp-content\/uploads\/2021\/12\/Portraits-denfants-dune-classe-de-CE2-a\u0300-Paris-Montmartre-par-lartiste-18emedesigne-scaled.jpg?w=2280&amp;ssl=1 2280w\" sizes=\"(max-width: 1024px) 100vw, 1024px\" data-recalc-dims=\"1\" \/><p id=\"caption-attachment-4828\" class=\"wp-caption-text\">Enfants d&rsquo;une classe de CE2 de la rue Lepic &#8211; 18emedesigne &#8211; Photo @Altinnov<\/p><\/div>\n<p>&nbsp;<\/p>\n<p>Plus loin le portait de Martin, r\u00e9alis\u00e9 par l\u2019artiste fran\u00e7ais <strong><a href=\"https:\/\/www.instagram.com\/swed_oner\/\" target=\"_blank\" rel=\"noopener\">Swed<\/a><\/strong> s\u2019inscrit dans le projet \u00ab\u00a0support your local Homeless\u00a0\u00bb. Ce portrait est saisissant\u00a0! M\u00eal\u00e9 \u00e0 l\u2019ambiance tr\u00e8s particuli\u00e8re de la rue Briquet on pourrait penser que Martin n\u2019est pas loin. Swed a la facult\u00e9 de retranscrire dans ses \u0153uvres le v\u00e9cu de ses mod\u00e8les\u00a0; d\u00e9concertant parfois, mais profond\u00e9ment humaniste.<\/p>\n<p>&nbsp;<\/p>\n<div id=\"attachment_4830\" style=\"width: 1034px\" class=\"wp-caption aligncenter\"><img aria-describedby=\"caption-attachment-4830\" decoding=\"async\" loading=\"lazy\" class=\"size-large wp-image-4830\" src=\"https:\/\/i0.wp.com\/altinnov.blog\/wp-content\/uploads\/2021\/12\/Portrait-of-Martin-done-by-the-french-artist-Swed-in-Paris-for-the-project-Support-your-local-Homeless.jpg?resize=1024%2C1024&#038;ssl=1\" alt=\"Portrait of Martin done by the french artist Swed in Paris for the project Support your local Homeless\" width=\"1024\" height=\"1024\" srcset=\"https:\/\/i0.wp.com\/altinnov.blog\/wp-content\/uploads\/2021\/12\/Portrait-of-Martin-done-by-the-french-artist-Swed-in-Paris-for-the-project-Support-your-local-Homeless-scaled.jpg?resize=1024%2C1024&amp;ssl=1 1024w, https:\/\/i0.wp.com\/altinnov.blog\/wp-content\/uploads\/2021\/12\/Portrait-of-Martin-done-by-the-french-artist-Swed-in-Paris-for-the-project-Support-your-local-Homeless-scaled.jpg?resize=300%2C300&amp;ssl=1 300w, https:\/\/i0.wp.com\/altinnov.blog\/wp-content\/uploads\/2021\/12\/Portrait-of-Martin-done-by-the-french-artist-Swed-in-Paris-for-the-project-Support-your-local-Homeless-scaled.jpg?resize=150%2C150&amp;ssl=1 150w, https:\/\/i0.wp.com\/altinnov.blog\/wp-content\/uploads\/2021\/12\/Portrait-of-Martin-done-by-the-french-artist-Swed-in-Paris-for-the-project-Support-your-local-Homeless-scaled.jpg?resize=768%2C768&amp;ssl=1 768w, https:\/\/i0.wp.com\/altinnov.blog\/wp-content\/uploads\/2021\/12\/Portrait-of-Martin-done-by-the-french-artist-Swed-in-Paris-for-the-project-Support-your-local-Homeless-scaled.jpg?resize=1536%2C1536&amp;ssl=1 1536w, https:\/\/i0.wp.com\/altinnov.blog\/wp-content\/uploads\/2021\/12\/Portrait-of-Martin-done-by-the-french-artist-Swed-in-Paris-for-the-project-Support-your-local-Homeless-scaled.jpg?resize=2048%2C2048&amp;ssl=1 2048w, https:\/\/i0.wp.com\/altinnov.blog\/wp-content\/uploads\/2021\/12\/Portrait-of-Martin-done-by-the-french-artist-Swed-in-Paris-for-the-project-Support-your-local-Homeless-scaled.jpg?w=2280&amp;ssl=1 2280w\" sizes=\"(max-width: 1024px) 100vw, 1024px\" data-recalc-dims=\"1\" \/><p id=\"caption-attachment-4830\" class=\"wp-caption-text\">Martin &#8211; Swed &#8211; Photo @Altinnov<\/p><\/div>\n<p>&nbsp;<\/p>\n<p>Mon regard est attir\u00e9 par une jeune-femme accroupie. Son attitude me para\u00eet r\u00e9sign\u00e9e, absente et fait presque froid dans le dos. Je m\u2019approche et lit la petite \u00e9tiquette sous le collage \u00ab Portrait.2, #gardiennederue\u2026 ou comment r\u00e9introduire les femmes dans la ville \u00bb. L\u2019artiste s\u2019appelle <strong><a href=\"https:\/\/www.instagram.com\/ladame_quicolle\/\" target=\"_blank\" rel=\"noopener\">LaDame_QUICOLLE<\/a><\/strong> et apr\u00e8s cette 1<sup>\u00e8re<\/sup> d\u00e9couverte je vais m\u2019int\u00e9resser \u00e0 son travail de plus pr\u00e8s\u00a0!<\/p>\n<p>&nbsp;<\/p>\n<div id=\"attachment_4832\" style=\"width: 778px\" class=\"wp-caption aligncenter\"><img aria-describedby=\"caption-attachment-4832\" decoding=\"async\" loading=\"lazy\" class=\"size-large wp-image-4832\" src=\"https:\/\/i0.wp.com\/altinnov.blog\/wp-content\/uploads\/2021\/12\/Portrait.2-gardiennederue\u2026-ou-comment-re\u0301introduire-les-femmes-dans-la-ville-collage-par-lartiste-LaDame_QUICOLLE.jpg?resize=768%2C1024&#038;ssl=1\" alt=\"Portrait.2, #gardiennederue\u2026 ou comment re\u0301introduire les femmes dans la ville - collage par l'artiste LaDame_QUICOLLE\" width=\"768\" height=\"1024\" srcset=\"https:\/\/i0.wp.com\/altinnov.blog\/wp-content\/uploads\/2021\/12\/Portrait.2-gardiennederue\u2026-ou-comment-re\u0301introduire-les-femmes-dans-la-ville-collage-par-lartiste-LaDame_QUICOLLE-scaled.jpg?resize=768%2C1024&amp;ssl=1 768w, https:\/\/i0.wp.com\/altinnov.blog\/wp-content\/uploads\/2021\/12\/Portrait.2-gardiennederue\u2026-ou-comment-re\u0301introduire-les-femmes-dans-la-ville-collage-par-lartiste-LaDame_QUICOLLE-scaled.jpg?resize=225%2C300&amp;ssl=1 225w, https:\/\/i0.wp.com\/altinnov.blog\/wp-content\/uploads\/2021\/12\/Portrait.2-gardiennederue\u2026-ou-comment-re\u0301introduire-les-femmes-dans-la-ville-collage-par-lartiste-LaDame_QUICOLLE-scaled.jpg?resize=1152%2C1536&amp;ssl=1 1152w, https:\/\/i0.wp.com\/altinnov.blog\/wp-content\/uploads\/2021\/12\/Portrait.2-gardiennederue\u2026-ou-comment-re\u0301introduire-les-femmes-dans-la-ville-collage-par-lartiste-LaDame_QUICOLLE-scaled.jpg?resize=1536%2C2048&amp;ssl=1 1536w, https:\/\/i0.wp.com\/altinnov.blog\/wp-content\/uploads\/2021\/12\/Portrait.2-gardiennederue\u2026-ou-comment-re\u0301introduire-les-femmes-dans-la-ville-collage-par-lartiste-LaDame_QUICOLLE-scaled.jpg?w=1920&amp;ssl=1 1920w\" sizes=\"(max-width: 768px) 100vw, 768px\" data-recalc-dims=\"1\" \/><p id=\"caption-attachment-4832\" class=\"wp-caption-text\">Portrait.2, #gardiennederue &#8211; LaDame_QUICOLLE &#8211; Photo @Altinnov<\/p><\/div>\n<p>&nbsp;<\/p>\n<p>Il y a dans cette rue Briquet quelque chose de vrai et surtout quelque chose de fort; car elle montre le vrai visage du 18\u00e8me. Ce quartier, mis \u00e0 part deux trois ilots pr\u00e9serv\u00e9s, a quelque chose de dur en lui. La vie au dos de la Butte, \u00e0 la Goutte d&rsquo;or ou m\u00eame vers Jules Joffrin n&rsquo;a pas la saveur d&rsquo;Am\u00e9lie Poulain. Les \u0153uvres de la rue Briquet incarnent avec beaucoup de sentiments ce que le touriste ne voit que rarement. M\u00eame cette \u0153uvre de <strong>Levalet<\/strong>, \u00e0 laquelle un pochoiriste a rajout\u00e9 le visage d\u2019<strong>Arthur Rimbaud <\/strong>incarne la mixit\u00e9 de ce quartier si particulier.<\/p>\n<p>&nbsp;<\/p>\n<div id=\"attachment_4833\" style=\"width: 1034px\" class=\"wp-caption aligncenter\"><img aria-describedby=\"caption-attachment-4833\" decoding=\"async\" loading=\"lazy\" class=\"size-large wp-image-4833\" src=\"https:\/\/i0.wp.com\/altinnov.blog\/wp-content\/uploads\/2021\/12\/Oeuvre-de-Street-Art-a\u0300-Montmartre-re\u0301alise\u0301e-par-Levalet-avec-pochoir-dArthur-Rimbaud.jpg?resize=1024%2C768&#038;ssl=1\" alt=\"Oeuvre de Street Art a\u0300 Montmartre re\u0301alise\u0301e par Levalet avec pochoir d'Arthur Rimbaud\" width=\"1024\" height=\"768\" srcset=\"https:\/\/i0.wp.com\/altinnov.blog\/wp-content\/uploads\/2021\/12\/Oeuvre-de-Street-Art-a\u0300-Montmartre-re\u0301alise\u0301e-par-Levalet-avec-pochoir-dArthur-Rimbaud-scaled.jpg?resize=1024%2C768&amp;ssl=1 1024w, https:\/\/i0.wp.com\/altinnov.blog\/wp-content\/uploads\/2021\/12\/Oeuvre-de-Street-Art-a\u0300-Montmartre-re\u0301alise\u0301e-par-Levalet-avec-pochoir-dArthur-Rimbaud-scaled.jpg?resize=300%2C225&amp;ssl=1 300w, https:\/\/i0.wp.com\/altinnov.blog\/wp-content\/uploads\/2021\/12\/Oeuvre-de-Street-Art-a\u0300-Montmartre-re\u0301alise\u0301e-par-Levalet-avec-pochoir-dArthur-Rimbaud-scaled.jpg?resize=768%2C576&amp;ssl=1 768w, https:\/\/i0.wp.com\/altinnov.blog\/wp-content\/uploads\/2021\/12\/Oeuvre-de-Street-Art-a\u0300-Montmartre-re\u0301alise\u0301e-par-Levalet-avec-pochoir-dArthur-Rimbaud-scaled.jpg?resize=1536%2C1152&amp;ssl=1 1536w, https:\/\/i0.wp.com\/altinnov.blog\/wp-content\/uploads\/2021\/12\/Oeuvre-de-Street-Art-a\u0300-Montmartre-re\u0301alise\u0301e-par-Levalet-avec-pochoir-dArthur-Rimbaud-scaled.jpg?resize=2048%2C1536&amp;ssl=1 2048w, https:\/\/i0.wp.com\/altinnov.blog\/wp-content\/uploads\/2021\/12\/Oeuvre-de-Street-Art-a\u0300-Montmartre-re\u0301alise\u0301e-par-Levalet-avec-pochoir-dArthur-Rimbaud-scaled.jpg?resize=160%2C120&amp;ssl=1 160w, https:\/\/i0.wp.com\/altinnov.blog\/wp-content\/uploads\/2021\/12\/Oeuvre-de-Street-Art-a\u0300-Montmartre-re\u0301alise\u0301e-par-Levalet-avec-pochoir-dArthur-Rimbaud-scaled.jpg?w=2280&amp;ssl=1 2280w\" sizes=\"(max-width: 1024px) 100vw, 1024px\" data-recalc-dims=\"1\" \/><p id=\"caption-attachment-4833\" class=\"wp-caption-text\">Levalet &#8211; Photo @Altinnov<\/p><\/div>\n<p>&nbsp;<\/p>\n<p>Avant d\u2019envisager une remont\u00e9e vers le Sacr\u00e9-C\u0153ur, j\u2019avais envie de mettre c\u00f4te \u00e0 c\u00f4te deux portraits. Le 1<sup>er<\/sup> r\u00e9alis\u00e9 par l\u2019artiste Italien <strong><a href=\"https:\/\/www.instagram.com\/exposito_art\/\">Exposito<\/a><\/strong> apporte une note de l\u00e9g\u00e8ret\u00e9 et de douceur dans ce parcours. Le second de l\u2019artiste <strong>N\u00f4<\/strong> est encore une fois \u00e0 l\u2019image du quartier. Deux visages, deux atmosph\u00e8res qui r\u00e9sonnent parfaitement avec les contrastes que Montmartre peut offrir \u00e0 ses habitants.<\/p>\n<p>&nbsp;<\/p>\n<div class=\"tiled-gallery type-rectangular tiled-gallery-unresized\" data-original-width=\"1140\" data-carousel-extra='null' itemscope itemtype=\"http:\/\/schema.org\/ImageGallery\" > <div class=\"gallery-row\" style=\"width: 1140px; height: 1010px;\" data-original-width=\"1140\" data-original-height=\"1010\" > <div class=\"gallery-group images-1\" style=\"width: 570px; height: 1010px;\" data-original-width=\"570\" data-original-height=\"1010\" > <div class=\"tiled-gallery-item tiled-gallery-item-large\" itemprop=\"associatedMedia\" itemscope itemtype=\"http:\/\/schema.org\/ImageObject\"> <a href=\"https:\/\/altinnov.blog\/index.php\/fr\/2021\/12\/19\/street-art-montmartre-paris-article\/collage-de-lartiste-italien-exposito-rue-briquet-montmartre-paris\/\" border=\"0\" itemprop=\"url\"> <meta itemprop=\"width\" content=\"566\"> <meta itemprop=\"height\" content=\"1006\"> <img class=\"\" data-attachment-id=\"4838\" data-orig-file=\"https:\/\/altinnov.blog\/wp-content\/uploads\/2021\/12\/Collage-de-lartiste-Italien-Exposito-rue-Briquet-Montmartre-Paris-scaled.jpg\" data-orig-size=\"1440,2560\" data-comments-opened=\"1\" data-image-meta=\"{&quot;aperture&quot;:&quot;1.8&quot;,&quot;credit&quot;:&quot;&quot;,&quot;camera&quot;:&quot;iPhone 11 Pro&quot;,&quot;caption&quot;:&quot;&quot;,&quot;created_timestamp&quot;:&quot;1639055441&quot;,&quot;copyright&quot;:&quot;&quot;,&quot;focal_length&quot;:&quot;4.25&quot;,&quot;iso&quot;:&quot;40&quot;,&quot;shutter_speed&quot;:&quot;0.0082644628099174&quot;,&quot;title&quot;:&quot;&quot;,&quot;orientation&quot;:&quot;0&quot;}\" data-image-title=\"Collage de l&amp;rsquo;artiste Italien Exposito &#8211; rue Briquet &#8211; Montmartre Paris\" data-image-description=\"&lt;p&gt;Collage de l&amp;rsquo;artiste Italien Exposito &#8211; rue Briquet &#8211; Montmartre Paris&lt;\/p&gt; \" data-medium-file=\"https:\/\/i0.wp.com\/altinnov.blog\/wp-content\/uploads\/2021\/12\/Collage-de-lartiste-Italien-Exposito-rue-Briquet-Montmartre-Paris-scaled.jpg?fit=169%2C300&#038;ssl=1\" data-large-file=\"https:\/\/i0.wp.com\/altinnov.blog\/wp-content\/uploads\/2021\/12\/Collage-de-lartiste-Italien-Exposito-rue-Briquet-Montmartre-Paris-scaled.jpg?fit=576%2C1024&#038;ssl=1\" src=\"https:\/\/i0.wp.com\/altinnov.blog\/wp-content\/uploads\/2021\/12\/Collage-de-lartiste-Italien-Exposito-rue-Briquet-Montmartre-Paris-scaled.jpg?w=566&#038;h=1006&#038;ssl=1\" srcset=\"https:\/\/i0.wp.com\/altinnov.blog\/wp-content\/uploads\/2021\/12\/Collage-de-lartiste-Italien-Exposito-rue-Briquet-Montmartre-Paris-scaled.jpg?w=1440&amp;ssl=1 1440w, https:\/\/i0.wp.com\/altinnov.blog\/wp-content\/uploads\/2021\/12\/Collage-de-lartiste-Italien-Exposito-rue-Briquet-Montmartre-Paris-scaled.jpg?resize=169%2C300&amp;ssl=1 169w, https:\/\/i0.wp.com\/altinnov.blog\/wp-content\/uploads\/2021\/12\/Collage-de-lartiste-Italien-Exposito-rue-Briquet-Montmartre-Paris-scaled.jpg?resize=576%2C1024&amp;ssl=1 576w, https:\/\/i0.wp.com\/altinnov.blog\/wp-content\/uploads\/2021\/12\/Collage-de-lartiste-Italien-Exposito-rue-Briquet-Montmartre-Paris-scaled.jpg?resize=768%2C1365&amp;ssl=1 768w, https:\/\/i0.wp.com\/altinnov.blog\/wp-content\/uploads\/2021\/12\/Collage-de-lartiste-Italien-Exposito-rue-Briquet-Montmartre-Paris-scaled.jpg?resize=864%2C1536&amp;ssl=1 864w, https:\/\/i0.wp.com\/altinnov.blog\/wp-content\/uploads\/2021\/12\/Collage-de-lartiste-Italien-Exposito-rue-Briquet-Montmartre-Paris-scaled.jpg?resize=1152%2C2048&amp;ssl=1 1152w\" width=\"566\" height=\"1006\" loading=\"lazy\" data-original-width=\"566\" data-original-height=\"1006\" itemprop=\"http:\/\/schema.org\/image\" title=\"Collage de l&#039;artiste Italien Exposito - rue Briquet - Montmartre Paris\" alt=\"Collage de l&#039;artiste Italien Exposito - rue Briquet - Montmartre Paris\" style=\"width: 566px; height: 1006px;\" \/> <\/a> <div class=\"tiled-gallery-caption\" itemprop=\"caption description\"> Exposito &#8211; Photo @Altinnov <\/div> <\/div> <\/div> <!-- close group --> <div class=\"gallery-group images-1\" style=\"width: 570px; height: 1010px;\" data-original-width=\"570\" data-original-height=\"1010\" > <div class=\"tiled-gallery-item tiled-gallery-item-large\" itemprop=\"associatedMedia\" itemscope itemtype=\"http:\/\/schema.org\/ImageObject\"> <a href=\"https:\/\/altinnov.blog\/index.php\/fr\/2021\/12\/19\/street-art-montmartre-paris-article\/portrait-de-lartiste-no%cc%82-au-pochoir-rue-briquet-a-montmartre-paris\/\" border=\"0\" itemprop=\"url\"> <meta itemprop=\"width\" content=\"566\"> <meta itemprop=\"height\" content=\"1006\"> <img class=\"\" data-attachment-id=\"4837\" data-orig-file=\"https:\/\/altinnov.blog\/wp-content\/uploads\/2021\/12\/Portrait-de-lartiste-No\u0302-au-pochoir-rue-Briquet-a\u0300-Montmartre-Paris-scaled.jpg\" data-orig-size=\"1440,2560\" data-comments-opened=\"1\" data-image-meta=\"{&quot;aperture&quot;:&quot;1.8&quot;,&quot;credit&quot;:&quot;&quot;,&quot;camera&quot;:&quot;iPhone 11 Pro&quot;,&quot;caption&quot;:&quot;&quot;,&quot;created_timestamp&quot;:&quot;1639055494&quot;,&quot;copyright&quot;:&quot;&quot;,&quot;focal_length&quot;:&quot;4.25&quot;,&quot;iso&quot;:&quot;125&quot;,&quot;shutter_speed&quot;:&quot;0.0082644628099174&quot;,&quot;title&quot;:&quot;&quot;,&quot;orientation&quot;:&quot;0&quot;}\" data-image-title=\"Portrait de l&amp;rsquo;artiste No\u0302 au pochoir rue Briquet a\u0300 Montmartre &#8211; Paris\" data-image-description=\"&lt;p&gt;Portrait de l&amp;rsquo;artiste No\u0302 au pochoir rue Briquet a\u0300 Montmartre &#8211; Paris&lt;\/p&gt; \" data-medium-file=\"https:\/\/i0.wp.com\/altinnov.blog\/wp-content\/uploads\/2021\/12\/Portrait-de-lartiste-No\u0302-au-pochoir-rue-Briquet-a\u0300-Montmartre-Paris-scaled.jpg?fit=169%2C300&#038;ssl=1\" data-large-file=\"https:\/\/i0.wp.com\/altinnov.blog\/wp-content\/uploads\/2021\/12\/Portrait-de-lartiste-No\u0302-au-pochoir-rue-Briquet-a\u0300-Montmartre-Paris-scaled.jpg?fit=576%2C1024&#038;ssl=1\" src=\"https:\/\/i0.wp.com\/altinnov.blog\/wp-content\/uploads\/2021\/12\/Portrait-de-lartiste-No\u0302-au-pochoir-rue-Briquet-a\u0300-Montmartre-Paris-scaled.jpg?w=566&#038;h=1006&#038;ssl=1\" srcset=\"https:\/\/i0.wp.com\/altinnov.blog\/wp-content\/uploads\/2021\/12\/Portrait-de-lartiste-No\u0302-au-pochoir-rue-Briquet-a\u0300-Montmartre-Paris-scaled.jpg?w=1440&amp;ssl=1 1440w, https:\/\/i0.wp.com\/altinnov.blog\/wp-content\/uploads\/2021\/12\/Portrait-de-lartiste-No\u0302-au-pochoir-rue-Briquet-a\u0300-Montmartre-Paris-scaled.jpg?resize=169%2C300&amp;ssl=1 169w, https:\/\/i0.wp.com\/altinnov.blog\/wp-content\/uploads\/2021\/12\/Portrait-de-lartiste-No\u0302-au-pochoir-rue-Briquet-a\u0300-Montmartre-Paris-scaled.jpg?resize=576%2C1024&amp;ssl=1 576w, https:\/\/i0.wp.com\/altinnov.blog\/wp-content\/uploads\/2021\/12\/Portrait-de-lartiste-No\u0302-au-pochoir-rue-Briquet-a\u0300-Montmartre-Paris-scaled.jpg?resize=768%2C1365&amp;ssl=1 768w, https:\/\/i0.wp.com\/altinnov.blog\/wp-content\/uploads\/2021\/12\/Portrait-de-lartiste-No\u0302-au-pochoir-rue-Briquet-a\u0300-Montmartre-Paris-scaled.jpg?resize=864%2C1536&amp;ssl=1 864w, https:\/\/i0.wp.com\/altinnov.blog\/wp-content\/uploads\/2021\/12\/Portrait-de-lartiste-No\u0302-au-pochoir-rue-Briquet-a\u0300-Montmartre-Paris-scaled.jpg?resize=1152%2C2048&amp;ssl=1 1152w\" width=\"566\" height=\"1006\" loading=\"lazy\" data-original-width=\"566\" data-original-height=\"1006\" itemprop=\"http:\/\/schema.org\/image\" title=\"Portrait de l&#039;artiste No\u0302 au pochoir rue Briquet a\u0300 Montmartre - Paris\" alt=\"Portrait de l&#039;artiste No\u0302 au pochoir rue Briquet a\u0300 Montmartre - Paris\" style=\"width: 566px; height: 1006px;\" \/> <\/a> <div class=\"tiled-gallery-caption\" itemprop=\"caption description\"> N\u00f4 &#8211; Photo @Altinnov <\/div> <\/div> <\/div> <!-- close group --> <\/div> <!-- close row --> <\/div>\n<p>&nbsp;<\/p>\n<h3><strong>Rendez-vous au Sacr\u00e9-C\u0153ur\u00a0!<\/strong><\/h3>\n<p>De la rue Briquet, il vous faudra rejoindre la <strong>Halle-Saint-Pierre<\/strong>, passer au pied des <strong>jardins du Sacr\u00e9-C\u0153ur<\/strong> et prendre la d\u00e9cision d\u2019\u00eatre sportif en rejoignant la <strong>rue Gabrielle <\/strong>par un interminable escalier ou alors de vous laisser porter par le funiculaire et redescendre avec facilit\u00e9 vers celle-ci\u00a0! La pi\u00e8ce maitresse de la rue Gabrielle est sans aucune contestation possible cette vieille dame r\u00e9alis\u00e9e par <strong>Swed<\/strong>. J\u2019ai l\u2019impression qu\u2019elle fait d\u00e9sormais partie de l\u2019histoire de la butte comme ces diseuses de bonne aventure qui continuent d\u2019aborder les touristes qui se posent place du Tertre. Si vous regardez la photo avec attention vous remarquerez que <strong><a href=\"https:\/\/altinnov.blog\/index.php\/fr\/2021\/04\/05\/les-contes-de-spraylove-island-graffiti-pour-les-enfants-de-5-a-11-ans\/\" target=\"_blank\" rel=\"noopener\">Juan Spray<\/a><\/strong> a incrust\u00e9 un de ses petits Sprayitos au pied du mur\u00a0\ud83d\ude09<\/p>\n<p>&nbsp;<\/p>\n<div id=\"attachment_4841\" style=\"width: 778px\" class=\"wp-caption aligncenter\"><img aria-describedby=\"caption-attachment-4841\" decoding=\"async\" loading=\"lazy\" class=\"size-large wp-image-4841\" src=\"https:\/\/i0.wp.com\/altinnov.blog\/wp-content\/uploads\/2021\/12\/Portrait-dune-diseuses-de-Bonne-Aventure-rue-Gabrielle-Street-Art-a\u0300-Montmartre-Paris.jpg?resize=768%2C1024&#038;ssl=1\" alt=\"Portrait d'une diseuses de Bonne Aventure rue Gabrielle - Street Art a\u0300 Montmartre Paris\" width=\"768\" height=\"1024\" srcset=\"https:\/\/i0.wp.com\/altinnov.blog\/wp-content\/uploads\/2021\/12\/Portrait-dune-diseuses-de-Bonne-Aventure-rue-Gabrielle-Street-Art-a\u0300-Montmartre-Paris-scaled.jpg?resize=768%2C1024&amp;ssl=1 768w, https:\/\/i0.wp.com\/altinnov.blog\/wp-content\/uploads\/2021\/12\/Portrait-dune-diseuses-de-Bonne-Aventure-rue-Gabrielle-Street-Art-a\u0300-Montmartre-Paris-scaled.jpg?resize=225%2C300&amp;ssl=1 225w, https:\/\/i0.wp.com\/altinnov.blog\/wp-content\/uploads\/2021\/12\/Portrait-dune-diseuses-de-Bonne-Aventure-rue-Gabrielle-Street-Art-a\u0300-Montmartre-Paris-scaled.jpg?resize=1152%2C1536&amp;ssl=1 1152w, https:\/\/i0.wp.com\/altinnov.blog\/wp-content\/uploads\/2021\/12\/Portrait-dune-diseuses-de-Bonne-Aventure-rue-Gabrielle-Street-Art-a\u0300-Montmartre-Paris-scaled.jpg?resize=1536%2C2048&amp;ssl=1 1536w, https:\/\/i0.wp.com\/altinnov.blog\/wp-content\/uploads\/2021\/12\/Portrait-dune-diseuses-de-Bonne-Aventure-rue-Gabrielle-Street-Art-a\u0300-Montmartre-Paris-scaled.jpg?w=1920&amp;ssl=1 1920w\" sizes=\"(max-width: 768px) 100vw, 768px\" data-recalc-dims=\"1\" \/><p id=\"caption-attachment-4841\" class=\"wp-caption-text\">Swed &#8211; Photo @Altinnov<\/p><\/div>\n<p>&nbsp;<\/p>\n<p>Je vais terminer ma visite guid\u00e9e de Montmartre par cette \u0153uvre. Sachez que d\u2019autres belles pi\u00e8ces vous attendent rue Gabrielle et je ne voudrais pas g\u00e2cher la surprise pour ceux d\u2019entrevous qui auraient comme moi le courage de grimper les escaliers\u00a0! Quand vous d\u00e9ciderez de redescendre de la Butte, chacune des rues vous r\u00e9servera de jolies surprises. Soyez attentifs et n\u2019oubliez pas de lever les yeux\u00a0!<\/p>\n<p>&nbsp;<\/p>\n<div class=\"tiled-gallery type-rectangular tiled-gallery-unresized\" data-original-width=\"1140\" data-carousel-extra='null' itemscope itemtype=\"http:\/\/schema.org\/ImageGallery\" > <div class=\"gallery-row\" style=\"width: 1140px; height: 608px;\" data-original-width=\"1140\" data-original-height=\"608\" > <div class=\"gallery-group images-1\" style=\"width: 793px; height: 608px;\" data-original-width=\"793\" data-original-height=\"608\" > <div class=\"tiled-gallery-item tiled-gallery-item-large\" itemprop=\"associatedMedia\" itemscope itemtype=\"http:\/\/schema.org\/ImageObject\"> <a href=\"https:\/\/altinnov.blog\/index.php\/fr\/2021\/12\/19\/street-art-montmartre-paris-article\/oeuvre-street-art-graphique-de-mast-cora-rue-durantin-a-montmartre-paris\/\" border=\"0\" itemprop=\"url\"> <meta itemprop=\"width\" content=\"789\"> <meta itemprop=\"height\" content=\"604\"> <img class=\"\" data-attachment-id=\"4844\" data-orig-file=\"https:\/\/altinnov.blog\/wp-content\/uploads\/2021\/12\/Oeuvre-Street-Art-graphique-de-Mast-Cora-rue-Durantin-a\u0300-Montmartre-Paris-scaled.jpg\" data-orig-size=\"2560,1961\" data-comments-opened=\"1\" data-image-meta=\"{&quot;aperture&quot;:&quot;2.2&quot;,&quot;credit&quot;:&quot;&quot;,&quot;camera&quot;:&quot;iPhone 6s Plus&quot;,&quot;caption&quot;:&quot;&quot;,&quot;created_timestamp&quot;:&quot;1635616900&quot;,&quot;copyright&quot;:&quot;&quot;,&quot;focal_length&quot;:&quot;4.15&quot;,&quot;iso&quot;:&quot;64&quot;,&quot;shutter_speed&quot;:&quot;0.058823529411765&quot;,&quot;title&quot;:&quot;&quot;,&quot;orientation&quot;:&quot;0&quot;}\" data-image-title=\"Oeuvre Street Art graphique de Mast Cora rue Durantin a\u0300 Montmartre Paris\" data-image-description=\"&lt;p&gt;Oeuvre Street Art graphique de Mast Cora rue Durantin a\u0300 Montmartre Paris&lt;\/p&gt; \" data-medium-file=\"https:\/\/i0.wp.com\/altinnov.blog\/wp-content\/uploads\/2021\/12\/Oeuvre-Street-Art-graphique-de-Mast-Cora-rue-Durantin-a\u0300-Montmartre-Paris-scaled.jpg?fit=300%2C230&#038;ssl=1\" data-large-file=\"https:\/\/i0.wp.com\/altinnov.blog\/wp-content\/uploads\/2021\/12\/Oeuvre-Street-Art-graphique-de-Mast-Cora-rue-Durantin-a\u0300-Montmartre-Paris-scaled.jpg?fit=1024%2C785&#038;ssl=1\" src=\"https:\/\/i0.wp.com\/altinnov.blog\/wp-content\/uploads\/2021\/12\/Oeuvre-Street-Art-graphique-de-Mast-Cora-rue-Durantin-a\u0300-Montmartre-Paris-scaled.jpg?w=789&#038;h=604&#038;ssl=1\" srcset=\"https:\/\/i0.wp.com\/altinnov.blog\/wp-content\/uploads\/2021\/12\/Oeuvre-Street-Art-graphique-de-Mast-Cora-rue-Durantin-a\u0300-Montmartre-Paris-scaled.jpg?w=2560&amp;ssl=1 2560w, https:\/\/i0.wp.com\/altinnov.blog\/wp-content\/uploads\/2021\/12\/Oeuvre-Street-Art-graphique-de-Mast-Cora-rue-Durantin-a\u0300-Montmartre-Paris-scaled.jpg?resize=300%2C230&amp;ssl=1 300w, https:\/\/i0.wp.com\/altinnov.blog\/wp-content\/uploads\/2021\/12\/Oeuvre-Street-Art-graphique-de-Mast-Cora-rue-Durantin-a\u0300-Montmartre-Paris-scaled.jpg?resize=1024%2C785&amp;ssl=1 1024w, https:\/\/i0.wp.com\/altinnov.blog\/wp-content\/uploads\/2021\/12\/Oeuvre-Street-Art-graphique-de-Mast-Cora-rue-Durantin-a\u0300-Montmartre-Paris-scaled.jpg?resize=768%2C588&amp;ssl=1 768w, https:\/\/i0.wp.com\/altinnov.blog\/wp-content\/uploads\/2021\/12\/Oeuvre-Street-Art-graphique-de-Mast-Cora-rue-Durantin-a\u0300-Montmartre-Paris-scaled.jpg?resize=1536%2C1177&amp;ssl=1 1536w, https:\/\/i0.wp.com\/altinnov.blog\/wp-content\/uploads\/2021\/12\/Oeuvre-Street-Art-graphique-de-Mast-Cora-rue-Durantin-a\u0300-Montmartre-Paris-scaled.jpg?resize=2048%2C1569&amp;ssl=1 2048w, https:\/\/i0.wp.com\/altinnov.blog\/wp-content\/uploads\/2021\/12\/Oeuvre-Street-Art-graphique-de-Mast-Cora-rue-Durantin-a\u0300-Montmartre-Paris-scaled.jpg?w=2280&amp;ssl=1 2280w\" width=\"789\" height=\"604\" loading=\"lazy\" data-original-width=\"789\" data-original-height=\"604\" itemprop=\"http:\/\/schema.org\/image\" title=\"Oeuvre Street Art graphique de Mast Cora rue Durantin a\u0300 Montmartre Paris\" alt=\"Oeuvre Street Art graphique de Mast Cora rue Durantin a\u0300 Montmartre Paris\" style=\"width: 789px; height: 604px;\" \/> <\/a> <div class=\"tiled-gallery-caption\" itemprop=\"caption description\"> Mast Cora &#8211; rue Durantin &#8211; Photo @Altinnov <\/div> <\/div> <\/div> <!-- close group --> <div class=\"gallery-group images-2\" style=\"width: 347px; height: 608px;\" data-original-width=\"347\" data-original-height=\"608\" > <div class=\"tiled-gallery-item tiled-gallery-item-large\" itemprop=\"associatedMedia\" itemscope itemtype=\"http:\/\/schema.org\/ImageObject\"> <a href=\"https:\/\/altinnov.blog\/index.php\/fr\/2021\/12\/19\/street-art-montmartre-paris-article\/oeuvre-doji-rue-durantin-montmartre-paris\/\" border=\"0\" itemprop=\"url\"> <meta itemprop=\"width\" content=\"343\"> <meta itemprop=\"height\" content=\"343\"> <img class=\"\" data-attachment-id=\"4843\" data-orig-file=\"https:\/\/altinnov.blog\/wp-content\/uploads\/2021\/12\/Oeuvre-dOji-rue-Durantin-Montmartre-Paris-scaled.jpg\" data-orig-size=\"2560,2560\" data-comments-opened=\"1\" data-image-meta=\"{&quot;aperture&quot;:&quot;2.2&quot;,&quot;credit&quot;:&quot;&quot;,&quot;camera&quot;:&quot;iPhone 6s Plus&quot;,&quot;caption&quot;:&quot;&quot;,&quot;created_timestamp&quot;:&quot;1635617151&quot;,&quot;copyright&quot;:&quot;&quot;,&quot;focal_length&quot;:&quot;4.15&quot;,&quot;iso&quot;:&quot;25&quot;,&quot;shutter_speed&quot;:&quot;0.02&quot;,&quot;title&quot;:&quot;&quot;,&quot;orientation&quot;:&quot;0&quot;}\" data-image-title=\"Oeuvre d&amp;rsquo;Oji rue Durantin Montmartre Paris\" data-image-description=\"&lt;p&gt;Oeuvre d&amp;rsquo;Oji rue Durantin Montmartre Paris&lt;\/p&gt; \" data-medium-file=\"https:\/\/i0.wp.com\/altinnov.blog\/wp-content\/uploads\/2021\/12\/Oeuvre-dOji-rue-Durantin-Montmartre-Paris-scaled.jpg?fit=300%2C300&#038;ssl=1\" data-large-file=\"https:\/\/i0.wp.com\/altinnov.blog\/wp-content\/uploads\/2021\/12\/Oeuvre-dOji-rue-Durantin-Montmartre-Paris-scaled.jpg?fit=1024%2C1024&#038;ssl=1\" src=\"https:\/\/i0.wp.com\/altinnov.blog\/wp-content\/uploads\/2021\/12\/Oeuvre-dOji-rue-Durantin-Montmartre-Paris-scaled.jpg?w=343&#038;h=343&#038;crop=1&#038;ssl=1\" srcset=\"https:\/\/i0.wp.com\/altinnov.blog\/wp-content\/uploads\/2021\/12\/Oeuvre-dOji-rue-Durantin-Montmartre-Paris-scaled.jpg?w=2560&amp;ssl=1 2560w, https:\/\/i0.wp.com\/altinnov.blog\/wp-content\/uploads\/2021\/12\/Oeuvre-dOji-rue-Durantin-Montmartre-Paris-scaled.jpg?resize=300%2C300&amp;ssl=1 300w, https:\/\/i0.wp.com\/altinnov.blog\/wp-content\/uploads\/2021\/12\/Oeuvre-dOji-rue-Durantin-Montmartre-Paris-scaled.jpg?resize=1024%2C1024&amp;ssl=1 1024w, https:\/\/i0.wp.com\/altinnov.blog\/wp-content\/uploads\/2021\/12\/Oeuvre-dOji-rue-Durantin-Montmartre-Paris-scaled.jpg?resize=150%2C150&amp;ssl=1 150w, https:\/\/i0.wp.com\/altinnov.blog\/wp-content\/uploads\/2021\/12\/Oeuvre-dOji-rue-Durantin-Montmartre-Paris-scaled.jpg?resize=768%2C768&amp;ssl=1 768w, https:\/\/i0.wp.com\/altinnov.blog\/wp-content\/uploads\/2021\/12\/Oeuvre-dOji-rue-Durantin-Montmartre-Paris-scaled.jpg?resize=1536%2C1536&amp;ssl=1 1536w, https:\/\/i0.wp.com\/altinnov.blog\/wp-content\/uploads\/2021\/12\/Oeuvre-dOji-rue-Durantin-Montmartre-Paris-scaled.jpg?resize=2048%2C2048&amp;ssl=1 2048w, https:\/\/i0.wp.com\/altinnov.blog\/wp-content\/uploads\/2021\/12\/Oeuvre-dOji-rue-Durantin-Montmartre-Paris-scaled.jpg?w=2280&amp;ssl=1 2280w\" width=\"343\" height=\"343\" loading=\"lazy\" data-original-width=\"343\" data-original-height=\"343\" itemprop=\"http:\/\/schema.org\/image\" title=\"Oeuvre d&#039;Oji rue Durantin Montmartre Paris\" alt=\"Oeuvre d&#039;Oji rue Durantin Montmartre Paris\" style=\"width: 343px; height: 343px;\" \/> <\/a> <div class=\"tiled-gallery-caption\" itemprop=\"caption description\"> Oji &#8211; rue Durantin &#8211; Photo @Altinnov <\/div> <\/div> <div class=\"tiled-gallery-item tiled-gallery-item-large\" itemprop=\"associatedMedia\" itemscope itemtype=\"http:\/\/schema.org\/ImageObject\"> <a href=\"https:\/\/altinnov.blog\/index.php\/fr\/2021\/12\/19\/street-art-montmartre-paris-article\/dessin-dune-chimere-par-codex-urbanus-rue-dorchampt-a-montmartre-paris\/\" border=\"0\" itemprop=\"url\"> <meta itemprop=\"width\" content=\"343\"> <meta itemprop=\"height\" content=\"257\"> <img class=\"\" data-attachment-id=\"4845\" data-orig-file=\"https:\/\/altinnov.blog\/wp-content\/uploads\/2021\/12\/Dessin-dune-chime\u0300re-par-Codex-Urbanus-rue-dOrchampt-a\u0300-Montmartre-Paris-scaled.jpg\" data-orig-size=\"2560,1920\" data-comments-opened=\"1\" data-image-meta=\"{&quot;aperture&quot;:&quot;1.8&quot;,&quot;credit&quot;:&quot;&quot;,&quot;camera&quot;:&quot;iPhone 11 Pro&quot;,&quot;caption&quot;:&quot;&quot;,&quot;created_timestamp&quot;:&quot;1639064984&quot;,&quot;copyright&quot;:&quot;&quot;,&quot;focal_length&quot;:&quot;4.25&quot;,&quot;iso&quot;:&quot;125&quot;,&quot;shutter_speed&quot;:&quot;0.0089285714285714&quot;,&quot;title&quot;:&quot;&quot;,&quot;orientation&quot;:&quot;1&quot;}\" data-image-title=\"Dessin d&amp;rsquo;une chime\u0300re par Codex Urbanus rue d&amp;rsquo;Orchampt a\u0300 Montmartre &#8211; Paris\" data-image-description=\"&lt;p&gt;Dessin d&amp;rsquo;une chime\u0300re par Codex Urbanus rue d&amp;rsquo;Orchampt a\u0300 Montmartre &#8211; Paris&lt;\/p&gt; \" data-medium-file=\"https:\/\/i0.wp.com\/altinnov.blog\/wp-content\/uploads\/2021\/12\/Dessin-dune-chime\u0300re-par-Codex-Urbanus-rue-dOrchampt-a\u0300-Montmartre-Paris-scaled.jpg?fit=300%2C225&#038;ssl=1\" data-large-file=\"https:\/\/i0.wp.com\/altinnov.blog\/wp-content\/uploads\/2021\/12\/Dessin-dune-chime\u0300re-par-Codex-Urbanus-rue-dOrchampt-a\u0300-Montmartre-Paris-scaled.jpg?fit=1024%2C768&#038;ssl=1\" src=\"https:\/\/i0.wp.com\/altinnov.blog\/wp-content\/uploads\/2021\/12\/Dessin-dune-chime\u0300re-par-Codex-Urbanus-rue-dOrchampt-a\u0300-Montmartre-Paris-scaled.jpg?w=343&#038;h=257&#038;ssl=1\" srcset=\"https:\/\/i0.wp.com\/altinnov.blog\/wp-content\/uploads\/2021\/12\/Dessin-dune-chime\u0300re-par-Codex-Urbanus-rue-dOrchampt-a\u0300-Montmartre-Paris-scaled.jpg?w=2560&amp;ssl=1 2560w, https:\/\/i0.wp.com\/altinnov.blog\/wp-content\/uploads\/2021\/12\/Dessin-dune-chime\u0300re-par-Codex-Urbanus-rue-dOrchampt-a\u0300-Montmartre-Paris-scaled.jpg?resize=300%2C225&amp;ssl=1 300w, https:\/\/i0.wp.com\/altinnov.blog\/wp-content\/uploads\/2021\/12\/Dessin-dune-chime\u0300re-par-Codex-Urbanus-rue-dOrchampt-a\u0300-Montmartre-Paris-scaled.jpg?resize=1024%2C768&amp;ssl=1 1024w, https:\/\/i0.wp.com\/altinnov.blog\/wp-content\/uploads\/2021\/12\/Dessin-dune-chime\u0300re-par-Codex-Urbanus-rue-dOrchampt-a\u0300-Montmartre-Paris-scaled.jpg?resize=768%2C576&amp;ssl=1 768w, https:\/\/i0.wp.com\/altinnov.blog\/wp-content\/uploads\/2021\/12\/Dessin-dune-chime\u0300re-par-Codex-Urbanus-rue-dOrchampt-a\u0300-Montmartre-Paris-scaled.jpg?resize=1536%2C1152&amp;ssl=1 1536w, https:\/\/i0.wp.com\/altinnov.blog\/wp-content\/uploads\/2021\/12\/Dessin-dune-chime\u0300re-par-Codex-Urbanus-rue-dOrchampt-a\u0300-Montmartre-Paris-scaled.jpg?resize=2048%2C1536&amp;ssl=1 2048w, https:\/\/i0.wp.com\/altinnov.blog\/wp-content\/uploads\/2021\/12\/Dessin-dune-chime\u0300re-par-Codex-Urbanus-rue-dOrchampt-a\u0300-Montmartre-Paris-scaled.jpg?resize=160%2C120&amp;ssl=1 160w, https:\/\/i0.wp.com\/altinnov.blog\/wp-content\/uploads\/2021\/12\/Dessin-dune-chime\u0300re-par-Codex-Urbanus-rue-dOrchampt-a\u0300-Montmartre-Paris-scaled.jpg?w=2280&amp;ssl=1 2280w\" width=\"343\" height=\"257\" loading=\"lazy\" data-original-width=\"343\" data-original-height=\"257\" itemprop=\"http:\/\/schema.org\/image\" title=\"Dessin d&#039;une chime\u0300re par Codex Urbanus rue d&#039;Orchampt a\u0300 Montmartre - Paris\" alt=\"Dessin d&#039;une chime\u0300re par Codex Urbanus rue d&#039;Orchampt a\u0300 Montmartre - Paris\" style=\"width: 343px; height: 257px;\" \/> <\/a> <div class=\"tiled-gallery-caption\" itemprop=\"caption description\"> Codex Urbanus &#8211; rue d&rsquo;Orchampt &#8211; Photo @Altinnov <\/div> <\/div> <\/div> <!-- close group --> <\/div> <!-- close row --> <div class=\"gallery-row\" style=\"width: 1140px; height: 380px;\" data-original-width=\"1140\" data-original-height=\"380\" > <div class=\"gallery-group images-1\" style=\"width: 380px; height: 380px;\" data-original-width=\"380\" data-original-height=\"380\" > <div class=\"tiled-gallery-item tiled-gallery-item-large\" itemprop=\"associatedMedia\" itemscope itemtype=\"http:\/\/schema.org\/ImageObject\"> <a href=\"https:\/\/altinnov.blog\/index.php\/fr\/2021\/12\/19\/street-art-montmartre-paris-article\/portrait-par-lartiste-no%cc%82-avenue-junot-a-montmartre-paris\/\" border=\"0\" itemprop=\"url\"> <meta itemprop=\"width\" content=\"376\"> <meta itemprop=\"height\" content=\"376\"> <img class=\"\" data-attachment-id=\"4846\" data-orig-file=\"https:\/\/altinnov.blog\/wp-content\/uploads\/2021\/12\/Portrait-par-lartiste-No\u0302-avenue-Junot-a\u0300-Montmartre-Paris-scaled.jpg\" data-orig-size=\"2560,2560\" data-comments-opened=\"1\" data-image-meta=\"{&quot;aperture&quot;:&quot;1.8&quot;,&quot;credit&quot;:&quot;&quot;,&quot;camera&quot;:&quot;iPhone 11 Pro&quot;,&quot;caption&quot;:&quot;&quot;,&quot;created_timestamp&quot;:&quot;1639065150&quot;,&quot;copyright&quot;:&quot;&quot;,&quot;focal_length&quot;:&quot;4.25&quot;,&quot;iso&quot;:&quot;50&quot;,&quot;shutter_speed&quot;:&quot;0.0081967213114754&quot;,&quot;title&quot;:&quot;&quot;,&quot;orientation&quot;:&quot;0&quot;}\" data-image-title=\"Portrait par l&amp;rsquo;artiste No\u0302 avenue Junot a\u0300 Montmartre Paris\" data-image-description=\"&lt;p&gt;Portrait par l&amp;rsquo;artiste No\u0302 avenue Junot a\u0300 Montmartre Paris&lt;\/p&gt; \" data-medium-file=\"https:\/\/i0.wp.com\/altinnov.blog\/wp-content\/uploads\/2021\/12\/Portrait-par-lartiste-No\u0302-avenue-Junot-a\u0300-Montmartre-Paris-scaled.jpg?fit=300%2C300&#038;ssl=1\" data-large-file=\"https:\/\/i0.wp.com\/altinnov.blog\/wp-content\/uploads\/2021\/12\/Portrait-par-lartiste-No\u0302-avenue-Junot-a\u0300-Montmartre-Paris-scaled.jpg?fit=1024%2C1024&#038;ssl=1\" src=\"https:\/\/i0.wp.com\/altinnov.blog\/wp-content\/uploads\/2021\/12\/Portrait-par-lartiste-No\u0302-avenue-Junot-a\u0300-Montmartre-Paris-scaled.jpg?w=376&#038;h=376&#038;crop=1&#038;ssl=1\" srcset=\"https:\/\/i0.wp.com\/altinnov.blog\/wp-content\/uploads\/2021\/12\/Portrait-par-lartiste-No\u0302-avenue-Junot-a\u0300-Montmartre-Paris-scaled.jpg?w=2560&amp;ssl=1 2560w, https:\/\/i0.wp.com\/altinnov.blog\/wp-content\/uploads\/2021\/12\/Portrait-par-lartiste-No\u0302-avenue-Junot-a\u0300-Montmartre-Paris-scaled.jpg?resize=300%2C300&amp;ssl=1 300w, https:\/\/i0.wp.com\/altinnov.blog\/wp-content\/uploads\/2021\/12\/Portrait-par-lartiste-No\u0302-avenue-Junot-a\u0300-Montmartre-Paris-scaled.jpg?resize=1024%2C1024&amp;ssl=1 1024w, https:\/\/i0.wp.com\/altinnov.blog\/wp-content\/uploads\/2021\/12\/Portrait-par-lartiste-No\u0302-avenue-Junot-a\u0300-Montmartre-Paris-scaled.jpg?resize=150%2C150&amp;ssl=1 150w, https:\/\/i0.wp.com\/altinnov.blog\/wp-content\/uploads\/2021\/12\/Portrait-par-lartiste-No\u0302-avenue-Junot-a\u0300-Montmartre-Paris-scaled.jpg?resize=768%2C768&amp;ssl=1 768w, https:\/\/i0.wp.com\/altinnov.blog\/wp-content\/uploads\/2021\/12\/Portrait-par-lartiste-No\u0302-avenue-Junot-a\u0300-Montmartre-Paris-scaled.jpg?resize=1536%2C1536&amp;ssl=1 1536w, https:\/\/i0.wp.com\/altinnov.blog\/wp-content\/uploads\/2021\/12\/Portrait-par-lartiste-No\u0302-avenue-Junot-a\u0300-Montmartre-Paris-scaled.jpg?resize=2048%2C2048&amp;ssl=1 2048w, https:\/\/i0.wp.com\/altinnov.blog\/wp-content\/uploads\/2021\/12\/Portrait-par-lartiste-No\u0302-avenue-Junot-a\u0300-Montmartre-Paris-scaled.jpg?w=2280&amp;ssl=1 2280w\" width=\"376\" height=\"376\" loading=\"lazy\" data-original-width=\"376\" data-original-height=\"376\" itemprop=\"http:\/\/schema.org\/image\" title=\"Portrait par l&#039;artiste No\u0302 avenue Junot a\u0300 Montmartre Paris\" alt=\"Portrait par l&#039;artiste No\u0302 avenue Junot a\u0300 Montmartre Paris\" style=\"width: 376px; height: 376px;\" \/> <\/a> <div class=\"tiled-gallery-caption\" itemprop=\"caption description\"> N\u00f4 &#8211; avenue Junot &#8211; Photo @Altinnov <\/div> <\/div> <\/div> <!-- close group --> <div class=\"gallery-group images-1\" style=\"width: 380px; height: 380px;\" data-original-width=\"380\" data-original-height=\"380\" > <div class=\"tiled-gallery-item tiled-gallery-item-large\" itemprop=\"associatedMedia\" itemscope itemtype=\"http:\/\/schema.org\/ImageObject\"> <a href=\"https:\/\/altinnov.blog\/index.php\/fr\/2021\/12\/19\/street-art-montmartre-paris-article\/invader-geant-villa-de-guelma-a-montmartre-paris\/\" border=\"0\" itemprop=\"url\"> <meta itemprop=\"width\" content=\"376\"> <meta itemprop=\"height\" content=\"376\"> <img class=\"\" data-attachment-id=\"4847\" data-orig-file=\"https:\/\/altinnov.blog\/wp-content\/uploads\/2021\/12\/Invader-ge\u0301ant-Villa-de-Guelma-a\u0300-Montmartre-Paris-scaled.jpg\" data-orig-size=\"2560,2560\" data-comments-opened=\"1\" data-image-meta=\"{&quot;aperture&quot;:&quot;1.8&quot;,&quot;credit&quot;:&quot;&quot;,&quot;camera&quot;:&quot;iPhone 11 Pro&quot;,&quot;caption&quot;:&quot;&quot;,&quot;created_timestamp&quot;:&quot;1639063866&quot;,&quot;copyright&quot;:&quot;&quot;,&quot;focal_length&quot;:&quot;4.25&quot;,&quot;iso&quot;:&quot;32&quot;,&quot;shutter_speed&quot;:&quot;0.0054054054054054&quot;,&quot;title&quot;:&quot;&quot;,&quot;orientation&quot;:&quot;0&quot;}\" data-image-title=\"Invader ge\u0301ant Villa de Guelma a\u0300 Montmartre &#8211; Paris\" data-image-description=\"\" data-medium-file=\"https:\/\/i0.wp.com\/altinnov.blog\/wp-content\/uploads\/2021\/12\/Invader-ge\u0301ant-Villa-de-Guelma-a\u0300-Montmartre-Paris-scaled.jpg?fit=300%2C300&#038;ssl=1\" data-large-file=\"https:\/\/i0.wp.com\/altinnov.blog\/wp-content\/uploads\/2021\/12\/Invader-ge\u0301ant-Villa-de-Guelma-a\u0300-Montmartre-Paris-scaled.jpg?fit=1024%2C1024&#038;ssl=1\" src=\"https:\/\/i0.wp.com\/altinnov.blog\/wp-content\/uploads\/2021\/12\/Invader-ge\u0301ant-Villa-de-Guelma-a\u0300-Montmartre-Paris-scaled.jpg?w=376&#038;h=376&#038;crop=1&#038;ssl=1\" srcset=\"https:\/\/i0.wp.com\/altinnov.blog\/wp-content\/uploads\/2021\/12\/Invader-ge\u0301ant-Villa-de-Guelma-a\u0300-Montmartre-Paris-scaled.jpg?w=2560&amp;ssl=1 2560w, https:\/\/i0.wp.com\/altinnov.blog\/wp-content\/uploads\/2021\/12\/Invader-ge\u0301ant-Villa-de-Guelma-a\u0300-Montmartre-Paris-scaled.jpg?resize=300%2C300&amp;ssl=1 300w, https:\/\/i0.wp.com\/altinnov.blog\/wp-content\/uploads\/2021\/12\/Invader-ge\u0301ant-Villa-de-Guelma-a\u0300-Montmartre-Paris-scaled.jpg?resize=1024%2C1024&amp;ssl=1 1024w, https:\/\/i0.wp.com\/altinnov.blog\/wp-content\/uploads\/2021\/12\/Invader-ge\u0301ant-Villa-de-Guelma-a\u0300-Montmartre-Paris-scaled.jpg?resize=150%2C150&amp;ssl=1 150w, https:\/\/i0.wp.com\/altinnov.blog\/wp-content\/uploads\/2021\/12\/Invader-ge\u0301ant-Villa-de-Guelma-a\u0300-Montmartre-Paris-scaled.jpg?resize=768%2C768&amp;ssl=1 768w, https:\/\/i0.wp.com\/altinnov.blog\/wp-content\/uploads\/2021\/12\/Invader-ge\u0301ant-Villa-de-Guelma-a\u0300-Montmartre-Paris-scaled.jpg?resize=1536%2C1536&amp;ssl=1 1536w, https:\/\/i0.wp.com\/altinnov.blog\/wp-content\/uploads\/2021\/12\/Invader-ge\u0301ant-Villa-de-Guelma-a\u0300-Montmartre-Paris-scaled.jpg?resize=2048%2C2048&amp;ssl=1 2048w, https:\/\/i0.wp.com\/altinnov.blog\/wp-content\/uploads\/2021\/12\/Invader-ge\u0301ant-Villa-de-Guelma-a\u0300-Montmartre-Paris-scaled.jpg?w=2280&amp;ssl=1 2280w\" width=\"376\" height=\"376\" loading=\"lazy\" data-original-width=\"376\" data-original-height=\"376\" itemprop=\"http:\/\/schema.org\/image\" title=\"Invader ge\u0301ant Villa de Guelma a\u0300 Montmartre - Paris\" alt=\"Invader ge\u0301ant Villa de Guelma a\u0300 Montmartre - Paris\" style=\"width: 376px; height: 376px;\" \/> <\/a> <div class=\"tiled-gallery-caption\" itemprop=\"caption description\"> Invader &#8211; Villa de Guelma &#8211; Photo @Altinnov <\/div> <\/div> <\/div> <!-- close group --> <div class=\"gallery-group images-1\" style=\"width: 380px; height: 380px;\" data-original-width=\"380\" data-original-height=\"380\" > <div class=\"tiled-gallery-item tiled-gallery-item-large\" itemprop=\"associatedMedia\" itemscope itemtype=\"http:\/\/schema.org\/ImageObject\"> <a href=\"https:\/\/altinnov.blog\/index.php\/fr\/2021\/12\/19\/street-art-montmartre-paris-article\/portrait-par-le-street-artiste-aydar-rue-drevet-montmartre-paris\/\" border=\"0\" itemprop=\"url\"> <meta itemprop=\"width\" content=\"376\"> <meta itemprop=\"height\" content=\"376\"> <img class=\"\" data-attachment-id=\"4848\" data-orig-file=\"https:\/\/altinnov.blog\/wp-content\/uploads\/2021\/12\/Portrait-par-le-Street-Artiste-Aydar-rue-Drevet-Montmartre-Paris.jpg\" data-orig-size=\"2082,2082\" data-comments-opened=\"1\" data-image-meta=\"{&quot;aperture&quot;:&quot;1.8&quot;,&quot;credit&quot;:&quot;&quot;,&quot;camera&quot;:&quot;iPhone 11 Pro&quot;,&quot;caption&quot;:&quot;&quot;,&quot;created_timestamp&quot;:&quot;1639056685&quot;,&quot;copyright&quot;:&quot;&quot;,&quot;focal_length&quot;:&quot;4.25&quot;,&quot;iso&quot;:&quot;32&quot;,&quot;shutter_speed&quot;:&quot;0.0014492753623188&quot;,&quot;title&quot;:&quot;&quot;,&quot;orientation&quot;:&quot;0&quot;}\" data-image-title=\"Portrait par le Street Artiste Aydar &#8211; rue Drevet Montmartre Paris\" data-image-description=\"&lt;p&gt;Portrait par le Street Artiste Aydar &#8211; rue Drevet Montmartre Paris&lt;\/p&gt; \" data-medium-file=\"https:\/\/i0.wp.com\/altinnov.blog\/wp-content\/uploads\/2021\/12\/Portrait-par-le-Street-Artiste-Aydar-rue-Drevet-Montmartre-Paris.jpg?fit=300%2C300&#038;ssl=1\" data-large-file=\"https:\/\/i0.wp.com\/altinnov.blog\/wp-content\/uploads\/2021\/12\/Portrait-par-le-Street-Artiste-Aydar-rue-Drevet-Montmartre-Paris.jpg?fit=1024%2C1024&#038;ssl=1\" src=\"https:\/\/i0.wp.com\/altinnov.blog\/wp-content\/uploads\/2021\/12\/Portrait-par-le-Street-Artiste-Aydar-rue-Drevet-Montmartre-Paris.jpg?w=376&#038;h=376&#038;crop=1&#038;ssl=1\" srcset=\"https:\/\/i0.wp.com\/altinnov.blog\/wp-content\/uploads\/2021\/12\/Portrait-par-le-Street-Artiste-Aydar-rue-Drevet-Montmartre-Paris.jpg?w=2082&amp;ssl=1 2082w, https:\/\/i0.wp.com\/altinnov.blog\/wp-content\/uploads\/2021\/12\/Portrait-par-le-Street-Artiste-Aydar-rue-Drevet-Montmartre-Paris.jpg?resize=300%2C300&amp;ssl=1 300w, https:\/\/i0.wp.com\/altinnov.blog\/wp-content\/uploads\/2021\/12\/Portrait-par-le-Street-Artiste-Aydar-rue-Drevet-Montmartre-Paris.jpg?resize=1024%2C1024&amp;ssl=1 1024w, https:\/\/i0.wp.com\/altinnov.blog\/wp-content\/uploads\/2021\/12\/Portrait-par-le-Street-Artiste-Aydar-rue-Drevet-Montmartre-Paris.jpg?resize=150%2C150&amp;ssl=1 150w, https:\/\/i0.wp.com\/altinnov.blog\/wp-content\/uploads\/2021\/12\/Portrait-par-le-Street-Artiste-Aydar-rue-Drevet-Montmartre-Paris.jpg?resize=768%2C768&amp;ssl=1 768w, https:\/\/i0.wp.com\/altinnov.blog\/wp-content\/uploads\/2021\/12\/Portrait-par-le-Street-Artiste-Aydar-rue-Drevet-Montmartre-Paris.jpg?resize=1536%2C1536&amp;ssl=1 1536w, https:\/\/i0.wp.com\/altinnov.blog\/wp-content\/uploads\/2021\/12\/Portrait-par-le-Street-Artiste-Aydar-rue-Drevet-Montmartre-Paris.jpg?resize=2048%2C2048&amp;ssl=1 2048w\" width=\"376\" height=\"376\" loading=\"lazy\" data-original-width=\"376\" data-original-height=\"376\" itemprop=\"http:\/\/schema.org\/image\" title=\"Portrait par le Street Artiste Aydar - rue Drevet Montmartre Paris\" alt=\"Portrait par le Street Artiste Aydar - rue Drevet Montmartre Paris\" style=\"width: 376px; height: 376px;\" \/> <\/a> <div class=\"tiled-gallery-caption\" itemprop=\"caption description\"> Aydar &#8211; rue Drevet &#8211; Photo @Altinnov <\/div> <\/div> <\/div> <!-- close group --> <\/div> <!-- close row --> <\/div>\n<p>&nbsp;<\/p>\n<h3><strong>Marcher en mode montagne russe pour d\u00e9couvrir du Street Art \u00e0 Montmartre vaut-il le coup\u00a0?<\/strong><\/h3>\n<p>En fait se balader dans Montmartre est d\u00e9j\u00e0 un d\u00e9lice. Le dimanche la Butte est pi\u00e9tonne et le quartier est rempli de jolies surprises. Pour les amateurs d\u2019Art Urbain c\u2019est un petit paradis. Bien s\u00fbr vous n\u2019y trouverez pas <strong><a href=\"https:\/\/altinnov.blog\/index.php\/fr\/2020\/11\/09\/musee-du-street-art-a-ciel-ouvert-boulevard-paris-13\/\">des fresques immenses comme dans le 13<sup>\u00e8me<\/sup> arrondissement<\/a><\/strong>. Le quartier est exigu et les artistes s\u2019adaptent\u00a0! Mais d\u00e8s que vous vous \u00e9loignerez des rues touristiques, vous tomberez automatiquement sur une \u0153uvre\u00a0! Ce quartier rec\u00e8le beaucoup d\u2019autres spots\u00a0; car je ne me suis concentr\u00e9e que sur une partie de la Butte. Si vous passez du c\u00f4t\u00e9 Nord, vous ne serez pas non plus d\u00e9\u00e7u\u2026 et vous tomberez tr\u00e8s certainement sur le <a href=\"https:\/\/altinnov.blog\/index.php\/fr\/2019\/08\/02\/street-art-paris-mur-ordener\/\"><strong>mur Ordener<\/strong><\/a> qui est aussi un lieu incontournable. Et bien \u00e9videmment, si vous ne pouvez pas venir sur Paris, je partagerai avec vous une autre escapade sur la butte\u2026 en 2022.<\/p>\n<p>Il me reste plus qu&rsquo;\u00e0 vous souhaiter de tr\u00e8s belles f\u00eates de fin d\u2019ann\u00e9e et de mon c\u00f4t\u00e9 repartir vers de nouvelles aventures Street Art ! Si vous avez aim\u00e9, partagez \u00e7a me fera plaisir. Et si vous souhaitez recevoir directement toutes mes infos sur l\u2019Art Urbain dans votre bo\u00eete e-mail, <strong><a href=\"https:\/\/severine.substack.com\/p\/coming-soon?r=5nuuu&amp;utm_campaign=post&amp;utm_medium=web\" target=\"_blank\" rel=\"noopener\">vous pouvez d\u00e9sormais vous inscrire \u00e0 ma Newsletter<\/a> <\/strong>\ud83d\ude09<\/p>\n<p>A tr\u00e8s bient\u00f4t<\/p>\n<p>Streetartement votre.<\/p>\n<p>S\u00e9verine<\/p>\n<p>&nbsp;<\/p>\n<p>&nbsp;<\/p>\n<div id=\"altin-2715233390\" class=\"altin-apres-le-contenu_2 altin-entity-placement\"><!-- Ezoic - bas article - native_bottom -->\r\n<div id=\"ezoic-pub-ad-placeholder-102\"> <\/div>\r\n<!-- End Ezoic - bas article - native_bottom --><\/div><div id=\"altin-2579756164\" class=\"altin-apres-le-contenu altin-entity-placement\" style=\"margin-left: auto;margin-right: auto;text-align: center;\"><script async src=\"\/\/pagead2.googlesyndication.com\/pagead\/js\/adsbygoogle.js?client=ca-pub-4035181110757945\" crossorigin=\"anonymous\"><\/script><ins class=\"adsbygoogle\" style=\"display:block; text-align:center;\" data-ad-client=\"ca-pub-4035181110757945\" \ndata-ad-slot=\"9414912321\" \ndata-ad-layout=\"in-article\"\ndata-ad-format=\"fluid\"><\/ins>\n<script> \n(adsbygoogle = window.adsbygoogle || []).push({}); \n<\/script>\n<\/div>","protected":false},"excerpt":{"rendered":"<p>Le Street Art \u00e0 Montmartre n&rsquo;a pas toujours la saveur d&rsquo;Am\u00e9lie Poulain. Il montre aussi, avec humanisme, la face sombre de ce quartier.<\/p>\n","protected":false},"author":1,"featured_media":4776,"comment_status":"open","ping_status":"open","sticky":false,"template":"","format":"standard","meta":{"jetpack_post_was_ever_published":false,"_jetpack_newsletter_access":"","_jetpack_dont_email_post_to_subs":false,"_jetpack_newsletter_tier_id":0,"_jetpack_memberships_contains_paywalled_content":false,"footnotes":"","_jetpack_memberships_contains_paid_content":false},"categories":[29],"tags":[2556,2530,2540,2554,2560,2518,2546,1009,1697,1835,2063,2522,2558,2526,2548,2524,2528,2550,2552,2532,2538,2544,2542,2280,2536,2520,2534],"yoast_head":"<!-- This site is optimized with the Yoast SEO plugin v22.6 - https:\/\/yoast.com\/wordpress\/plugins\/seo\/ -->\n<title>Escapade Street Art sur les pentes de la Butte Montmartre \u00e0 Paris - ALTINNOV<\/title>\n<meta name=\"description\" content=\"Le Street Art \u00e0 Montmartre n&#039;a pas toujours la saveur d&#039;Am\u00e9lie Poulain. Il montre aussi, avec humanisme, la face sombre de ce quartier.\" \/>\n<meta name=\"robots\" content=\"index, follow, max-snippet:-1, max-image-preview:large, max-video-preview:-1\" \/>\n<link rel=\"canonical\" href=\"https:\/\/altinnov.blog\/index.php\/fr\/2021\/12\/19\/street-art-montmartre-paris-article\/\" \/>\n<meta property=\"og:locale\" content=\"fr_FR\" \/>\n<meta property=\"og:type\" content=\"article\" \/>\n<meta property=\"og:title\" content=\"Escapade Street Art sur les pentes de la Butte Montmartre\" \/>\n<meta property=\"og:description\" content=\"Le Street Art \u00e0 Montmartre n&#039;a pas toujours la saveur d&#039;Am\u00e9lie Poulain. Il montre aussi, avec humanisme, la face sombre de ce quartier.\" \/>\n<meta property=\"og:url\" content=\"https:\/\/altinnov.blog\/index.php\/fr\/2021\/12\/19\/street-art-montmartre-paris-article\/\" \/>\n<meta property=\"og:site_name\" content=\"ALTINNOV\" \/>\n<meta property=\"article:publisher\" content=\"https:\/\/www.facebook.com\/Altinnov\/\" \/>\n<meta property=\"article:author\" content=\"https:\/\/www.facebook.com\/Altinnov\/\" \/>\n<meta property=\"article:published_time\" content=\"2021-12-19T21:59:12+00:00\" \/>\n<meta property=\"og:image\" content=\"https:\/\/altinnov.blog\/wp-content\/uploads\/2021\/12\/Escapade-Street-Art-sur-les-pentes-de-la-Butte-Montmartre-Oeuvre-de-Faith47-scaled.jpg\" \/>\n\t<meta property=\"og:image:width\" content=\"2560\" \/>\n\t<meta property=\"og:image:height\" content=\"1716\" \/>\n\t<meta property=\"og:image:type\" content=\"image\/jpeg\" \/>\n<meta name=\"author\" content=\"S\u00e9verine\" \/>\n<meta name=\"twitter:card\" content=\"summary_large_image\" \/>\n<meta name=\"twitter:title\" content=\"Escapade Street Art sur les pentes de la Butte Montmartre\" \/>\n<meta name=\"twitter:description\" content=\"Le Street Art \u00e0 Montmartre n&#039;a pas toujours la saveur d&#039;Am\u00e9lie Poulain. Il montre aussi, avec humanisme, la face sombre de ce quartier. #streetartparis #montmartre #levalet #faith47 #invader\" \/>\n<meta name=\"twitter:image\" content=\"https:\/\/i0.wp.com\/altinnov.blog\/wp-content\/uploads\/2021\/12\/Escapade-Street-Art-sur-les-pentes-de-la-Butte-Montmartre-Oeuvre-de-Faith47-scaled.jpg?fit=2560%2C1716&ssl=1\" \/>\n<meta name=\"twitter:creator\" content=\"@Altinnov1\" \/>\n<meta name=\"twitter:site\" content=\"@Altinnov1\" \/>\n<meta name=\"twitter:label1\" content=\"\u00c9crit par\" \/>\n\t<meta name=\"twitter:data1\" content=\"S\u00e9verine\" \/>\n\t<meta name=\"twitter:label2\" content=\"Dur\u00e9e de lecture estim\u00e9e\" \/>\n\t<meta name=\"twitter:data2\" content=\"15 minutes\" \/>\n<script type=\"application\/ld+json\" class=\"yoast-schema-graph\">{\"@context\":\"https:\/\/schema.org\",\"@graph\":[{\"@type\":\"Article\",\"@id\":\"https:\/\/altinnov.blog\/index.php\/fr\/2021\/12\/19\/street-art-montmartre-paris-article\/#article\",\"isPartOf\":{\"@id\":\"https:\/\/altinnov.blog\/index.php\/fr\/2021\/12\/19\/street-art-montmartre-paris-article\/\"},\"author\":{\"name\":\"S\u00e9verine\",\"@id\":\"https:\/\/altinnov.blog\/#\/schema\/person\/fb38574bf72ee22878743e54d687ae5a\"},\"headline\":\"Escapade Street Art sur les pentes de la Butte Montmartre \u00e0 Paris\",\"datePublished\":\"2021-12-19T21:59:12+00:00\",\"dateModified\":\"2021-12-19T21:59:12+00:00\",\"mainEntityOfPage\":{\"@id\":\"https:\/\/altinnov.blog\/index.php\/fr\/2021\/12\/19\/street-art-montmartre-paris-article\/\"},\"wordCount\":2648,\"commentCount\":2,\"publisher\":{\"@id\":\"https:\/\/altinnov.blog\/#\/schema\/person\/fb38574bf72ee22878743e54d687ae5a\"},\"image\":{\"@id\":\"https:\/\/altinnov.blog\/index.php\/fr\/2021\/12\/19\/street-art-montmartre-paris-article\/#primaryimage\"},\"thumbnailUrl\":\"https:\/\/i0.wp.com\/altinnov.blog\/wp-content\/uploads\/2021\/12\/Escapade-Street-Art-sur-les-pentes-de-la-Butte-Montmartre-Oeuvre-de-Faith47-scaled.jpg?fit=2560%2C1716&ssl=1\",\"keywords\":[\"18emedesigne\",\"Akiza\",\"C+S\",\"Claire Kito\",\"Exposito\",\"FaithXLVII\",\"Gregos\",\"invader\",\"Jana &amp; Js\",\"Jo Di Bona\",\"Juan Spray\",\"La Dactylo\",\"LaDame_QUICOLLE\",\"Levalet\",\"Loup y es-tu\",\"Marchal Shaka\",\"Maria Pe\u00f1a Coto\",\"Mimi The Clown\",\"Mirages\",\"Monsieur Plus\",\"N\u00f4\",\"Olivia de Bona\",\"Singular Vintage\",\"Swed\",\"Tito &amp; Mulk\",\"Toqu\u00e9 Fr\u00e8res\",\"Tzigrafik\"],\"articleSection\":[\"Balades Street Art\"],\"inLanguage\":\"fr-FR\",\"potentialAction\":[{\"@type\":\"CommentAction\",\"name\":\"Comment\",\"target\":[\"https:\/\/altinnov.blog\/index.php\/fr\/2021\/12\/19\/street-art-montmartre-paris-article\/#respond\"]}]},{\"@type\":\"WebPage\",\"@id\":\"https:\/\/altinnov.blog\/index.php\/fr\/2021\/12\/19\/street-art-montmartre-paris-article\/\",\"url\":\"https:\/\/altinnov.blog\/index.php\/fr\/2021\/12\/19\/street-art-montmartre-paris-article\/\",\"name\":\"Escapade Street Art sur les pentes de la Butte Montmartre \u00e0 Paris - ALTINNOV\",\"isPartOf\":{\"@id\":\"https:\/\/altinnov.blog\/#website\"},\"primaryImageOfPage\":{\"@id\":\"https:\/\/altinnov.blog\/index.php\/fr\/2021\/12\/19\/street-art-montmartre-paris-article\/#primaryimage\"},\"image\":{\"@id\":\"https:\/\/altinnov.blog\/index.php\/fr\/2021\/12\/19\/street-art-montmartre-paris-article\/#primaryimage\"},\"thumbnailUrl\":\"https:\/\/i0.wp.com\/altinnov.blog\/wp-content\/uploads\/2021\/12\/Escapade-Street-Art-sur-les-pentes-de-la-Butte-Montmartre-Oeuvre-de-Faith47-scaled.jpg?fit=2560%2C1716&ssl=1\",\"datePublished\":\"2021-12-19T21:59:12+00:00\",\"dateModified\":\"2021-12-19T21:59:12+00:00\",\"description\":\"Le Street Art \u00e0 Montmartre n'a pas toujours la saveur d'Am\u00e9lie Poulain. Il montre aussi, avec humanisme, la face sombre de ce quartier.\",\"breadcrumb\":{\"@id\":\"https:\/\/altinnov.blog\/index.php\/fr\/2021\/12\/19\/street-art-montmartre-paris-article\/#breadcrumb\"},\"inLanguage\":\"fr-FR\",\"potentialAction\":[{\"@type\":\"ReadAction\",\"target\":[\"https:\/\/altinnov.blog\/index.php\/fr\/2021\/12\/19\/street-art-montmartre-paris-article\/\"]}]},{\"@type\":\"ImageObject\",\"inLanguage\":\"fr-FR\",\"@id\":\"https:\/\/altinnov.blog\/index.php\/fr\/2021\/12\/19\/street-art-montmartre-paris-article\/#primaryimage\",\"url\":\"https:\/\/i0.wp.com\/altinnov.blog\/wp-content\/uploads\/2021\/12\/Escapade-Street-Art-sur-les-pentes-de-la-Butte-Montmartre-Oeuvre-de-Faith47-scaled.jpg?fit=2560%2C1716&ssl=1\",\"contentUrl\":\"https:\/\/i0.wp.com\/altinnov.blog\/wp-content\/uploads\/2021\/12\/Escapade-Street-Art-sur-les-pentes-de-la-Butte-Montmartre-Oeuvre-de-Faith47-scaled.jpg?fit=2560%2C1716&ssl=1\",\"width\":2560,\"height\":1716,\"caption\":\"FAITH XLVII - Photo @Altinnov\"},{\"@type\":\"BreadcrumbList\",\"@id\":\"https:\/\/altinnov.blog\/index.php\/fr\/2021\/12\/19\/street-art-montmartre-paris-article\/#breadcrumb\",\"itemListElement\":[{\"@type\":\"ListItem\",\"position\":1,\"name\":\"Accueil\",\"item\":\"https:\/\/altinnov.blog\/\"},{\"@type\":\"ListItem\",\"position\":2,\"name\":\"Escapade Street Art sur les pentes de la Butte Montmartre \u00e0 Paris\"}]},{\"@type\":\"WebSite\",\"@id\":\"https:\/\/altinnov.blog\/#website\",\"url\":\"https:\/\/altinnov.blog\/\",\"name\":\"ALTINNOV\",\"description\":\"BLOG STREET ART &amp; LIFESTYLE\",\"publisher\":{\"@id\":\"https:\/\/altinnov.blog\/#\/schema\/person\/fb38574bf72ee22878743e54d687ae5a\"},\"potentialAction\":[{\"@type\":\"SearchAction\",\"target\":{\"@type\":\"EntryPoint\",\"urlTemplate\":\"https:\/\/altinnov.blog\/?s={search_term_string}\"},\"query-input\":\"required name=search_term_string\"}],\"inLanguage\":\"fr-FR\"},{\"@type\":[\"Person\",\"Organization\"],\"@id\":\"https:\/\/altinnov.blog\/#\/schema\/person\/fb38574bf72ee22878743e54d687ae5a\",\"name\":\"S\u00e9verine\",\"image\":{\"@type\":\"ImageObject\",\"inLanguage\":\"fr-FR\",\"@id\":\"https:\/\/altinnov.blog\/#\/schema\/person\/image\/\",\"url\":\"https:\/\/i0.wp.com\/altinnov.blog\/wp-content\/uploads\/2021\/07\/SkatePark-re\u0301alise\u0301-par-JonOne-dans-lespace-transition-ephe\u0301me\u0300re-dAbbeville-scaled.jpg?fit=2560%2C1920&ssl=1\",\"contentUrl\":\"https:\/\/i0.wp.com\/altinnov.blog\/wp-content\/uploads\/2021\/07\/SkatePark-re\u0301alise\u0301-par-JonOne-dans-lespace-transition-ephe\u0301me\u0300re-dAbbeville-scaled.jpg?fit=2560%2C1920&ssl=1\",\"width\":2560,\"height\":1920,\"caption\":\"S\u00e9verine\"},\"logo\":{\"@id\":\"https:\/\/altinnov.blog\/#\/schema\/person\/image\/\"},\"sameAs\":[\"https:\/\/altinnov.blog\/\",\"https:\/\/www.facebook.com\/Altinnov\/\",\"https:\/\/www.instagram.com\/Altinnov\/\",\"https:\/\/www.linkedin.com\/in\/severinetp\/\",\"https:\/\/www.pinterest.fr\/SeverineTP\/\",\"https:\/\/x.com\/Altinnov1\"]}]}<\/script>\n<!-- \/ Yoast SEO plugin. -->","yoast_head_json":{"title":"Escapade Street Art sur les pentes de la Butte Montmartre \u00e0 Paris - ALTINNOV","description":"Le Street Art \u00e0 Montmartre n'a pas toujours la saveur d'Am\u00e9lie Poulain. Il montre aussi, avec humanisme, la face sombre de ce quartier.","robots":{"index":"index","follow":"follow","max-snippet":"max-snippet:-1","max-image-preview":"max-image-preview:large","max-video-preview":"max-video-preview:-1"},"canonical":"https:\/\/altinnov.blog\/index.php\/fr\/2021\/12\/19\/street-art-montmartre-paris-article\/","og_locale":"fr_FR","og_type":"article","og_title":"Escapade Street Art sur les pentes de la Butte Montmartre","og_description":"Le Street Art \u00e0 Montmartre n'a pas toujours la saveur d'Am\u00e9lie Poulain. Il montre aussi, avec humanisme, la face sombre de ce quartier.","og_url":"https:\/\/altinnov.blog\/index.php\/fr\/2021\/12\/19\/street-art-montmartre-paris-article\/","og_site_name":"ALTINNOV","article_publisher":"https:\/\/www.facebook.com\/Altinnov\/","article_author":"https:\/\/www.facebook.com\/Altinnov\/","article_published_time":"2021-12-19T21:59:12+00:00","og_image":[{"width":2560,"height":1716,"url":"https:\/\/altinnov.blog\/wp-content\/uploads\/2021\/12\/Escapade-Street-Art-sur-les-pentes-de-la-Butte-Montmartre-Oeuvre-de-Faith47-scaled.jpg","type":"image\/jpeg"}],"author":"S\u00e9verine","twitter_card":"summary_large_image","twitter_title":"Escapade Street Art sur les pentes de la Butte Montmartre","twitter_description":"Le Street Art \u00e0 Montmartre n'a pas toujours la saveur d'Am\u00e9lie Poulain. Il montre aussi, avec humanisme, la face sombre de ce quartier. #streetartparis #montmartre #levalet #faith47 #invader","twitter_image":"https:\/\/i0.wp.com\/altinnov.blog\/wp-content\/uploads\/2021\/12\/Escapade-Street-Art-sur-les-pentes-de-la-Butte-Montmartre-Oeuvre-de-Faith47-scaled.jpg?fit=2560%2C1716&ssl=1","twitter_creator":"@Altinnov1","twitter_site":"@Altinnov1","twitter_misc":{"\u00c9crit par":"S\u00e9verine","Dur\u00e9e de lecture estim\u00e9e":"15 minutes"},"schema":{"@context":"https:\/\/schema.org","@graph":[{"@type":"Article","@id":"https:\/\/altinnov.blog\/index.php\/fr\/2021\/12\/19\/street-art-montmartre-paris-article\/#article","isPartOf":{"@id":"https:\/\/altinnov.blog\/index.php\/fr\/2021\/12\/19\/street-art-montmartre-paris-article\/"},"author":{"name":"S\u00e9verine","@id":"https:\/\/altinnov.blog\/#\/schema\/person\/fb38574bf72ee22878743e54d687ae5a"},"headline":"Escapade Street Art sur les pentes de la Butte Montmartre \u00e0 Paris","datePublished":"2021-12-19T21:59:12+00:00","dateModified":"2021-12-19T21:59:12+00:00","mainEntityOfPage":{"@id":"https:\/\/altinnov.blog\/index.php\/fr\/2021\/12\/19\/street-art-montmartre-paris-article\/"},"wordCount":2648,"commentCount":2,"publisher":{"@id":"https:\/\/altinnov.blog\/#\/schema\/person\/fb38574bf72ee22878743e54d687ae5a"},"image":{"@id":"https:\/\/altinnov.blog\/index.php\/fr\/2021\/12\/19\/street-art-montmartre-paris-article\/#primaryimage"},"thumbnailUrl":"https:\/\/i0.wp.com\/altinnov.blog\/wp-content\/uploads\/2021\/12\/Escapade-Street-Art-sur-les-pentes-de-la-Butte-Montmartre-Oeuvre-de-Faith47-scaled.jpg?fit=2560%2C1716&ssl=1","keywords":["18emedesigne","Akiza","C+S","Claire Kito","Exposito","FaithXLVII","Gregos","invader","Jana &amp; Js","Jo Di Bona","Juan Spray","La Dactylo","LaDame_QUICOLLE","Levalet","Loup y es-tu","Marchal Shaka","Maria Pe\u00f1a Coto","Mimi The Clown","Mirages","Monsieur Plus","N\u00f4","Olivia de Bona","Singular Vintage","Swed","Tito &amp; Mulk","Toqu\u00e9 Fr\u00e8res","Tzigrafik"],"articleSection":["Balades Street Art"],"inLanguage":"fr-FR","potentialAction":[{"@type":"CommentAction","name":"Comment","target":["https:\/\/altinnov.blog\/index.php\/fr\/2021\/12\/19\/street-art-montmartre-paris-article\/#respond"]}]},{"@type":"WebPage","@id":"https:\/\/altinnov.blog\/index.php\/fr\/2021\/12\/19\/street-art-montmartre-paris-article\/","url":"https:\/\/altinnov.blog\/index.php\/fr\/2021\/12\/19\/street-art-montmartre-paris-article\/","name":"Escapade Street Art sur les pentes de la Butte Montmartre \u00e0 Paris - ALTINNOV","isPartOf":{"@id":"https:\/\/altinnov.blog\/#website"},"primaryImageOfPage":{"@id":"https:\/\/altinnov.blog\/index.php\/fr\/2021\/12\/19\/street-art-montmartre-paris-article\/#primaryimage"},"image":{"@id":"https:\/\/altinnov.blog\/index.php\/fr\/2021\/12\/19\/street-art-montmartre-paris-article\/#primaryimage"},"thumbnailUrl":"https:\/\/i0.wp.com\/altinnov.blog\/wp-content\/uploads\/2021\/12\/Escapade-Street-Art-sur-les-pentes-de-la-Butte-Montmartre-Oeuvre-de-Faith47-scaled.jpg?fit=2560%2C1716&ssl=1","datePublished":"2021-12-19T21:59:12+00:00","dateModified":"2021-12-19T21:59:12+00:00","description":"Le Street Art \u00e0 Montmartre n'a pas toujours la saveur d'Am\u00e9lie Poulain. Il montre aussi, avec humanisme, la face sombre de ce quartier.","breadcrumb":{"@id":"https:\/\/altinnov.blog\/index.php\/fr\/2021\/12\/19\/street-art-montmartre-paris-article\/#breadcrumb"},"inLanguage":"fr-FR","potentialAction":[{"@type":"ReadAction","target":["https:\/\/altinnov.blog\/index.php\/fr\/2021\/12\/19\/street-art-montmartre-paris-article\/"]}]},{"@type":"ImageObject","inLanguage":"fr-FR","@id":"https:\/\/altinnov.blog\/index.php\/fr\/2021\/12\/19\/street-art-montmartre-paris-article\/#primaryimage","url":"https:\/\/i0.wp.com\/altinnov.blog\/wp-content\/uploads\/2021\/12\/Escapade-Street-Art-sur-les-pentes-de-la-Butte-Montmartre-Oeuvre-de-Faith47-scaled.jpg?fit=2560%2C1716&ssl=1","contentUrl":"https:\/\/i0.wp.com\/altinnov.blog\/wp-content\/uploads\/2021\/12\/Escapade-Street-Art-sur-les-pentes-de-la-Butte-Montmartre-Oeuvre-de-Faith47-scaled.jpg?fit=2560%2C1716&ssl=1","width":2560,"height":1716,"caption":"FAITH XLVII - Photo @Altinnov"},{"@type":"BreadcrumbList","@id":"https:\/\/altinnov.blog\/index.php\/fr\/2021\/12\/19\/street-art-montmartre-paris-article\/#breadcrumb","itemListElement":[{"@type":"ListItem","position":1,"name":"Accueil","item":"https:\/\/altinnov.blog\/"},{"@type":"ListItem","position":2,"name":"Escapade Street Art sur les pentes de la Butte Montmartre \u00e0 Paris"}]},{"@type":"WebSite","@id":"https:\/\/altinnov.blog\/#website","url":"https:\/\/altinnov.blog\/","name":"ALTINNOV","description":"BLOG STREET ART &amp; LIFESTYLE","publisher":{"@id":"https:\/\/altinnov.blog\/#\/schema\/person\/fb38574bf72ee22878743e54d687ae5a"},"potentialAction":[{"@type":"SearchAction","target":{"@type":"EntryPoint","urlTemplate":"https:\/\/altinnov.blog\/?s={search_term_string}"},"query-input":"required name=search_term_string"}],"inLanguage":"fr-FR"},{"@type":["Person","Organization"],"@id":"https:\/\/altinnov.blog\/#\/schema\/person\/fb38574bf72ee22878743e54d687ae5a","name":"S\u00e9verine","image":{"@type":"ImageObject","inLanguage":"fr-FR","@id":"https:\/\/altinnov.blog\/#\/schema\/person\/image\/","url":"https:\/\/i0.wp.com\/altinnov.blog\/wp-content\/uploads\/2021\/07\/SkatePark-re\u0301alise\u0301-par-JonOne-dans-lespace-transition-ephe\u0301me\u0300re-dAbbeville-scaled.jpg?fit=2560%2C1920&ssl=1","contentUrl":"https:\/\/i0.wp.com\/altinnov.blog\/wp-content\/uploads\/2021\/07\/SkatePark-re\u0301alise\u0301-par-JonOne-dans-lespace-transition-ephe\u0301me\u0300re-dAbbeville-scaled.jpg?fit=2560%2C1920&ssl=1","width":2560,"height":1920,"caption":"S\u00e9verine"},"logo":{"@id":"https:\/\/altinnov.blog\/#\/schema\/person\/image\/"},"sameAs":["https:\/\/altinnov.blog\/","https:\/\/www.facebook.com\/Altinnov\/","https:\/\/www.instagram.com\/Altinnov\/","https:\/\/www.linkedin.com\/in\/severinetp\/","https:\/\/www.pinterest.fr\/SeverineTP\/","https:\/\/x.com\/Altinnov1"]}]}},"jetpack_sharing_enabled":true,"jetpack_featured_media_url":"https:\/\/i0.wp.com\/altinnov.blog\/wp-content\/uploads\/2021\/12\/Escapade-Street-Art-sur-les-pentes-de-la-Butte-Montmartre-Oeuvre-de-Faith47-scaled.jpg?fit=2560%2C1716&ssl=1","jetpack_shortlink":"https:\/\/wp.me\/pakAzb-1f1","jetpack_likes_enabled":false,"jetpack-related-posts":[],"_links":{"self":[{"href":"https:\/\/altinnov.blog\/index.php\/wp-json\/wp\/v2\/posts\/4775"}],"collection":[{"href":"https:\/\/altinnov.blog\/index.php\/wp-json\/wp\/v2\/posts"}],"about":[{"href":"https:\/\/altinnov.blog\/index.php\/wp-json\/wp\/v2\/types\/post"}],"author":[{"embeddable":true,"href":"https:\/\/altinnov.blog\/index.php\/wp-json\/wp\/v2\/users\/1"}],"replies":[{"embeddable":true,"href":"https:\/\/altinnov.blog\/index.php\/wp-json\/wp\/v2\/comments?post=4775"}],"version-history":[{"count":32,"href":"https:\/\/altinnov.blog\/index.php\/wp-json\/wp\/v2\/posts\/4775\/revisions"}],"predecessor-version":[{"id":4859,"href":"https:\/\/altinnov.blog\/index.php\/wp-json\/wp\/v2\/posts\/4775\/revisions\/4859"}],"wp:featuredmedia":[{"embeddable":true,"href":"https:\/\/altinnov.blog\/index.php\/wp-json\/wp\/v2\/media\/4776"}],"wp:attachment":[{"href":"https:\/\/altinnov.blog\/index.php\/wp-json\/wp\/v2\/media?parent=4775"}],"wp:term":[{"taxonomy":"category","embeddable":true,"href":"https:\/\/altinnov.blog\/index.php\/wp-json\/wp\/v2\/categories?post=4775"},{"taxonomy":"post_tag","embeddable":true,"href":"https:\/\/altinnov.blog\/index.php\/wp-json\/wp\/v2\/tags?post=4775"}],"curies":[{"name":"wp","href":"https:\/\/api.w.org\/{rel}","templated":true}]}}