{"id":4503,"date":"2021-11-07T21:42:49","date_gmt":"2021-11-07T20:42:49","guid":{"rendered":"https:\/\/altinnov.blog\/?p=4503"},"modified":"2021-11-12T16:03:50","modified_gmt":"2021-11-12T15:03:50","slug":"fondation-fiminco","status":"publish","type":"post","link":"https:\/\/altinnov.blog\/index.php\/fr\/2021\/11\/07\/fondation-fiminco\/","title":{"rendered":"La Fondation Fiminco accueille une exposition d\u2019\u0153uvres monumentales d&rsquo;artistes urbains !"},"content":{"rendered":"<p>La <strong>Fondation Fiminco<\/strong> me faisait de l\u2019\u0153il depuis un moment. Il est vrai qu\u2019un nouvel espace d\u2019exposition et de cr\u00e9ation de cette ampleur a de quoi m\u2019aimanter\u2026 encore plus quand on sait que ce lieu est sur le site d\u2019une ancienne friche industrielle\u00a0!<\/p>\n<p>Savoir que des galeries d\u2019art de grandes renomm\u00e9es telles <strong>Air de Paris<\/strong>, <strong>Galerie Sator<\/strong> ou encore <strong>In Situ<\/strong> avaient \u00e9tabli un camp de base \u00e0 Romainville, apprendre que l\u2019une des plus belle \u00e9cole de design, la Parsons Paris y avait un campus, r\u00e9aliser que ce lieu \u00e9tait une formidable r\u00e9sidence d\u2019artistes, autant de raisons qui auraient du me pousser \u00e0 aller y jeter un \u0153il !<\/p><div id=\"altin-3792802\" class=\"altin-contenu_2 altin-entity-placement\"><script async src=\"\/\/pagead2.googlesyndication.com\/pagead\/js\/adsbygoogle.js?client=ca-pub-4035181110757945\" crossorigin=\"anonymous\"><\/script><ins class=\"adsbygoogle\" style=\"display:block; text-align:center;\" data-ad-client=\"ca-pub-4035181110757945\" \ndata-ad-slot=\"9414912321\" \ndata-ad-layout=\"in-article\"\ndata-ad-format=\"fluid\"><\/ins>\n<script> \n(adsbygoogle = window.adsbygoogle || []).push({}); \n<\/script>\n<\/div>\n<p>C\u2019est finalement gr\u00e2ce \u00e0 la maison de production d\u2019art <strong>Quai 36<\/strong> que je me suis d\u00e9cid\u00e9e \u00e0 y aller et je ne suis absolument pas d\u00e9\u00e7ue de cette d\u00e9couverte qui me conforte dans le fait que l\u2019offre culturelle autour de Paris est bel et bien en train d\u2019exploser\u00a0!<\/p>\n<p>&nbsp;<\/p>\n<h3><strong>Des \u0153uvres monumentales sur la th\u00e9matique de la m\u00e9tamorphose<\/strong><\/h3>\n<p>La Fondation Fiminco a donn\u00e9 carte blanche \u00e0 l\u2019\u00e9quipe de Quai 36 afin de cr\u00e9er une exposition immersive dans l\u2019incroyable espace anciennement occup\u00e9 par la chaufferie du b\u00e2timent. 8 artistes urbains ont r\u00e9alis\u00e9 des \u0153uvres in situ sur cette th\u00e9matique Kafka-ienne qu\u2019est celle de la m\u00e9tamorphose. L\u2019espace est immense, les hauteurs sous plafond sont vertigineuses et la lumi\u00e8re naturelle qui transperce d\u2019immenses surfaces vitr\u00e9es quadrill\u00e9es conf\u00e8re au lieu un aspect presque religieux. Ce b\u00e2timent a beaucoup de caract\u00e8re et je suis certaine qu\u2019il vous envoutera.<\/p>\n<p>&nbsp;<\/p>\n<div id=\"attachment_4507\" style=\"width: 1034px\" class=\"wp-caption aligncenter\"><img aria-describedby=\"caption-attachment-4507\" decoding=\"async\" loading=\"lazy\" class=\"wp-image-4507 size-large\" src=\"https:\/\/i0.wp.com\/altinnov.blog\/wp-content\/uploads\/2021\/11\/Fonfation-Fiminco-Exposition-Metamorphosis-re\u0301alise\u0301ee-par-Quai-36.jpg?resize=1024%2C718&#038;ssl=1\" alt=\"Fondation Fiminco - Exposition Metamorphosis re\u0301alise\u0301ee par Quai 36\" width=\"1024\" height=\"718\" srcset=\"https:\/\/i0.wp.com\/altinnov.blog\/wp-content\/uploads\/2021\/11\/Fonfation-Fiminco-Exposition-Metamorphosis-re\u0301alise\u0301ee-par-Quai-36-scaled.jpg?resize=1024%2C718&amp;ssl=1 1024w, https:\/\/i0.wp.com\/altinnov.blog\/wp-content\/uploads\/2021\/11\/Fonfation-Fiminco-Exposition-Metamorphosis-re\u0301alise\u0301ee-par-Quai-36-scaled.jpg?resize=300%2C210&amp;ssl=1 300w, https:\/\/i0.wp.com\/altinnov.blog\/wp-content\/uploads\/2021\/11\/Fonfation-Fiminco-Exposition-Metamorphosis-re\u0301alise\u0301ee-par-Quai-36-scaled.jpg?resize=768%2C539&amp;ssl=1 768w, https:\/\/i0.wp.com\/altinnov.blog\/wp-content\/uploads\/2021\/11\/Fonfation-Fiminco-Exposition-Metamorphosis-re\u0301alise\u0301ee-par-Quai-36-scaled.jpg?resize=1536%2C1077&amp;ssl=1 1536w, https:\/\/i0.wp.com\/altinnov.blog\/wp-content\/uploads\/2021\/11\/Fonfation-Fiminco-Exposition-Metamorphosis-re\u0301alise\u0301ee-par-Quai-36-scaled.jpg?resize=2048%2C1436&amp;ssl=1 2048w, https:\/\/i0.wp.com\/altinnov.blog\/wp-content\/uploads\/2021\/11\/Fonfation-Fiminco-Exposition-Metamorphosis-re\u0301alise\u0301ee-par-Quai-36-scaled.jpg?w=2280&amp;ssl=1 2280w\" sizes=\"(max-width: 1024px) 100vw, 1024px\" data-recalc-dims=\"1\" \/><p id=\"caption-attachment-4507\" class=\"wp-caption-text\">Fondation Fiminco &#8211; Exposition Metamorphosis &#8211; Quai 36 &#8211; Photo @Altinnov<\/p><\/div>\n<p>&nbsp;<\/p>\n<p>J\u2019ai ressenti la m\u00eame sensation en entrant dans les lieux que lors de ma visite \u00e0 <strong><a href=\"https:\/\/altinnov.blog\/index.php\/fr\/2021\/07\/05\/l-essentiel-paris\/\" target=\"_blank\" rel=\"noopener\">L\u2019Essentiel, ancien centre de tri de postal transform\u00e9 en exposition urbaine<\/a><\/strong>, qui m\u2019avait plus qu\u2019enthousiasm\u00e9 gr\u00e2ce \u00e0 une coh\u00e9rence absolue dans sa r\u00e9alisation. Du coup mon attente et mon niveau d\u2019exigence s\u2019en sont trouv\u00e9s d\u00e9cupl\u00e9s ! Quand on se trouve dans l\u2019immensit\u00e9 de la pi\u00e8ce on se rend vite compte que les \u0153uvres sont monumentales. Un seul coup d\u2019\u0153il \u00e0 <strong>l\u2019Hymne orphique \u00e0 Apollon<\/strong> r\u00e9alis\u00e9 par le Duo <a href=\"https:\/\/www.instagram.com\/pichiavo\/\" target=\"_blank\" rel=\"noopener\"><strong>PichiAvo<\/strong><\/a> nous projette dans l\u2019infiniment grand\u2026 Au niveau ressenti, la th\u00e9matique reste un peu floue pour moi, car je vois plus dans leur travail une juxtaposition d\u2019univers qu\u2019une r\u00e9elle proposition sur la m\u00e9tamorphose.<\/p>\n<p>L\u2019\u0153uvre \u00ab\u00a0Skylight\u00a0\u00bb de l\u2019artiste Fran\u00e7ais <a href=\"https:\/\/www.instagram.com\/sebastien_preschoux\/\" target=\"_blank\" rel=\"noopener\"><strong>S\u00e9bastien Preschoux<\/strong><\/a> vient casser le c\u00f4t\u00e9 cubique du lieu en jouant avec la lumi\u00e8re. Il y a quelque chose de tr\u00e8s digital dans ses puits de fils qui font ind\u00e9niablement penser \u00e0 des lasers de s\u00e9curit\u00e9. Son installation pour le coup m\u00e9tamorphose l\u2019espace en lui apportant une couleur chaleureuse qui contraste avec l\u2019architecture r\u00e9solument brute. Vous la verrez appara\u00eetre sur plusieurs de mes photos puisqu\u2019elle s\u2019\u00e9tale sur les deux \u00e9tages de l\u2019exposition.<\/p>\n<p>&nbsp;<\/p><div id=\"altin-1329321658\" class=\"altin-contenu altin-entity-placement\"><script async src=\"\/\/pagead2.googlesyndication.com\/pagead\/js\/adsbygoogle.js?client=ca-pub-4035181110757945\" crossorigin=\"anonymous\"><\/script><ins class=\"adsbygoogle\" style=\"display:block; text-align:center;\" data-ad-client=\"ca-pub-4035181110757945\" \ndata-ad-slot=\"9414912321\" \ndata-ad-layout=\"in-article\"\ndata-ad-format=\"fluid\"><\/ins>\n<script> \n(adsbygoogle = window.adsbygoogle || []).push({}); \n<\/script>\n<\/div>\n<div id=\"attachment_4511\" style=\"width: 1034px\" class=\"wp-caption aligncenter\"><img aria-describedby=\"caption-attachment-4511\" decoding=\"async\" loading=\"lazy\" class=\"size-large wp-image-4511\" src=\"https:\/\/i0.wp.com\/altinnov.blog\/wp-content\/uploads\/2021\/11\/Fondation-Fiminco-exposition-Metamorphosis-quai-36-Tomislav-de-Quintessenz-.jpg?resize=1024%2C1024&#038;ssl=1\" alt=\"Fondation Fiminco - exposition Metamorphosis quai 36 -Tomislav de Quintessenz\" width=\"1024\" height=\"1024\" srcset=\"https:\/\/i0.wp.com\/altinnov.blog\/wp-content\/uploads\/2021\/11\/Fondation-Fiminco-exposition-Metamorphosis-quai-36-Tomislav-de-Quintessenz--scaled.jpg?resize=1024%2C1024&amp;ssl=1 1024w, https:\/\/i0.wp.com\/altinnov.blog\/wp-content\/uploads\/2021\/11\/Fondation-Fiminco-exposition-Metamorphosis-quai-36-Tomislav-de-Quintessenz--scaled.jpg?resize=300%2C300&amp;ssl=1 300w, https:\/\/i0.wp.com\/altinnov.blog\/wp-content\/uploads\/2021\/11\/Fondation-Fiminco-exposition-Metamorphosis-quai-36-Tomislav-de-Quintessenz--scaled.jpg?resize=150%2C150&amp;ssl=1 150w, https:\/\/i0.wp.com\/altinnov.blog\/wp-content\/uploads\/2021\/11\/Fondation-Fiminco-exposition-Metamorphosis-quai-36-Tomislav-de-Quintessenz--scaled.jpg?resize=768%2C768&amp;ssl=1 768w, https:\/\/i0.wp.com\/altinnov.blog\/wp-content\/uploads\/2021\/11\/Fondation-Fiminco-exposition-Metamorphosis-quai-36-Tomislav-de-Quintessenz--scaled.jpg?resize=1536%2C1536&amp;ssl=1 1536w, https:\/\/i0.wp.com\/altinnov.blog\/wp-content\/uploads\/2021\/11\/Fondation-Fiminco-exposition-Metamorphosis-quai-36-Tomislav-de-Quintessenz--scaled.jpg?resize=2048%2C2048&amp;ssl=1 2048w, https:\/\/i0.wp.com\/altinnov.blog\/wp-content\/uploads\/2021\/11\/Fondation-Fiminco-exposition-Metamorphosis-quai-36-Tomislav-de-Quintessenz--scaled.jpg?w=2280&amp;ssl=1 2280w\" sizes=\"(max-width: 1024px) 100vw, 1024px\" data-recalc-dims=\"1\" \/><p id=\"caption-attachment-4511\" class=\"wp-caption-text\">Tomislav de Quintessenz &#8211; Photo @Altinnov<\/p><\/div>\n<p>&nbsp;<\/p>\n<p>Une autre \u0153uvre qui se joue de la lumi\u00e8re avec brio est celle de l\u2019artiste Allemand <strong><a href=\"https:\/\/www.instagram.com\/topic_tomislav\/\" target=\"_blank\" rel=\"noopener\">Tomislav<\/a> <\/strong>de <strong><a href=\"https:\/\/www.instagram.com\/quinte55enz\/\" target=\"_blank\" rel=\"noopener\">Quintessenz<\/a><\/strong>. Son jeu de 29 couleurs semble tomb\u00e9 du ciel et offre un contraste saisissant avec l\u2019espace vide de cette chaufferie\u2026 Il transforme le lieu tout en laissant l\u2019espace libre. Une \u0153uvre tr\u00e8s po\u00e9tique.<\/p>\n<p>&nbsp;<\/p>\n<div id=\"attachment_4513\" style=\"width: 1034px\" class=\"wp-caption aligncenter\"><img aria-describedby=\"caption-attachment-4513\" decoding=\"async\" loading=\"lazy\" class=\"size-large wp-image-4513\" src=\"https:\/\/i0.wp.com\/altinnov.blog\/wp-content\/uploads\/2021\/11\/Artiste-Grec-Fikos-Fondation-Fiminco-ExpositionMetamorphosis-quai-36.jpg?resize=1024%2C576&#038;ssl=1\" alt=\"Artiste Grec Fikos - Fondation Fiminco - ExpositionMetamorphosis quai 36\" width=\"1024\" height=\"576\" srcset=\"https:\/\/i0.wp.com\/altinnov.blog\/wp-content\/uploads\/2021\/11\/Artiste-Grec-Fikos-Fondation-Fiminco-ExpositionMetamorphosis-quai-36-scaled.jpg?resize=1024%2C576&amp;ssl=1 1024w, https:\/\/i0.wp.com\/altinnov.blog\/wp-content\/uploads\/2021\/11\/Artiste-Grec-Fikos-Fondation-Fiminco-ExpositionMetamorphosis-quai-36-scaled.jpg?resize=300%2C169&amp;ssl=1 300w, https:\/\/i0.wp.com\/altinnov.blog\/wp-content\/uploads\/2021\/11\/Artiste-Grec-Fikos-Fondation-Fiminco-ExpositionMetamorphosis-quai-36-scaled.jpg?resize=768%2C432&amp;ssl=1 768w, https:\/\/i0.wp.com\/altinnov.blog\/wp-content\/uploads\/2021\/11\/Artiste-Grec-Fikos-Fondation-Fiminco-ExpositionMetamorphosis-quai-36-scaled.jpg?resize=1536%2C864&amp;ssl=1 1536w, https:\/\/i0.wp.com\/altinnov.blog\/wp-content\/uploads\/2021\/11\/Artiste-Grec-Fikos-Fondation-Fiminco-ExpositionMetamorphosis-quai-36-scaled.jpg?resize=2048%2C1152&amp;ssl=1 2048w, https:\/\/i0.wp.com\/altinnov.blog\/wp-content\/uploads\/2021\/11\/Artiste-Grec-Fikos-Fondation-Fiminco-ExpositionMetamorphosis-quai-36-scaled.jpg?resize=1140%2C641&amp;ssl=1 1140w, https:\/\/i0.wp.com\/altinnov.blog\/wp-content\/uploads\/2021\/11\/Artiste-Grec-Fikos-Fondation-Fiminco-ExpositionMetamorphosis-quai-36-scaled.jpg?resize=720%2C405&amp;ssl=1 720w, https:\/\/i0.wp.com\/altinnov.blog\/wp-content\/uploads\/2021\/11\/Artiste-Grec-Fikos-Fondation-Fiminco-ExpositionMetamorphosis-quai-36-scaled.jpg?w=2280&amp;ssl=1 2280w\" sizes=\"(max-width: 1024px) 100vw, 1024px\" data-recalc-dims=\"1\" \/><p id=\"caption-attachment-4513\" class=\"wp-caption-text\">Fikos &#8211; Photo @Altinnov<\/p><\/div>\n<p>&nbsp;<\/p>\n<p>Mais voil\u00e0 une \u0153uvre, tr\u00e8s pr\u00e9sente, peut-\u00eatre trop, attire en permanence mon \u0153il et je trouve qu&rsquo;elle a beaucoup de mal \u00e0 dialoguer avec les autres. Du coup mon immersion manque de fluidit\u00e9 et je m&rsquo;interroge sur la coh\u00e9rence de cette \u0153uvre avec celles qui l&rsquo;entourent ! Pourtant l&rsquo;artiste Grec <a href=\"https:\/\/www.instagram.com\/fikosantonios\/\" target=\"_blank\" rel=\"noopener\"><strong>Fikos<\/strong><\/a> est dans le th\u00e8me; il m\u00e9tamorphose les mythes originels en leur greffant des visages et accessoires plus r\u00e9cents. En vous concentrant bien vous d\u00e9couvrir dans cette fresque le visage de Louis XIV, les casques des Gaulois Ast\u00e9rix &amp; Ob\u00e9lix ou encore le petit Prince.<\/p>\n<p>Afin d\u2019essayer de me replonger dans l\u2019ambiance sans me laisser divertir, je me dirige vers l\u2019artiste Ukrainien <a href=\"https:\/\/www.instagram.com\/waone_interesnikazki\/\" target=\"_blank\" rel=\"noopener\"><strong>Waone<\/strong><\/a> qui finalise avec un calme Olympien son \u0153uvre <strong>Phenomenal Balancing.<\/strong><\/p>\n<p>&nbsp;<\/p>\n<div class=\"tiled-gallery type-rectangular tiled-gallery-unresized\" data-original-width=\"1140\" data-carousel-extra='null' itemscope itemtype=\"http:\/\/schema.org\/ImageGallery\" > <div class=\"gallery-row\" style=\"width: 1140px; height: 558px;\" data-original-width=\"1140\" data-original-height=\"558\" > <div class=\"gallery-group images-1\" style=\"width: 558px; height: 558px;\" data-original-width=\"558\" data-original-height=\"558\" > <div class=\"tiled-gallery-item tiled-gallery-item-large\" itemprop=\"associatedMedia\" itemscope itemtype=\"http:\/\/schema.org\/ImageObject\"> <a href=\"https:\/\/altinnov.blog\/index.php\/fr\/2021\/11\/07\/fondation-fiminco\/gros-plan-sur-lartiste-ukrainien-waone-interesni-kaski\/\" border=\"0\" itemprop=\"url\"> <meta itemprop=\"width\" content=\"554\"> <meta itemprop=\"height\" content=\"554\"> <img class=\"\" data-attachment-id=\"4515\" data-orig-file=\"https:\/\/altinnov.blog\/wp-content\/uploads\/2021\/11\/Gros-plan-sur-lartiste-Ukrainien-Waone-Interesni-Kaski--scaled.jpg\" data-orig-size=\"2560,2560\" data-comments-opened=\"1\" data-image-meta=\"{&quot;aperture&quot;:&quot;2.2&quot;,&quot;credit&quot;:&quot;&quot;,&quot;camera&quot;:&quot;iPhone 6s Plus&quot;,&quot;caption&quot;:&quot;&quot;,&quot;created_timestamp&quot;:&quot;1634654970&quot;,&quot;copyright&quot;:&quot;&quot;,&quot;focal_length&quot;:&quot;4.15&quot;,&quot;iso&quot;:&quot;25&quot;,&quot;shutter_speed&quot;:&quot;0.00418410041841&quot;,&quot;title&quot;:&quot;&quot;,&quot;orientation&quot;:&quot;0&quot;}\" data-image-title=\"Gros plan sur l&amp;rsquo;artiste Ukrainien Waone Interesni Kaski\" data-image-description=\"&lt;p&gt;Gros plan sur l&amp;rsquo;artiste Ukrainien Waone Interesni Kaski&lt;\/p&gt; \" data-medium-file=\"https:\/\/i0.wp.com\/altinnov.blog\/wp-content\/uploads\/2021\/11\/Gros-plan-sur-lartiste-Ukrainien-Waone-Interesni-Kaski--scaled.jpg?fit=300%2C300&#038;ssl=1\" data-large-file=\"https:\/\/i0.wp.com\/altinnov.blog\/wp-content\/uploads\/2021\/11\/Gros-plan-sur-lartiste-Ukrainien-Waone-Interesni-Kaski--scaled.jpg?fit=1024%2C1024&#038;ssl=1\" src=\"https:\/\/i0.wp.com\/altinnov.blog\/wp-content\/uploads\/2021\/11\/Gros-plan-sur-lartiste-Ukrainien-Waone-Interesni-Kaski--scaled.jpg?w=554&#038;h=554&#038;crop=1&#038;ssl=1\" srcset=\"https:\/\/i0.wp.com\/altinnov.blog\/wp-content\/uploads\/2021\/11\/Gros-plan-sur-lartiste-Ukrainien-Waone-Interesni-Kaski--scaled.jpg?w=2560&amp;ssl=1 2560w, https:\/\/i0.wp.com\/altinnov.blog\/wp-content\/uploads\/2021\/11\/Gros-plan-sur-lartiste-Ukrainien-Waone-Interesni-Kaski--scaled.jpg?resize=300%2C300&amp;ssl=1 300w, https:\/\/i0.wp.com\/altinnov.blog\/wp-content\/uploads\/2021\/11\/Gros-plan-sur-lartiste-Ukrainien-Waone-Interesni-Kaski--scaled.jpg?resize=1024%2C1024&amp;ssl=1 1024w, https:\/\/i0.wp.com\/altinnov.blog\/wp-content\/uploads\/2021\/11\/Gros-plan-sur-lartiste-Ukrainien-Waone-Interesni-Kaski--scaled.jpg?resize=150%2C150&amp;ssl=1 150w, https:\/\/i0.wp.com\/altinnov.blog\/wp-content\/uploads\/2021\/11\/Gros-plan-sur-lartiste-Ukrainien-Waone-Interesni-Kaski--scaled.jpg?resize=768%2C768&amp;ssl=1 768w, https:\/\/i0.wp.com\/altinnov.blog\/wp-content\/uploads\/2021\/11\/Gros-plan-sur-lartiste-Ukrainien-Waone-Interesni-Kaski--scaled.jpg?resize=1536%2C1536&amp;ssl=1 1536w, https:\/\/i0.wp.com\/altinnov.blog\/wp-content\/uploads\/2021\/11\/Gros-plan-sur-lartiste-Ukrainien-Waone-Interesni-Kaski--scaled.jpg?resize=2048%2C2048&amp;ssl=1 2048w, https:\/\/i0.wp.com\/altinnov.blog\/wp-content\/uploads\/2021\/11\/Gros-plan-sur-lartiste-Ukrainien-Waone-Interesni-Kaski--scaled.jpg?w=2280&amp;ssl=1 2280w\" width=\"554\" height=\"554\" loading=\"lazy\" data-original-width=\"554\" data-original-height=\"554\" itemprop=\"http:\/\/schema.org\/image\" title=\"Gros plan sur l&#039;artiste Ukrainien Waone Interesni Kaski\" alt=\"Gros plan sur l&#039;artiste Ukrainien Waone Interesni Kaski\" style=\"width: 554px; height: 554px;\" \/> <\/a> <div class=\"tiled-gallery-caption\" itemprop=\"caption description\"> WAONE \u00e0 la Fondation Fiminco &#8211; \u00a9Altinnov <\/div> <\/div> <\/div> <!-- close group --> <div class=\"gallery-group images-1\" style=\"width: 582px; height: 558px;\" data-original-width=\"582\" data-original-height=\"558\" > <div class=\"tiled-gallery-item tiled-gallery-item-large\" itemprop=\"associatedMedia\" itemscope itemtype=\"http:\/\/schema.org\/ImageObject\"> <a href=\"https:\/\/altinnov.blog\/index.php\/fr\/2021\/11\/07\/fondation-fiminco\/fresque-murale-realisee-par-lartiste-ukrainien-waone-intersni-kaski\/\" border=\"0\" itemprop=\"url\"> <meta itemprop=\"width\" content=\"578\"> <meta itemprop=\"height\" content=\"554\"> <img class=\"\" data-attachment-id=\"4516\" data-orig-file=\"https:\/\/altinnov.blog\/wp-content\/uploads\/2021\/11\/Fresque-murale-re\u0301alise\u0301e-par-lartiste-Ukrainien-Waone-Intersni-Kaski-scaled.jpg\" data-orig-size=\"2560,2456\" data-comments-opened=\"1\" data-image-meta=\"{&quot;aperture&quot;:&quot;2.2&quot;,&quot;credit&quot;:&quot;&quot;,&quot;camera&quot;:&quot;iPhone 6s Plus&quot;,&quot;caption&quot;:&quot;&quot;,&quot;created_timestamp&quot;:&quot;1634654960&quot;,&quot;copyright&quot;:&quot;&quot;,&quot;focal_length&quot;:&quot;4.15&quot;,&quot;iso&quot;:&quot;25&quot;,&quot;shutter_speed&quot;:&quot;0.0023255813953488&quot;,&quot;title&quot;:&quot;&quot;,&quot;orientation&quot;:&quot;0&quot;}\" data-image-title=\"Fresque murale re\u0301alise\u0301e par l&amp;rsquo;artiste Ukrainien Waone Intersni Kaski\" data-image-description=\"&lt;p&gt;Fresque murale re\u0301alise\u0301e par l&amp;rsquo;artiste Ukrainien Waone Intersni Kaski&lt;\/p&gt; \" data-medium-file=\"https:\/\/i0.wp.com\/altinnov.blog\/wp-content\/uploads\/2021\/11\/Fresque-murale-re\u0301alise\u0301e-par-lartiste-Ukrainien-Waone-Intersni-Kaski-scaled.jpg?fit=300%2C288&#038;ssl=1\" data-large-file=\"https:\/\/i0.wp.com\/altinnov.blog\/wp-content\/uploads\/2021\/11\/Fresque-murale-re\u0301alise\u0301e-par-lartiste-Ukrainien-Waone-Intersni-Kaski-scaled.jpg?fit=1024%2C982&#038;ssl=1\" src=\"https:\/\/i0.wp.com\/altinnov.blog\/wp-content\/uploads\/2021\/11\/Fresque-murale-re\u0301alise\u0301e-par-lartiste-Ukrainien-Waone-Intersni-Kaski-scaled.jpg?w=578&#038;h=554&#038;ssl=1\" srcset=\"https:\/\/i0.wp.com\/altinnov.blog\/wp-content\/uploads\/2021\/11\/Fresque-murale-re\u0301alise\u0301e-par-lartiste-Ukrainien-Waone-Intersni-Kaski-scaled.jpg?w=2560&amp;ssl=1 2560w, https:\/\/i0.wp.com\/altinnov.blog\/wp-content\/uploads\/2021\/11\/Fresque-murale-re\u0301alise\u0301e-par-lartiste-Ukrainien-Waone-Intersni-Kaski-scaled.jpg?resize=300%2C288&amp;ssl=1 300w, https:\/\/i0.wp.com\/altinnov.blog\/wp-content\/uploads\/2021\/11\/Fresque-murale-re\u0301alise\u0301e-par-lartiste-Ukrainien-Waone-Intersni-Kaski-scaled.jpg?resize=1024%2C982&amp;ssl=1 1024w, https:\/\/i0.wp.com\/altinnov.blog\/wp-content\/uploads\/2021\/11\/Fresque-murale-re\u0301alise\u0301e-par-lartiste-Ukrainien-Waone-Intersni-Kaski-scaled.jpg?resize=768%2C737&amp;ssl=1 768w, https:\/\/i0.wp.com\/altinnov.blog\/wp-content\/uploads\/2021\/11\/Fresque-murale-re\u0301alise\u0301e-par-lartiste-Ukrainien-Waone-Intersni-Kaski-scaled.jpg?resize=1536%2C1474&amp;ssl=1 1536w, https:\/\/i0.wp.com\/altinnov.blog\/wp-content\/uploads\/2021\/11\/Fresque-murale-re\u0301alise\u0301e-par-lartiste-Ukrainien-Waone-Intersni-Kaski-scaled.jpg?resize=2048%2C1965&amp;ssl=1 2048w, https:\/\/i0.wp.com\/altinnov.blog\/wp-content\/uploads\/2021\/11\/Fresque-murale-re\u0301alise\u0301e-par-lartiste-Ukrainien-Waone-Intersni-Kaski-scaled.jpg?w=2280&amp;ssl=1 2280w\" width=\"578\" height=\"554\" loading=\"lazy\" data-original-width=\"578\" data-original-height=\"554\" itemprop=\"http:\/\/schema.org\/image\" title=\"Fresque murale re\u0301alise\u0301e par l&#039;artiste Ukrainien Waone Intersni Kaski\" alt=\"Fresque murale re\u0301alise\u0301e par l&#039;artiste Ukrainien Waone Intersni Kaski\" style=\"width: 578px; height: 554px;\" \/> <\/a> <div class=\"tiled-gallery-caption\" itemprop=\"caption description\"> Phenomenal Balancing &#8211; Photo @Altinnov <\/div> <\/div> <\/div> <!-- close group --> <\/div> <!-- close row --> <\/div>\n<p>&nbsp;<\/p>\n<p>Il faut dire que la m\u00e9tamorphose est partie int\u00e9grante de son travail que l\u2019on pourrait qualifier de surr\u00e9aliste\u00a0! Chez <strong>Waone<\/strong> la r\u00e9alit\u00e9 ressemble \u00e0 un compte pour enfant avec des personnages imaginaires aux dimensions \u00e9tonnantes. Je vous conseille vivement d\u2019aller faire un petit tour sur son compte Instagram, sur lequel vous d\u00e9couvrirez des \u0153uvres qui ne manqueront pas de vous interroger.<\/p>\n<p>&nbsp;<\/p>\n<div id=\"attachment_4520\" style=\"width: 1034px\" class=\"wp-caption aligncenter\"><img aria-describedby=\"caption-attachment-4520\" decoding=\"async\" loading=\"lazy\" class=\"size-large wp-image-4520\" src=\"https:\/\/i0.wp.com\/altinnov.blog\/wp-content\/uploads\/2021\/11\/LOutsider-Se\u0301bastien-Preschoux-WAONE-Exposition-Metamorphosis-Quai-36-Fondation-Fiminco.jpg?resize=1024%2C1024&#038;ssl=1\" alt=\"L'Outsider - Se\u0301bastien Preschoux - WAONE - Exposition Metamorphosis Quai 36 - Fondation Fiminco\" width=\"1024\" height=\"1024\" srcset=\"https:\/\/i0.wp.com\/altinnov.blog\/wp-content\/uploads\/2021\/11\/LOutsider-Se\u0301bastien-Preschoux-WAONE-Exposition-Metamorphosis-Quai-36-Fondation-Fiminco.jpg?resize=1024%2C1024&amp;ssl=1 1024w, https:\/\/i0.wp.com\/altinnov.blog\/wp-content\/uploads\/2021\/11\/LOutsider-Se\u0301bastien-Preschoux-WAONE-Exposition-Metamorphosis-Quai-36-Fondation-Fiminco.jpg?resize=300%2C300&amp;ssl=1 300w, https:\/\/i0.wp.com\/altinnov.blog\/wp-content\/uploads\/2021\/11\/LOutsider-Se\u0301bastien-Preschoux-WAONE-Exposition-Metamorphosis-Quai-36-Fondation-Fiminco.jpg?resize=150%2C150&amp;ssl=1 150w, https:\/\/i0.wp.com\/altinnov.blog\/wp-content\/uploads\/2021\/11\/LOutsider-Se\u0301bastien-Preschoux-WAONE-Exposition-Metamorphosis-Quai-36-Fondation-Fiminco.jpg?resize=768%2C768&amp;ssl=1 768w, https:\/\/i0.wp.com\/altinnov.blog\/wp-content\/uploads\/2021\/11\/LOutsider-Se\u0301bastien-Preschoux-WAONE-Exposition-Metamorphosis-Quai-36-Fondation-Fiminco.jpg?resize=1536%2C1536&amp;ssl=1 1536w, https:\/\/i0.wp.com\/altinnov.blog\/wp-content\/uploads\/2021\/11\/LOutsider-Se\u0301bastien-Preschoux-WAONE-Exposition-Metamorphosis-Quai-36-Fondation-Fiminco.jpg?resize=2048%2C2048&amp;ssl=1 2048w\" sizes=\"(max-width: 1024px) 100vw, 1024px\" data-recalc-dims=\"1\" \/><p id=\"caption-attachment-4520\" class=\"wp-caption-text\">L&rsquo;Outsider &#8211; S\u00e9bastien Preschoux &#8211; WAONE &#8211; Photo @Altinnov<\/p><\/div>\n<p>&nbsp;<\/p>\n<p>En faisant quelques pas de c\u00f4t\u00e9 je d\u00e9couvre une \u0153uvre de l\u2019artiste Breton <strong><a href=\"https:\/\/www.instagram.com\/yann_loutsider\/\">Yann alias L\u2019Outsider<\/a> <\/strong>qui est baign\u00e9e du quadrillage de ces fen\u00eatres industrielles. Le maillage des \u0153uvres me s\u00e9duit \u00e9norm\u00e9ment.<\/p>\n<p>&nbsp;<\/p>\n<div id=\"attachment_4522\" style=\"width: 1034px\" class=\"wp-caption aligncenter\"><img aria-describedby=\"caption-attachment-4522\" decoding=\"async\" loading=\"lazy\" class=\"size-large wp-image-4522\" src=\"https:\/\/i0.wp.com\/altinnov.blog\/wp-content\/uploads\/2021\/11\/Oeuvres-de-PichiAvo-et-Yann-LOutsider-dans-lexposition-Metamorphosis-de-Quai-36-a\u0300-la-Fondation-Fiminco.jpg?resize=1024%2C805&#038;ssl=1\" alt=\"Oeuvres de PichiAvo et Yann L'Outsider dans l'exposition Metamorphosis de Quai 36 a\u0300 la Fondation Fiminco\" width=\"1024\" height=\"805\" srcset=\"https:\/\/i0.wp.com\/altinnov.blog\/wp-content\/uploads\/2021\/11\/Oeuvres-de-PichiAvo-et-Yann-LOutsider-dans-lexposition-Metamorphosis-de-Quai-36-a\u0300-la-Fondation-Fiminco-scaled.jpg?resize=1024%2C805&amp;ssl=1 1024w, https:\/\/i0.wp.com\/altinnov.blog\/wp-content\/uploads\/2021\/11\/Oeuvres-de-PichiAvo-et-Yann-LOutsider-dans-lexposition-Metamorphosis-de-Quai-36-a\u0300-la-Fondation-Fiminco-scaled.jpg?resize=300%2C236&amp;ssl=1 300w, https:\/\/i0.wp.com\/altinnov.blog\/wp-content\/uploads\/2021\/11\/Oeuvres-de-PichiAvo-et-Yann-LOutsider-dans-lexposition-Metamorphosis-de-Quai-36-a\u0300-la-Fondation-Fiminco-scaled.jpg?resize=768%2C604&amp;ssl=1 768w, https:\/\/i0.wp.com\/altinnov.blog\/wp-content\/uploads\/2021\/11\/Oeuvres-de-PichiAvo-et-Yann-LOutsider-dans-lexposition-Metamorphosis-de-Quai-36-a\u0300-la-Fondation-Fiminco-scaled.jpg?resize=1536%2C1207&amp;ssl=1 1536w, https:\/\/i0.wp.com\/altinnov.blog\/wp-content\/uploads\/2021\/11\/Oeuvres-de-PichiAvo-et-Yann-LOutsider-dans-lexposition-Metamorphosis-de-Quai-36-a\u0300-la-Fondation-Fiminco-scaled.jpg?resize=2048%2C1610&amp;ssl=1 2048w, https:\/\/i0.wp.com\/altinnov.blog\/wp-content\/uploads\/2021\/11\/Oeuvres-de-PichiAvo-et-Yann-LOutsider-dans-lexposition-Metamorphosis-de-Quai-36-a\u0300-la-Fondation-Fiminco-scaled.jpg?w=2280&amp;ssl=1 2280w\" sizes=\"(max-width: 1024px) 100vw, 1024px\" data-recalc-dims=\"1\" \/><p id=\"caption-attachment-4522\" class=\"wp-caption-text\">PichiAvo &#8211; Yann l&rsquo;Outsider &#8211; Photo @Altinnov<\/p><\/div>\n<p>&nbsp;<\/p>\n<p>Sur la mezzanine, la vue sur les \u0153uvres change les perspectives et c\u2019est peut-\u00eatre l\u00e0, perch\u00e9e en hauteur que j\u2019ai le plus pu appr\u00e9cier l\u2019exposition\u00a0! Il faut dire que la d\u00e9couverte physique de l\u2019\u0153uvre de <strong>L\u2019outsider<\/strong> n\u2019est pas pour rien dans ce changement d\u2019impression. Son graffiti plut\u00f4t abstrait, voire presque constructiviste r\u00e9pond parfaitement \u00e0 l\u2019\u0153uvre de <strong>PichiAvo<\/strong>. Un ensemble que j\u2019ai ador\u00e9 contempler\u00a0\ud83d\ude09<\/p>\n<p>Des hauteurs, les fils de <strong>S\u00e9bastien Preschoux<\/strong> comblent et lient les espaces vides et arrivent presque \u00e0 faire oublier l\u2019immensit\u00e9 du lieu\u00a0!<\/p>\n<p>Je ne vais pas vous dire qu\u2019il faut traverser la France enti\u00e8re pour voir l\u2019<strong>exposition Metamorphosis <\/strong>organis\u00e9e par <strong>Quai 36\u00a0<\/strong>; mais si vous \u00eates en r\u00e9gion Parisienne je tiens \u00e0 pr\u00e9ciser que la <strong>station de M\u00e9tro Bobigny \u2013 Pantin &#8211; Raymond Queneau<\/strong> n\u2019est qu\u2019\u00e0 cinq minutes \u00e0 pied de la Fondation Fiminco, que l\u2019exposition est gratuite et ouverte jusqu\u2019au 20 novembre, et bien \u00e9videmment que d\u2019autres surprises vous attendent dans cette \u00e9tonnante Fondation.<\/p>\n<p>&nbsp;<\/p>\n<div id=\"attachment_4529\" style=\"width: 1034px\" class=\"wp-caption aligncenter\"><img aria-describedby=\"caption-attachment-4529\" decoding=\"async\" loading=\"lazy\" class=\"size-large wp-image-4529\" src=\"https:\/\/i0.wp.com\/altinnov.blog\/wp-content\/uploads\/2021\/11\/Mathieu-Merlet-Briand-Fondation-Fiminco.jpg?resize=1024%2C956&#038;ssl=1\" alt=\"Mathieu Merlet Briand - Fondation Fiminco\" width=\"1024\" height=\"956\" srcset=\"https:\/\/i0.wp.com\/altinnov.blog\/wp-content\/uploads\/2021\/11\/Mathieu-Merlet-Briand-Fondation-Fiminco-scaled.jpg?resize=1024%2C956&amp;ssl=1 1024w, https:\/\/i0.wp.com\/altinnov.blog\/wp-content\/uploads\/2021\/11\/Mathieu-Merlet-Briand-Fondation-Fiminco-scaled.jpg?resize=300%2C280&amp;ssl=1 300w, https:\/\/i0.wp.com\/altinnov.blog\/wp-content\/uploads\/2021\/11\/Mathieu-Merlet-Briand-Fondation-Fiminco-scaled.jpg?resize=768%2C717&amp;ssl=1 768w, https:\/\/i0.wp.com\/altinnov.blog\/wp-content\/uploads\/2021\/11\/Mathieu-Merlet-Briand-Fondation-Fiminco-scaled.jpg?resize=1536%2C1434&amp;ssl=1 1536w, https:\/\/i0.wp.com\/altinnov.blog\/wp-content\/uploads\/2021\/11\/Mathieu-Merlet-Briand-Fondation-Fiminco-scaled.jpg?resize=2048%2C1912&amp;ssl=1 2048w, https:\/\/i0.wp.com\/altinnov.blog\/wp-content\/uploads\/2021\/11\/Mathieu-Merlet-Briand-Fondation-Fiminco-scaled.jpg?w=2280&amp;ssl=1 2280w\" sizes=\"(max-width: 1024px) 100vw, 1024px\" data-recalc-dims=\"1\" \/><p id=\"caption-attachment-4529\" class=\"wp-caption-text\">The #Gate &#8211; Mathieu Merlet Briand &#8211; Photo @Altinnov<\/p><\/div>\n<p>&nbsp;<\/p>\n<h3><strong>La Fondation Fiminco vous offre expositions et performances tout au long de l\u2019ann\u00e9e<\/strong><\/h3>\n<p>Comme vous l\u2019imaginez, ma curiosit\u00e9 m\u2019a pouss\u00e9e \u00e0 aller visiter tous les espaces ouverts au public. Outre les galeries d\u2019art contemporain, je suis all\u00e9e d\u00e9couvrir l\u2019exposition <strong>The Crown Letter<\/strong> qui se trouvait sous <strong>Metamorphosis<\/strong>. J\u2019ai pu y d\u00e9couvrir un collectif international de femmes artistes, fond\u00e9 par <strong><a href=\"http:\/\/crownproject.art\/natacha-nisic-artist-and-film-maker-initiator-of-the-crown-letter\/\" target=\"_blank\" rel=\"noopener\">Natacha Nisic<\/a><\/strong>. Et comme je ne suis pas insensible \u00e0 la photo, j\u2019ai eu un petit coup de c\u0153ur pour la s\u00e9rie <strong>Supernatural<\/strong> de <a href=\"https:\/\/www.instagram.com\/katja_stuke\/\" target=\"_blank\" rel=\"noopener\"><strong>Katja Stuke<\/strong>\u00a0<\/a>\ud83d\ude09<\/p>\n<p>&nbsp;<\/p>\n<div class=\"tiled-gallery type-square tiled-gallery-unresized\" data-original-width=\"1140\" data-carousel-extra='null' itemscope itemtype=\"http:\/\/schema.org\/ImageGallery\" > <div class=\"gallery-row\" style=\"width: 1140px; height: 570px;\" data-original-width=\"1140\" data-original-height=\"570\" > <div class=\"gallery-group\" style=\"width: 570px; height: 570px;\" data-original-width=\"570\" data-original-height=\"570\" > <div class=\"tiled-gallery-item \" itemprop=\"associatedMedia\" itemscope itemtype=\"http:\/\/schema.org\/ImageObject\"> <a href=\"https:\/\/altinnov.blog\/index.php\/fr\/2021\/11\/07\/fondation-fiminco\/oeuvre-de-katja-stuke-serie-supernatural-exposition-the-crown-letter-fondation-fiminc\/\" border=\"0\" itemprop=\"url\"> <meta itemprop=\"width\" content=\"566\"> <meta itemprop=\"height\" content=\"566\"> <img class=\"\" data-attachment-id=\"4524\" data-orig-file=\"https:\/\/altinnov.blog\/wp-content\/uploads\/2021\/11\/Oeuvre-de-Katja-Stuke-se\u0301rie-Supernatural-Exposition-The-Crown-Letter-Fondation-Fiminc--scaled.jpg\" data-orig-size=\"2560,2560\" data-comments-opened=\"1\" data-image-meta=\"{&quot;aperture&quot;:&quot;2.2&quot;,&quot;credit&quot;:&quot;&quot;,&quot;camera&quot;:&quot;iPhone 6s Plus&quot;,&quot;caption&quot;:&quot;&quot;,&quot;created_timestamp&quot;:&quot;1634655204&quot;,&quot;copyright&quot;:&quot;&quot;,&quot;focal_length&quot;:&quot;4.15&quot;,&quot;iso&quot;:&quot;50&quot;,&quot;shutter_speed&quot;:&quot;0.03030303030303&quot;,&quot;title&quot;:&quot;&quot;,&quot;orientation&quot;:&quot;0&quot;}\" data-image-title=\"Oeuvre de Katja Stuke &#8211; se\u0301rie Supernatural &#8211; Exposition The Crown Letter &#8211; Fondation Fiminc\" data-image-description=\"&lt;p&gt;Oeuvre de Katja Stuke &#8211; se\u0301rie Supernatural &#8211; Exposition The Crown Letter &#8211; Fondation Fiminc&lt;\/p&gt; \" data-medium-file=\"https:\/\/i0.wp.com\/altinnov.blog\/wp-content\/uploads\/2021\/11\/Oeuvre-de-Katja-Stuke-se\u0301rie-Supernatural-Exposition-The-Crown-Letter-Fondation-Fiminc--scaled.jpg?fit=300%2C300&#038;ssl=1\" data-large-file=\"https:\/\/i0.wp.com\/altinnov.blog\/wp-content\/uploads\/2021\/11\/Oeuvre-de-Katja-Stuke-se\u0301rie-Supernatural-Exposition-The-Crown-Letter-Fondation-Fiminc--scaled.jpg?fit=1024%2C1024&#038;ssl=1\" src=\"https:\/\/i0.wp.com\/altinnov.blog\/wp-content\/uploads\/2021\/11\/Oeuvre-de-Katja-Stuke-se\u0301rie-Supernatural-Exposition-The-Crown-Letter-Fondation-Fiminc--scaled.jpg?w=566&#038;h=566&#038;crop=1&#038;ssl=1\" srcset=\"https:\/\/i0.wp.com\/altinnov.blog\/wp-content\/uploads\/2021\/11\/Oeuvre-de-Katja-Stuke-se\u0301rie-Supernatural-Exposition-The-Crown-Letter-Fondation-Fiminc--scaled.jpg?w=2560&amp;ssl=1 2560w, https:\/\/i0.wp.com\/altinnov.blog\/wp-content\/uploads\/2021\/11\/Oeuvre-de-Katja-Stuke-se\u0301rie-Supernatural-Exposition-The-Crown-Letter-Fondation-Fiminc--scaled.jpg?resize=300%2C300&amp;ssl=1 300w, https:\/\/i0.wp.com\/altinnov.blog\/wp-content\/uploads\/2021\/11\/Oeuvre-de-Katja-Stuke-se\u0301rie-Supernatural-Exposition-The-Crown-Letter-Fondation-Fiminc--scaled.jpg?resize=1024%2C1024&amp;ssl=1 1024w, https:\/\/i0.wp.com\/altinnov.blog\/wp-content\/uploads\/2021\/11\/Oeuvre-de-Katja-Stuke-se\u0301rie-Supernatural-Exposition-The-Crown-Letter-Fondation-Fiminc--scaled.jpg?resize=150%2C150&amp;ssl=1 150w, https:\/\/i0.wp.com\/altinnov.blog\/wp-content\/uploads\/2021\/11\/Oeuvre-de-Katja-Stuke-se\u0301rie-Supernatural-Exposition-The-Crown-Letter-Fondation-Fiminc--scaled.jpg?resize=768%2C768&amp;ssl=1 768w, https:\/\/i0.wp.com\/altinnov.blog\/wp-content\/uploads\/2021\/11\/Oeuvre-de-Katja-Stuke-se\u0301rie-Supernatural-Exposition-The-Crown-Letter-Fondation-Fiminc--scaled.jpg?resize=1536%2C1536&amp;ssl=1 1536w, https:\/\/i0.wp.com\/altinnov.blog\/wp-content\/uploads\/2021\/11\/Oeuvre-de-Katja-Stuke-se\u0301rie-Supernatural-Exposition-The-Crown-Letter-Fondation-Fiminc--scaled.jpg?resize=2048%2C2048&amp;ssl=1 2048w, https:\/\/i0.wp.com\/altinnov.blog\/wp-content\/uploads\/2021\/11\/Oeuvre-de-Katja-Stuke-se\u0301rie-Supernatural-Exposition-The-Crown-Letter-Fondation-Fiminc--scaled.jpg?w=2280&amp;ssl=1 2280w\" width=\"566\" height=\"566\" loading=\"lazy\" data-original-width=\"566\" data-original-height=\"566\" itemprop=\"http:\/\/schema.org\/image\" title=\"Oeuvre de Katja Stuke - se\u0301rie Supernatural - Exposition The Crown Letter - Fondation Fiminc\" alt=\"Oeuvre de Katja Stuke - se\u0301rie Supernatural - Exposition The Crown Letter - Fondation Fiminco\" style=\"width: 566px; height: 566px;\" \/> <\/a> <div class=\"tiled-gallery-caption\" itemprop=\"caption description\"> S\u00e9rie Supernatural &#8211; Katja Stuke <\/div> <\/div> <\/div> <div class=\"gallery-group\" style=\"width: 570px; height: 570px;\" data-original-width=\"570\" data-original-height=\"570\" > <div class=\"tiled-gallery-item \" itemprop=\"associatedMedia\" itemscope itemtype=\"http:\/\/schema.org\/ImageObject\"> <a href=\"https:\/\/altinnov.blog\/index.php\/fr\/2021\/11\/07\/fondation-fiminco\/katja-stuke-serie-supernatural-exposition-the-crown-letter-fondation-fiminco\/\" border=\"0\" itemprop=\"url\"> <meta itemprop=\"width\" content=\"566\"> <meta itemprop=\"height\" content=\"566\"> <img class=\"\" data-attachment-id=\"4525\" data-orig-file=\"https:\/\/altinnov.blog\/wp-content\/uploads\/2021\/11\/Katja-Stuke-se\u0301rie-Supernatural-Exposition-The-Crown-Letter-Fondation-Fiminco-scaled.jpg\" data-orig-size=\"2560,2560\" data-comments-opened=\"1\" data-image-meta=\"{&quot;aperture&quot;:&quot;2.2&quot;,&quot;credit&quot;:&quot;&quot;,&quot;camera&quot;:&quot;iPhone 6s Plus&quot;,&quot;caption&quot;:&quot;&quot;,&quot;created_timestamp&quot;:&quot;1634655075&quot;,&quot;copyright&quot;:&quot;&quot;,&quot;focal_length&quot;:&quot;4.15&quot;,&quot;iso&quot;:&quot;50&quot;,&quot;shutter_speed&quot;:&quot;0.058823529411765&quot;,&quot;title&quot;:&quot;&quot;,&quot;orientation&quot;:&quot;0&quot;}\" data-image-title=\"Katja Stuke &#8211; se\u0301rie Supernatural &#8211; Exposition The Crown Letter &#8211; Fondation Fiminco\" data-image-description=\"&lt;p&gt;Katja Stuke &#8211; se\u0301rie Supernatural &#8211; Exposition The Crown Letter &#8211; Fondation Fiminco&lt;\/p&gt; \" data-medium-file=\"https:\/\/i0.wp.com\/altinnov.blog\/wp-content\/uploads\/2021\/11\/Katja-Stuke-se\u0301rie-Supernatural-Exposition-The-Crown-Letter-Fondation-Fiminco-scaled.jpg?fit=300%2C300&#038;ssl=1\" data-large-file=\"https:\/\/i0.wp.com\/altinnov.blog\/wp-content\/uploads\/2021\/11\/Katja-Stuke-se\u0301rie-Supernatural-Exposition-The-Crown-Letter-Fondation-Fiminco-scaled.jpg?fit=1024%2C1024&#038;ssl=1\" src=\"https:\/\/i0.wp.com\/altinnov.blog\/wp-content\/uploads\/2021\/11\/Katja-Stuke-se\u0301rie-Supernatural-Exposition-The-Crown-Letter-Fondation-Fiminco-scaled.jpg?w=566&#038;h=566&#038;crop=1&#038;ssl=1\" srcset=\"https:\/\/i0.wp.com\/altinnov.blog\/wp-content\/uploads\/2021\/11\/Katja-Stuke-se\u0301rie-Supernatural-Exposition-The-Crown-Letter-Fondation-Fiminco-scaled.jpg?w=2560&amp;ssl=1 2560w, https:\/\/i0.wp.com\/altinnov.blog\/wp-content\/uploads\/2021\/11\/Katja-Stuke-se\u0301rie-Supernatural-Exposition-The-Crown-Letter-Fondation-Fiminco-scaled.jpg?resize=300%2C300&amp;ssl=1 300w, https:\/\/i0.wp.com\/altinnov.blog\/wp-content\/uploads\/2021\/11\/Katja-Stuke-se\u0301rie-Supernatural-Exposition-The-Crown-Letter-Fondation-Fiminco-scaled.jpg?resize=1024%2C1024&amp;ssl=1 1024w, https:\/\/i0.wp.com\/altinnov.blog\/wp-content\/uploads\/2021\/11\/Katja-Stuke-se\u0301rie-Supernatural-Exposition-The-Crown-Letter-Fondation-Fiminco-scaled.jpg?resize=150%2C150&amp;ssl=1 150w, https:\/\/i0.wp.com\/altinnov.blog\/wp-content\/uploads\/2021\/11\/Katja-Stuke-se\u0301rie-Supernatural-Exposition-The-Crown-Letter-Fondation-Fiminco-scaled.jpg?resize=768%2C768&amp;ssl=1 768w, https:\/\/i0.wp.com\/altinnov.blog\/wp-content\/uploads\/2021\/11\/Katja-Stuke-se\u0301rie-Supernatural-Exposition-The-Crown-Letter-Fondation-Fiminco-scaled.jpg?resize=1536%2C1536&amp;ssl=1 1536w, https:\/\/i0.wp.com\/altinnov.blog\/wp-content\/uploads\/2021\/11\/Katja-Stuke-se\u0301rie-Supernatural-Exposition-The-Crown-Letter-Fondation-Fiminco-scaled.jpg?resize=2048%2C2048&amp;ssl=1 2048w, https:\/\/i0.wp.com\/altinnov.blog\/wp-content\/uploads\/2021\/11\/Katja-Stuke-se\u0301rie-Supernatural-Exposition-The-Crown-Letter-Fondation-Fiminco-scaled.jpg?w=2280&amp;ssl=1 2280w\" width=\"566\" height=\"566\" loading=\"lazy\" data-original-width=\"566\" data-original-height=\"566\" itemprop=\"http:\/\/schema.org\/image\" title=\"Katja Stuke - se\u0301rie Supernatural - Exposition The Crown Letter - Fondation Fiminco\" alt=\"Katja Stuke - se\u0301rie Supernatural - Exposition The Crown Letter - Fondation Fiminco\" style=\"width: 566px; height: 566px;\" \/> <\/a> <div class=\"tiled-gallery-caption\" itemprop=\"caption description\"> The Crown Letter &#8211; Fondation Fiminco <\/div> <\/div> <\/div> <\/div> <\/div>\n<p>&nbsp;<\/p>\n<p>Je vous conseille vivement de regarder <strong><a href=\"https:\/\/www.fondationfiminco.com\/\" target=\"_blank\" rel=\"noopener\">sur leur site tout ce que la Fondation a \u00e0 vous offrir\u00a0<\/a><\/strong>! Et comme <strong>Quai 36,<\/strong> qui a d\u00e9j\u00e0 fait de <strong><a href=\"https:\/\/altinnov.blog\/index.php\/fr\/2020\/12\/08\/street-art-versailles\/\">magnifiques r\u00e9alisations \u00e0 Versailles<\/a><\/strong> ou encore <a href=\"https:\/\/altinnov.blog\/index.php\/fr\/2021\/04\/01\/interview-pichiavo-street-art-paris\/\"><strong>Boulevard Saint-Germain \u00e0 Paris<\/strong><\/a>, vient d\u2019installer ses locaux sur le site\u00a0; je pense que d\u2019autres artistes d\u2019art urbain seront mis en avant dans ce nouveau lieu\u00a0!<\/p>\n<p>De mon c\u00f4t\u00e9 je rechausse mes baskets et vous dis \u00e0 tr\u00e8s bient\u00f4t pour une nouvelle aventure Street Art dans le Sud de la France\u00a0!<\/p>\n<p>Streetartement Votre<\/p>\n<p>S\u00e9verine<\/p>\n<div id=\"altin-3654487431\" class=\"altin-apres-le-contenu_2 altin-entity-placement\"><!-- Ezoic - bas article - native_bottom -->\r\n<div id=\"ezoic-pub-ad-placeholder-102\"> <\/div>\r\n<!-- End Ezoic - bas article - native_bottom --><\/div><div id=\"altin-3422636395\" class=\"altin-apres-le-contenu altin-entity-placement\" style=\"margin-left: auto;margin-right: auto;text-align: center;\"><script async src=\"\/\/pagead2.googlesyndication.com\/pagead\/js\/adsbygoogle.js?client=ca-pub-4035181110757945\" crossorigin=\"anonymous\"><\/script><ins class=\"adsbygoogle\" style=\"display:block; text-align:center;\" data-ad-client=\"ca-pub-4035181110757945\" \ndata-ad-slot=\"9414912321\" \ndata-ad-layout=\"in-article\"\ndata-ad-format=\"fluid\"><\/ins>\n<script> \n(adsbygoogle = window.adsbygoogle || []).push({}); \n<\/script>\n<\/div>","protected":false},"excerpt":{"rendered":"<p>La Fondation Fiminco me faisait de l\u2019\u0153il depuis un moment et c&rsquo;est gr\u00e2ce \u00e0 Quai 36 que je me suis d\u00e9cid\u00e9e \u00e0 d\u00e9couvrir ce magnifique espace !<\/p>\n","protected":false},"author":1,"featured_media":4504,"comment_status":"open","ping_status":"open","sticky":false,"template":"","format":"standard","meta":{"jetpack_post_was_ever_published":false,"_jetpack_newsletter_access":"","_jetpack_dont_email_post_to_subs":false,"_jetpack_newsletter_tier_id":0,"_jetpack_memberships_contains_paywalled_content":false,"footnotes":"","_jetpack_memberships_contains_paid_content":false},"categories":[29],"tags":[2448,2450,2051,2444,2446,1679],"yoast_head":"<!-- This site is optimized with the Yoast SEO plugin v22.6 - https:\/\/yoast.com\/wordpress\/plugins\/seo\/ -->\n<title>La Fondation Fiminco accueille une exposition d\u2019\u0153uvres monumentales d&#039;artistes urbains ! - ALTINNOV<\/title>\n<meta name=\"description\" content=\"La Fondation Fiminco me faisait de l\u2019\u0153il depuis un moment et c&#039;est gr\u00e2ce \u00e0 Quai 36 que je me suis d\u00e9cid\u00e9e \u00e0 d\u00e9couvrir ce magnifique espace !\" \/>\n<meta name=\"robots\" content=\"index, follow, max-snippet:-1, max-image-preview:large, max-video-preview:-1\" \/>\n<link rel=\"canonical\" href=\"https:\/\/altinnov.blog\/index.php\/fr\/2021\/11\/07\/fondation-fiminco\/\" \/>\n<meta property=\"og:locale\" content=\"fr_FR\" \/>\n<meta property=\"og:type\" content=\"article\" \/>\n<meta property=\"og:title\" content=\"La Fondation Fiminco accueille une exposition d\u2019\u0153uvres monumentales d&#039;artistes urbains !\" \/>\n<meta property=\"og:description\" content=\"La Fondation Fiminco me faisait de l\u2019\u0153il depuis un moment et c&#039;est gr\u00e2ce \u00e0 Quai 36 que je me suis d\u00e9cid\u00e9e \u00e0 d\u00e9couvrir ce magnifique espace !\" \/>\n<meta property=\"og:url\" content=\"https:\/\/altinnov.blog\/index.php\/fr\/2021\/11\/07\/fondation-fiminco\/\" \/>\n<meta property=\"og:site_name\" content=\"ALTINNOV\" \/>\n<meta property=\"article:publisher\" content=\"https:\/\/www.facebook.com\/Altinnov\/\" \/>\n<meta property=\"article:author\" content=\"https:\/\/www.facebook.com\/Altinnov\/\" \/>\n<meta property=\"article:published_time\" content=\"2021-11-07T20:42:49+00:00\" \/>\n<meta property=\"article:modified_time\" content=\"2021-11-12T15:03:50+00:00\" \/>\n<meta property=\"og:image\" content=\"https:\/\/i0.wp.com\/altinnov.blog\/wp-content\/uploads\/2021\/11\/fondation-fiminco.-Oeuvre-Hymne-orphique-a\u0300-Apollon-par-le-duo-de-street-artistes-PichiAvo-scaled.jpg?fit=2560%2C1440&ssl=1\" \/>\n\t<meta property=\"og:image:width\" content=\"2560\" \/>\n\t<meta property=\"og:image:height\" content=\"1440\" \/>\n\t<meta property=\"og:image:type\" content=\"image\/jpeg\" \/>\n<meta name=\"author\" content=\"S\u00e9verine\" \/>\n<meta name=\"twitter:card\" content=\"summary_large_image\" \/>\n<meta name=\"twitter:title\" content=\"La Fondation Fiminco accueille une exposition d\u2019\u0153uvres monumentales d&#039;artistes urbains !\" \/>\n<meta name=\"twitter:description\" content=\"La Fondation Fiminco accueille une exposition d\u2019\u0153uvres monumentales d&#039;artistes urbains ! #fondationfiminco #quai36 #pichiavo #loutisder #quintessenz #sebastienpreschoux #fikos #metamophosis #streetart #art\" \/>\n<meta name=\"twitter:image\" content=\"https:\/\/i0.wp.com\/altinnov.blog\/wp-content\/uploads\/2021\/11\/Fonfation-Fiminco-Exposition-Metamorphosis-re\u0301alise\u0301ee-par-Quai-36-scaled.jpg?fit=2560%2C1796&ssl=1\" \/>\n<meta name=\"twitter:creator\" content=\"@Altinnov1\" \/>\n<meta name=\"twitter:site\" content=\"@Altinnov1\" \/>\n<meta name=\"twitter:label1\" content=\"\u00c9crit par\" \/>\n\t<meta name=\"twitter:data1\" content=\"S\u00e9verine\" \/>\n\t<meta name=\"twitter:label2\" content=\"Dur\u00e9e de lecture estim\u00e9e\" \/>\n\t<meta name=\"twitter:data2\" content=\"7 minutes\" \/>\n<script type=\"application\/ld+json\" class=\"yoast-schema-graph\">{\"@context\":\"https:\/\/schema.org\",\"@graph\":[{\"@type\":\"Article\",\"@id\":\"https:\/\/altinnov.blog\/index.php\/fr\/2021\/11\/07\/fondation-fiminco\/#article\",\"isPartOf\":{\"@id\":\"https:\/\/altinnov.blog\/index.php\/fr\/2021\/11\/07\/fondation-fiminco\/\"},\"author\":{\"name\":\"S\u00e9verine\",\"@id\":\"https:\/\/altinnov.blog\/#\/schema\/person\/fb38574bf72ee22878743e54d687ae5a\"},\"headline\":\"La Fondation Fiminco accueille une exposition d\u2019\u0153uvres monumentales d&rsquo;artistes urbains !\",\"datePublished\":\"2021-11-07T20:42:49+00:00\",\"dateModified\":\"2021-11-12T15:03:50+00:00\",\"mainEntityOfPage\":{\"@id\":\"https:\/\/altinnov.blog\/index.php\/fr\/2021\/11\/07\/fondation-fiminco\/\"},\"wordCount\":1308,\"commentCount\":0,\"publisher\":{\"@id\":\"https:\/\/altinnov.blog\/#\/schema\/person\/fb38574bf72ee22878743e54d687ae5a\"},\"image\":{\"@id\":\"https:\/\/altinnov.blog\/index.php\/fr\/2021\/11\/07\/fondation-fiminco\/#primaryimage\"},\"thumbnailUrl\":\"https:\/\/i0.wp.com\/altinnov.blog\/wp-content\/uploads\/2021\/11\/fondation-fiminco.-Oeuvre-Hymne-orphique-a\u0300-Apollon-par-le-duo-de-street-artistes-PichiAvo-scaled.jpg?fit=2560%2C1440&ssl=1\",\"keywords\":[\"Fikos\",\"L'outsider\",\"PichiAvo\",\"S\u00e9bastien Preschoux\",\"Tomislav\",\"Waone\"],\"articleSection\":[\"Balades Street Art\"],\"inLanguage\":\"fr-FR\",\"potentialAction\":[{\"@type\":\"CommentAction\",\"name\":\"Comment\",\"target\":[\"https:\/\/altinnov.blog\/index.php\/fr\/2021\/11\/07\/fondation-fiminco\/#respond\"]}]},{\"@type\":\"WebPage\",\"@id\":\"https:\/\/altinnov.blog\/index.php\/fr\/2021\/11\/07\/fondation-fiminco\/\",\"url\":\"https:\/\/altinnov.blog\/index.php\/fr\/2021\/11\/07\/fondation-fiminco\/\",\"name\":\"La Fondation Fiminco accueille une exposition d\u2019\u0153uvres monumentales d'artistes urbains ! - ALTINNOV\",\"isPartOf\":{\"@id\":\"https:\/\/altinnov.blog\/#website\"},\"primaryImageOfPage\":{\"@id\":\"https:\/\/altinnov.blog\/index.php\/fr\/2021\/11\/07\/fondation-fiminco\/#primaryimage\"},\"image\":{\"@id\":\"https:\/\/altinnov.blog\/index.php\/fr\/2021\/11\/07\/fondation-fiminco\/#primaryimage\"},\"thumbnailUrl\":\"https:\/\/i0.wp.com\/altinnov.blog\/wp-content\/uploads\/2021\/11\/fondation-fiminco.-Oeuvre-Hymne-orphique-a\u0300-Apollon-par-le-duo-de-street-artistes-PichiAvo-scaled.jpg?fit=2560%2C1440&ssl=1\",\"datePublished\":\"2021-11-07T20:42:49+00:00\",\"dateModified\":\"2021-11-12T15:03:50+00:00\",\"description\":\"La Fondation Fiminco me faisait de l\u2019\u0153il depuis un moment et c'est gr\u00e2ce \u00e0 Quai 36 que je me suis d\u00e9cid\u00e9e \u00e0 d\u00e9couvrir ce magnifique espace !\",\"breadcrumb\":{\"@id\":\"https:\/\/altinnov.blog\/index.php\/fr\/2021\/11\/07\/fondation-fiminco\/#breadcrumb\"},\"inLanguage\":\"fr-FR\",\"potentialAction\":[{\"@type\":\"ReadAction\",\"target\":[\"https:\/\/altinnov.blog\/index.php\/fr\/2021\/11\/07\/fondation-fiminco\/\"]}]},{\"@type\":\"ImageObject\",\"inLanguage\":\"fr-FR\",\"@id\":\"https:\/\/altinnov.blog\/index.php\/fr\/2021\/11\/07\/fondation-fiminco\/#primaryimage\",\"url\":\"https:\/\/i0.wp.com\/altinnov.blog\/wp-content\/uploads\/2021\/11\/fondation-fiminco.-Oeuvre-Hymne-orphique-a\u0300-Apollon-par-le-duo-de-street-artistes-PichiAvo-scaled.jpg?fit=2560%2C1440&ssl=1\",\"contentUrl\":\"https:\/\/i0.wp.com\/altinnov.blog\/wp-content\/uploads\/2021\/11\/fondation-fiminco.-Oeuvre-Hymne-orphique-a\u0300-Apollon-par-le-duo-de-street-artistes-PichiAvo-scaled.jpg?fit=2560%2C1440&ssl=1\",\"width\":2560,\"height\":1440,\"caption\":\"Hymne orphique \u00e0 Apollon - PichiAvo - Photo @Altinnov\"},{\"@type\":\"BreadcrumbList\",\"@id\":\"https:\/\/altinnov.blog\/index.php\/fr\/2021\/11\/07\/fondation-fiminco\/#breadcrumb\",\"itemListElement\":[{\"@type\":\"ListItem\",\"position\":1,\"name\":\"Accueil\",\"item\":\"https:\/\/altinnov.blog\/\"},{\"@type\":\"ListItem\",\"position\":2,\"name\":\"La Fondation Fiminco accueille une exposition d\u2019\u0153uvres monumentales d&#8217;artistes urbains !\"}]},{\"@type\":\"WebSite\",\"@id\":\"https:\/\/altinnov.blog\/#website\",\"url\":\"https:\/\/altinnov.blog\/\",\"name\":\"ALTINNOV\",\"description\":\"BLOG STREET ART &amp; LIFESTYLE\",\"publisher\":{\"@id\":\"https:\/\/altinnov.blog\/#\/schema\/person\/fb38574bf72ee22878743e54d687ae5a\"},\"potentialAction\":[{\"@type\":\"SearchAction\",\"target\":{\"@type\":\"EntryPoint\",\"urlTemplate\":\"https:\/\/altinnov.blog\/?s={search_term_string}\"},\"query-input\":\"required name=search_term_string\"}],\"inLanguage\":\"fr-FR\"},{\"@type\":[\"Person\",\"Organization\"],\"@id\":\"https:\/\/altinnov.blog\/#\/schema\/person\/fb38574bf72ee22878743e54d687ae5a\",\"name\":\"S\u00e9verine\",\"image\":{\"@type\":\"ImageObject\",\"inLanguage\":\"fr-FR\",\"@id\":\"https:\/\/altinnov.blog\/#\/schema\/person\/image\/\",\"url\":\"https:\/\/i0.wp.com\/altinnov.blog\/wp-content\/uploads\/2021\/07\/SkatePark-re\u0301alise\u0301-par-JonOne-dans-lespace-transition-ephe\u0301me\u0300re-dAbbeville-scaled.jpg?fit=2560%2C1920&ssl=1\",\"contentUrl\":\"https:\/\/i0.wp.com\/altinnov.blog\/wp-content\/uploads\/2021\/07\/SkatePark-re\u0301alise\u0301-par-JonOne-dans-lespace-transition-ephe\u0301me\u0300re-dAbbeville-scaled.jpg?fit=2560%2C1920&ssl=1\",\"width\":2560,\"height\":1920,\"caption\":\"S\u00e9verine\"},\"logo\":{\"@id\":\"https:\/\/altinnov.blog\/#\/schema\/person\/image\/\"},\"sameAs\":[\"https:\/\/altinnov.blog\/\",\"https:\/\/www.facebook.com\/Altinnov\/\",\"https:\/\/www.instagram.com\/Altinnov\/\",\"https:\/\/www.linkedin.com\/in\/severinetp\/\",\"https:\/\/www.pinterest.fr\/SeverineTP\/\",\"https:\/\/x.com\/Altinnov1\"]}]}<\/script>\n<!-- \/ Yoast SEO plugin. -->","yoast_head_json":{"title":"La Fondation Fiminco accueille une exposition d\u2019\u0153uvres monumentales d'artistes urbains ! - ALTINNOV","description":"La Fondation Fiminco me faisait de l\u2019\u0153il depuis un moment et c'est gr\u00e2ce \u00e0 Quai 36 que je me suis d\u00e9cid\u00e9e \u00e0 d\u00e9couvrir ce magnifique espace !","robots":{"index":"index","follow":"follow","max-snippet":"max-snippet:-1","max-image-preview":"max-image-preview:large","max-video-preview":"max-video-preview:-1"},"canonical":"https:\/\/altinnov.blog\/index.php\/fr\/2021\/11\/07\/fondation-fiminco\/","og_locale":"fr_FR","og_type":"article","og_title":"La Fondation Fiminco accueille une exposition d\u2019\u0153uvres monumentales d'artistes urbains !","og_description":"La Fondation Fiminco me faisait de l\u2019\u0153il depuis un moment et c'est gr\u00e2ce \u00e0 Quai 36 que je me suis d\u00e9cid\u00e9e \u00e0 d\u00e9couvrir ce magnifique espace !","og_url":"https:\/\/altinnov.blog\/index.php\/fr\/2021\/11\/07\/fondation-fiminco\/","og_site_name":"ALTINNOV","article_publisher":"https:\/\/www.facebook.com\/Altinnov\/","article_author":"https:\/\/www.facebook.com\/Altinnov\/","article_published_time":"2021-11-07T20:42:49+00:00","article_modified_time":"2021-11-12T15:03:50+00:00","og_image":[{"width":2560,"height":1440,"url":"https:\/\/i0.wp.com\/altinnov.blog\/wp-content\/uploads\/2021\/11\/fondation-fiminco.-Oeuvre-Hymne-orphique-a\u0300-Apollon-par-le-duo-de-street-artistes-PichiAvo-scaled.jpg?fit=2560%2C1440&ssl=1","type":"image\/jpeg"}],"author":"S\u00e9verine","twitter_card":"summary_large_image","twitter_title":"La Fondation Fiminco accueille une exposition d\u2019\u0153uvres monumentales d'artistes urbains !","twitter_description":"La Fondation Fiminco accueille une exposition d\u2019\u0153uvres monumentales d'artistes urbains ! #fondationfiminco #quai36 #pichiavo #loutisder #quintessenz #sebastienpreschoux #fikos #metamophosis #streetart #art","twitter_image":"https:\/\/i0.wp.com\/altinnov.blog\/wp-content\/uploads\/2021\/11\/Fonfation-Fiminco-Exposition-Metamorphosis-re\u0301alise\u0301ee-par-Quai-36-scaled.jpg?fit=2560%2C1796&ssl=1","twitter_creator":"@Altinnov1","twitter_site":"@Altinnov1","twitter_misc":{"\u00c9crit par":"S\u00e9verine","Dur\u00e9e de lecture estim\u00e9e":"7 minutes"},"schema":{"@context":"https:\/\/schema.org","@graph":[{"@type":"Article","@id":"https:\/\/altinnov.blog\/index.php\/fr\/2021\/11\/07\/fondation-fiminco\/#article","isPartOf":{"@id":"https:\/\/altinnov.blog\/index.php\/fr\/2021\/11\/07\/fondation-fiminco\/"},"author":{"name":"S\u00e9verine","@id":"https:\/\/altinnov.blog\/#\/schema\/person\/fb38574bf72ee22878743e54d687ae5a"},"headline":"La Fondation Fiminco accueille une exposition d\u2019\u0153uvres monumentales d&rsquo;artistes urbains !","datePublished":"2021-11-07T20:42:49+00:00","dateModified":"2021-11-12T15:03:50+00:00","mainEntityOfPage":{"@id":"https:\/\/altinnov.blog\/index.php\/fr\/2021\/11\/07\/fondation-fiminco\/"},"wordCount":1308,"commentCount":0,"publisher":{"@id":"https:\/\/altinnov.blog\/#\/schema\/person\/fb38574bf72ee22878743e54d687ae5a"},"image":{"@id":"https:\/\/altinnov.blog\/index.php\/fr\/2021\/11\/07\/fondation-fiminco\/#primaryimage"},"thumbnailUrl":"https:\/\/i0.wp.com\/altinnov.blog\/wp-content\/uploads\/2021\/11\/fondation-fiminco.-Oeuvre-Hymne-orphique-a\u0300-Apollon-par-le-duo-de-street-artistes-PichiAvo-scaled.jpg?fit=2560%2C1440&ssl=1","keywords":["Fikos","L'outsider","PichiAvo","S\u00e9bastien Preschoux","Tomislav","Waone"],"articleSection":["Balades Street Art"],"inLanguage":"fr-FR","potentialAction":[{"@type":"CommentAction","name":"Comment","target":["https:\/\/altinnov.blog\/index.php\/fr\/2021\/11\/07\/fondation-fiminco\/#respond"]}]},{"@type":"WebPage","@id":"https:\/\/altinnov.blog\/index.php\/fr\/2021\/11\/07\/fondation-fiminco\/","url":"https:\/\/altinnov.blog\/index.php\/fr\/2021\/11\/07\/fondation-fiminco\/","name":"La Fondation Fiminco accueille une exposition d\u2019\u0153uvres monumentales d'artistes urbains ! - ALTINNOV","isPartOf":{"@id":"https:\/\/altinnov.blog\/#website"},"primaryImageOfPage":{"@id":"https:\/\/altinnov.blog\/index.php\/fr\/2021\/11\/07\/fondation-fiminco\/#primaryimage"},"image":{"@id":"https:\/\/altinnov.blog\/index.php\/fr\/2021\/11\/07\/fondation-fiminco\/#primaryimage"},"thumbnailUrl":"https:\/\/i0.wp.com\/altinnov.blog\/wp-content\/uploads\/2021\/11\/fondation-fiminco.-Oeuvre-Hymne-orphique-a\u0300-Apollon-par-le-duo-de-street-artistes-PichiAvo-scaled.jpg?fit=2560%2C1440&ssl=1","datePublished":"2021-11-07T20:42:49+00:00","dateModified":"2021-11-12T15:03:50+00:00","description":"La Fondation Fiminco me faisait de l\u2019\u0153il depuis un moment et c'est gr\u00e2ce \u00e0 Quai 36 que je me suis d\u00e9cid\u00e9e \u00e0 d\u00e9couvrir ce magnifique espace !","breadcrumb":{"@id":"https:\/\/altinnov.blog\/index.php\/fr\/2021\/11\/07\/fondation-fiminco\/#breadcrumb"},"inLanguage":"fr-FR","potentialAction":[{"@type":"ReadAction","target":["https:\/\/altinnov.blog\/index.php\/fr\/2021\/11\/07\/fondation-fiminco\/"]}]},{"@type":"ImageObject","inLanguage":"fr-FR","@id":"https:\/\/altinnov.blog\/index.php\/fr\/2021\/11\/07\/fondation-fiminco\/#primaryimage","url":"https:\/\/i0.wp.com\/altinnov.blog\/wp-content\/uploads\/2021\/11\/fondation-fiminco.-Oeuvre-Hymne-orphique-a\u0300-Apollon-par-le-duo-de-street-artistes-PichiAvo-scaled.jpg?fit=2560%2C1440&ssl=1","contentUrl":"https:\/\/i0.wp.com\/altinnov.blog\/wp-content\/uploads\/2021\/11\/fondation-fiminco.-Oeuvre-Hymne-orphique-a\u0300-Apollon-par-le-duo-de-street-artistes-PichiAvo-scaled.jpg?fit=2560%2C1440&ssl=1","width":2560,"height":1440,"caption":"Hymne orphique \u00e0 Apollon - PichiAvo - Photo @Altinnov"},{"@type":"BreadcrumbList","@id":"https:\/\/altinnov.blog\/index.php\/fr\/2021\/11\/07\/fondation-fiminco\/#breadcrumb","itemListElement":[{"@type":"ListItem","position":1,"name":"Accueil","item":"https:\/\/altinnov.blog\/"},{"@type":"ListItem","position":2,"name":"La Fondation Fiminco accueille une exposition d\u2019\u0153uvres monumentales d&#8217;artistes urbains !"}]},{"@type":"WebSite","@id":"https:\/\/altinnov.blog\/#website","url":"https:\/\/altinnov.blog\/","name":"ALTINNOV","description":"BLOG STREET ART &amp; LIFESTYLE","publisher":{"@id":"https:\/\/altinnov.blog\/#\/schema\/person\/fb38574bf72ee22878743e54d687ae5a"},"potentialAction":[{"@type":"SearchAction","target":{"@type":"EntryPoint","urlTemplate":"https:\/\/altinnov.blog\/?s={search_term_string}"},"query-input":"required name=search_term_string"}],"inLanguage":"fr-FR"},{"@type":["Person","Organization"],"@id":"https:\/\/altinnov.blog\/#\/schema\/person\/fb38574bf72ee22878743e54d687ae5a","name":"S\u00e9verine","image":{"@type":"ImageObject","inLanguage":"fr-FR","@id":"https:\/\/altinnov.blog\/#\/schema\/person\/image\/","url":"https:\/\/i0.wp.com\/altinnov.blog\/wp-content\/uploads\/2021\/07\/SkatePark-re\u0301alise\u0301-par-JonOne-dans-lespace-transition-ephe\u0301me\u0300re-dAbbeville-scaled.jpg?fit=2560%2C1920&ssl=1","contentUrl":"https:\/\/i0.wp.com\/altinnov.blog\/wp-content\/uploads\/2021\/07\/SkatePark-re\u0301alise\u0301-par-JonOne-dans-lespace-transition-ephe\u0301me\u0300re-dAbbeville-scaled.jpg?fit=2560%2C1920&ssl=1","width":2560,"height":1920,"caption":"S\u00e9verine"},"logo":{"@id":"https:\/\/altinnov.blog\/#\/schema\/person\/image\/"},"sameAs":["https:\/\/altinnov.blog\/","https:\/\/www.facebook.com\/Altinnov\/","https:\/\/www.instagram.com\/Altinnov\/","https:\/\/www.linkedin.com\/in\/severinetp\/","https:\/\/www.pinterest.fr\/SeverineTP\/","https:\/\/x.com\/Altinnov1"]}]}},"jetpack_sharing_enabled":true,"jetpack_featured_media_url":"https:\/\/i0.wp.com\/altinnov.blog\/wp-content\/uploads\/2021\/11\/fondation-fiminco.-Oeuvre-Hymne-orphique-a\u0300-Apollon-par-le-duo-de-street-artistes-PichiAvo-scaled.jpg?fit=2560%2C1440&ssl=1","jetpack_shortlink":"https:\/\/wp.me\/pakAzb-1aD","jetpack_likes_enabled":false,"jetpack-related-posts":[],"_links":{"self":[{"href":"https:\/\/altinnov.blog\/index.php\/wp-json\/wp\/v2\/posts\/4503"}],"collection":[{"href":"https:\/\/altinnov.blog\/index.php\/wp-json\/wp\/v2\/posts"}],"about":[{"href":"https:\/\/altinnov.blog\/index.php\/wp-json\/wp\/v2\/types\/post"}],"author":[{"embeddable":true,"href":"https:\/\/altinnov.blog\/index.php\/wp-json\/wp\/v2\/users\/1"}],"replies":[{"embeddable":true,"href":"https:\/\/altinnov.blog\/index.php\/wp-json\/wp\/v2\/comments?post=4503"}],"version-history":[{"count":20,"href":"https:\/\/altinnov.blog\/index.php\/wp-json\/wp\/v2\/posts\/4503\/revisions"}],"predecessor-version":[{"id":4551,"href":"https:\/\/altinnov.blog\/index.php\/wp-json\/wp\/v2\/posts\/4503\/revisions\/4551"}],"wp:featuredmedia":[{"embeddable":true,"href":"https:\/\/altinnov.blog\/index.php\/wp-json\/wp\/v2\/media\/4504"}],"wp:attachment":[{"href":"https:\/\/altinnov.blog\/index.php\/wp-json\/wp\/v2\/media?parent=4503"}],"wp:term":[{"taxonomy":"category","embeddable":true,"href":"https:\/\/altinnov.blog\/index.php\/wp-json\/wp\/v2\/categories?post=4503"},{"taxonomy":"post_tag","embeddable":true,"href":"https:\/\/altinnov.blog\/index.php\/wp-json\/wp\/v2\/tags?post=4503"}],"curies":[{"name":"wp","href":"https:\/\/api.w.org\/{rel}","templated":true}]}}