{"id":4140,"date":"2021-07-05T18:09:23","date_gmt":"2021-07-05T16:09:23","guid":{"rendered":"https:\/\/altinnov.blog\/?p=4140"},"modified":"2021-11-04T18:17:14","modified_gmt":"2021-11-04T17:17:14","slug":"l-essentiel-paris","status":"publish","type":"post","link":"https:\/\/altinnov.blog\/index.php\/fr\/2021\/07\/05\/l-essentiel-paris\/","title":{"rendered":"L\u2019Essentiel du Street Art et de l\u2019Art Contemporain dans un centre de tri postal d\u00e9saffect\u00e9 au c\u0153ur de Paris"},"content":{"rendered":"<p>Le d\u00e9confinement culturel \u00e0 Paris est explosif\u00a0! Ce nouveau lieu \u00e9ph\u00e9m\u00e8re baptis\u00e9 l\u2019<strong>Essentiel<\/strong> en est un acteur majeur incontournable. Ouvert depuis quelques jours seulement, cet immense centre de tri, appartenant \u00e0 <strong>Poste Immo<\/strong>, \u00e0 quelques pas de la gare de l\u2019Est est une porte ouverte vers un univers magique o\u00f9 graffitis, installations, sculptures se d\u00e9couvrent et s\u2019apprivoisent. <strong>Art Azo\u00ef<\/strong>, l\u2019Association \u00e0 l\u2019origine du projet a r\u00e9ussi un v\u00e9ritable exploit\u00a0en un mois seulement\u00a0: r\u00e9aliser une exposition XXL avec 43 artistes dont les \u0153uvres souvent monumentales vous feront tomber en p\u00e2moison. Il m\u2019est difficile aujourd\u2019hui de vous parler de Street Art\u00a0; car le sentiment qui me reste au sortir de l\u2019<strong>Essentiel<\/strong> est qu\u2019il n\u2019y a plus aucune fronti\u00e8re entre les arts. J\u2019ai eu cette \u00e9trange sensation d\u2019\u00eatre plong\u00e9e dans un nouveau mus\u00e9e d\u2019art moderne exp\u00e9rimental o\u00f9 les \u0153uvres r\u00e9alis\u00e9es in Situ deviennent une seule et immense \u0153uvre unique\u00a0: <strong>L\u2019Essentiel est un Monumenta de l\u2019art urbain\u00a0<\/strong>!<\/p>\n<div id=\"attachment_4141\" style=\"width: 1034px\" class=\"wp-caption aligncenter\"><img aria-describedby=\"caption-attachment-4141\" decoding=\"async\" loading=\"lazy\" class=\"size-large wp-image-4141\" src=\"https:\/\/i0.wp.com\/altinnov.blog\/wp-content\/uploads\/2021\/07\/Entre\u0301e-de-LESsettiel-du-Street-Art-Paris-avec-une-oeuvre-de-LEK-Hoctez-et-Apotre.jpg?resize=1024%2C576&#038;ssl=1\" alt=\"Entre\u0301e de L'Essettiel du Street Art Paris avec une oeuvre de LEK, Hoctez et Apotre\" width=\"1024\" height=\"576\" srcset=\"https:\/\/i0.wp.com\/altinnov.blog\/wp-content\/uploads\/2021\/07\/Entre\u0301e-de-LESsettiel-du-Street-Art-Paris-avec-une-oeuvre-de-LEK-Hoctez-et-Apotre-scaled.jpg?resize=1024%2C576&amp;ssl=1 1024w, https:\/\/i0.wp.com\/altinnov.blog\/wp-content\/uploads\/2021\/07\/Entre\u0301e-de-LESsettiel-du-Street-Art-Paris-avec-une-oeuvre-de-LEK-Hoctez-et-Apotre-scaled.jpg?resize=300%2C169&amp;ssl=1 300w, https:\/\/i0.wp.com\/altinnov.blog\/wp-content\/uploads\/2021\/07\/Entre\u0301e-de-LESsettiel-du-Street-Art-Paris-avec-une-oeuvre-de-LEK-Hoctez-et-Apotre-scaled.jpg?resize=768%2C432&amp;ssl=1 768w, https:\/\/i0.wp.com\/altinnov.blog\/wp-content\/uploads\/2021\/07\/Entre\u0301e-de-LESsettiel-du-Street-Art-Paris-avec-une-oeuvre-de-LEK-Hoctez-et-Apotre-scaled.jpg?resize=1536%2C864&amp;ssl=1 1536w, https:\/\/i0.wp.com\/altinnov.blog\/wp-content\/uploads\/2021\/07\/Entre\u0301e-de-LESsettiel-du-Street-Art-Paris-avec-une-oeuvre-de-LEK-Hoctez-et-Apotre-scaled.jpg?resize=2048%2C1152&amp;ssl=1 2048w, https:\/\/i0.wp.com\/altinnov.blog\/wp-content\/uploads\/2021\/07\/Entre\u0301e-de-LESsettiel-du-Street-Art-Paris-avec-une-oeuvre-de-LEK-Hoctez-et-Apotre-scaled.jpg?resize=1140%2C641&amp;ssl=1 1140w, https:\/\/i0.wp.com\/altinnov.blog\/wp-content\/uploads\/2021\/07\/Entre\u0301e-de-LESsettiel-du-Street-Art-Paris-avec-une-oeuvre-de-LEK-Hoctez-et-Apotre-scaled.jpg?resize=720%2C405&amp;ssl=1 720w, https:\/\/i0.wp.com\/altinnov.blog\/wp-content\/uploads\/2021\/07\/Entre\u0301e-de-LESsettiel-du-Street-Art-Paris-avec-une-oeuvre-de-LEK-Hoctez-et-Apotre-scaled.jpg?w=2280&amp;ssl=1 2280w\" sizes=\"(max-width: 1024px) 100vw, 1024px\" data-recalc-dims=\"1\" \/><p id=\"caption-attachment-4141\" class=\"wp-caption-text\">Entr\u00e9e de L&rsquo;Essentiel_Paris &#8211; Oeuvre de LEK, Hoctez &amp; Apotre &#8211; Photo @Altinnov<\/p><\/div>\n<h3><strong>Des volumes exceptionnels offrant de belles perspectives artistiques<\/strong><\/h3>\n<p>Cet ancien centre de tri a des proportions assez \u00e9tonnantes\u00a0; aux deux immenses plateaux viennent se greffer quelques pi\u00e8ces \u00e0 taille humaine. Le squelette de cet impressionnant b\u00e2timent des ann\u00e9es 60 est magnifi\u00e9 gr\u00e2ce aux \u0153uvres et offre ainsi des perspectives captivantes. La lumi\u00e8re naturelle rentre aussi dans la dynamique de la d\u00e9couverte et vient caresser les \u0153uvres en offrant \u00e0 cet espace un petit c\u00f4t\u00e9 mystique\u00a0!<\/p><div id=\"altin-327209332\" class=\"altin-contenu_2 altin-entity-placement\"><script async src=\"\/\/pagead2.googlesyndication.com\/pagead\/js\/adsbygoogle.js?client=ca-pub-4035181110757945\" crossorigin=\"anonymous\"><\/script><ins class=\"adsbygoogle\" style=\"display:block; text-align:center;\" data-ad-client=\"ca-pub-4035181110757945\" \ndata-ad-slot=\"9414912321\" \ndata-ad-layout=\"in-article\"\ndata-ad-format=\"fluid\"><\/ins>\n<script> \n(adsbygoogle = window.adsbygoogle || []).push({}); \n<\/script>\n<\/div>\n<p>Comme vous pouvez le voir, au contraire de beaucoup de spots Street Art o\u00f9 les \u0153uvres sont concentr\u00e9es\u00a0; ici elles respirent et nous aussi.<\/p>\n<div id=\"attachment_4143\" style=\"width: 1034px\" class=\"wp-caption aligncenter\"><img aria-describedby=\"caption-attachment-4143\" decoding=\"async\" loading=\"lazy\" class=\"size-large wp-image-4143\" src=\"https:\/\/i0.wp.com\/altinnov.blog\/wp-content\/uploads\/2021\/07\/LEssentiel_Paris-Oeuvre-de-Dize-Psy-Ce\u0301cile-Bonduelle-Katre-Andre\u0301-photo-Altinnov-.jpg?resize=1024%2C576&#038;ssl=1\" alt=\"L'Essentiel_Paris - Oeuvre de Dize, Psy, Ce\u0301cile Bonduelle, Katre, Andre\u0301, Fuzi, photo Altinnov\" width=\"1024\" height=\"576\" srcset=\"https:\/\/i0.wp.com\/altinnov.blog\/wp-content\/uploads\/2021\/07\/LEssentiel_Paris-Oeuvre-de-Dize-Psy-Ce\u0301cile-Bonduelle-Katre-Andre\u0301-photo-Altinnov--scaled.jpg?resize=1024%2C576&amp;ssl=1 1024w, https:\/\/i0.wp.com\/altinnov.blog\/wp-content\/uploads\/2021\/07\/LEssentiel_Paris-Oeuvre-de-Dize-Psy-Ce\u0301cile-Bonduelle-Katre-Andre\u0301-photo-Altinnov--scaled.jpg?resize=300%2C169&amp;ssl=1 300w, https:\/\/i0.wp.com\/altinnov.blog\/wp-content\/uploads\/2021\/07\/LEssentiel_Paris-Oeuvre-de-Dize-Psy-Ce\u0301cile-Bonduelle-Katre-Andre\u0301-photo-Altinnov--scaled.jpg?resize=768%2C432&amp;ssl=1 768w, https:\/\/i0.wp.com\/altinnov.blog\/wp-content\/uploads\/2021\/07\/LEssentiel_Paris-Oeuvre-de-Dize-Psy-Ce\u0301cile-Bonduelle-Katre-Andre\u0301-photo-Altinnov--scaled.jpg?resize=1536%2C864&amp;ssl=1 1536w, https:\/\/i0.wp.com\/altinnov.blog\/wp-content\/uploads\/2021\/07\/LEssentiel_Paris-Oeuvre-de-Dize-Psy-Ce\u0301cile-Bonduelle-Katre-Andre\u0301-photo-Altinnov--scaled.jpg?resize=2048%2C1152&amp;ssl=1 2048w, https:\/\/i0.wp.com\/altinnov.blog\/wp-content\/uploads\/2021\/07\/LEssentiel_Paris-Oeuvre-de-Dize-Psy-Ce\u0301cile-Bonduelle-Katre-Andre\u0301-photo-Altinnov--scaled.jpg?resize=1140%2C641&amp;ssl=1 1140w, https:\/\/i0.wp.com\/altinnov.blog\/wp-content\/uploads\/2021\/07\/LEssentiel_Paris-Oeuvre-de-Dize-Psy-Ce\u0301cile-Bonduelle-Katre-Andre\u0301-photo-Altinnov--scaled.jpg?resize=720%2C405&amp;ssl=1 720w, https:\/\/i0.wp.com\/altinnov.blog\/wp-content\/uploads\/2021\/07\/LEssentiel_Paris-Oeuvre-de-Dize-Psy-Ce\u0301cile-Bonduelle-Katre-Andre\u0301-photo-Altinnov--scaled.jpg?w=2280&amp;ssl=1 2280w\" sizes=\"(max-width: 1024px) 100vw, 1024px\" data-recalc-dims=\"1\" \/><p id=\"caption-attachment-4143\" class=\"wp-caption-text\">L&rsquo;Essentiel_Paris &#8211; Dize &#8211; Psy &#8211; C\u00e9cile Bonduelle &#8211; Katre &#8211; Fuzi &#8211; Photo @Altinnov<\/p><\/div>\n<p>&nbsp;<\/p>\n<p>C\u2019est un v\u00e9ritable dialogue qui s\u2019installe entre \u0153uvres et architecture. Un \u00e9quilibre parfait o\u00f9 l\u2019un n\u2019heurte jamais l\u2019autre mais le porte sagement avec bienveillance et g\u00e9n\u00e9rosit\u00e9. Le tout, l\u2019\u0153uvre globale est d\u2019une douceur inversement proportionnel au c\u00f4t\u00e9 brut du lieu d\u00e9saffect\u00e9. Il y a de la po\u00e9sie dans l\u2019air.<\/p>\n<h3><\/h3>\n<h3><strong>Une curation digne d\u2019un maestro<\/strong><\/h3>\n<p>Dans le cadre de l\u2019Essentiel, vous parler des artistes sans \u00e9voquer le chef d\u2019orchestre serait une grossi\u00e8re erreur\u00a0! Ils sont trois\u00a0: <a href=\"https:\/\/www.instagram.com\/eliseherszkowicz\/\" target=\"_blank\" rel=\"noopener\"><strong>Elise Herszkowicz<\/strong><\/a>, <a href=\"https:\/\/www.instagram.com\/cristo_liquide\/\" target=\"_blank\" rel=\"noopener\"><strong>Cristobal Diaz<\/strong> <\/a>\u2013 Directeurs Artistiques chez <a href=\"https:\/\/www.instagram.com\/art_azoi\/\" target=\"_blank\" rel=\"noopener\"><strong>Art Azo\u00ef<\/strong><\/a>&#8211; et <a href=\"https:\/\/www.instagram.com\/lek_______75019\/\" target=\"_blank\" rel=\"noopener\"><strong>Lek<\/strong><\/a> \u2013 artiste issu de la sc\u00e8ne graffiti Parisienne-. Ils ont choisi les artistes. Ils ont impos\u00e9, en douceur j\u2019ose imaginer, un code chromatique bleu, ocre et vert. Et ils ne se sont pas arr\u00eat\u00e9s l\u00e0 puisque qu\u2019ils ont d\u00e9fini en amont la place investie par chaque artiste. Tr\u00e8s honn\u00eatement quand vous verrez le profil des artistes, vous comprendrez que le travail n\u2019a pas d\u00fb \u00eatre ais\u00e9. Obtenir une telle fluidit\u00e9 dans la lecture de cette exposition rel\u00e8ve du travail d\u2019orf\u00e8vre.<\/p>\n<p>En menant \u00e0 bien ce projet monumental ils nous offrent une exposition rare, d\u2019une qualit\u00e9 exceptionnelle\u00a0!<\/p>\n<div id=\"attachment_4145\" style=\"width: 1034px\" class=\"wp-caption aligncenter\"><img aria-describedby=\"caption-attachment-4145\" decoding=\"async\" loading=\"lazy\" class=\"size-large wp-image-4145\" src=\"https:\/\/i0.wp.com\/altinnov.blog\/wp-content\/uploads\/2021\/07\/LEssentiel-Oeuvres-de-Sowat-Baudelocque.jpg?resize=1024%2C576&#038;ssl=1\" alt=\"L'Essentiel - Oeuvres de Sowat &amp; Baudelocque\" width=\"1024\" height=\"576\" srcset=\"https:\/\/i0.wp.com\/altinnov.blog\/wp-content\/uploads\/2021\/07\/LEssentiel-Oeuvres-de-Sowat-Baudelocque-scaled.jpg?resize=1024%2C576&amp;ssl=1 1024w, https:\/\/i0.wp.com\/altinnov.blog\/wp-content\/uploads\/2021\/07\/LEssentiel-Oeuvres-de-Sowat-Baudelocque-scaled.jpg?resize=300%2C169&amp;ssl=1 300w, https:\/\/i0.wp.com\/altinnov.blog\/wp-content\/uploads\/2021\/07\/LEssentiel-Oeuvres-de-Sowat-Baudelocque-scaled.jpg?resize=768%2C432&amp;ssl=1 768w, https:\/\/i0.wp.com\/altinnov.blog\/wp-content\/uploads\/2021\/07\/LEssentiel-Oeuvres-de-Sowat-Baudelocque-scaled.jpg?resize=1536%2C864&amp;ssl=1 1536w, https:\/\/i0.wp.com\/altinnov.blog\/wp-content\/uploads\/2021\/07\/LEssentiel-Oeuvres-de-Sowat-Baudelocque-scaled.jpg?resize=2048%2C1152&amp;ssl=1 2048w, https:\/\/i0.wp.com\/altinnov.blog\/wp-content\/uploads\/2021\/07\/LEssentiel-Oeuvres-de-Sowat-Baudelocque-scaled.jpg?resize=1140%2C641&amp;ssl=1 1140w, https:\/\/i0.wp.com\/altinnov.blog\/wp-content\/uploads\/2021\/07\/LEssentiel-Oeuvres-de-Sowat-Baudelocque-scaled.jpg?resize=720%2C405&amp;ssl=1 720w, https:\/\/i0.wp.com\/altinnov.blog\/wp-content\/uploads\/2021\/07\/LEssentiel-Oeuvres-de-Sowat-Baudelocque-scaled.jpg?w=2280&amp;ssl=1 2280w\" sizes=\"(max-width: 1024px) 100vw, 1024px\" data-recalc-dims=\"1\" \/><p id=\"caption-attachment-4145\" class=\"wp-caption-text\">L&rsquo;Essentiel Paris &#8211; Sowat &#8211; Baudelocque &#8211; Photo @Altinnov<\/p><\/div>\n<p>&nbsp;<\/p>\n<h3><strong>Un maillage cr\u00e9atif interg\u00e9n\u00e9rationnel <\/strong><\/h3>\n<p>Rentrer dans un lieu et apr\u00e8s quelques pas avoir l\u2019\u0153il attrap\u00e9 par les visages et ombres humaines \u00e9ph\u00e9m\u00e8res du pionnier du Street Art qu\u2019est <a href=\"https:\/\/fr.wikipedia.org\/wiki\/G%C3%A9rard_Zlotykamien\" target=\"_blank\" rel=\"noopener\"><strong>G\u00e9rard Zlotykamien<\/strong><\/a> n\u2019arrive pas tous les jours.<\/p>\n<div class=\"tiled-gallery type-rectangular tiled-gallery-unresized\" data-original-width=\"1140\" data-carousel-extra='null' itemscope itemtype=\"http:\/\/schema.org\/ImageGallery\" > <div class=\"gallery-row\" style=\"width: 1140px; height: 570px;\" data-original-width=\"1140\" data-original-height=\"570\" > <div class=\"gallery-group images-1\" style=\"width: 570px; height: 570px;\" data-original-width=\"570\" data-original-height=\"570\" > <div class=\"tiled-gallery-item tiled-gallery-item-large\" itemprop=\"associatedMedia\" itemscope itemtype=\"http:\/\/schema.org\/ImageObject\"> <a href=\"https:\/\/altinnov.blog\/index.php\/fr\/2021\/07\/05\/l-essentiel-paris\/gerard-zlotykamien\/\" border=\"0\" itemprop=\"url\"> <meta itemprop=\"width\" content=\"566\"> <meta itemprop=\"height\" content=\"566\"> <img class=\"\" data-attachment-id=\"4149\" data-orig-file=\"https:\/\/altinnov.blog\/wp-content\/uploads\/2021\/07\/Ge\u0301rard-Zlotykamien-scaled.jpg\" data-orig-size=\"2560,2560\" data-comments-opened=\"1\" data-image-meta=\"{&quot;aperture&quot;:&quot;1.8&quot;,&quot;credit&quot;:&quot;&quot;,&quot;camera&quot;:&quot;iPhone XR&quot;,&quot;caption&quot;:&quot;&quot;,&quot;created_timestamp&quot;:&quot;1625238641&quot;,&quot;copyright&quot;:&quot;&quot;,&quot;focal_length&quot;:&quot;4.25&quot;,&quot;iso&quot;:&quot;1250&quot;,&quot;shutter_speed&quot;:&quot;0.058823529411765&quot;,&quot;title&quot;:&quot;&quot;,&quot;orientation&quot;:&quot;0&quot;}\" data-image-title=\"Ge\u0301rard Zlotykamien\" data-image-description=\"&lt;p&gt;Ge\u0301rard Zlotykamien&lt;\/p&gt; \" data-medium-file=\"https:\/\/i0.wp.com\/altinnov.blog\/wp-content\/uploads\/2021\/07\/Ge\u0301rard-Zlotykamien-scaled.jpg?fit=300%2C300&#038;ssl=1\" data-large-file=\"https:\/\/i0.wp.com\/altinnov.blog\/wp-content\/uploads\/2021\/07\/Ge\u0301rard-Zlotykamien-scaled.jpg?fit=1024%2C1024&#038;ssl=1\" src=\"https:\/\/i0.wp.com\/altinnov.blog\/wp-content\/uploads\/2021\/07\/Ge\u0301rard-Zlotykamien-scaled.jpg?w=566&#038;h=566&#038;crop=1&#038;ssl=1\" srcset=\"https:\/\/i0.wp.com\/altinnov.blog\/wp-content\/uploads\/2021\/07\/Ge\u0301rard-Zlotykamien-scaled.jpg?w=2560&amp;ssl=1 2560w, https:\/\/i0.wp.com\/altinnov.blog\/wp-content\/uploads\/2021\/07\/Ge\u0301rard-Zlotykamien-scaled.jpg?resize=300%2C300&amp;ssl=1 300w, https:\/\/i0.wp.com\/altinnov.blog\/wp-content\/uploads\/2021\/07\/Ge\u0301rard-Zlotykamien-scaled.jpg?resize=1024%2C1024&amp;ssl=1 1024w, https:\/\/i0.wp.com\/altinnov.blog\/wp-content\/uploads\/2021\/07\/Ge\u0301rard-Zlotykamien-scaled.jpg?resize=150%2C150&amp;ssl=1 150w, https:\/\/i0.wp.com\/altinnov.blog\/wp-content\/uploads\/2021\/07\/Ge\u0301rard-Zlotykamien-scaled.jpg?resize=768%2C768&amp;ssl=1 768w, https:\/\/i0.wp.com\/altinnov.blog\/wp-content\/uploads\/2021\/07\/Ge\u0301rard-Zlotykamien-scaled.jpg?resize=1536%2C1536&amp;ssl=1 1536w, https:\/\/i0.wp.com\/altinnov.blog\/wp-content\/uploads\/2021\/07\/Ge\u0301rard-Zlotykamien-scaled.jpg?resize=2048%2C2048&amp;ssl=1 2048w, https:\/\/i0.wp.com\/altinnov.blog\/wp-content\/uploads\/2021\/07\/Ge\u0301rard-Zlotykamien-scaled.jpg?w=2280&amp;ssl=1 2280w\" width=\"566\" height=\"566\" loading=\"lazy\" data-original-width=\"566\" data-original-height=\"566\" itemprop=\"http:\/\/schema.org\/image\" title=\"Ge\u0301rard Zlotykamien\" alt=\"Ge\u0301rard Zlotykamien\" style=\"width: 566px; height: 566px;\" \/> <\/a> <div class=\"tiled-gallery-caption\" itemprop=\"caption description\"> Ge\u0301rard Zlotykamien <\/div> <\/div> <\/div> <!-- close group --> <div class=\"gallery-group images-1\" style=\"width: 570px; height: 570px;\" data-original-width=\"570\" data-original-height=\"570\" > <div class=\"tiled-gallery-item tiled-gallery-item-large\" itemprop=\"associatedMedia\" itemscope itemtype=\"http:\/\/schema.org\/ImageObject\"> <a href=\"https:\/\/altinnov.blog\/index.php\/fr\/2021\/07\/05\/l-essentiel-paris\/lessentiel-paris-gerard-zlotykamien-cecile-bonduelle\/\" border=\"0\" itemprop=\"url\"> <meta itemprop=\"width\" content=\"566\"> <meta itemprop=\"height\" content=\"566\"> <img class=\"\" data-attachment-id=\"4150\" data-orig-file=\"https:\/\/altinnov.blog\/wp-content\/uploads\/2021\/07\/LEssentiel-Paris-Ge\u0301rard-Zlotykamien-Ce\u0301cile-Bonduelle-scaled.jpg\" data-orig-size=\"2560,2560\" data-comments-opened=\"1\" data-image-meta=\"{&quot;aperture&quot;:&quot;2.2&quot;,&quot;credit&quot;:&quot;&quot;,&quot;camera&quot;:&quot;iPhone 6s Plus&quot;,&quot;caption&quot;:&quot;&quot;,&quot;created_timestamp&quot;:&quot;1625238732&quot;,&quot;copyright&quot;:&quot;&quot;,&quot;focal_length&quot;:&quot;4.15&quot;,&quot;iso&quot;:&quot;100&quot;,&quot;shutter_speed&quot;:&quot;0.058823529411765&quot;,&quot;title&quot;:&quot;&quot;,&quot;orientation&quot;:&quot;0&quot;}\" data-image-title=\"L&amp;rsquo;Essentiel Paris &#8211; Ge\u0301rard Zlotykamien &#8211; Ce\u0301cile Bonduelle\" data-image-description=\"&lt;p&gt;L&amp;rsquo;Essentiel Paris &#8211; Ge\u0301rard Zlotykamien &#8211; Ce\u0301cile Bonduelle&lt;\/p&gt; \" data-medium-file=\"https:\/\/i0.wp.com\/altinnov.blog\/wp-content\/uploads\/2021\/07\/LEssentiel-Paris-Ge\u0301rard-Zlotykamien-Ce\u0301cile-Bonduelle-scaled.jpg?fit=300%2C300&#038;ssl=1\" data-large-file=\"https:\/\/i0.wp.com\/altinnov.blog\/wp-content\/uploads\/2021\/07\/LEssentiel-Paris-Ge\u0301rard-Zlotykamien-Ce\u0301cile-Bonduelle-scaled.jpg?fit=1024%2C1024&#038;ssl=1\" src=\"https:\/\/i0.wp.com\/altinnov.blog\/wp-content\/uploads\/2021\/07\/LEssentiel-Paris-Ge\u0301rard-Zlotykamien-Ce\u0301cile-Bonduelle-scaled.jpg?w=566&#038;h=566&#038;crop=1&#038;ssl=1\" srcset=\"https:\/\/i0.wp.com\/altinnov.blog\/wp-content\/uploads\/2021\/07\/LEssentiel-Paris-Ge\u0301rard-Zlotykamien-Ce\u0301cile-Bonduelle-scaled.jpg?w=2560&amp;ssl=1 2560w, https:\/\/i0.wp.com\/altinnov.blog\/wp-content\/uploads\/2021\/07\/LEssentiel-Paris-Ge\u0301rard-Zlotykamien-Ce\u0301cile-Bonduelle-scaled.jpg?resize=300%2C300&amp;ssl=1 300w, https:\/\/i0.wp.com\/altinnov.blog\/wp-content\/uploads\/2021\/07\/LEssentiel-Paris-Ge\u0301rard-Zlotykamien-Ce\u0301cile-Bonduelle-scaled.jpg?resize=1024%2C1024&amp;ssl=1 1024w, https:\/\/i0.wp.com\/altinnov.blog\/wp-content\/uploads\/2021\/07\/LEssentiel-Paris-Ge\u0301rard-Zlotykamien-Ce\u0301cile-Bonduelle-scaled.jpg?resize=150%2C150&amp;ssl=1 150w, https:\/\/i0.wp.com\/altinnov.blog\/wp-content\/uploads\/2021\/07\/LEssentiel-Paris-Ge\u0301rard-Zlotykamien-Ce\u0301cile-Bonduelle-scaled.jpg?resize=768%2C768&amp;ssl=1 768w, https:\/\/i0.wp.com\/altinnov.blog\/wp-content\/uploads\/2021\/07\/LEssentiel-Paris-Ge\u0301rard-Zlotykamien-Ce\u0301cile-Bonduelle-scaled.jpg?resize=1536%2C1536&amp;ssl=1 1536w, https:\/\/i0.wp.com\/altinnov.blog\/wp-content\/uploads\/2021\/07\/LEssentiel-Paris-Ge\u0301rard-Zlotykamien-Ce\u0301cile-Bonduelle-scaled.jpg?resize=2048%2C2048&amp;ssl=1 2048w, https:\/\/i0.wp.com\/altinnov.blog\/wp-content\/uploads\/2021\/07\/LEssentiel-Paris-Ge\u0301rard-Zlotykamien-Ce\u0301cile-Bonduelle-scaled.jpg?w=2280&amp;ssl=1 2280w\" width=\"566\" height=\"566\" loading=\"lazy\" data-original-width=\"566\" data-original-height=\"566\" itemprop=\"http:\/\/schema.org\/image\" title=\"L&#039;Essentiel Paris - Ge\u0301rard Zlotykamien - Ce\u0301cile Bonduelle\" alt=\"L&#039;Essentiel Paris - Ge\u0301rard Zlotykamien - Ce\u0301cile Bonduelle\" style=\"width: 566px; height: 566px;\" \/> <\/a> <div class=\"tiled-gallery-caption\" itemprop=\"caption description\"> &#038; C\u00e9cile Bonduelle &#8211; Photo @Altinnov <\/div> <\/div> <\/div> <!-- close group --> <\/div> <!-- close row --> <\/div>\n<p>Reconna\u00eetre en un clin d\u2019\u0153il la pr\u00e9sence des l\u00e9gendes du graffiti Parisien que sont <a href=\"https:\/\/www.instagram.com\/dizaster156\/\" target=\"_blank\" rel=\"noopener\"><strong>Dize<\/strong><\/a> et <a href=\"https:\/\/www.instagram.com\/psyckozenolimit\/\" target=\"_blank\" rel=\"noopener\"><strong>Psyckosenolimit<\/strong><\/a>. Voir le mur de <strong>Dize<\/strong> faire un face \u00e0 face avec les doodles sur vitres -comprendre gribouillages- de <a href=\"https:\/\/www.instagram.com\/fuziuvtpk\/\" target=\"_blank\" rel=\"noopener\"><strong>Fuzi<\/strong><\/a>\u2026 Autant d\u2019informations que mon cerveau a eu du mal \u00e0 int\u00e9grer tellement, mais tellement l\u2019espace d\u00e9di\u00e9 aux \u0153uvres \u00e9tait immense, tellement, pour une fois on avait du recul pour les admirer. L\u00e0 tout de suite, il faut absolument que je l\u2019\u00e9crive\u00a0: Merci <strong>L\u2019Essentiel<\/strong>\u00a0!<\/p><div id=\"altin-778680757\" class=\"altin-contenu altin-entity-placement\"><script async src=\"\/\/pagead2.googlesyndication.com\/pagead\/js\/adsbygoogle.js?client=ca-pub-4035181110757945\" crossorigin=\"anonymous\"><\/script><ins class=\"adsbygoogle\" style=\"display:block; text-align:center;\" data-ad-client=\"ca-pub-4035181110757945\" \ndata-ad-slot=\"9414912321\" \ndata-ad-layout=\"in-article\"\ndata-ad-format=\"fluid\"><\/ins>\n<script> \n(adsbygoogle = window.adsbygoogle || []).push({}); \n<\/script>\n<\/div>\n<div id=\"attachment_4153\" style=\"width: 1034px\" class=\"wp-caption aligncenter\"><img aria-describedby=\"caption-attachment-4153\" decoding=\"async\" loading=\"lazy\" class=\"size-large wp-image-4153\" src=\"https:\/\/i0.wp.com\/altinnov.blog\/wp-content\/uploads\/2021\/07\/LEssentiel-Paris-Doodle-de-Fuzi.jpg?resize=1024%2C576&#038;ssl=1\" alt=\"L'Essentiel Paris - Doodle de Fuzi\" width=\"1024\" height=\"576\" srcset=\"https:\/\/i0.wp.com\/altinnov.blog\/wp-content\/uploads\/2021\/07\/LEssentiel-Paris-Doodle-de-Fuzi-scaled.jpg?resize=1024%2C576&amp;ssl=1 1024w, https:\/\/i0.wp.com\/altinnov.blog\/wp-content\/uploads\/2021\/07\/LEssentiel-Paris-Doodle-de-Fuzi-scaled.jpg?resize=300%2C169&amp;ssl=1 300w, https:\/\/i0.wp.com\/altinnov.blog\/wp-content\/uploads\/2021\/07\/LEssentiel-Paris-Doodle-de-Fuzi-scaled.jpg?resize=768%2C432&amp;ssl=1 768w, https:\/\/i0.wp.com\/altinnov.blog\/wp-content\/uploads\/2021\/07\/LEssentiel-Paris-Doodle-de-Fuzi-scaled.jpg?resize=1536%2C864&amp;ssl=1 1536w, https:\/\/i0.wp.com\/altinnov.blog\/wp-content\/uploads\/2021\/07\/LEssentiel-Paris-Doodle-de-Fuzi-scaled.jpg?resize=2048%2C1152&amp;ssl=1 2048w, https:\/\/i0.wp.com\/altinnov.blog\/wp-content\/uploads\/2021\/07\/LEssentiel-Paris-Doodle-de-Fuzi-scaled.jpg?resize=1140%2C641&amp;ssl=1 1140w, https:\/\/i0.wp.com\/altinnov.blog\/wp-content\/uploads\/2021\/07\/LEssentiel-Paris-Doodle-de-Fuzi-scaled.jpg?resize=720%2C405&amp;ssl=1 720w, https:\/\/i0.wp.com\/altinnov.blog\/wp-content\/uploads\/2021\/07\/LEssentiel-Paris-Doodle-de-Fuzi-scaled.jpg?w=2280&amp;ssl=1 2280w\" sizes=\"(max-width: 1024px) 100vw, 1024px\" data-recalc-dims=\"1\" \/><p id=\"caption-attachment-4153\" class=\"wp-caption-text\">L&rsquo;Essentiel_Paris &#8211; Fuzi &#8211; Photo @Altinnov<\/p><\/div>\n<p>Et puis cette \u0153uvre de <a href=\"https:\/\/www.instagram.com\/cecilebonduellesculpteure\/\" target=\"_blank\" rel=\"noopener\"><strong>C\u00e9cile Bonduelle<\/strong><\/a>, ou devrais-je dire cette corde ocre qui comme un lien relie les deux plateaux et vient terminer sa course en contrepoids\u00a0: magique\u00a0! Sa ponctuation se marie avec d\u00e9licatesse \u00e0 d\u2019autres \u0153uvres d\u2019artistes tr\u00e8s diff\u00e9rents comme <a href=\"https:\/\/www.instagram.com\/popay_de_ayguavives\/\" target=\"_blank\" rel=\"noopener\"><strong>Popay de Ayguavives<\/strong><\/a>, <a href=\"https:\/\/www.instagram.com\/romainfroquet\/\" target=\"_blank\" rel=\"noopener\"><strong>Romain Froquet<\/strong><\/a> ou encore <strong>Tarek<\/strong>.<\/p>\n<div id=\"attachment_4155\" style=\"width: 1034px\" class=\"wp-caption aligncenter\"><img aria-describedby=\"caption-attachment-4155\" decoding=\"async\" loading=\"lazy\" class=\"size-large wp-image-4155\" src=\"https:\/\/i0.wp.com\/altinnov.blog\/wp-content\/uploads\/2021\/07\/LESsentiel-Paris-Oeuvres-de-Popay-de-Aygavives-Romain-Froquet-Ce\u0301cile-Bonduelle-Tarek.jpg?resize=1024%2C768&#038;ssl=1\" alt=\"L'Essentiel Paris - Oeuvres de Popay de Aygavives - Romain Froquet ) Ce\u0301cile Bonduelle - Tarek\" width=\"1024\" height=\"768\" srcset=\"https:\/\/i0.wp.com\/altinnov.blog\/wp-content\/uploads\/2021\/07\/LESsentiel-Paris-Oeuvres-de-Popay-de-Aygavives-Romain-Froquet-Ce\u0301cile-Bonduelle-Tarek-scaled.jpg?resize=1024%2C768&amp;ssl=1 1024w, https:\/\/i0.wp.com\/altinnov.blog\/wp-content\/uploads\/2021\/07\/LESsentiel-Paris-Oeuvres-de-Popay-de-Aygavives-Romain-Froquet-Ce\u0301cile-Bonduelle-Tarek-scaled.jpg?resize=300%2C225&amp;ssl=1 300w, https:\/\/i0.wp.com\/altinnov.blog\/wp-content\/uploads\/2021\/07\/LESsentiel-Paris-Oeuvres-de-Popay-de-Aygavives-Romain-Froquet-Ce\u0301cile-Bonduelle-Tarek-scaled.jpg?resize=768%2C576&amp;ssl=1 768w, https:\/\/i0.wp.com\/altinnov.blog\/wp-content\/uploads\/2021\/07\/LESsentiel-Paris-Oeuvres-de-Popay-de-Aygavives-Romain-Froquet-Ce\u0301cile-Bonduelle-Tarek-scaled.jpg?resize=1536%2C1152&amp;ssl=1 1536w, https:\/\/i0.wp.com\/altinnov.blog\/wp-content\/uploads\/2021\/07\/LESsentiel-Paris-Oeuvres-de-Popay-de-Aygavives-Romain-Froquet-Ce\u0301cile-Bonduelle-Tarek-scaled.jpg?resize=2048%2C1536&amp;ssl=1 2048w, https:\/\/i0.wp.com\/altinnov.blog\/wp-content\/uploads\/2021\/07\/LESsentiel-Paris-Oeuvres-de-Popay-de-Aygavives-Romain-Froquet-Ce\u0301cile-Bonduelle-Tarek-scaled.jpg?resize=160%2C120&amp;ssl=1 160w, https:\/\/i0.wp.com\/altinnov.blog\/wp-content\/uploads\/2021\/07\/LESsentiel-Paris-Oeuvres-de-Popay-de-Aygavives-Romain-Froquet-Ce\u0301cile-Bonduelle-Tarek-scaled.jpg?w=2280&amp;ssl=1 2280w\" sizes=\"(max-width: 1024px) 100vw, 1024px\" data-recalc-dims=\"1\" \/><p id=\"caption-attachment-4155\" class=\"wp-caption-text\">L&rsquo;Essentiel Paris &#8211; Tarek &#8211; Popay de Ayguavives &#8211; Romain Froquet &#8211; C\u00e9cile Bonduelle &#8211; Photo @Altinnov<\/p><\/div>\n<p>&nbsp;<\/p>\n<p>Et m\u00eame lorsque deux univers se rejoignent graphiquement, comme c\u2019est le cas avec <a href=\"https:\/\/www.instagram.com\/latlas_art\/\" target=\"_blank\" rel=\"noopener\"><strong>l\u2019Atlas<\/strong><\/a> et <a href=\"https:\/\/www.instagram.com\/renzo.graffiti\/\" target=\"_blank\" rel=\"noopener\"><strong>Renzo<\/strong><\/a>\u00a0; aucune \u0153uvre ne prend l\u2019ascendant sur l\u2019autre comme si elles ne faisaient qu\u2019une.<\/p>\n<div id=\"attachment_4157\" style=\"width: 1034px\" class=\"wp-caption aligncenter\"><img aria-describedby=\"caption-attachment-4157\" decoding=\"async\" loading=\"lazy\" class=\"size-large wp-image-4157\" src=\"https:\/\/i0.wp.com\/altinnov.blog\/wp-content\/uploads\/2021\/07\/LEssentiel-du-Street-Art-a\u0300-Paris-Renzo-Graffitis-LAtlas.jpg?resize=1024%2C1024&#038;ssl=1\" alt=\"L'Essentiel du Street Art a\u0300 Paris - Renzo Graffitis &amp; L'Atlas\" width=\"1024\" height=\"1024\" srcset=\"https:\/\/i0.wp.com\/altinnov.blog\/wp-content\/uploads\/2021\/07\/LEssentiel-du-Street-Art-a\u0300-Paris-Renzo-Graffitis-LAtlas-scaled.jpg?resize=1024%2C1024&amp;ssl=1 1024w, https:\/\/i0.wp.com\/altinnov.blog\/wp-content\/uploads\/2021\/07\/LEssentiel-du-Street-Art-a\u0300-Paris-Renzo-Graffitis-LAtlas-scaled.jpg?resize=300%2C300&amp;ssl=1 300w, https:\/\/i0.wp.com\/altinnov.blog\/wp-content\/uploads\/2021\/07\/LEssentiel-du-Street-Art-a\u0300-Paris-Renzo-Graffitis-LAtlas-scaled.jpg?resize=150%2C150&amp;ssl=1 150w, https:\/\/i0.wp.com\/altinnov.blog\/wp-content\/uploads\/2021\/07\/LEssentiel-du-Street-Art-a\u0300-Paris-Renzo-Graffitis-LAtlas-scaled.jpg?resize=768%2C768&amp;ssl=1 768w, https:\/\/i0.wp.com\/altinnov.blog\/wp-content\/uploads\/2021\/07\/LEssentiel-du-Street-Art-a\u0300-Paris-Renzo-Graffitis-LAtlas-scaled.jpg?resize=1536%2C1536&amp;ssl=1 1536w, https:\/\/i0.wp.com\/altinnov.blog\/wp-content\/uploads\/2021\/07\/LEssentiel-du-Street-Art-a\u0300-Paris-Renzo-Graffitis-LAtlas-scaled.jpg?resize=2048%2C2048&amp;ssl=1 2048w, https:\/\/i0.wp.com\/altinnov.blog\/wp-content\/uploads\/2021\/07\/LEssentiel-du-Street-Art-a\u0300-Paris-Renzo-Graffitis-LAtlas-scaled.jpg?w=2280&amp;ssl=1 2280w\" sizes=\"(max-width: 1024px) 100vw, 1024px\" data-recalc-dims=\"1\" \/><p id=\"caption-attachment-4157\" class=\"wp-caption-text\">L&rsquo;Essentiel_Paris &#8211; Renzo &#8211; L&rsquo;Atlas &#8211; Photo @Altinnov<\/p><\/div>\n<p>&nbsp;<\/p>\n<p>Ce qu\u2019il y a d\u2019\u00e9trange et de tr\u00e8s agr\u00e9able dans ce parcours atypique compos\u00e9 d\u2019\u0153uvres puissantes\u00a0; c\u2019est de voir \u00e0 quel point l\u2019individualisme, voire l\u2019\u00e9go, de l\u2019artiste s\u2019estompe pour \u00eatre au service du collectif et au final cr\u00e9er ce que l\u2019on pourrait appeler une \u0153uvre symbiotique.<\/p>\n<div id=\"attachment_4160\" style=\"width: 1034px\" class=\"wp-caption aligncenter\"><img aria-describedby=\"caption-attachment-4160\" decoding=\"async\" loading=\"lazy\" class=\"size-large wp-image-4160\" src=\"https:\/\/i0.wp.com\/altinnov.blog\/wp-content\/uploads\/2021\/07\/LEssentiel-Paris-Oeuvres-de-.jpg?resize=1024%2C576&#038;ssl=1\" alt=\"L'Essentiel Paris - Oeuvres de Myriam Maxo - Jean-Charles de Castelbajac - Rouge\" width=\"1024\" height=\"576\" srcset=\"https:\/\/i0.wp.com\/altinnov.blog\/wp-content\/uploads\/2021\/07\/LEssentiel-Paris-Oeuvres-de--scaled.jpg?resize=1024%2C576&amp;ssl=1 1024w, https:\/\/i0.wp.com\/altinnov.blog\/wp-content\/uploads\/2021\/07\/LEssentiel-Paris-Oeuvres-de--scaled.jpg?resize=300%2C169&amp;ssl=1 300w, https:\/\/i0.wp.com\/altinnov.blog\/wp-content\/uploads\/2021\/07\/LEssentiel-Paris-Oeuvres-de--scaled.jpg?resize=768%2C432&amp;ssl=1 768w, https:\/\/i0.wp.com\/altinnov.blog\/wp-content\/uploads\/2021\/07\/LEssentiel-Paris-Oeuvres-de--scaled.jpg?resize=1536%2C864&amp;ssl=1 1536w, https:\/\/i0.wp.com\/altinnov.blog\/wp-content\/uploads\/2021\/07\/LEssentiel-Paris-Oeuvres-de--scaled.jpg?resize=2048%2C1152&amp;ssl=1 2048w, https:\/\/i0.wp.com\/altinnov.blog\/wp-content\/uploads\/2021\/07\/LEssentiel-Paris-Oeuvres-de--scaled.jpg?resize=1140%2C641&amp;ssl=1 1140w, https:\/\/i0.wp.com\/altinnov.blog\/wp-content\/uploads\/2021\/07\/LEssentiel-Paris-Oeuvres-de--scaled.jpg?resize=720%2C405&amp;ssl=1 720w, https:\/\/i0.wp.com\/altinnov.blog\/wp-content\/uploads\/2021\/07\/LEssentiel-Paris-Oeuvres-de--scaled.jpg?w=2280&amp;ssl=1 2280w\" sizes=\"(max-width: 1024px) 100vw, 1024px\" data-recalc-dims=\"1\" \/><p id=\"caption-attachment-4160\" class=\"wp-caption-text\">L&rsquo;Essentiel Paris &#8211; Myriam Maxo &#8211; JC. de Castelbajac &#8211; Rouge<\/p><\/div>\n<p>&nbsp;<\/p>\n<h3><strong>Allez \u00e0 L\u2019Essentiel avant qu\u2019il ne soit trop tard\u00a0!<\/strong><\/h3>\n<p><strong>\u00a0<\/strong>Petit d\u00e9tail qui a son importance\u00a0; <strong>l\u2019Essentiel est \u00e9ph\u00e9m\u00e8re<\/strong>, il est gratuit et les places sont extr\u00eamement limit\u00e9es pour des raisons de s\u00e9curit\u00e9. Si ces quelques images vous ont donn\u00e9 l\u2019irr\u00e9sistible envie d\u00e9couvrir ce lieu magique qui porte le Street Art dans une autre dimension, je vous conseille de <strong><a href=\"https:\/\/lessentielparis.fr\/\" target=\"_blank\" rel=\"noopener\">r\u00e9server au plus vite sur le site de l\u2019Essentiel<\/a><\/strong>. Et si pour vous c\u2019est le d\u00e9clic et qu\u2019une incontr\u00f4lable envie vous prend de faire une pause touristique \u00e0 Paris; sachez que cet \u00e9t\u00e9 c\u2019est le bon ! Les amoureux de graffitis pourront d\u00e9couvrir <strong><a href=\"https:\/\/altinnov.blog\/index.php\/fr\/2021\/05\/16\/spot-13-spot-street-art-paris\/\">le Spot 13, lieu aussi \u00e9ph\u00e9m\u00e8re,<\/a><\/strong> ceux qui pr\u00e9f\u00e8rent les fresques monumentales, <strong><a href=\"https:\/\/altinnov.blog\/index.php\/fr\/2020\/11\/09\/musee-du-street-art-a-ciel-ouvert-boulevard-paris-13\/\">le Boulevard Paris 13<\/a><\/strong> ou encore <strong><a href=\"https:\/\/altinnov.blog\/index.php\/fr\/2021\/06\/22\/street-art-impressionnistes-chatou\/\">les nouvelles \u0153uvres de Chatou<\/a><\/strong> sauront vous contenter. Sans parler des amoureux d\u2019Art Contemporain qui pourront aller fl\u00e2ner \u00e0 l\u2019incroyable <a href=\"https:\/\/www.pinaultcollection.com\/fr\" target=\"_blank\" rel=\"noopener\"><strong>Bourse de Commerce<\/strong>\u00a0<\/a>! Et si vous \u00eates de ceux qui appr\u00e9cient l\u2019Art conceptuel, je vous recommande chaleureusement l\u2019expo d\u00e9routante d\u2019<a href=\"https:\/\/www.palaisdetokyo.com\/\" target=\"_blank\" rel=\"noopener\"><strong>Anne Imhof au Palais de Tokyo<\/strong><\/a>.<\/p>\n<p>L\u2019heure est venue pour moi de rechausser mes baskets et de partir \u00e0 la recherche, en dehors de Paris, de nouveaux lieux \u00e0 vous faire d\u00e9couvrir. Je termine cet article avec les photos que j&rsquo;ai eu le bonheur de r\u00e9aliser \u00e0 l&rsquo;Essentiel en guise d\u2019hommage aux artistes qui nous ont tant offert dans ce majestueux endroit.<\/p>\n<p>A tr\u00e8s bient\u00f4t pour de nouvelles aventures Street Art.<\/p>\n<p>S\u00e9verine<\/p>\n<div class=\"tiled-gallery type-rectangular tiled-gallery-unresized\" data-original-width=\"1140\" data-carousel-extra='null' itemscope itemtype=\"http:\/\/schema.org\/ImageGallery\" > <div class=\"gallery-row\" style=\"width: 1140px; height: 726px;\" data-original-width=\"1140\" data-original-height=\"726\" > <div class=\"gallery-group images-1\" style=\"width: 726px; height: 726px;\" data-original-width=\"726\" data-original-height=\"726\" > <div class=\"tiled-gallery-item tiled-gallery-item-large\" itemprop=\"associatedMedia\" itemscope itemtype=\"http:\/\/schema.org\/ImageObject\"> <a href=\"https:\/\/altinnov.blog\/index.php\/fr\/2021\/07\/05\/l-essentiel-paris\/1-katre\/\" border=\"0\" itemprop=\"url\"> <meta itemprop=\"width\" content=\"722\"> <meta itemprop=\"height\" content=\"722\"> <img class=\"\" data-attachment-id=\"4164\" data-orig-file=\"https:\/\/altinnov.blog\/wp-content\/uploads\/2021\/07\/1-Katre-scaled.jpg\" data-orig-size=\"2560,2560\" data-comments-opened=\"1\" data-image-meta=\"{&quot;aperture&quot;:&quot;2.2&quot;,&quot;credit&quot;:&quot;&quot;,&quot;camera&quot;:&quot;iPhone 6s Plus&quot;,&quot;caption&quot;:&quot;&quot;,&quot;created_timestamp&quot;:&quot;1625238782&quot;,&quot;copyright&quot;:&quot;&quot;,&quot;focal_length&quot;:&quot;4.15&quot;,&quot;iso&quot;:&quot;80&quot;,&quot;shutter_speed&quot;:&quot;0.058823529411765&quot;,&quot;title&quot;:&quot;&quot;,&quot;orientation&quot;:&quot;0&quot;}\" data-image-title=\"Katre \u00e0 l&amp;rsquo;Essentiel Paris haut lieu du Street Art \u00e0 Paris\" data-image-description=\"&lt;p&gt;Katre \u00e0 l&amp;rsquo;Essentiel Paris haut lieu du Street Art \u00e0 Paris&lt;\/p&gt; \" data-medium-file=\"https:\/\/i0.wp.com\/altinnov.blog\/wp-content\/uploads\/2021\/07\/1-Katre-scaled.jpg?fit=300%2C300&#038;ssl=1\" data-large-file=\"https:\/\/i0.wp.com\/altinnov.blog\/wp-content\/uploads\/2021\/07\/1-Katre-scaled.jpg?fit=1024%2C1024&#038;ssl=1\" src=\"https:\/\/i0.wp.com\/altinnov.blog\/wp-content\/uploads\/2021\/07\/1-Katre-scaled.jpg?w=722&#038;h=722&#038;crop=1&#038;ssl=1\" srcset=\"https:\/\/i0.wp.com\/altinnov.blog\/wp-content\/uploads\/2021\/07\/1-Katre-scaled.jpg?w=2560&amp;ssl=1 2560w, https:\/\/i0.wp.com\/altinnov.blog\/wp-content\/uploads\/2021\/07\/1-Katre-scaled.jpg?resize=300%2C300&amp;ssl=1 300w, https:\/\/i0.wp.com\/altinnov.blog\/wp-content\/uploads\/2021\/07\/1-Katre-scaled.jpg?resize=1024%2C1024&amp;ssl=1 1024w, https:\/\/i0.wp.com\/altinnov.blog\/wp-content\/uploads\/2021\/07\/1-Katre-scaled.jpg?resize=150%2C150&amp;ssl=1 150w, https:\/\/i0.wp.com\/altinnov.blog\/wp-content\/uploads\/2021\/07\/1-Katre-scaled.jpg?resize=768%2C768&amp;ssl=1 768w, https:\/\/i0.wp.com\/altinnov.blog\/wp-content\/uploads\/2021\/07\/1-Katre-scaled.jpg?resize=1536%2C1536&amp;ssl=1 1536w, https:\/\/i0.wp.com\/altinnov.blog\/wp-content\/uploads\/2021\/07\/1-Katre-scaled.jpg?resize=2048%2C2048&amp;ssl=1 2048w, https:\/\/i0.wp.com\/altinnov.blog\/wp-content\/uploads\/2021\/07\/1-Katre-scaled.jpg?w=2280&amp;ssl=1 2280w\" width=\"722\" height=\"722\" loading=\"lazy\" data-original-width=\"722\" data-original-height=\"722\" itemprop=\"http:\/\/schema.org\/image\" title=\"Katre \u00e0 l&#039;Essentiel Paris haut lieu du Street Art \u00e0 Paris\" alt=\"Katre \u00e0 l&#039;Essentiel Paris haut lieu du Street Art \u00e0 Paris\" style=\"width: 722px; height: 722px;\" \/> <\/a> <div class=\"tiled-gallery-caption\" itemprop=\"caption description\"> Katre <\/div> <\/div> <\/div> <!-- close group --> <div class=\"gallery-group images-2\" style=\"width: 414px; height: 726px;\" data-original-width=\"414\" data-original-height=\"726\" > <div class=\"tiled-gallery-item tiled-gallery-item-large\" itemprop=\"associatedMedia\" itemscope itemtype=\"http:\/\/schema.org\/ImageObject\"> <a href=\"https:\/\/altinnov.blog\/index.php\/fr\/2021\/07\/05\/l-essentiel-paris\/2-sebastien-preschoux\/\" border=\"0\" itemprop=\"url\"> <meta itemprop=\"width\" content=\"410\"> <meta itemprop=\"height\" content=\"308\"> <img class=\"\" data-attachment-id=\"4165\" data-orig-file=\"https:\/\/altinnov.blog\/wp-content\/uploads\/2021\/07\/2-Se\u0301bastien-Preschoux-scaled.jpg\" data-orig-size=\"2560,1920\" data-comments-opened=\"1\" data-image-meta=\"{&quot;aperture&quot;:&quot;1.8&quot;,&quot;credit&quot;:&quot;&quot;,&quot;camera&quot;:&quot;iPhone XR&quot;,&quot;caption&quot;:&quot;&quot;,&quot;created_timestamp&quot;:&quot;1625238791&quot;,&quot;copyright&quot;:&quot;&quot;,&quot;focal_length&quot;:&quot;4.25&quot;,&quot;iso&quot;:&quot;250&quot;,&quot;shutter_speed&quot;:&quot;0.03030303030303&quot;,&quot;title&quot;:&quot;&quot;,&quot;orientation&quot;:&quot;0&quot;}\" data-image-title=\"S\u00e9bastien Preschoux \u00e0 l&amp;rsquo;Essentiel Paris haut lieu du Street Art \u00e0 Paris\" data-image-description=\"&lt;p&gt;S\u00e9bastien Preschoux \u00e0 l&amp;rsquo;Essentiel Paris haut lieu du Street Art \u00e0 Paris&lt;\/p&gt; \" data-medium-file=\"https:\/\/i0.wp.com\/altinnov.blog\/wp-content\/uploads\/2021\/07\/2-Se\u0301bastien-Preschoux-scaled.jpg?fit=300%2C225&#038;ssl=1\" data-large-file=\"https:\/\/i0.wp.com\/altinnov.blog\/wp-content\/uploads\/2021\/07\/2-Se\u0301bastien-Preschoux-scaled.jpg?fit=1024%2C768&#038;ssl=1\" src=\"https:\/\/i0.wp.com\/altinnov.blog\/wp-content\/uploads\/2021\/07\/2-Se\u0301bastien-Preschoux-scaled.jpg?w=410&#038;h=308&#038;ssl=1\" srcset=\"https:\/\/i0.wp.com\/altinnov.blog\/wp-content\/uploads\/2021\/07\/2-Se\u0301bastien-Preschoux-scaled.jpg?w=2560&amp;ssl=1 2560w, https:\/\/i0.wp.com\/altinnov.blog\/wp-content\/uploads\/2021\/07\/2-Se\u0301bastien-Preschoux-scaled.jpg?resize=300%2C225&amp;ssl=1 300w, https:\/\/i0.wp.com\/altinnov.blog\/wp-content\/uploads\/2021\/07\/2-Se\u0301bastien-Preschoux-scaled.jpg?resize=1024%2C768&amp;ssl=1 1024w, https:\/\/i0.wp.com\/altinnov.blog\/wp-content\/uploads\/2021\/07\/2-Se\u0301bastien-Preschoux-scaled.jpg?resize=768%2C576&amp;ssl=1 768w, https:\/\/i0.wp.com\/altinnov.blog\/wp-content\/uploads\/2021\/07\/2-Se\u0301bastien-Preschoux-scaled.jpg?resize=1536%2C1152&amp;ssl=1 1536w, https:\/\/i0.wp.com\/altinnov.blog\/wp-content\/uploads\/2021\/07\/2-Se\u0301bastien-Preschoux-scaled.jpg?resize=2048%2C1536&amp;ssl=1 2048w, https:\/\/i0.wp.com\/altinnov.blog\/wp-content\/uploads\/2021\/07\/2-Se\u0301bastien-Preschoux-scaled.jpg?resize=160%2C120&amp;ssl=1 160w, https:\/\/i0.wp.com\/altinnov.blog\/wp-content\/uploads\/2021\/07\/2-Se\u0301bastien-Preschoux-scaled.jpg?w=2280&amp;ssl=1 2280w\" width=\"410\" height=\"308\" loading=\"lazy\" data-original-width=\"410\" data-original-height=\"308\" itemprop=\"http:\/\/schema.org\/image\" title=\"S\u00e9bastien Preschoux \u00e0 l&#039;Essentiel Paris haut lieu du Street Art \u00e0 Paris\" alt=\"S\u00e9bastien Preschoux \u00e0 l&#039;Essentiel Paris haut lieu du Street Art \u00e0 Paris\" style=\"width: 410px; height: 308px;\" \/> <\/a> <div class=\"tiled-gallery-caption\" itemprop=\"caption description\"> S\u00e9bastien Preschoux <\/div> <\/div> <div class=\"tiled-gallery-item tiled-gallery-item-large\" itemprop=\"associatedMedia\" itemscope itemtype=\"http:\/\/schema.org\/ImageObject\"> <a href=\"https:\/\/altinnov.blog\/index.php\/fr\/2021\/07\/05\/l-essentiel-paris\/2-andre\/\" border=\"0\" itemprop=\"url\"> <meta itemprop=\"width\" content=\"410\"> <meta itemprop=\"height\" content=\"410\"> <img class=\"\" data-attachment-id=\"4166\" data-orig-file=\"https:\/\/altinnov.blog\/wp-content\/uploads\/2021\/07\/2-Andre\u0301.jpg\" data-orig-size=\"2449,2449\" data-comments-opened=\"1\" data-image-meta=\"{&quot;aperture&quot;:&quot;2.2&quot;,&quot;credit&quot;:&quot;&quot;,&quot;camera&quot;:&quot;iPhone 6s Plus&quot;,&quot;caption&quot;:&quot;&quot;,&quot;created_timestamp&quot;:&quot;1625238801&quot;,&quot;copyright&quot;:&quot;&quot;,&quot;focal_length&quot;:&quot;4.15&quot;,&quot;iso&quot;:&quot;40&quot;,&quot;shutter_speed&quot;:&quot;0.058823529411765&quot;,&quot;title&quot;:&quot;&quot;,&quot;orientation&quot;:&quot;0&quot;}\" data-image-title=\"Andr\u00e9 \u00e0 l&amp;rsquo;Essentiel Paris haut lieu du Street Art \u00e0 Paris\" data-image-description=\"&lt;p&gt;Andr\u00e9 \u00e0 l&amp;rsquo;Essentiel Paris haut lieu du Street Art \u00e0 Paris&lt;\/p&gt; \" data-medium-file=\"https:\/\/i0.wp.com\/altinnov.blog\/wp-content\/uploads\/2021\/07\/2-Andre\u0301.jpg?fit=300%2C300&#038;ssl=1\" data-large-file=\"https:\/\/i0.wp.com\/altinnov.blog\/wp-content\/uploads\/2021\/07\/2-Andre\u0301.jpg?fit=1024%2C1024&#038;ssl=1\" src=\"https:\/\/i0.wp.com\/altinnov.blog\/wp-content\/uploads\/2021\/07\/2-Andre\u0301.jpg?w=410&#038;h=410&#038;crop=1&#038;ssl=1\" srcset=\"https:\/\/i0.wp.com\/altinnov.blog\/wp-content\/uploads\/2021\/07\/2-Andre\u0301.jpg?w=2449&amp;ssl=1 2449w, https:\/\/i0.wp.com\/altinnov.blog\/wp-content\/uploads\/2021\/07\/2-Andre\u0301.jpg?resize=300%2C300&amp;ssl=1 300w, https:\/\/i0.wp.com\/altinnov.blog\/wp-content\/uploads\/2021\/07\/2-Andre\u0301.jpg?resize=1024%2C1024&amp;ssl=1 1024w, https:\/\/i0.wp.com\/altinnov.blog\/wp-content\/uploads\/2021\/07\/2-Andre\u0301.jpg?resize=150%2C150&amp;ssl=1 150w, https:\/\/i0.wp.com\/altinnov.blog\/wp-content\/uploads\/2021\/07\/2-Andre\u0301.jpg?resize=768%2C768&amp;ssl=1 768w, https:\/\/i0.wp.com\/altinnov.blog\/wp-content\/uploads\/2021\/07\/2-Andre\u0301.jpg?resize=1536%2C1536&amp;ssl=1 1536w, https:\/\/i0.wp.com\/altinnov.blog\/wp-content\/uploads\/2021\/07\/2-Andre\u0301.jpg?resize=2048%2C2048&amp;ssl=1 2048w, https:\/\/i0.wp.com\/altinnov.blog\/wp-content\/uploads\/2021\/07\/2-Andre\u0301.jpg?w=2280&amp;ssl=1 2280w\" width=\"410\" height=\"410\" loading=\"lazy\" data-original-width=\"410\" data-original-height=\"410\" itemprop=\"http:\/\/schema.org\/image\" title=\"Andr\u00e9 \u00e0 l&#039;Essentiel Paris haut lieu du Street Art \u00e0 Paris\" alt=\"Andr\u00e9 \u00e0 l&#039;Essentiel Paris haut lieu du Street Art \u00e0 Paris\" style=\"width: 410px; height: 410px;\" \/> <\/a> <div class=\"tiled-gallery-caption\" itemprop=\"caption description\"> Andr\u00e9 <\/div> <\/div> <\/div> <!-- close group --> <\/div> <!-- close row --> <div class=\"gallery-row\" style=\"width: 1140px; height: 342px;\" data-original-width=\"1140\" data-original-height=\"342\" > <div class=\"gallery-group images-1\" style=\"width: 343px; height: 342px;\" data-original-width=\"343\" data-original-height=\"342\" > <div class=\"tiled-gallery-item tiled-gallery-item-large\" itemprop=\"associatedMedia\" itemscope itemtype=\"http:\/\/schema.org\/ImageObject\"> <a href=\"https:\/\/altinnov.blog\/index.php\/fr\/2021\/07\/05\/l-essentiel-paris\/4-dize-psyckozenolimit\/\" border=\"0\" itemprop=\"url\"> <meta itemprop=\"width\" content=\"339\"> <meta itemprop=\"height\" content=\"338\"> <img class=\"\" data-attachment-id=\"4167\" data-orig-file=\"https:\/\/altinnov.blog\/wp-content\/uploads\/2021\/07\/4-Dize-Psyckozenolimit-scaled.jpg\" data-orig-size=\"2560,2560\" data-comments-opened=\"1\" data-image-meta=\"{&quot;aperture&quot;:&quot;2.2&quot;,&quot;credit&quot;:&quot;&quot;,&quot;camera&quot;:&quot;iPhone 6s Plus&quot;,&quot;caption&quot;:&quot;&quot;,&quot;created_timestamp&quot;:&quot;1625238881&quot;,&quot;copyright&quot;:&quot;&quot;,&quot;focal_length&quot;:&quot;4.15&quot;,&quot;iso&quot;:&quot;100&quot;,&quot;shutter_speed&quot;:&quot;0.058823529411765&quot;,&quot;title&quot;:&quot;&quot;,&quot;orientation&quot;:&quot;1&quot;}\" data-image-title=\"DIZE &#038; PsyckozeNoLimit \u00e0 l&amp;rsquo;Essentiel Paris haut lieu du Street Art \u00e0 Paris\" data-image-description=\"&lt;p&gt;DIZE &#038; PsyckozeNoLimit \u00e0 l&amp;rsquo;Essentiel Paris haut lieu du Street Art \u00e0 Paris&lt;\/p&gt; \" data-medium-file=\"https:\/\/i0.wp.com\/altinnov.blog\/wp-content\/uploads\/2021\/07\/4-Dize-Psyckozenolimit-scaled.jpg?fit=300%2C300&#038;ssl=1\" data-large-file=\"https:\/\/i0.wp.com\/altinnov.blog\/wp-content\/uploads\/2021\/07\/4-Dize-Psyckozenolimit-scaled.jpg?fit=1024%2C1024&#038;ssl=1\" src=\"https:\/\/i0.wp.com\/altinnov.blog\/wp-content\/uploads\/2021\/07\/4-Dize-Psyckozenolimit-scaled.jpg?w=339&#038;h=338&#038;ssl=1\" srcset=\"https:\/\/i0.wp.com\/altinnov.blog\/wp-content\/uploads\/2021\/07\/4-Dize-Psyckozenolimit-scaled.jpg?w=2560&amp;ssl=1 2560w, https:\/\/i0.wp.com\/altinnov.blog\/wp-content\/uploads\/2021\/07\/4-Dize-Psyckozenolimit-scaled.jpg?resize=300%2C300&amp;ssl=1 300w, https:\/\/i0.wp.com\/altinnov.blog\/wp-content\/uploads\/2021\/07\/4-Dize-Psyckozenolimit-scaled.jpg?resize=1024%2C1024&amp;ssl=1 1024w, https:\/\/i0.wp.com\/altinnov.blog\/wp-content\/uploads\/2021\/07\/4-Dize-Psyckozenolimit-scaled.jpg?resize=150%2C150&amp;ssl=1 150w, https:\/\/i0.wp.com\/altinnov.blog\/wp-content\/uploads\/2021\/07\/4-Dize-Psyckozenolimit-scaled.jpg?resize=768%2C768&amp;ssl=1 768w, https:\/\/i0.wp.com\/altinnov.blog\/wp-content\/uploads\/2021\/07\/4-Dize-Psyckozenolimit-scaled.jpg?resize=1536%2C1536&amp;ssl=1 1536w, https:\/\/i0.wp.com\/altinnov.blog\/wp-content\/uploads\/2021\/07\/4-Dize-Psyckozenolimit-scaled.jpg?resize=2048%2C2048&amp;ssl=1 2048w, https:\/\/i0.wp.com\/altinnov.blog\/wp-content\/uploads\/2021\/07\/4-Dize-Psyckozenolimit-scaled.jpg?w=2280&amp;ssl=1 2280w\" width=\"339\" height=\"338\" loading=\"lazy\" data-original-width=\"339\" data-original-height=\"338\" itemprop=\"http:\/\/schema.org\/image\" title=\"DIZE &amp; PsyckozeNoLimit \u00e0 l&#039;Essentiel Paris haut lieu du Street Art \u00e0 Paris\" alt=\"DIZE &amp; PsyckozeNoLimit \u00e0 l&#039;Essentiel Paris haut lieu du Street Art \u00e0 Paris\" style=\"width: 339px; height: 338px;\" \/> <\/a> <div class=\"tiled-gallery-caption\" itemprop=\"caption description\"> DIZE &#038; PsyckozeNoLimit <\/div> <\/div> <\/div> <!-- close group --> <div class=\"gallery-group images-1\" style=\"width: 455px; height: 342px;\" data-original-width=\"455\" data-original-height=\"342\" > <div class=\"tiled-gallery-item tiled-gallery-item-large\" itemprop=\"associatedMedia\" itemscope itemtype=\"http:\/\/schema.org\/ImageObject\"> <a href=\"https:\/\/altinnov.blog\/index.php\/fr\/2021\/07\/05\/l-essentiel-paris\/5-psyckozenolimit\/\" border=\"0\" itemprop=\"url\"> <meta itemprop=\"width\" content=\"451\"> <meta itemprop=\"height\" content=\"338\"> <img class=\"\" data-attachment-id=\"4168\" data-orig-file=\"https:\/\/altinnov.blog\/wp-content\/uploads\/2021\/07\/5-Psyckozenolimit-scaled.jpg\" data-orig-size=\"2560,1920\" data-comments-opened=\"1\" data-image-meta=\"{&quot;aperture&quot;:&quot;2.2&quot;,&quot;credit&quot;:&quot;&quot;,&quot;camera&quot;:&quot;iPhone 6s Plus&quot;,&quot;caption&quot;:&quot;&quot;,&quot;created_timestamp&quot;:&quot;1625238923&quot;,&quot;copyright&quot;:&quot;&quot;,&quot;focal_length&quot;:&quot;4.15&quot;,&quot;iso&quot;:&quot;80&quot;,&quot;shutter_speed&quot;:&quot;0.1&quot;,&quot;title&quot;:&quot;&quot;,&quot;orientation&quot;:&quot;0&quot;}\" data-image-title=\"PsyckozeNoLimit \u00e0 l&amp;rsquo;Essentiel Paris haut lieu du Street Art \u00e0 Paris\" data-image-description=\"&lt;p&gt;PsyckozeNoLimit \u00e0 l&amp;rsquo;Essentiel Paris haut lieu du Street Art \u00e0 Paris&lt;\/p&gt; \" data-medium-file=\"https:\/\/i0.wp.com\/altinnov.blog\/wp-content\/uploads\/2021\/07\/5-Psyckozenolimit-scaled.jpg?fit=300%2C225&#038;ssl=1\" data-large-file=\"https:\/\/i0.wp.com\/altinnov.blog\/wp-content\/uploads\/2021\/07\/5-Psyckozenolimit-scaled.jpg?fit=1024%2C768&#038;ssl=1\" src=\"https:\/\/i0.wp.com\/altinnov.blog\/wp-content\/uploads\/2021\/07\/5-Psyckozenolimit-scaled.jpg?w=451&#038;h=338&#038;ssl=1\" srcset=\"https:\/\/i0.wp.com\/altinnov.blog\/wp-content\/uploads\/2021\/07\/5-Psyckozenolimit-scaled.jpg?w=2560&amp;ssl=1 2560w, https:\/\/i0.wp.com\/altinnov.blog\/wp-content\/uploads\/2021\/07\/5-Psyckozenolimit-scaled.jpg?resize=300%2C225&amp;ssl=1 300w, https:\/\/i0.wp.com\/altinnov.blog\/wp-content\/uploads\/2021\/07\/5-Psyckozenolimit-scaled.jpg?resize=1024%2C768&amp;ssl=1 1024w, https:\/\/i0.wp.com\/altinnov.blog\/wp-content\/uploads\/2021\/07\/5-Psyckozenolimit-scaled.jpg?resize=768%2C576&amp;ssl=1 768w, https:\/\/i0.wp.com\/altinnov.blog\/wp-content\/uploads\/2021\/07\/5-Psyckozenolimit-scaled.jpg?resize=1536%2C1152&amp;ssl=1 1536w, https:\/\/i0.wp.com\/altinnov.blog\/wp-content\/uploads\/2021\/07\/5-Psyckozenolimit-scaled.jpg?resize=2048%2C1536&amp;ssl=1 2048w, https:\/\/i0.wp.com\/altinnov.blog\/wp-content\/uploads\/2021\/07\/5-Psyckozenolimit-scaled.jpg?resize=160%2C120&amp;ssl=1 160w, https:\/\/i0.wp.com\/altinnov.blog\/wp-content\/uploads\/2021\/07\/5-Psyckozenolimit-scaled.jpg?w=2280&amp;ssl=1 2280w\" width=\"451\" height=\"338\" loading=\"lazy\" data-original-width=\"451\" data-original-height=\"338\" itemprop=\"http:\/\/schema.org\/image\" title=\"PsyckozeNoLimit \u00e0 l&#039;Essentiel Paris haut lieu du Street Art \u00e0 Paris\" alt=\"PsyckozeNoLimit \u00e0 l&#039;Essentiel Paris haut lieu du Street Art \u00e0 Paris\" style=\"width: 451px; height: 338px;\" \/> <\/a> <div class=\"tiled-gallery-caption\" itemprop=\"caption description\"> PsyckozeNoLimit <\/div> <\/div> <\/div> <!-- close group --> <div class=\"gallery-group images-1\" style=\"width: 342px; height: 342px;\" data-original-width=\"342\" data-original-height=\"342\" > <div class=\"tiled-gallery-item tiled-gallery-item-large\" itemprop=\"associatedMedia\" itemscope itemtype=\"http:\/\/schema.org\/ImageObject\"> <a href=\"https:\/\/altinnov.blog\/index.php\/fr\/2021\/07\/05\/l-essentiel-paris\/6-andre-psyckozenolimit\/\" border=\"0\" itemprop=\"url\"> <meta itemprop=\"width\" content=\"338\"> <meta itemprop=\"height\" content=\"338\"> <img class=\"\" data-attachment-id=\"4169\" data-orig-file=\"https:\/\/altinnov.blog\/wp-content\/uploads\/2021\/07\/6-Andre\u0301-Psyckozenolimit-scaled.jpg\" data-orig-size=\"2560,2560\" data-comments-opened=\"1\" data-image-meta=\"{&quot;aperture&quot;:&quot;2.2&quot;,&quot;credit&quot;:&quot;&quot;,&quot;camera&quot;:&quot;iPhone 6s Plus&quot;,&quot;caption&quot;:&quot;&quot;,&quot;created_timestamp&quot;:&quot;1625239340&quot;,&quot;copyright&quot;:&quot;&quot;,&quot;focal_length&quot;:&quot;4.15&quot;,&quot;iso&quot;:&quot;80&quot;,&quot;shutter_speed&quot;:&quot;0.058823529411765&quot;,&quot;title&quot;:&quot;&quot;,&quot;orientation&quot;:&quot;0&quot;}\" data-image-title=\"Andre\u0301 &#038; Psyckozenolimit\" data-image-description=\"\" data-medium-file=\"https:\/\/i0.wp.com\/altinnov.blog\/wp-content\/uploads\/2021\/07\/6-Andre\u0301-Psyckozenolimit-scaled.jpg?fit=300%2C300&#038;ssl=1\" data-large-file=\"https:\/\/i0.wp.com\/altinnov.blog\/wp-content\/uploads\/2021\/07\/6-Andre\u0301-Psyckozenolimit-scaled.jpg?fit=1024%2C1024&#038;ssl=1\" src=\"https:\/\/i0.wp.com\/altinnov.blog\/wp-content\/uploads\/2021\/07\/6-Andre\u0301-Psyckozenolimit-scaled.jpg?w=338&#038;h=338&#038;crop=1&#038;ssl=1\" srcset=\"https:\/\/i0.wp.com\/altinnov.blog\/wp-content\/uploads\/2021\/07\/6-Andre\u0301-Psyckozenolimit-scaled.jpg?w=2560&amp;ssl=1 2560w, https:\/\/i0.wp.com\/altinnov.blog\/wp-content\/uploads\/2021\/07\/6-Andre\u0301-Psyckozenolimit-scaled.jpg?resize=300%2C300&amp;ssl=1 300w, https:\/\/i0.wp.com\/altinnov.blog\/wp-content\/uploads\/2021\/07\/6-Andre\u0301-Psyckozenolimit-scaled.jpg?resize=1024%2C1024&amp;ssl=1 1024w, https:\/\/i0.wp.com\/altinnov.blog\/wp-content\/uploads\/2021\/07\/6-Andre\u0301-Psyckozenolimit-scaled.jpg?resize=150%2C150&amp;ssl=1 150w, https:\/\/i0.wp.com\/altinnov.blog\/wp-content\/uploads\/2021\/07\/6-Andre\u0301-Psyckozenolimit-scaled.jpg?resize=768%2C768&amp;ssl=1 768w, https:\/\/i0.wp.com\/altinnov.blog\/wp-content\/uploads\/2021\/07\/6-Andre\u0301-Psyckozenolimit-scaled.jpg?resize=1536%2C1536&amp;ssl=1 1536w, https:\/\/i0.wp.com\/altinnov.blog\/wp-content\/uploads\/2021\/07\/6-Andre\u0301-Psyckozenolimit-scaled.jpg?resize=2048%2C2048&amp;ssl=1 2048w, https:\/\/i0.wp.com\/altinnov.blog\/wp-content\/uploads\/2021\/07\/6-Andre\u0301-Psyckozenolimit-scaled.jpg?w=2280&amp;ssl=1 2280w\" width=\"338\" height=\"338\" loading=\"lazy\" data-original-width=\"338\" data-original-height=\"338\" itemprop=\"http:\/\/schema.org\/image\" title=\"Andre\u0301 &amp; Psyckozenolimit\" alt=\"Andr\u00e9 &amp; PsyckozeNoLimit \u00e0 l&#039;Essentiel Paris haut lieu du Street Art \u00e0 Paris\" style=\"width: 338px; height: 338px;\" \/> <\/a> <div class=\"tiled-gallery-caption\" itemprop=\"caption description\"> Andr\u00e9 &#038; PsyckozeNoLimit \u00e0 l&rsquo;Essentiel Paris haut lieu du Street Art \u00e0 Paris <\/div> <\/div> <\/div> <!-- close group --> <\/div> <!-- close row --> <div class=\"gallery-row\" style=\"width: 1140px; height: 600px;\" data-original-width=\"1140\" data-original-height=\"600\" > <div class=\"gallery-group images-2\" style=\"width: 342px; height: 600px;\" data-original-width=\"342\" data-original-height=\"600\" > <div class=\"tiled-gallery-item tiled-gallery-item-large\" itemprop=\"associatedMedia\" itemscope itemtype=\"http:\/\/schema.org\/ImageObject\"> <a href=\"https:\/\/altinnov.blog\/index.php\/fr\/2021\/07\/05\/l-essentiel-paris\/7-stephane-parain\/\" border=\"0\" itemprop=\"url\"> <meta itemprop=\"width\" content=\"338\"> <meta itemprop=\"height\" content=\"338\"> <img class=\"\" data-attachment-id=\"4170\" data-orig-file=\"https:\/\/altinnov.blog\/wp-content\/uploads\/2021\/07\/7-Ste\u0301phane-Parain-scaled.jpg\" data-orig-size=\"2560,2560\" data-comments-opened=\"1\" data-image-meta=\"{&quot;aperture&quot;:&quot;2.2&quot;,&quot;credit&quot;:&quot;&quot;,&quot;camera&quot;:&quot;iPhone 6s Plus&quot;,&quot;caption&quot;:&quot;&quot;,&quot;created_timestamp&quot;:&quot;1625240039&quot;,&quot;copyright&quot;:&quot;&quot;,&quot;focal_length&quot;:&quot;4.15&quot;,&quot;iso&quot;:&quot;100&quot;,&quot;shutter_speed&quot;:&quot;0.125&quot;,&quot;title&quot;:&quot;&quot;,&quot;orientation&quot;:&quot;1&quot;}\" data-image-title=\"St\u00e9phane Parain \u00e0 l&amp;rsquo;Essentiel Paris haut lieu du Street Art \u00e0 Paris\" data-image-description=\"&lt;p&gt;St\u00e9phane Parain \u00e0 l&amp;rsquo;Essentiel Paris haut lieu du Street Art \u00e0 Paris&lt;\/p&gt; \" data-medium-file=\"https:\/\/i0.wp.com\/altinnov.blog\/wp-content\/uploads\/2021\/07\/7-Ste\u0301phane-Parain-scaled.jpg?fit=300%2C300&#038;ssl=1\" data-large-file=\"https:\/\/i0.wp.com\/altinnov.blog\/wp-content\/uploads\/2021\/07\/7-Ste\u0301phane-Parain-scaled.jpg?fit=1024%2C1024&#038;ssl=1\" src=\"https:\/\/i0.wp.com\/altinnov.blog\/wp-content\/uploads\/2021\/07\/7-Ste\u0301phane-Parain-scaled.jpg?w=338&#038;h=338&#038;crop=1&#038;ssl=1\" srcset=\"https:\/\/i0.wp.com\/altinnov.blog\/wp-content\/uploads\/2021\/07\/7-Ste\u0301phane-Parain-scaled.jpg?w=2560&amp;ssl=1 2560w, https:\/\/i0.wp.com\/altinnov.blog\/wp-content\/uploads\/2021\/07\/7-Ste\u0301phane-Parain-scaled.jpg?resize=300%2C300&amp;ssl=1 300w, https:\/\/i0.wp.com\/altinnov.blog\/wp-content\/uploads\/2021\/07\/7-Ste\u0301phane-Parain-scaled.jpg?resize=1024%2C1024&amp;ssl=1 1024w, https:\/\/i0.wp.com\/altinnov.blog\/wp-content\/uploads\/2021\/07\/7-Ste\u0301phane-Parain-scaled.jpg?resize=150%2C150&amp;ssl=1 150w, https:\/\/i0.wp.com\/altinnov.blog\/wp-content\/uploads\/2021\/07\/7-Ste\u0301phane-Parain-scaled.jpg?resize=768%2C768&amp;ssl=1 768w, https:\/\/i0.wp.com\/altinnov.blog\/wp-content\/uploads\/2021\/07\/7-Ste\u0301phane-Parain-scaled.jpg?resize=1536%2C1536&amp;ssl=1 1536w, https:\/\/i0.wp.com\/altinnov.blog\/wp-content\/uploads\/2021\/07\/7-Ste\u0301phane-Parain-scaled.jpg?resize=2048%2C2048&amp;ssl=1 2048w, https:\/\/i0.wp.com\/altinnov.blog\/wp-content\/uploads\/2021\/07\/7-Ste\u0301phane-Parain-scaled.jpg?w=2280&amp;ssl=1 2280w\" width=\"338\" height=\"338\" loading=\"lazy\" data-original-width=\"338\" data-original-height=\"338\" itemprop=\"http:\/\/schema.org\/image\" title=\"St\u00e9phane Parain \u00e0 l&#039;Essentiel Paris haut lieu du Street Art \u00e0 Paris\" alt=\"St\u00e9phane Parain \u00e0 l&#039;Essentiel Paris haut lieu du Street Art \u00e0 Paris\" style=\"width: 338px; height: 338px;\" \/> <\/a> <div class=\"tiled-gallery-caption\" itemprop=\"caption description\"> St\u00e9phane Parain <\/div> <\/div> <div class=\"tiled-gallery-item tiled-gallery-item-large\" itemprop=\"associatedMedia\" itemscope itemtype=\"http:\/\/schema.org\/ImageObject\"> <a href=\"https:\/\/altinnov.blog\/index.php\/fr\/2021\/07\/05\/l-essentiel-paris\/8-myriam-maxo-jc-de-castelbajac\/\" border=\"0\" itemprop=\"url\"> <meta itemprop=\"width\" content=\"338\"> <meta itemprop=\"height\" content=\"254\"> <img class=\"\" data-attachment-id=\"4171\" data-orig-file=\"https:\/\/altinnov.blog\/wp-content\/uploads\/2021\/07\/8-Myriam-Maxo-JC.-de-CAstelbajac-scaled.jpg\" data-orig-size=\"2560,1920\" data-comments-opened=\"1\" data-image-meta=\"{&quot;aperture&quot;:&quot;2.2&quot;,&quot;credit&quot;:&quot;&quot;,&quot;camera&quot;:&quot;iPhone 6s Plus&quot;,&quot;caption&quot;:&quot;&quot;,&quot;created_timestamp&quot;:&quot;1625240177&quot;,&quot;copyright&quot;:&quot;&quot;,&quot;focal_length&quot;:&quot;4.15&quot;,&quot;iso&quot;:&quot;40&quot;,&quot;shutter_speed&quot;:&quot;0.058823529411765&quot;,&quot;title&quot;:&quot;&quot;,&quot;orientation&quot;:&quot;0&quot;}\" data-image-title=\"Myriam Maxo &#8211; JC. de Castelbajac\" data-image-description=\"&lt;p&gt;Myriam Maxo &#8211; JC. de Castelbajac&lt;\/p&gt; \" data-medium-file=\"https:\/\/i0.wp.com\/altinnov.blog\/wp-content\/uploads\/2021\/07\/8-Myriam-Maxo-JC.-de-CAstelbajac-scaled.jpg?fit=300%2C225&#038;ssl=1\" data-large-file=\"https:\/\/i0.wp.com\/altinnov.blog\/wp-content\/uploads\/2021\/07\/8-Myriam-Maxo-JC.-de-CAstelbajac-scaled.jpg?fit=1024%2C768&#038;ssl=1\" src=\"https:\/\/i0.wp.com\/altinnov.blog\/wp-content\/uploads\/2021\/07\/8-Myriam-Maxo-JC.-de-CAstelbajac-scaled.jpg?w=338&#038;h=254&#038;ssl=1\" srcset=\"https:\/\/i0.wp.com\/altinnov.blog\/wp-content\/uploads\/2021\/07\/8-Myriam-Maxo-JC.-de-CAstelbajac-scaled.jpg?w=2560&amp;ssl=1 2560w, https:\/\/i0.wp.com\/altinnov.blog\/wp-content\/uploads\/2021\/07\/8-Myriam-Maxo-JC.-de-CAstelbajac-scaled.jpg?resize=300%2C225&amp;ssl=1 300w, https:\/\/i0.wp.com\/altinnov.blog\/wp-content\/uploads\/2021\/07\/8-Myriam-Maxo-JC.-de-CAstelbajac-scaled.jpg?resize=1024%2C768&amp;ssl=1 1024w, https:\/\/i0.wp.com\/altinnov.blog\/wp-content\/uploads\/2021\/07\/8-Myriam-Maxo-JC.-de-CAstelbajac-scaled.jpg?resize=768%2C576&amp;ssl=1 768w, https:\/\/i0.wp.com\/altinnov.blog\/wp-content\/uploads\/2021\/07\/8-Myriam-Maxo-JC.-de-CAstelbajac-scaled.jpg?resize=1536%2C1152&amp;ssl=1 1536w, https:\/\/i0.wp.com\/altinnov.blog\/wp-content\/uploads\/2021\/07\/8-Myriam-Maxo-JC.-de-CAstelbajac-scaled.jpg?resize=2048%2C1536&amp;ssl=1 2048w, https:\/\/i0.wp.com\/altinnov.blog\/wp-content\/uploads\/2021\/07\/8-Myriam-Maxo-JC.-de-CAstelbajac-scaled.jpg?resize=160%2C120&amp;ssl=1 160w, https:\/\/i0.wp.com\/altinnov.blog\/wp-content\/uploads\/2021\/07\/8-Myriam-Maxo-JC.-de-CAstelbajac-scaled.jpg?w=2280&amp;ssl=1 2280w\" width=\"338\" height=\"254\" loading=\"lazy\" data-original-width=\"338\" data-original-height=\"254\" itemprop=\"http:\/\/schema.org\/image\" title=\"Myriam Maxo - JC. de Castelbajac\" alt=\"Myriam Maxo - JC. de Castelbajac \u00e0 l&#039;Essentiel Paris haut lieu du Street Art \u00e0 Paris\" style=\"width: 338px; height: 254px;\" \/> <\/a> <div class=\"tiled-gallery-caption\" itemprop=\"caption description\"> Myriam Maxo &#038; JC. de Castelbajac <\/div> <\/div> <\/div> <!-- close group --> <div class=\"gallery-group images-1\" style=\"width: 798px; height: 600px;\" data-original-width=\"798\" data-original-height=\"600\" > <div class=\"tiled-gallery-item tiled-gallery-item-large\" itemprop=\"associatedMedia\" itemscope itemtype=\"http:\/\/schema.org\/ImageObject\"> <a href=\"https:\/\/altinnov.blog\/index.php\/fr\/2021\/07\/05\/l-essentiel-paris\/9-momies\/\" border=\"0\" itemprop=\"url\"> <meta itemprop=\"width\" content=\"794\"> <meta itemprop=\"height\" content=\"596\"> <img class=\"\" data-attachment-id=\"4172\" data-orig-file=\"https:\/\/altinnov.blog\/wp-content\/uploads\/2021\/07\/9-Momies-scaled.jpg\" data-orig-size=\"2560,1920\" data-comments-opened=\"1\" data-image-meta=\"{&quot;aperture&quot;:&quot;2.2&quot;,&quot;credit&quot;:&quot;&quot;,&quot;camera&quot;:&quot;iPhone 6s Plus&quot;,&quot;caption&quot;:&quot;&quot;,&quot;created_timestamp&quot;:&quot;1625240310&quot;,&quot;copyright&quot;:&quot;&quot;,&quot;focal_length&quot;:&quot;4.15&quot;,&quot;iso&quot;:&quot;50&quot;,&quot;shutter_speed&quot;:&quot;0.058823529411765&quot;,&quot;title&quot;:&quot;&quot;,&quot;orientation&quot;:&quot;0&quot;}\" data-image-title=\"Momies \u00e0 l&amp;rsquo;Essentiel Paris haut lieu du Street Art \u00e0 Paris\" data-image-description=\"&lt;p&gt;Momies \u00e0 l&amp;rsquo;Essentiel Paris haut lieu du Street Art \u00e0 Paris&lt;\/p&gt; \" data-medium-file=\"https:\/\/i0.wp.com\/altinnov.blog\/wp-content\/uploads\/2021\/07\/9-Momies-scaled.jpg?fit=300%2C225&#038;ssl=1\" data-large-file=\"https:\/\/i0.wp.com\/altinnov.blog\/wp-content\/uploads\/2021\/07\/9-Momies-scaled.jpg?fit=1024%2C768&#038;ssl=1\" src=\"https:\/\/i0.wp.com\/altinnov.blog\/wp-content\/uploads\/2021\/07\/9-Momies-scaled.jpg?w=794&#038;h=596&#038;ssl=1\" srcset=\"https:\/\/i0.wp.com\/altinnov.blog\/wp-content\/uploads\/2021\/07\/9-Momies-scaled.jpg?w=2560&amp;ssl=1 2560w, https:\/\/i0.wp.com\/altinnov.blog\/wp-content\/uploads\/2021\/07\/9-Momies-scaled.jpg?resize=300%2C225&amp;ssl=1 300w, https:\/\/i0.wp.com\/altinnov.blog\/wp-content\/uploads\/2021\/07\/9-Momies-scaled.jpg?resize=1024%2C768&amp;ssl=1 1024w, https:\/\/i0.wp.com\/altinnov.blog\/wp-content\/uploads\/2021\/07\/9-Momies-scaled.jpg?resize=768%2C576&amp;ssl=1 768w, https:\/\/i0.wp.com\/altinnov.blog\/wp-content\/uploads\/2021\/07\/9-Momies-scaled.jpg?resize=1536%2C1152&amp;ssl=1 1536w, https:\/\/i0.wp.com\/altinnov.blog\/wp-content\/uploads\/2021\/07\/9-Momies-scaled.jpg?resize=2048%2C1536&amp;ssl=1 2048w, https:\/\/i0.wp.com\/altinnov.blog\/wp-content\/uploads\/2021\/07\/9-Momies-scaled.jpg?resize=160%2C120&amp;ssl=1 160w, https:\/\/i0.wp.com\/altinnov.blog\/wp-content\/uploads\/2021\/07\/9-Momies-scaled.jpg?w=2280&amp;ssl=1 2280w\" width=\"794\" height=\"596\" loading=\"lazy\" data-original-width=\"794\" data-original-height=\"596\" itemprop=\"http:\/\/schema.org\/image\" title=\"Momies \u00e0 l&#039;Essentiel Paris haut lieu du Street Art \u00e0 Paris\" alt=\"Momies \u00e0 l&#039;Essentiel Paris haut lieu du Street Art \u00e0 Paris\" style=\"width: 794px; height: 596px;\" \/> <\/a> <div class=\"tiled-gallery-caption\" itemprop=\"caption description\"> Momies <\/div> <\/div> <\/div> <!-- close group --> <\/div> <!-- close row --> <div class=\"gallery-row\" style=\"width: 1140px; height: 570px;\" data-original-width=\"1140\" data-original-height=\"570\" > <div class=\"gallery-group images-1\" style=\"width: 570px; height: 570px;\" data-original-width=\"570\" data-original-height=\"570\" > <div class=\"tiled-gallery-item tiled-gallery-item-large\" itemprop=\"associatedMedia\" itemscope itemtype=\"http:\/\/schema.org\/ImageObject\"> <a href=\"https:\/\/altinnov.blog\/index.php\/fr\/2021\/07\/05\/l-essentiel-paris\/10-romain-froquet\/\" border=\"0\" itemprop=\"url\"> <meta itemprop=\"width\" content=\"566\"> <meta itemprop=\"height\" content=\"566\"> <img class=\"\" data-attachment-id=\"4173\" data-orig-file=\"https:\/\/altinnov.blog\/wp-content\/uploads\/2021\/07\/10-Romain-Froquet-scaled.jpg\" data-orig-size=\"2560,2560\" data-comments-opened=\"1\" data-image-meta=\"{&quot;aperture&quot;:&quot;2.2&quot;,&quot;credit&quot;:&quot;&quot;,&quot;camera&quot;:&quot;iPhone 6s Plus&quot;,&quot;caption&quot;:&quot;&quot;,&quot;created_timestamp&quot;:&quot;1625240567&quot;,&quot;copyright&quot;:&quot;&quot;,&quot;focal_length&quot;:&quot;4.15&quot;,&quot;iso&quot;:&quot;40&quot;,&quot;shutter_speed&quot;:&quot;0.058823529411765&quot;,&quot;title&quot;:&quot;&quot;,&quot;orientation&quot;:&quot;1&quot;}\" data-image-title=\"Romain Froquet \u00e0 l&amp;rsquo;Essentiel Paris haut lieu du Street Art \u00e0 Paris\" data-image-description=\"&lt;p&gt;Romain Froquet \u00e0 l&amp;rsquo;Essentiel Paris haut lieu du Street Art \u00e0 Paris&lt;\/p&gt; \" data-medium-file=\"https:\/\/i0.wp.com\/altinnov.blog\/wp-content\/uploads\/2021\/07\/10-Romain-Froquet-scaled.jpg?fit=300%2C300&#038;ssl=1\" data-large-file=\"https:\/\/i0.wp.com\/altinnov.blog\/wp-content\/uploads\/2021\/07\/10-Romain-Froquet-scaled.jpg?fit=1024%2C1024&#038;ssl=1\" src=\"https:\/\/i0.wp.com\/altinnov.blog\/wp-content\/uploads\/2021\/07\/10-Romain-Froquet-scaled.jpg?w=566&#038;h=566&#038;crop=1&#038;ssl=1\" srcset=\"https:\/\/i0.wp.com\/altinnov.blog\/wp-content\/uploads\/2021\/07\/10-Romain-Froquet-scaled.jpg?w=2560&amp;ssl=1 2560w, https:\/\/i0.wp.com\/altinnov.blog\/wp-content\/uploads\/2021\/07\/10-Romain-Froquet-scaled.jpg?resize=300%2C300&amp;ssl=1 300w, https:\/\/i0.wp.com\/altinnov.blog\/wp-content\/uploads\/2021\/07\/10-Romain-Froquet-scaled.jpg?resize=1024%2C1024&amp;ssl=1 1024w, https:\/\/i0.wp.com\/altinnov.blog\/wp-content\/uploads\/2021\/07\/10-Romain-Froquet-scaled.jpg?resize=150%2C150&amp;ssl=1 150w, https:\/\/i0.wp.com\/altinnov.blog\/wp-content\/uploads\/2021\/07\/10-Romain-Froquet-scaled.jpg?resize=768%2C768&amp;ssl=1 768w, https:\/\/i0.wp.com\/altinnov.blog\/wp-content\/uploads\/2021\/07\/10-Romain-Froquet-scaled.jpg?resize=1536%2C1536&amp;ssl=1 1536w, https:\/\/i0.wp.com\/altinnov.blog\/wp-content\/uploads\/2021\/07\/10-Romain-Froquet-scaled.jpg?resize=2048%2C2048&amp;ssl=1 2048w, https:\/\/i0.wp.com\/altinnov.blog\/wp-content\/uploads\/2021\/07\/10-Romain-Froquet-scaled.jpg?w=2280&amp;ssl=1 2280w\" width=\"566\" height=\"566\" loading=\"lazy\" data-original-width=\"566\" data-original-height=\"566\" itemprop=\"http:\/\/schema.org\/image\" title=\"Romain Froquet \u00e0 l&#039;Essentiel Paris haut lieu du Street Art \u00e0 Paris\" alt=\"Romain Froquet \u00e0 l&#039;Essentiel Paris haut lieu du Street Art \u00e0 Paris\" style=\"width: 566px; height: 566px;\" \/> <\/a> <div class=\"tiled-gallery-caption\" itemprop=\"caption description\"> Romain Froquet &#8211; l&rsquo;Essentiel Paris &#8211; Photo \u00a9Altinnov <\/div> <\/div> <\/div> <!-- close group --> <div class=\"gallery-group images-1\" style=\"width: 570px; height: 570px;\" data-original-width=\"570\" data-original-height=\"570\" > <div class=\"tiled-gallery-item tiled-gallery-item-large\" itemprop=\"associatedMedia\" itemscope itemtype=\"http:\/\/schema.org\/ImageObject\"> <a href=\"https:\/\/altinnov.blog\/index.php\/fr\/2021\/07\/05\/l-essentiel-paris\/11-kraken\/\" border=\"0\" itemprop=\"url\"> <meta itemprop=\"width\" content=\"566\"> <meta itemprop=\"height\" content=\"566\"> <img class=\"\" data-attachment-id=\"4174\" data-orig-file=\"https:\/\/altinnov.blog\/wp-content\/uploads\/2021\/07\/11-Kraken-scaled.jpg\" data-orig-size=\"2560,2560\" data-comments-opened=\"1\" data-image-meta=\"{&quot;aperture&quot;:&quot;2.2&quot;,&quot;credit&quot;:&quot;&quot;,&quot;camera&quot;:&quot;iPhone 6s Plus&quot;,&quot;caption&quot;:&quot;&quot;,&quot;created_timestamp&quot;:&quot;1625241276&quot;,&quot;copyright&quot;:&quot;&quot;,&quot;focal_length&quot;:&quot;4.15&quot;,&quot;iso&quot;:&quot;64&quot;,&quot;shutter_speed&quot;:&quot;0.03030303030303&quot;,&quot;title&quot;:&quot;&quot;,&quot;orientation&quot;:&quot;0&quot;}\" data-image-title=\"Kraken \u00e0 l&amp;rsquo;Essentiel Paris haut lieu du Street Art \u00e0 Paris\" data-image-description=\"&lt;p&gt;Kraken \u00e0 l&amp;rsquo;Essentiel Paris haut lieu du Street Art \u00e0 Paris&lt;\/p&gt; \" data-medium-file=\"https:\/\/i0.wp.com\/altinnov.blog\/wp-content\/uploads\/2021\/07\/11-Kraken-scaled.jpg?fit=300%2C300&#038;ssl=1\" data-large-file=\"https:\/\/i0.wp.com\/altinnov.blog\/wp-content\/uploads\/2021\/07\/11-Kraken-scaled.jpg?fit=1024%2C1024&#038;ssl=1\" src=\"https:\/\/i0.wp.com\/altinnov.blog\/wp-content\/uploads\/2021\/07\/11-Kraken-scaled.jpg?w=566&#038;h=566&#038;crop=1&#038;ssl=1\" srcset=\"https:\/\/i0.wp.com\/altinnov.blog\/wp-content\/uploads\/2021\/07\/11-Kraken-scaled.jpg?w=2560&amp;ssl=1 2560w, https:\/\/i0.wp.com\/altinnov.blog\/wp-content\/uploads\/2021\/07\/11-Kraken-scaled.jpg?resize=300%2C300&amp;ssl=1 300w, https:\/\/i0.wp.com\/altinnov.blog\/wp-content\/uploads\/2021\/07\/11-Kraken-scaled.jpg?resize=1024%2C1024&amp;ssl=1 1024w, https:\/\/i0.wp.com\/altinnov.blog\/wp-content\/uploads\/2021\/07\/11-Kraken-scaled.jpg?resize=150%2C150&amp;ssl=1 150w, https:\/\/i0.wp.com\/altinnov.blog\/wp-content\/uploads\/2021\/07\/11-Kraken-scaled.jpg?resize=768%2C768&amp;ssl=1 768w, https:\/\/i0.wp.com\/altinnov.blog\/wp-content\/uploads\/2021\/07\/11-Kraken-scaled.jpg?resize=1536%2C1536&amp;ssl=1 1536w, https:\/\/i0.wp.com\/altinnov.blog\/wp-content\/uploads\/2021\/07\/11-Kraken-scaled.jpg?resize=2048%2C2048&amp;ssl=1 2048w, https:\/\/i0.wp.com\/altinnov.blog\/wp-content\/uploads\/2021\/07\/11-Kraken-scaled.jpg?w=2280&amp;ssl=1 2280w\" width=\"566\" height=\"566\" loading=\"lazy\" data-original-width=\"566\" data-original-height=\"566\" itemprop=\"http:\/\/schema.org\/image\" title=\"Kraken \u00e0 l&#039;Essentiel Paris haut lieu du Street Art \u00e0 Paris\" alt=\"Kraken \u00e0 l&#039;Essentiel Paris haut lieu du Street Art \u00e0 Paris\" style=\"width: 566px; height: 566px;\" \/> <\/a> <div class=\"tiled-gallery-caption\" itemprop=\"caption description\"> Kraken <\/div> <\/div> <\/div> <!-- close group --> <\/div> <!-- close row --> <div class=\"gallery-row\" style=\"width: 1140px; height: 456px;\" data-original-width=\"1140\" data-original-height=\"456\" > <div class=\"gallery-group images-1\" style=\"width: 1140px; height: 456px;\" data-original-width=\"1140\" data-original-height=\"456\" > <div class=\"tiled-gallery-item tiled-gallery-item-large\" itemprop=\"associatedMedia\" itemscope itemtype=\"http:\/\/schema.org\/ImageObject\"> <a href=\"https:\/\/altinnov.blog\/index.php\/fr\/2021\/07\/05\/l-essentiel-paris\/12-robert-villegle\/\" border=\"0\" itemprop=\"url\"> <meta itemprop=\"width\" content=\"1136\"> <meta itemprop=\"height\" content=\"452\"> <img class=\"\" data-attachment-id=\"4175\" data-orig-file=\"https:\/\/altinnov.blog\/wp-content\/uploads\/2021\/07\/12-Robert-Villegle\u0301-scaled.jpg\" data-orig-size=\"2560,1018\" data-comments-opened=\"1\" data-image-meta=\"{&quot;aperture&quot;:&quot;1.8&quot;,&quot;credit&quot;:&quot;&quot;,&quot;camera&quot;:&quot;iPhone XR&quot;,&quot;caption&quot;:&quot;&quot;,&quot;created_timestamp&quot;:&quot;1625241769&quot;,&quot;copyright&quot;:&quot;&quot;,&quot;focal_length&quot;:&quot;4.25&quot;,&quot;iso&quot;:&quot;320&quot;,&quot;shutter_speed&quot;:&quot;0.016666666666667&quot;,&quot;title&quot;:&quot;&quot;,&quot;orientation&quot;:&quot;0&quot;}\" data-image-title=\"Robert Villegle\u0301 \u00e0 l&amp;rsquo;Essentiel Paris haut lieu du Street Art \u00e0 Paris\" data-image-description=\"&lt;p&gt;Robert Villegle\u0301 \u00e0 l&amp;rsquo;Essentiel Paris haut lieu du Street Art \u00e0 Paris&lt;\/p&gt; \" data-medium-file=\"https:\/\/i0.wp.com\/altinnov.blog\/wp-content\/uploads\/2021\/07\/12-Robert-Villegle\u0301-scaled.jpg?fit=300%2C119&#038;ssl=1\" data-large-file=\"https:\/\/i0.wp.com\/altinnov.blog\/wp-content\/uploads\/2021\/07\/12-Robert-Villegle\u0301-scaled.jpg?fit=1024%2C407&#038;ssl=1\" src=\"https:\/\/i0.wp.com\/altinnov.blog\/wp-content\/uploads\/2021\/07\/12-Robert-Villegle\u0301-scaled.jpg?w=1136&#038;h=452&#038;ssl=1\" srcset=\"https:\/\/i0.wp.com\/altinnov.blog\/wp-content\/uploads\/2021\/07\/12-Robert-Villegle\u0301-scaled.jpg?w=2560&amp;ssl=1 2560w, https:\/\/i0.wp.com\/altinnov.blog\/wp-content\/uploads\/2021\/07\/12-Robert-Villegle\u0301-scaled.jpg?resize=300%2C119&amp;ssl=1 300w, https:\/\/i0.wp.com\/altinnov.blog\/wp-content\/uploads\/2021\/07\/12-Robert-Villegle\u0301-scaled.jpg?resize=1024%2C407&amp;ssl=1 1024w, https:\/\/i0.wp.com\/altinnov.blog\/wp-content\/uploads\/2021\/07\/12-Robert-Villegle\u0301-scaled.jpg?resize=768%2C305&amp;ssl=1 768w, https:\/\/i0.wp.com\/altinnov.blog\/wp-content\/uploads\/2021\/07\/12-Robert-Villegle\u0301-scaled.jpg?resize=1536%2C611&amp;ssl=1 1536w, https:\/\/i0.wp.com\/altinnov.blog\/wp-content\/uploads\/2021\/07\/12-Robert-Villegle\u0301-scaled.jpg?resize=2048%2C814&amp;ssl=1 2048w, https:\/\/i0.wp.com\/altinnov.blog\/wp-content\/uploads\/2021\/07\/12-Robert-Villegle\u0301-scaled.jpg?w=2280&amp;ssl=1 2280w\" width=\"1136\" height=\"452\" loading=\"lazy\" data-original-width=\"1136\" data-original-height=\"452\" itemprop=\"http:\/\/schema.org\/image\" title=\"Robert Villegle\u0301 \u00e0 l&#039;Essentiel Paris haut lieu du Street Art \u00e0 Paris\" alt=\"Robert Villegle\u0301 \u00e0 l&#039;Essentiel Paris haut lieu du Street Art \u00e0 Paris\" style=\"width: 1136px; height: 452px;\" \/> <\/a> <div class=\"tiled-gallery-caption\" itemprop=\"caption description\"> Robert Villegle\u0301 &#8211; L&rsquo;Essentiel Paris &#8211; Photo \u00a9Altinnov <\/div> <\/div> <\/div> <!-- close group --> <\/div> <!-- close row --> <\/div>\n<p>&nbsp;<\/p>\n<div id=\"altin-2204311192\" class=\"altin-apres-le-contenu_2 altin-entity-placement\"><!-- Ezoic - bas article - native_bottom -->\r\n<div id=\"ezoic-pub-ad-placeholder-102\"> <\/div>\r\n<!-- End Ezoic - bas article - native_bottom --><\/div><div id=\"altin-3911318261\" class=\"altin-apres-le-contenu altin-entity-placement\" style=\"margin-left: auto;margin-right: auto;text-align: center;\"><script async src=\"\/\/pagead2.googlesyndication.com\/pagead\/js\/adsbygoogle.js?client=ca-pub-4035181110757945\" crossorigin=\"anonymous\"><\/script><ins class=\"adsbygoogle\" style=\"display:block; text-align:center;\" data-ad-client=\"ca-pub-4035181110757945\" \ndata-ad-slot=\"9414912321\" \ndata-ad-layout=\"in-article\"\ndata-ad-format=\"fluid\"><\/ins>\n<script> \n(adsbygoogle = window.adsbygoogle || []).push({}); \n<\/script>\n<\/div>","protected":false},"excerpt":{"rendered":"<p>L\u2019Essentiel Paris est le lieu incontournable de l\u2019\u00e9t\u00e9 pour qui aime l\u2019Art Urbain, l\u2019Art Moderne, L\u2019Art Contemporain\u2026 l&rsquo;Art tout simplement !<\/p>\n","protected":false},"author":1,"featured_media":4147,"comment_status":"open","ping_status":"open","sticky":false,"template":"","format":"standard","meta":{"jetpack_post_was_ever_published":false,"_jetpack_newsletter_access":"","_jetpack_dont_email_post_to_subs":false,"_jetpack_newsletter_tier_id":0,"_jetpack_memberships_contains_paywalled_content":false,"footnotes":"","_jetpack_memberships_contains_paid_content":false},"categories":[29],"tags":[2240,2125,2242,2244,2246,2248,2250,2252,2238,2254,2256,2258,817,2260],"yoast_head":"<!-- This site is optimized with the Yoast SEO plugin v22.6 - https:\/\/yoast.com\/wordpress\/plugins\/seo\/ -->\n<title>L\u2019Essentiel du Street Art et de l\u2019Art Contemporain dans un centre de tri postal d\u00e9saffect\u00e9 au c\u0153ur de Paris - ALTINNOV<\/title>\n<meta name=\"description\" content=\"L\u2019Essentiel Paris est le lieu incontournable de l\u2019\u00e9t\u00e9 pour qui aime l\u2019Art Urbain, l\u2019Art Moderne, L\u2019Art Contemporain\u2026 l&#039;Art tout simplement !\" \/>\n<meta name=\"robots\" content=\"index, follow, max-snippet:-1, max-image-preview:large, max-video-preview:-1\" \/>\n<link rel=\"canonical\" href=\"https:\/\/altinnov.blog\/index.php\/fr\/2021\/07\/05\/l-essentiel-paris\/\" \/>\n<meta property=\"og:locale\" content=\"fr_FR\" \/>\n<meta property=\"og:type\" content=\"article\" \/>\n<meta property=\"og:title\" content=\"L\u2019Essentiel du Street Art et de l\u2019Art Contemporain dans un centre de tri postal d\u00e9saffect\u00e9 au c\u0153ur de Paris\" \/>\n<meta property=\"og:description\" content=\"L\u2019Essentiel Paris est le lieu incontournable de l\u2019\u00e9t\u00e9 pour qui aime l\u2019Art Urbain, l\u2019Art Moderne, L\u2019Art Contemporain\u2026 l&#039;Art tout simplement !\" \/>\n<meta property=\"og:url\" content=\"https:\/\/altinnov.blog\/index.php\/fr\/2021\/07\/05\/l-essentiel-paris\/\" \/>\n<meta property=\"og:site_name\" content=\"ALTINNOV\" \/>\n<meta property=\"article:publisher\" content=\"https:\/\/www.facebook.com\/Altinnov\/\" \/>\n<meta property=\"article:author\" content=\"https:\/\/www.facebook.com\/Altinnov\/\" \/>\n<meta property=\"article:published_time\" content=\"2021-07-05T16:09:23+00:00\" \/>\n<meta property=\"article:modified_time\" content=\"2021-11-04T17:17:14+00:00\" \/>\n<meta property=\"og:image\" content=\"https:\/\/i2.wp.com\/altinnov.blog\/wp-content\/uploads\/2021\/07\/LEssentiel-du-Street-Art-et-de-lArt-Contemporain-dans-un-centre-de-tri-postal-de\u0301saffecte\u0301-au-coeur-de-Paris-scaled.jpg?fit=2560%2C1439&ssl=1\" \/>\n\t<meta property=\"og:image:width\" content=\"2560\" \/>\n\t<meta property=\"og:image:height\" content=\"1439\" \/>\n\t<meta property=\"og:image:type\" content=\"image\/jpeg\" \/>\n<meta name=\"author\" content=\"S\u00e9verine\" \/>\n<meta name=\"twitter:card\" content=\"summary_large_image\" \/>\n<meta name=\"twitter:title\" content=\"L\u2019Essentiel du Street Art et de l\u2019Art Contemporain dans un centre de tri postal d\u00e9saffect\u00e9 au c\u0153ur de Paris\" \/>\n<meta name=\"twitter:description\" content=\"L\u2019Essentiel Paris est le lieu incontournable de l\u2019\u00e9t\u00e9 pour qui aime l\u2019Art Urbain, l\u2019Art Moderne, L\u2019Art Contemporain\u2026 l&#039;Art tout simplement ! #lessentielParis #streetart #arturbain #artcontemporain #zloty\" \/>\n<meta name=\"twitter:image\" content=\"https:\/\/i0.wp.com\/altinnov.blog\/wp-content\/uploads\/2021\/07\/LEssentiel-du-Street-Art-et-de-lArt-Contemporain-dans-un-centre-de-tri-postal-de\u0301saffecte\u0301-au-coeur-de-Paris-scaled.jpg?fit=2560%2C1439&ssl=1\" \/>\n<meta name=\"twitter:creator\" content=\"@Altinnov1\" \/>\n<meta name=\"twitter:site\" content=\"@Altinnov1\" \/>\n<meta name=\"twitter:label1\" content=\"\u00c9crit par\" \/>\n\t<meta name=\"twitter:data1\" content=\"S\u00e9verine\" \/>\n\t<meta name=\"twitter:label2\" content=\"Dur\u00e9e de lecture estim\u00e9e\" \/>\n\t<meta name=\"twitter:data2\" content=\"6 minutes\" \/>\n<script type=\"application\/ld+json\" class=\"yoast-schema-graph\">{\"@context\":\"https:\/\/schema.org\",\"@graph\":[{\"@type\":\"Article\",\"@id\":\"https:\/\/altinnov.blog\/index.php\/fr\/2021\/07\/05\/l-essentiel-paris\/#article\",\"isPartOf\":{\"@id\":\"https:\/\/altinnov.blog\/index.php\/fr\/2021\/07\/05\/l-essentiel-paris\/\"},\"author\":{\"name\":\"S\u00e9verine\",\"@id\":\"https:\/\/altinnov.blog\/#\/schema\/person\/fb38574bf72ee22878743e54d687ae5a\"},\"headline\":\"L\u2019Essentiel du Street Art et de l\u2019Art Contemporain dans un centre de tri postal d\u00e9saffect\u00e9 au c\u0153ur de Paris\",\"datePublished\":\"2021-07-05T16:09:23+00:00\",\"dateModified\":\"2021-11-04T17:17:14+00:00\",\"mainEntityOfPage\":{\"@id\":\"https:\/\/altinnov.blog\/index.php\/fr\/2021\/07\/05\/l-essentiel-paris\/\"},\"wordCount\":1211,\"commentCount\":2,\"publisher\":{\"@id\":\"https:\/\/altinnov.blog\/#\/schema\/person\/fb38574bf72ee22878743e54d687ae5a\"},\"image\":{\"@id\":\"https:\/\/altinnov.blog\/index.php\/fr\/2021\/07\/05\/l-essentiel-paris\/#primaryimage\"},\"thumbnailUrl\":\"https:\/\/i0.wp.com\/altinnov.blog\/wp-content\/uploads\/2021\/07\/LEssentiel-du-Street-Art-et-de-lArt-Contemporain-dans-un-centre-de-tri-postal-de\u0301saffecte\u0301-au-coeur-de-Paris-scaled.jpg?fit=2560%2C1439&ssl=1\",\"keywords\":[\"C\u00e9cile Bonduelle\",\"Dize156\",\"Fuzi\",\"G\u00e9rard Zlotykamien\",\"JC. de Castelbajac\",\"L'Atlas\",\"Myriam Maxo\",\"Popay de Ayguavives\",\"PsyckozeNoLimit\",\"Renzo\",\"Romain Froquet\",\"Rouge\",\"street art France\",\"Tarek\"],\"articleSection\":[\"Balades Street Art\"],\"inLanguage\":\"fr-FR\",\"potentialAction\":[{\"@type\":\"CommentAction\",\"name\":\"Comment\",\"target\":[\"https:\/\/altinnov.blog\/index.php\/fr\/2021\/07\/05\/l-essentiel-paris\/#respond\"]}]},{\"@type\":\"WebPage\",\"@id\":\"https:\/\/altinnov.blog\/index.php\/fr\/2021\/07\/05\/l-essentiel-paris\/\",\"url\":\"https:\/\/altinnov.blog\/index.php\/fr\/2021\/07\/05\/l-essentiel-paris\/\",\"name\":\"L\u2019Essentiel du Street Art et de l\u2019Art Contemporain dans un centre de tri postal d\u00e9saffect\u00e9 au c\u0153ur de Paris - ALTINNOV\",\"isPartOf\":{\"@id\":\"https:\/\/altinnov.blog\/#website\"},\"primaryImageOfPage\":{\"@id\":\"https:\/\/altinnov.blog\/index.php\/fr\/2021\/07\/05\/l-essentiel-paris\/#primaryimage\"},\"image\":{\"@id\":\"https:\/\/altinnov.blog\/index.php\/fr\/2021\/07\/05\/l-essentiel-paris\/#primaryimage\"},\"thumbnailUrl\":\"https:\/\/i0.wp.com\/altinnov.blog\/wp-content\/uploads\/2021\/07\/LEssentiel-du-Street-Art-et-de-lArt-Contemporain-dans-un-centre-de-tri-postal-de\u0301saffecte\u0301-au-coeur-de-Paris-scaled.jpg?fit=2560%2C1439&ssl=1\",\"datePublished\":\"2021-07-05T16:09:23+00:00\",\"dateModified\":\"2021-11-04T17:17:14+00:00\",\"description\":\"L\u2019Essentiel Paris est le lieu incontournable de l\u2019\u00e9t\u00e9 pour qui aime l\u2019Art Urbain, l\u2019Art Moderne, L\u2019Art Contemporain\u2026 l'Art tout simplement !\",\"breadcrumb\":{\"@id\":\"https:\/\/altinnov.blog\/index.php\/fr\/2021\/07\/05\/l-essentiel-paris\/#breadcrumb\"},\"inLanguage\":\"fr-FR\",\"potentialAction\":[{\"@type\":\"ReadAction\",\"target\":[\"https:\/\/altinnov.blog\/index.php\/fr\/2021\/07\/05\/l-essentiel-paris\/\"]}]},{\"@type\":\"ImageObject\",\"inLanguage\":\"fr-FR\",\"@id\":\"https:\/\/altinnov.blog\/index.php\/fr\/2021\/07\/05\/l-essentiel-paris\/#primaryimage\",\"url\":\"https:\/\/i0.wp.com\/altinnov.blog\/wp-content\/uploads\/2021\/07\/LEssentiel-du-Street-Art-et-de-lArt-Contemporain-dans-un-centre-de-tri-postal-de\u0301saffecte\u0301-au-coeur-de-Paris-scaled.jpg?fit=2560%2C1439&ssl=1\",\"contentUrl\":\"https:\/\/i0.wp.com\/altinnov.blog\/wp-content\/uploads\/2021\/07\/LEssentiel-du-Street-Art-et-de-lArt-Contemporain-dans-un-centre-de-tri-postal-de\u0301saffecte\u0301-au-coeur-de-Paris-scaled.jpg?fit=2560%2C1439&ssl=1\",\"width\":2560,\"height\":1439,\"caption\":\"L\u2019Essentiel du Street Art et de l\u2019Art Contemporain dans un centre de tri postal de\u0301saffecte\u0301 au c\u0153ur de Paris - Photo @Altinnov\"},{\"@type\":\"BreadcrumbList\",\"@id\":\"https:\/\/altinnov.blog\/index.php\/fr\/2021\/07\/05\/l-essentiel-paris\/#breadcrumb\",\"itemListElement\":[{\"@type\":\"ListItem\",\"position\":1,\"name\":\"Accueil\",\"item\":\"https:\/\/altinnov.blog\/\"},{\"@type\":\"ListItem\",\"position\":2,\"name\":\"L\u2019Essentiel du Street Art et de l\u2019Art Contemporain dans un centre de tri postal d\u00e9saffect\u00e9 au c\u0153ur de Paris\"}]},{\"@type\":\"WebSite\",\"@id\":\"https:\/\/altinnov.blog\/#website\",\"url\":\"https:\/\/altinnov.blog\/\",\"name\":\"ALTINNOV\",\"description\":\"BLOG STREET ART &amp; LIFESTYLE\",\"publisher\":{\"@id\":\"https:\/\/altinnov.blog\/#\/schema\/person\/fb38574bf72ee22878743e54d687ae5a\"},\"potentialAction\":[{\"@type\":\"SearchAction\",\"target\":{\"@type\":\"EntryPoint\",\"urlTemplate\":\"https:\/\/altinnov.blog\/?s={search_term_string}\"},\"query-input\":\"required name=search_term_string\"}],\"inLanguage\":\"fr-FR\"},{\"@type\":[\"Person\",\"Organization\"],\"@id\":\"https:\/\/altinnov.blog\/#\/schema\/person\/fb38574bf72ee22878743e54d687ae5a\",\"name\":\"S\u00e9verine\",\"image\":{\"@type\":\"ImageObject\",\"inLanguage\":\"fr-FR\",\"@id\":\"https:\/\/altinnov.blog\/#\/schema\/person\/image\/\",\"url\":\"https:\/\/i0.wp.com\/altinnov.blog\/wp-content\/uploads\/2021\/07\/SkatePark-re\u0301alise\u0301-par-JonOne-dans-lespace-transition-ephe\u0301me\u0300re-dAbbeville-scaled.jpg?fit=2560%2C1920&ssl=1\",\"contentUrl\":\"https:\/\/i0.wp.com\/altinnov.blog\/wp-content\/uploads\/2021\/07\/SkatePark-re\u0301alise\u0301-par-JonOne-dans-lespace-transition-ephe\u0301me\u0300re-dAbbeville-scaled.jpg?fit=2560%2C1920&ssl=1\",\"width\":2560,\"height\":1920,\"caption\":\"S\u00e9verine\"},\"logo\":{\"@id\":\"https:\/\/altinnov.blog\/#\/schema\/person\/image\/\"},\"sameAs\":[\"https:\/\/altinnov.blog\/\",\"https:\/\/www.facebook.com\/Altinnov\/\",\"https:\/\/www.instagram.com\/Altinnov\/\",\"https:\/\/www.linkedin.com\/in\/severinetp\/\",\"https:\/\/www.pinterest.fr\/SeverineTP\/\",\"https:\/\/x.com\/Altinnov1\"]}]}<\/script>\n<!-- \/ Yoast SEO plugin. -->","yoast_head_json":{"title":"L\u2019Essentiel du Street Art et de l\u2019Art Contemporain dans un centre de tri postal d\u00e9saffect\u00e9 au c\u0153ur de Paris - ALTINNOV","description":"L\u2019Essentiel Paris est le lieu incontournable de l\u2019\u00e9t\u00e9 pour qui aime l\u2019Art Urbain, l\u2019Art Moderne, L\u2019Art Contemporain\u2026 l'Art tout simplement !","robots":{"index":"index","follow":"follow","max-snippet":"max-snippet:-1","max-image-preview":"max-image-preview:large","max-video-preview":"max-video-preview:-1"},"canonical":"https:\/\/altinnov.blog\/index.php\/fr\/2021\/07\/05\/l-essentiel-paris\/","og_locale":"fr_FR","og_type":"article","og_title":"L\u2019Essentiel du Street Art et de l\u2019Art Contemporain dans un centre de tri postal d\u00e9saffect\u00e9 au c\u0153ur de Paris","og_description":"L\u2019Essentiel Paris est le lieu incontournable de l\u2019\u00e9t\u00e9 pour qui aime l\u2019Art Urbain, l\u2019Art Moderne, L\u2019Art Contemporain\u2026 l'Art tout simplement !","og_url":"https:\/\/altinnov.blog\/index.php\/fr\/2021\/07\/05\/l-essentiel-paris\/","og_site_name":"ALTINNOV","article_publisher":"https:\/\/www.facebook.com\/Altinnov\/","article_author":"https:\/\/www.facebook.com\/Altinnov\/","article_published_time":"2021-07-05T16:09:23+00:00","article_modified_time":"2021-11-04T17:17:14+00:00","og_image":[{"width":2560,"height":1439,"url":"https:\/\/i2.wp.com\/altinnov.blog\/wp-content\/uploads\/2021\/07\/LEssentiel-du-Street-Art-et-de-lArt-Contemporain-dans-un-centre-de-tri-postal-de\u0301saffecte\u0301-au-coeur-de-Paris-scaled.jpg?fit=2560%2C1439&ssl=1","type":"image\/jpeg"}],"author":"S\u00e9verine","twitter_card":"summary_large_image","twitter_title":"L\u2019Essentiel du Street Art et de l\u2019Art Contemporain dans un centre de tri postal d\u00e9saffect\u00e9 au c\u0153ur de Paris","twitter_description":"L\u2019Essentiel Paris est le lieu incontournable de l\u2019\u00e9t\u00e9 pour qui aime l\u2019Art Urbain, l\u2019Art Moderne, L\u2019Art Contemporain\u2026 l'Art tout simplement ! #lessentielParis #streetart #arturbain #artcontemporain #zloty","twitter_image":"https:\/\/i0.wp.com\/altinnov.blog\/wp-content\/uploads\/2021\/07\/LEssentiel-du-Street-Art-et-de-lArt-Contemporain-dans-un-centre-de-tri-postal-de\u0301saffecte\u0301-au-coeur-de-Paris-scaled.jpg?fit=2560%2C1439&ssl=1","twitter_creator":"@Altinnov1","twitter_site":"@Altinnov1","twitter_misc":{"\u00c9crit par":"S\u00e9verine","Dur\u00e9e de lecture estim\u00e9e":"6 minutes"},"schema":{"@context":"https:\/\/schema.org","@graph":[{"@type":"Article","@id":"https:\/\/altinnov.blog\/index.php\/fr\/2021\/07\/05\/l-essentiel-paris\/#article","isPartOf":{"@id":"https:\/\/altinnov.blog\/index.php\/fr\/2021\/07\/05\/l-essentiel-paris\/"},"author":{"name":"S\u00e9verine","@id":"https:\/\/altinnov.blog\/#\/schema\/person\/fb38574bf72ee22878743e54d687ae5a"},"headline":"L\u2019Essentiel du Street Art et de l\u2019Art Contemporain dans un centre de tri postal d\u00e9saffect\u00e9 au c\u0153ur de Paris","datePublished":"2021-07-05T16:09:23+00:00","dateModified":"2021-11-04T17:17:14+00:00","mainEntityOfPage":{"@id":"https:\/\/altinnov.blog\/index.php\/fr\/2021\/07\/05\/l-essentiel-paris\/"},"wordCount":1211,"commentCount":2,"publisher":{"@id":"https:\/\/altinnov.blog\/#\/schema\/person\/fb38574bf72ee22878743e54d687ae5a"},"image":{"@id":"https:\/\/altinnov.blog\/index.php\/fr\/2021\/07\/05\/l-essentiel-paris\/#primaryimage"},"thumbnailUrl":"https:\/\/i0.wp.com\/altinnov.blog\/wp-content\/uploads\/2021\/07\/LEssentiel-du-Street-Art-et-de-lArt-Contemporain-dans-un-centre-de-tri-postal-de\u0301saffecte\u0301-au-coeur-de-Paris-scaled.jpg?fit=2560%2C1439&ssl=1","keywords":["C\u00e9cile Bonduelle","Dize156","Fuzi","G\u00e9rard Zlotykamien","JC. de Castelbajac","L'Atlas","Myriam Maxo","Popay de Ayguavives","PsyckozeNoLimit","Renzo","Romain Froquet","Rouge","street art France","Tarek"],"articleSection":["Balades Street Art"],"inLanguage":"fr-FR","potentialAction":[{"@type":"CommentAction","name":"Comment","target":["https:\/\/altinnov.blog\/index.php\/fr\/2021\/07\/05\/l-essentiel-paris\/#respond"]}]},{"@type":"WebPage","@id":"https:\/\/altinnov.blog\/index.php\/fr\/2021\/07\/05\/l-essentiel-paris\/","url":"https:\/\/altinnov.blog\/index.php\/fr\/2021\/07\/05\/l-essentiel-paris\/","name":"L\u2019Essentiel du Street Art et de l\u2019Art Contemporain dans un centre de tri postal d\u00e9saffect\u00e9 au c\u0153ur de Paris - ALTINNOV","isPartOf":{"@id":"https:\/\/altinnov.blog\/#website"},"primaryImageOfPage":{"@id":"https:\/\/altinnov.blog\/index.php\/fr\/2021\/07\/05\/l-essentiel-paris\/#primaryimage"},"image":{"@id":"https:\/\/altinnov.blog\/index.php\/fr\/2021\/07\/05\/l-essentiel-paris\/#primaryimage"},"thumbnailUrl":"https:\/\/i0.wp.com\/altinnov.blog\/wp-content\/uploads\/2021\/07\/LEssentiel-du-Street-Art-et-de-lArt-Contemporain-dans-un-centre-de-tri-postal-de\u0301saffecte\u0301-au-coeur-de-Paris-scaled.jpg?fit=2560%2C1439&ssl=1","datePublished":"2021-07-05T16:09:23+00:00","dateModified":"2021-11-04T17:17:14+00:00","description":"L\u2019Essentiel Paris est le lieu incontournable de l\u2019\u00e9t\u00e9 pour qui aime l\u2019Art Urbain, l\u2019Art Moderne, L\u2019Art Contemporain\u2026 l'Art tout simplement !","breadcrumb":{"@id":"https:\/\/altinnov.blog\/index.php\/fr\/2021\/07\/05\/l-essentiel-paris\/#breadcrumb"},"inLanguage":"fr-FR","potentialAction":[{"@type":"ReadAction","target":["https:\/\/altinnov.blog\/index.php\/fr\/2021\/07\/05\/l-essentiel-paris\/"]}]},{"@type":"ImageObject","inLanguage":"fr-FR","@id":"https:\/\/altinnov.blog\/index.php\/fr\/2021\/07\/05\/l-essentiel-paris\/#primaryimage","url":"https:\/\/i0.wp.com\/altinnov.blog\/wp-content\/uploads\/2021\/07\/LEssentiel-du-Street-Art-et-de-lArt-Contemporain-dans-un-centre-de-tri-postal-de\u0301saffecte\u0301-au-coeur-de-Paris-scaled.jpg?fit=2560%2C1439&ssl=1","contentUrl":"https:\/\/i0.wp.com\/altinnov.blog\/wp-content\/uploads\/2021\/07\/LEssentiel-du-Street-Art-et-de-lArt-Contemporain-dans-un-centre-de-tri-postal-de\u0301saffecte\u0301-au-coeur-de-Paris-scaled.jpg?fit=2560%2C1439&ssl=1","width":2560,"height":1439,"caption":"L\u2019Essentiel du Street Art et de l\u2019Art Contemporain dans un centre de tri postal de\u0301saffecte\u0301 au c\u0153ur de Paris - Photo @Altinnov"},{"@type":"BreadcrumbList","@id":"https:\/\/altinnov.blog\/index.php\/fr\/2021\/07\/05\/l-essentiel-paris\/#breadcrumb","itemListElement":[{"@type":"ListItem","position":1,"name":"Accueil","item":"https:\/\/altinnov.blog\/"},{"@type":"ListItem","position":2,"name":"L\u2019Essentiel du Street Art et de l\u2019Art Contemporain dans un centre de tri postal d\u00e9saffect\u00e9 au c\u0153ur de Paris"}]},{"@type":"WebSite","@id":"https:\/\/altinnov.blog\/#website","url":"https:\/\/altinnov.blog\/","name":"ALTINNOV","description":"BLOG STREET ART &amp; LIFESTYLE","publisher":{"@id":"https:\/\/altinnov.blog\/#\/schema\/person\/fb38574bf72ee22878743e54d687ae5a"},"potentialAction":[{"@type":"SearchAction","target":{"@type":"EntryPoint","urlTemplate":"https:\/\/altinnov.blog\/?s={search_term_string}"},"query-input":"required name=search_term_string"}],"inLanguage":"fr-FR"},{"@type":["Person","Organization"],"@id":"https:\/\/altinnov.blog\/#\/schema\/person\/fb38574bf72ee22878743e54d687ae5a","name":"S\u00e9verine","image":{"@type":"ImageObject","inLanguage":"fr-FR","@id":"https:\/\/altinnov.blog\/#\/schema\/person\/image\/","url":"https:\/\/i0.wp.com\/altinnov.blog\/wp-content\/uploads\/2021\/07\/SkatePark-re\u0301alise\u0301-par-JonOne-dans-lespace-transition-ephe\u0301me\u0300re-dAbbeville-scaled.jpg?fit=2560%2C1920&ssl=1","contentUrl":"https:\/\/i0.wp.com\/altinnov.blog\/wp-content\/uploads\/2021\/07\/SkatePark-re\u0301alise\u0301-par-JonOne-dans-lespace-transition-ephe\u0301me\u0300re-dAbbeville-scaled.jpg?fit=2560%2C1920&ssl=1","width":2560,"height":1920,"caption":"S\u00e9verine"},"logo":{"@id":"https:\/\/altinnov.blog\/#\/schema\/person\/image\/"},"sameAs":["https:\/\/altinnov.blog\/","https:\/\/www.facebook.com\/Altinnov\/","https:\/\/www.instagram.com\/Altinnov\/","https:\/\/www.linkedin.com\/in\/severinetp\/","https:\/\/www.pinterest.fr\/SeverineTP\/","https:\/\/x.com\/Altinnov1"]}]}},"jetpack_sharing_enabled":true,"jetpack_featured_media_url":"https:\/\/i0.wp.com\/altinnov.blog\/wp-content\/uploads\/2021\/07\/LEssentiel-du-Street-Art-et-de-lArt-Contemporain-dans-un-centre-de-tri-postal-de\u0301saffecte\u0301-au-coeur-de-Paris-scaled.jpg?fit=2560%2C1439&ssl=1","jetpack_shortlink":"https:\/\/wp.me\/pakAzb-14M","jetpack_likes_enabled":false,"jetpack-related-posts":[],"_links":{"self":[{"href":"https:\/\/altinnov.blog\/index.php\/wp-json\/wp\/v2\/posts\/4140"}],"collection":[{"href":"https:\/\/altinnov.blog\/index.php\/wp-json\/wp\/v2\/posts"}],"about":[{"href":"https:\/\/altinnov.blog\/index.php\/wp-json\/wp\/v2\/types\/post"}],"author":[{"embeddable":true,"href":"https:\/\/altinnov.blog\/index.php\/wp-json\/wp\/v2\/users\/1"}],"replies":[{"embeddable":true,"href":"https:\/\/altinnov.blog\/index.php\/wp-json\/wp\/v2\/comments?post=4140"}],"version-history":[{"count":19,"href":"https:\/\/altinnov.blog\/index.php\/wp-json\/wp\/v2\/posts\/4140\/revisions"}],"predecessor-version":[{"id":4501,"href":"https:\/\/altinnov.blog\/index.php\/wp-json\/wp\/v2\/posts\/4140\/revisions\/4501"}],"wp:featuredmedia":[{"embeddable":true,"href":"https:\/\/altinnov.blog\/index.php\/wp-json\/wp\/v2\/media\/4147"}],"wp:attachment":[{"href":"https:\/\/altinnov.blog\/index.php\/wp-json\/wp\/v2\/media?parent=4140"}],"wp:term":[{"taxonomy":"category","embeddable":true,"href":"https:\/\/altinnov.blog\/index.php\/wp-json\/wp\/v2\/categories?post=4140"},{"taxonomy":"post_tag","embeddable":true,"href":"https:\/\/altinnov.blog\/index.php\/wp-json\/wp\/v2\/tags?post=4140"}],"curies":[{"name":"wp","href":"https:\/\/api.w.org\/{rel}","templated":true}]}}