{"id":3619,"date":"2020-12-08T20:39:36","date_gmt":"2020-12-08T19:39:36","guid":{"rendered":"https:\/\/altinnov.blog\/?p=3619"},"modified":"2021-01-13T13:23:40","modified_gmt":"2021-01-13T12:23:40","slug":"street-art-versailles-royally-poetic","status":"publish","type":"post","link":"https:\/\/altinnov.blog\/index.php\/en\/2020\/12\/08\/street-art-versailles-royally-poetic\/","title":{"rendered":"When Street Art invites itself to Versailles; it is royally poetic!"},"content":{"rendered":"<p><div class=\"swp_social_panel swp_horizontal_panel swp_flat_fresh  swp_default_full_color swp_other_full_color swp_individual_full_color scale-100 scale-full_width\" data-min-width=\"1100\" data-float-color=\"#ffffff\" data-float=\"none\" data-float-mobile=\"none\" data-transition=\"slide\" data-post-id=\"3619\" ><div class=\"nc_tweetContainer swp_share_button swp_whatsapp\" data-network=\"whatsapp\"><a class=\"nc_tweet swp_share_link\" rel=\"nofollow noreferrer noopener\" target=\"_blank\" href=\"https:\/\/api.whatsapp.com\/send?text=https%3A%2F%2Faltinnov.blog%2Findex.php%2Fen%2F2020%2F12%2F08%2Fstreet-art-versailles-royally-poetic%2F%3Futm_source%3Dwhatsapp%26utm_medium%3Dsocial%26utm_campaign%3DSocialWarfare\" data-link=\"https:\/\/api.whatsapp.com\/send?text=https%3A%2F%2Faltinnov.blog%2Findex.php%2Fen%2F2020%2F12%2F08%2Fstreet-art-versailles-royally-poetic%2F%3Futm_source%3Dwhatsapp%26utm_medium%3Dsocial%26utm_campaign%3DSocialWarfare\"><span class=\"swp_count swp_hide\"><span class=\"iconFiller\"><span class=\"spaceManWilly\"><i class=\"sw swp_whatsapp_icon\"><\/i><span class=\"swp_share\">WhatsApp<\/span><\/span><\/span><\/span><\/a><\/div><div class=\"nc_tweetContainer swp_share_button swp_reddit\" data-network=\"reddit\"><a class=\"nc_tweet swp_share_link\" rel=\"nofollow noreferrer noopener\" target=\"_blank\" href=\"https:\/\/www.reddit.com\/submit?url=https%3A%2F%2Faltinnov.blog%2Findex.php%2Fen%2F2020%2F12%2F08%2Fstreet-art-versailles-royally-poetic%2F%3Futm_source%3Dreddit%26utm_medium%3Dsocial%26utm_campaign%3DSocialWarfare\" data-link=\"https:\/\/www.reddit.com\/submit?url=https%3A%2F%2Faltinnov.blog%2Findex.php%2Fen%2F2020%2F12%2F08%2Fstreet-art-versailles-royally-poetic%2F%3Futm_source%3Dreddit%26utm_medium%3Dsocial%26utm_campaign%3DSocialWarfare\"><span class=\"swp_count swp_hide\"><span class=\"iconFiller\"><span class=\"spaceManWilly\"><i class=\"sw swp_reddit_icon\"><\/i><span class=\"swp_share\">Reddit<\/span><\/span><\/span><\/span><\/a><\/div><div class=\"nc_tweetContainer swp_share_button swp_flipboard\" data-network=\"flipboard\"><a class=\"nc_tweet swp_share_link\" rel=\"nofollow noreferrer noopener\" target=\"_blank\" href=\"https:\/\/share.flipboard.com\/bookmarklet\/popout?v=2&title=When+Street+Art+invites+itself+to+Versailles%3B+it+is+royally+poetic%21&url=https%3A%2F%2Faltinnov.blog%2Findex.php%2Fen%2F2020%2F12%2F08%2Fstreet-art-versailles-royally-poetic%2F%3Futm_source%3Dflipboard%26utm_medium%3Dsocial%26utm_campaign%3DSocialWarfare\" data-link=\"https:\/\/share.flipboard.com\/bookmarklet\/popout?v=2&title=When+Street+Art+invites+itself+to+Versailles%3B+it+is+royally+poetic%21&url=https%3A%2F%2Faltinnov.blog%2Findex.php%2Fen%2F2020%2F12%2F08%2Fstreet-art-versailles-royally-poetic%2F%3Futm_source%3Dflipboard%26utm_medium%3Dsocial%26utm_campaign%3DSocialWarfare\"><span class=\"swp_count swp_hide\"><span class=\"iconFiller\"><span class=\"spaceManWilly\"><i class=\"sw swp_flipboard_icon\"><\/i><span class=\"swp_share\">Flip<\/span><\/span><\/span><\/span><\/a><\/div><div class=\"nc_tweetContainer swp_share_button swp_facebook\" data-network=\"facebook\"><a class=\"nc_tweet swp_share_link\" rel=\"nofollow noreferrer noopener\" target=\"_blank\" href=\"https:\/\/www.facebook.com\/share.php?u=https%3A%2F%2Faltinnov.blog%2Findex.php%2Fen%2F2020%2F12%2F08%2Fstreet-art-versailles-royally-poetic%2F%3Futm_source%3Dfacebook%26utm_medium%3Dsocial%26utm_campaign%3DSocialWarfare\" data-link=\"https:\/\/www.facebook.com\/share.php?u=https%3A%2F%2Faltinnov.blog%2Findex.php%2Fen%2F2020%2F12%2F08%2Fstreet-art-versailles-royally-poetic%2F%3Futm_source%3Dfacebook%26utm_medium%3Dsocial%26utm_campaign%3DSocialWarfare\"><span class=\"swp_count swp_hide\"><span class=\"iconFiller\"><span class=\"spaceManWilly\"><i class=\"sw swp_facebook_icon\"><\/i><span class=\"swp_share\">Partagez<\/span><\/span><\/span><\/span><\/a><\/div><div class=\"nc_tweetContainer swp_share_button swp_email\" data-network=\"email\"><a class=\"nc_tweet noPop swp_share_link\" rel=\"nofollow noreferrer noopener\" href=\"mailto:?subject=When%20Street%20Art%20invites%20itself%20to%20Versailles%3B%20it%20is%20royally%20poetic%21&body=Take%20you%20to%20Versailles%20in%20order%20to%20discover%20Street%20Art%20seems%20a%20little%20crazy%20to%20you%3F%20Follow%20me%2C%20you%27re%20going%20to%20love%20these%20monumental%20frescoes%21%0D%0A%0D%0ARead More Here: %20https%3A%2F%2Faltinnov.blog%2Findex.php%2Fen%2F2020%2F12%2F08%2Fstreet-art-versailles-royally-poetic%2F%3Futm_source%3Demail%26utm_medium%3Dsocial%26utm_campaign%3DSocialWarfare\" target=\"_blank\"><span class=\"swp_count swp_hide\"><span class=\"iconFiller\"><span class=\"spaceManWilly\"><i class=\"sw swp_email_icon\"><\/i><span class=\"swp_share\">Email<\/span><\/span><\/span><\/span><\/a><\/div><div class=\"nc_tweetContainer swp_share_button swp_twitter\" data-network=\"twitter\"><a class=\"nc_tweet swp_share_link\" rel=\"nofollow noreferrer noopener\" target=\"_blank\" href=\"https:\/\/twitter.com\/intent\/tweet?text=Take+you+to+Versailles+in+order+to+discover+Street+Art+seems+a+little+crazy+to+you%3F+Follow+me%2C+you%27re+going+to+love+it%21+%23streetartversailles+%23seth+%23aryz+%23jaderivera+%23waone+%23telmomiel&url=https%3A%2F%2Faltinnov.blog%2Findex.php%2Fen%2F2020%2F12%2F08%2Fstreet-art-versailles-royally-poetic%2F%3Futm_source%3Dtwitter%26utm_medium%3Dsocial%26utm_campaign%3DSocialWarfare&via=Altinnov1\" data-link=\"https:\/\/twitter.com\/intent\/tweet?text=Take+you+to+Versailles+in+order+to+discover+Street+Art+seems+a+little+crazy+to+you%3F+Follow+me%2C+you%27re+going+to+love+it%21+%23streetartversailles+%23seth+%23aryz+%23jaderivera+%23waone+%23telmomiel&url=https%3A%2F%2Faltinnov.blog%2Findex.php%2Fen%2F2020%2F12%2F08%2Fstreet-art-versailles-royally-poetic%2F%3Futm_source%3Dtwitter%26utm_medium%3Dsocial%26utm_campaign%3DSocialWarfare&via=Altinnov1\"><span class=\"swp_count swp_hide\"><span class=\"iconFiller\"><span class=\"spaceManWilly\"><i class=\"sw swp_twitter_icon\"><\/i><span class=\"swp_share\">Tweetez<\/span><\/span><\/span><\/span><\/a><\/div><div class=\"nc_tweetContainer swp_share_button swp_pinterest\" data-network=\"pinterest\"><a rel=\"nofollow noreferrer noopener\" class=\"nc_tweet swp_share_link\" data-count=\"0\" data-link=\"https:\/\/pinterest.com\/pin\/create\/button\/?url=https:\/\/altinnov.blog\/index.php\/en\/2020\/12\/08\/street-art-versailles-royally-poetic\/&media=https%3A%2F%2Faltinnov.blog%2Fwp-content%2Fuploads%2F2020%2F12%2FFresque-murale-re%CC%81alise%CC%81e-par-le-Street-Artiste-Espagnol-Aryz-pour-Quai-36-a%CC%80-Versailles.jpg&description=Take+you+to+Versailles+in+order+to+discover+Street+Art+seems+a+little+crazy+to+you%3F+Follow+me%2C+you%27re+going+to+love+these+monumental+frescoes%21+via+%40https%3A%2F%2Fwww.pinterest.fr%2FSeverineTP%2F\" href=\"https:\/\/pinterest.com\/pin\/create\/button\/?url=https:\/\/altinnov.blog\/index.php\/en\/2020\/12\/08\/street-art-versailles-royally-poetic\/&media=https%3A%2F%2Faltinnov.blog%2Fwp-content%2Fuploads%2F2020%2F12%2FFresque-murale-re%CC%81alise%CC%81e-par-le-Street-Artiste-Espagnol-Aryz-pour-Quai-36-a%CC%80-Versailles.jpg&description=Take+you+to+Versailles+in+order+to+discover+Street+Art+seems+a+little+crazy+to+you%3F+Follow+me%2C+you%27re+going+to+love+these+monumental+frescoes%21+via+%40https%3A%2F%2Fwww.pinterest.fr%2FSeverineTP%2F\" ><span class=\"swp_count swp_hide\"><span class=\"iconFiller\"><span class=\"spaceManWilly\"><i class=\"sw swp_pinterest_icon\"><\/i><span class=\"swp_share\">\u00c9pingle<\/span><\/span><\/span><\/span><\/a><\/div><div class=\"nc_tweetContainer swp_share_button swp_linkedin\" data-network=\"linkedin\"><a class=\"nc_tweet swp_share_link\" rel=\"nofollow noreferrer noopener\" target=\"_blank\" href=\"https:\/\/www.linkedin.com\/cws\/share?url=https%3A%2F%2Faltinnov.blog%2Findex.php%2Fen%2F2020%2F12%2F08%2Fstreet-art-versailles-royally-poetic%2F%3Futm_source%3Dlinkedin%26utm_medium%3Dsocial%26utm_campaign%3DSocialWarfare\" data-link=\"https:\/\/www.linkedin.com\/cws\/share?url=https%3A%2F%2Faltinnov.blog%2Findex.php%2Fen%2F2020%2F12%2F08%2Fstreet-art-versailles-royally-poetic%2F%3Futm_source%3Dlinkedin%26utm_medium%3Dsocial%26utm_campaign%3DSocialWarfare\"><span class=\"swp_count swp_hide\"><span class=\"iconFiller\"><span class=\"spaceManWilly\"><i class=\"sw swp_linkedin_icon\"><\/i><span class=\"swp_share\">Partagez<\/span><\/span><\/span><\/span><\/a><\/div><\/div>Taking you to Versailles to discover Street Art seems to me to be anachronistic and yet that&rsquo;s what I&rsquo;m going to do in this new article!<\/p>\n<p>When we think of Versailles, we think of Louis XIV, French gardens, we also think of its charming historic center and why not Sacha Guitry who recounted its history and that of its characters in the famous \u00ab\u00a0If Versailles was told to me\u00a0\u00bb.<\/p><div id=\"altin-849524054\" class=\"altin-contenu_2 altin-entity-placement\"><script async src=\"\/\/pagead2.googlesyndication.com\/pagead\/js\/adsbygoogle.js?client=ca-pub-4035181110757945\" crossorigin=\"anonymous\"><\/script><ins class=\"adsbygoogle\" style=\"display:block; text-align:center;\" data-ad-client=\"ca-pub-4035181110757945\" \ndata-ad-slot=\"9414912321\" \ndata-ad-layout=\"in-article\"\ndata-ad-format=\"fluid\"><\/ins>\n<script> \n(adsbygoogle = window.adsbygoogle || []).push({}); \n<\/script>\n<\/div>\n<p>To associate the term Street Art, so modern and urban, with the classic Versailles, could surprise many. This is what has just happened in the modern district of the City named Bernard de Jussieu, in homage to the famous botanist. A complete rehabilitation of the neighbourhood enhanced by 10 magnificently murals that are absolutely not hurting in the landscape.<\/p>\n<h2>Project #1096 \u00ab\u00a0natural\u00a0\u00bb Street Art in the heart of Versailles<\/h2>\n<p>A few steps away from the state-owned forest Les Fausses Reposes, this neighbourhood could resemble all the neighbourhoods that grew up in France in the 60s. Except that the City of Versailles decided to rehabilitate it in order to bring thermal comfort to the dwellings enclaved below the wood by integrating an artistic dimension to this second life. The theme imposed for these achievements was the relationship between man and nature. A theme in tribute to the botanist Bernard de Jussieu, but above all a theme that seems to stick so well to this Versailles which has a magnificent arboretum where nature lovers from all over the world meet.<\/p>\n<p>Thus the colossal project named #1096 was born. While <strong>Eiffage Construction<\/strong> was carrying out the rehabilitation work, <strong>Quai 36<\/strong> was carrying out an international artistic direction in order to have 10 giant frescoes created in one year, in a difficult period that you all know. A challenge won on all levels! Here are some of these works that caught my eye.<\/p>\n<h2><a href=\"https:\/\/www.instagram.com\/jade1rivera\/\" target=\"_blank\" rel=\"noopener noreferrer\"><strong>Jade Rivera<\/strong><\/a><strong> directs \u00ab\u00a0Flora\u00a0\u00bb, an invitation to another world<\/strong><\/h2>\n<div id=\"attachment_3598\" style=\"width: 1034px\" class=\"wp-caption aligncenter\"><img aria-describedby=\"caption-attachment-3598\" decoding=\"async\" loading=\"lazy\" class=\"size-large wp-image-3598\" src=\"https:\/\/i0.wp.com\/altinnov.blog\/wp-content\/uploads\/2020\/12\/Street-Art-Versailles-Fresque-murale-de-Jade-Rivera-Projet-1096-Quai36.jpg?resize=1024%2C1024&#038;ssl=1\" alt=\"Street Art Versailles - Fresque murale de Jade Rivera - Projet #1096 Quai36\" width=\"1024\" height=\"1024\" srcset=\"https:\/\/i0.wp.com\/altinnov.blog\/wp-content\/uploads\/2020\/12\/Street-Art-Versailles-Fresque-murale-de-Jade-Rivera-Projet-1096-Quai36.jpg?resize=1024%2C1024&amp;ssl=1 1024w, https:\/\/i0.wp.com\/altinnov.blog\/wp-content\/uploads\/2020\/12\/Street-Art-Versailles-Fresque-murale-de-Jade-Rivera-Projet-1096-Quai36.jpg?resize=300%2C300&amp;ssl=1 300w, https:\/\/i0.wp.com\/altinnov.blog\/wp-content\/uploads\/2020\/12\/Street-Art-Versailles-Fresque-murale-de-Jade-Rivera-Projet-1096-Quai36.jpg?resize=150%2C150&amp;ssl=1 150w, https:\/\/i0.wp.com\/altinnov.blog\/wp-content\/uploads\/2020\/12\/Street-Art-Versailles-Fresque-murale-de-Jade-Rivera-Projet-1096-Quai36.jpg?resize=768%2C768&amp;ssl=1 768w, https:\/\/i0.wp.com\/altinnov.blog\/wp-content\/uploads\/2020\/12\/Street-Art-Versailles-Fresque-murale-de-Jade-Rivera-Projet-1096-Quai36.jpg?resize=1536%2C1536&amp;ssl=1 1536w, https:\/\/i0.wp.com\/altinnov.blog\/wp-content\/uploads\/2020\/12\/Street-Art-Versailles-Fresque-murale-de-Jade-Rivera-Projet-1096-Quai36.jpg?w=1744&amp;ssl=1 1744w\" sizes=\"(max-width: 1024px) 100vw, 1024px\" data-recalc-dims=\"1\" \/><p id=\"caption-attachment-3598\" class=\"wp-caption-text\">\u00ab\u00a0Flora\u00a0\u00bb &#8211; Jade Rivera &#8211; Photo @Altinnov<\/p><\/div>\n<p>&nbsp;<\/p>\n<p>The first time I saw a drawing by Jade Rivera was on a small rock facing the Gulf of Mexico on Holbox Island; the simple drawing of a sitting child certainly dreaming of a better future on the other side of the Gulf. It is thanks to this little sketch that I became interested in the work of this Peruvian artist around children, especially those in the Himalayas and his strong relationship with nature which is a recurring subject in his work. This magical fresco is an invitation&#8230; As if we were going to project ourselves into another world, an open book of botany, like an invitation to a new journey. Will we have to carry our flowers with us for fear of not having any more? Does the endangered bird hold the key to this new kingdom? Jade Rivera invites us, under a visual softness, to question ourselves about the future&#8230; To make our imagination play with codes that are hims. A promising journey.<\/p>\n<h2><strong>\u00ab\u00a0Curious Botanist\u00a0\u00bb <\/strong><a href=\"https:\/\/www.instagram.com\/waone_interesnikazki\/\" target=\"_blank\" rel=\"noopener noreferrer\"><strong>Waone<\/strong><\/a>&lsquo;s fresco<strong>: a giant tribute to Bernard de Jussieu<\/strong><\/h2>\n<div id=\"attachment_3601\" style=\"width: 1034px\" class=\"wp-caption aligncenter\"><img aria-describedby=\"caption-attachment-3601\" decoding=\"async\" loading=\"lazy\" class=\"size-large wp-image-3601\" src=\"https:\/\/i0.wp.com\/altinnov.blog\/wp-content\/uploads\/2020\/12\/Street-Artiste-Ukrainien-WAONE-a\u0300-Versailles-Quai-36-projet-1096.jpg?resize=1024%2C1024&#038;ssl=1\" alt=\"Street Artiste Ukrainien WAONE a\u0300 Versailles - Quai 36 projet 1096\" width=\"1024\" height=\"1024\" srcset=\"https:\/\/i0.wp.com\/altinnov.blog\/wp-content\/uploads\/2020\/12\/Street-Artiste-Ukrainien-WAONE-a\u0300-Versailles-Quai-36-projet-1096.jpg?resize=1024%2C1024&amp;ssl=1 1024w, https:\/\/i0.wp.com\/altinnov.blog\/wp-content\/uploads\/2020\/12\/Street-Artiste-Ukrainien-WAONE-a\u0300-Versailles-Quai-36-projet-1096.jpg?resize=300%2C300&amp;ssl=1 300w, https:\/\/i0.wp.com\/altinnov.blog\/wp-content\/uploads\/2020\/12\/Street-Artiste-Ukrainien-WAONE-a\u0300-Versailles-Quai-36-projet-1096.jpg?resize=150%2C150&amp;ssl=1 150w, https:\/\/i0.wp.com\/altinnov.blog\/wp-content\/uploads\/2020\/12\/Street-Artiste-Ukrainien-WAONE-a\u0300-Versailles-Quai-36-projet-1096.jpg?resize=768%2C768&amp;ssl=1 768w, https:\/\/i0.wp.com\/altinnov.blog\/wp-content\/uploads\/2020\/12\/Street-Artiste-Ukrainien-WAONE-a\u0300-Versailles-Quai-36-projet-1096.jpg?resize=1536%2C1536&amp;ssl=1 1536w, https:\/\/i0.wp.com\/altinnov.blog\/wp-content\/uploads\/2020\/12\/Street-Artiste-Ukrainien-WAONE-a\u0300-Versailles-Quai-36-projet-1096.jpg?resize=2048%2C2048&amp;ssl=1 2048w, https:\/\/i0.wp.com\/altinnov.blog\/wp-content\/uploads\/2020\/12\/Street-Artiste-Ukrainien-WAONE-a\u0300-Versailles-Quai-36-projet-1096.jpg?w=2280&amp;ssl=1 2280w\" sizes=\"(max-width: 1024px) 100vw, 1024px\" data-recalc-dims=\"1\" \/><p id=\"caption-attachment-3601\" class=\"wp-caption-text\">\u00ab\u00a0Curious Botanist\u00a0\u00bb &#8211; WAONE &#8211; Photo @Altinnov<\/p><\/div>\n<p>&nbsp;<\/p>\n<p>With this fresco in a neo-surrealistic, even phantasmagorical style, the Ukrainian artist Waone Interesni Kazki imagines the botanist Bernard de Jussieu in his work. With his writing he delicately reminds us that this botanist founded a method of plant classification based on the anatomical characteristics of the plant embryo. This is the first time I have seen a fresco by this artist and I was as if caught up in his universe and his style, which immediately reminds me of those found in Eastern European countries. I felt very small in front of this character who strangely made me think of the colossus with feet of clay. This fresco awakens a strange feeling of power and softness. Once again we enter a new world where multiple interpretations are allowed, if only to decipher this child with the head of a plant sitting on the ground! I never get tired of looking at it&#8230;<\/p>\n<h2><a href=\"https:\/\/www.instagram.com\/telmomiel\/\" target=\"_blank\" rel=\"noopener noreferrer\"><strong>Telmo Miel<\/strong><\/a><strong> brings to life in its own way \u00ab\u00a0Martine in the forest\u00a0\u00bb<\/strong><\/h2>\n<div id=\"attachment_3603\" style=\"width: 1034px\" class=\"wp-caption aligncenter\"><img aria-describedby=\"caption-attachment-3603\" decoding=\"async\" loading=\"lazy\" class=\"size-large wp-image-3603\" src=\"https:\/\/i0.wp.com\/altinnov.blog\/wp-content\/uploads\/2020\/12\/Fresque-Murale-Martine-dans-la-fore\u0302t-re\u0301alise\u0301e-par-les-artistes-Telmo-Miel-pour-Quai-36-a\u0300-Versailles.jpg?resize=1024%2C1024&#038;ssl=1\" alt=\"Fresque Murale Martine dans la fore\u0302t re\u0301alise\u0301e par les artistes Telmo Miel pour Quai 36 a\u0300 Versailles\" width=\"1024\" height=\"1024\" srcset=\"https:\/\/i0.wp.com\/altinnov.blog\/wp-content\/uploads\/2020\/12\/Fresque-Murale-Martine-dans-la-fore\u0302t-re\u0301alise\u0301e-par-les-artistes-Telmo-Miel-pour-Quai-36-a\u0300-Versailles.jpg?resize=1024%2C1024&amp;ssl=1 1024w, https:\/\/i0.wp.com\/altinnov.blog\/wp-content\/uploads\/2020\/12\/Fresque-Murale-Martine-dans-la-fore\u0302t-re\u0301alise\u0301e-par-les-artistes-Telmo-Miel-pour-Quai-36-a\u0300-Versailles.jpg?resize=300%2C300&amp;ssl=1 300w, https:\/\/i0.wp.com\/altinnov.blog\/wp-content\/uploads\/2020\/12\/Fresque-Murale-Martine-dans-la-fore\u0302t-re\u0301alise\u0301e-par-les-artistes-Telmo-Miel-pour-Quai-36-a\u0300-Versailles.jpg?resize=150%2C150&amp;ssl=1 150w, https:\/\/i0.wp.com\/altinnov.blog\/wp-content\/uploads\/2020\/12\/Fresque-Murale-Martine-dans-la-fore\u0302t-re\u0301alise\u0301e-par-les-artistes-Telmo-Miel-pour-Quai-36-a\u0300-Versailles.jpg?resize=768%2C768&amp;ssl=1 768w, https:\/\/i0.wp.com\/altinnov.blog\/wp-content\/uploads\/2020\/12\/Fresque-Murale-Martine-dans-la-fore\u0302t-re\u0301alise\u0301e-par-les-artistes-Telmo-Miel-pour-Quai-36-a\u0300-Versailles.jpg?resize=1536%2C1536&amp;ssl=1 1536w, https:\/\/i0.wp.com\/altinnov.blog\/wp-content\/uploads\/2020\/12\/Fresque-Murale-Martine-dans-la-fore\u0302t-re\u0301alise\u0301e-par-les-artistes-Telmo-Miel-pour-Quai-36-a\u0300-Versailles.jpg?resize=2048%2C2048&amp;ssl=1 2048w, https:\/\/i0.wp.com\/altinnov.blog\/wp-content\/uploads\/2020\/12\/Fresque-Murale-Martine-dans-la-fore\u0302t-re\u0301alise\u0301e-par-les-artistes-Telmo-Miel-pour-Quai-36-a\u0300-Versailles.jpg?w=2280&amp;ssl=1 2280w\" sizes=\"(max-width: 1024px) 100vw, 1024px\" data-recalc-dims=\"1\" \/><p id=\"caption-attachment-3603\" class=\"wp-caption-text\">\u00ab\u00a0Martine in the forest\u00a0\u00bb &#8211; Telmo Miel &#8211; Photo @Altinnov<\/p><\/div>\n<p>&nbsp;<\/p><div id=\"altin-230276338\" class=\"altin-contenu altin-entity-placement\"><script async src=\"\/\/pagead2.googlesyndication.com\/pagead\/js\/adsbygoogle.js?client=ca-pub-4035181110757945\" crossorigin=\"anonymous\"><\/script><ins class=\"adsbygoogle\" style=\"display:block; text-align:center;\" data-ad-client=\"ca-pub-4035181110757945\" \ndata-ad-slot=\"9414912321\" \ndata-ad-layout=\"in-article\"\ndata-ad-format=\"fluid\"><\/ins>\n<script> \n(adsbygoogle = window.adsbygoogle || []).push({}); \n<\/script>\n<\/div>\n<p>I have already told you about the work of this duo that systematically makes his works quite enigmatic, well \u00ab\u00a0Martine in the forest\u00a0\u00bb is no exception. This reference to the series of French children&rsquo;s books \u00ab\u00a0Martine\u00a0\u00bb was made with a lot of poetry. This work with 4 hands, on several superimposed layers, plays with our eye which is attracted by different points of reading at each glance. If this fresco hadn&rsquo;t had a name, I would have been tempted to name it Alice in Wonderland&#8230; But this is impossible because it seems that Martine has become a mascot of Bernard de Jussieu&rsquo;s neighbourhood.<\/p>\n<h2><strong>An ascent towards nature with \u00ab Respire \/ Breathe\u00bb from <a href=\"https:\/\/www.instagram.com\/seth_globepainter\/\">Seth<\/a><\/strong><\/h2>\n<div id=\"attachment_3605\" style=\"width: 1034px\" class=\"wp-caption aligncenter\"><img aria-describedby=\"caption-attachment-3605\" decoding=\"async\" loading=\"lazy\" class=\"size-large wp-image-3605\" src=\"https:\/\/i0.wp.com\/altinnov.blog\/wp-content\/uploads\/2020\/12\/Fresque-Murale-par-Seth-Globe-Painter-pour-Quai-36-projet-1096-a\u0300-Versailles.jpg?resize=1024%2C1024&#038;ssl=1\" alt=\"Fresque Murale par Seth Globe Painter pour Quai 36 projet 1096 a\u0300 Versailles\" width=\"1024\" height=\"1024\" srcset=\"https:\/\/i0.wp.com\/altinnov.blog\/wp-content\/uploads\/2020\/12\/Fresque-Murale-par-Seth-Globe-Painter-pour-Quai-36-projet-1096-a\u0300-Versailles.jpg?resize=1024%2C1024&amp;ssl=1 1024w, https:\/\/i0.wp.com\/altinnov.blog\/wp-content\/uploads\/2020\/12\/Fresque-Murale-par-Seth-Globe-Painter-pour-Quai-36-projet-1096-a\u0300-Versailles.jpg?resize=300%2C300&amp;ssl=1 300w, https:\/\/i0.wp.com\/altinnov.blog\/wp-content\/uploads\/2020\/12\/Fresque-Murale-par-Seth-Globe-Painter-pour-Quai-36-projet-1096-a\u0300-Versailles.jpg?resize=150%2C150&amp;ssl=1 150w, https:\/\/i0.wp.com\/altinnov.blog\/wp-content\/uploads\/2020\/12\/Fresque-Murale-par-Seth-Globe-Painter-pour-Quai-36-projet-1096-a\u0300-Versailles.jpg?resize=768%2C768&amp;ssl=1 768w, https:\/\/i0.wp.com\/altinnov.blog\/wp-content\/uploads\/2020\/12\/Fresque-Murale-par-Seth-Globe-Painter-pour-Quai-36-projet-1096-a\u0300-Versailles.jpg?resize=1536%2C1536&amp;ssl=1 1536w, https:\/\/i0.wp.com\/altinnov.blog\/wp-content\/uploads\/2020\/12\/Fresque-Murale-par-Seth-Globe-Painter-pour-Quai-36-projet-1096-a\u0300-Versailles.jpg?resize=2048%2C2048&amp;ssl=1 2048w, https:\/\/i0.wp.com\/altinnov.blog\/wp-content\/uploads\/2020\/12\/Fresque-Murale-par-Seth-Globe-Painter-pour-Quai-36-projet-1096-a\u0300-Versailles.jpg?w=2280&amp;ssl=1 2280w\" sizes=\"(max-width: 1024px) 100vw, 1024px\" data-recalc-dims=\"1\" \/><p id=\"caption-attachment-3605\" class=\"wp-caption-text\">\u00ab\u00a0Respire\u00a0\u00bb &#8211; Seth &#8211; Photo @Altinnov<\/p><\/div>\n<p>&nbsp;<\/p>\n<p>I had this strange feeling during this walk that the Street Artists had decided to summon our children&rsquo;s souls and the wonder we had felt in front of nature. <strong>Seth<\/strong> has the habit of sending our imagination back to that of childhood to sometimes question serious subjects&#8230; I saw his work as an escalation of the wall that encircles this district and gives access to an abundant state forest. The expression \u00ab\u00a0climbing the wall\u00a0\u00bb to go into nature came to my mind&#8230; Perhaps because of my lockdown in Paris who knows?<\/p>\n<h2><strong>\u00ab\u00a0Monument\u00a0\u00bb: a flight symbol of freedom created by <a href=\"https:\/\/www.instagram.com\/eron_artist\/\" target=\"_blank\" rel=\"noopener noreferrer\">Eron<\/a><\/strong><\/h2>\n<div id=\"attachment_3606\" style=\"width: 1034px\" class=\"wp-caption aligncenter\"><img aria-describedby=\"caption-attachment-3606\" decoding=\"async\" loading=\"lazy\" class=\"size-large wp-image-3606\" src=\"https:\/\/i0.wp.com\/altinnov.blog\/wp-content\/uploads\/2020\/12\/Fresque-murale-Monument-re\u0301alise\u0301e-par-le-Street-Artiste-Italien-Eron-pour-le-projet-1096-a\u0300-Versailles.jpg?resize=1024%2C1024&#038;ssl=1\" alt=\"Fresque murale Monument re\u0301alise\u0301e par le Street Artiste Italien Eron pour le projet #1096 a\u0300 Versailles\" width=\"1024\" height=\"1024\" srcset=\"https:\/\/i0.wp.com\/altinnov.blog\/wp-content\/uploads\/2020\/12\/Fresque-murale-Monument-re\u0301alise\u0301e-par-le-Street-Artiste-Italien-Eron-pour-le-projet-1096-a\u0300-Versailles.jpg?resize=1024%2C1024&amp;ssl=1 1024w, https:\/\/i0.wp.com\/altinnov.blog\/wp-content\/uploads\/2020\/12\/Fresque-murale-Monument-re\u0301alise\u0301e-par-le-Street-Artiste-Italien-Eron-pour-le-projet-1096-a\u0300-Versailles.jpg?resize=300%2C300&amp;ssl=1 300w, https:\/\/i0.wp.com\/altinnov.blog\/wp-content\/uploads\/2020\/12\/Fresque-murale-Monument-re\u0301alise\u0301e-par-le-Street-Artiste-Italien-Eron-pour-le-projet-1096-a\u0300-Versailles.jpg?resize=150%2C150&amp;ssl=1 150w, https:\/\/i0.wp.com\/altinnov.blog\/wp-content\/uploads\/2020\/12\/Fresque-murale-Monument-re\u0301alise\u0301e-par-le-Street-Artiste-Italien-Eron-pour-le-projet-1096-a\u0300-Versailles.jpg?resize=768%2C768&amp;ssl=1 768w, https:\/\/i0.wp.com\/altinnov.blog\/wp-content\/uploads\/2020\/12\/Fresque-murale-Monument-re\u0301alise\u0301e-par-le-Street-Artiste-Italien-Eron-pour-le-projet-1096-a\u0300-Versailles.jpg?resize=1536%2C1536&amp;ssl=1 1536w, https:\/\/i0.wp.com\/altinnov.blog\/wp-content\/uploads\/2020\/12\/Fresque-murale-Monument-re\u0301alise\u0301e-par-le-Street-Artiste-Italien-Eron-pour-le-projet-1096-a\u0300-Versailles.jpg?w=1683&amp;ssl=1 1683w\" sizes=\"(max-width: 1024px) 100vw, 1024px\" data-recalc-dims=\"1\" \/><p id=\"caption-attachment-3606\" class=\"wp-caption-text\">\u00ab\u00a0Monument\u00a0\u00bb &#8211; Eron &#8211; Photo @Altinnov<\/p><\/div>\n<p>&nbsp;<\/p>\n<p><strong>Eron<\/strong> is certainly the most internationally known Italian Street Artist. His works often come out of the frame, appear as shadows, angels or simply escape from their support. This figurative artist works his pictorial style to perfection! In this work the birds literally escape from the frame representing the cage or more simply from the hand of the man who tames them. A real questioning on the relationship we have with nature so magnificent when it is free and wild and so often deprived of freedom by our own hands.<\/p>\n<h2>\u00ab\u00a0Violeta\u00a0\u00bb from <a href=\"https:\/\/www.instagram.com\/mr_aryz\/?hl=es\" target=\"_blank\" rel=\"noopener noreferrer\">Aryz<\/a>; a look above the neighbourhood<\/h2>\n<div id=\"attachment_3607\" style=\"width: 1034px\" class=\"wp-caption aligncenter\"><img aria-describedby=\"caption-attachment-3607\" decoding=\"async\" loading=\"lazy\" class=\"size-large wp-image-3607\" src=\"https:\/\/i0.wp.com\/altinnov.blog\/wp-content\/uploads\/2020\/12\/Fresque-murale-re\u0301alise\u0301e-par-le-Street-Artiste-Espagnol-Aryz-pour-Quai-36-a\u0300-Versailles.jpg?resize=1024%2C1024&#038;ssl=1\" alt=\"Fresque murale re\u0301alise\u0301e par le Street Artiste Espagnol Aryz pour Quai 36 a\u0300 Versailles\" width=\"1024\" height=\"1024\" srcset=\"https:\/\/i0.wp.com\/altinnov.blog\/wp-content\/uploads\/2020\/12\/Fresque-murale-re\u0301alise\u0301e-par-le-Street-Artiste-Espagnol-Aryz-pour-Quai-36-a\u0300-Versailles.jpg?resize=1024%2C1024&amp;ssl=1 1024w, https:\/\/i0.wp.com\/altinnov.blog\/wp-content\/uploads\/2020\/12\/Fresque-murale-re\u0301alise\u0301e-par-le-Street-Artiste-Espagnol-Aryz-pour-Quai-36-a\u0300-Versailles.jpg?resize=300%2C300&amp;ssl=1 300w, https:\/\/i0.wp.com\/altinnov.blog\/wp-content\/uploads\/2020\/12\/Fresque-murale-re\u0301alise\u0301e-par-le-Street-Artiste-Espagnol-Aryz-pour-Quai-36-a\u0300-Versailles.jpg?resize=150%2C150&amp;ssl=1 150w, https:\/\/i0.wp.com\/altinnov.blog\/wp-content\/uploads\/2020\/12\/Fresque-murale-re\u0301alise\u0301e-par-le-Street-Artiste-Espagnol-Aryz-pour-Quai-36-a\u0300-Versailles.jpg?resize=768%2C768&amp;ssl=1 768w, https:\/\/i0.wp.com\/altinnov.blog\/wp-content\/uploads\/2020\/12\/Fresque-murale-re\u0301alise\u0301e-par-le-Street-Artiste-Espagnol-Aryz-pour-Quai-36-a\u0300-Versailles.jpg?resize=1536%2C1536&amp;ssl=1 1536w, https:\/\/i0.wp.com\/altinnov.blog\/wp-content\/uploads\/2020\/12\/Fresque-murale-re\u0301alise\u0301e-par-le-Street-Artiste-Espagnol-Aryz-pour-Quai-36-a\u0300-Versailles.jpg?resize=2048%2C2048&amp;ssl=1 2048w, https:\/\/i0.wp.com\/altinnov.blog\/wp-content\/uploads\/2020\/12\/Fresque-murale-re\u0301alise\u0301e-par-le-Street-Artiste-Espagnol-Aryz-pour-Quai-36-a\u0300-Versailles.jpg?w=2280&amp;ssl=1 2280w\" sizes=\"(max-width: 1024px) 100vw, 1024px\" data-recalc-dims=\"1\" \/><p id=\"caption-attachment-3607\" class=\"wp-caption-text\">\u00ab\u00a0Violeta\u00a0\u00bb &#8211; Aryz &#8211; Photo @Altinnov<\/p><\/div>\n<p>&nbsp;<\/p>\n<p>This work of <strong>Aryz<\/strong> stands out from the others by its pastel coloration and the so distant look of this young woman with a flower in her hand. His vision of the relationship that humans have with nature seems basic and yet the look of this woman is above all &#8230; or simply dreamy. The XXL works of this Spanish artist have the interesting thing that he doesn&rsquo;t make them for people, but for them to really interact with the environment and the surrounding buildings. In a more down-to-earth reality, this young woman turns her eyes away from a soccer field located in front of the building and looks towards the horizon, far away from the neighbourhood where she is.<\/p>\n<h2>Street Art lovers, do you have to go to Versailles to admire the project #1096 carried out by Quai 36?<\/h2>\n<p>Very sincerely, and even if there are only 10 murals, this project is worth seeing because it is really different from others like the one on Boulevard Paris 13 for example. Very often the monumental works come to break the lines of architecture, deceive the eye or even fill your eyes with shimmering colors! Here all is only softness, the works are enveloping like a forest; the theme is certainly there for something. The Street Art in Versailles is worth to be known&#8230; And if you think that 10 frescoes is a little bit too much, know that you can also complete your walk by a small <a href=\"https:\/\/altinnov.blog\/index.php\/en\/2019\/05\/28\/invaders-paris-lyon-london-rome-new-york\/\" target=\"_blank\" rel=\"noopener noreferrer\"><strong>Invader<\/strong><\/a> hunt in the streets of this noble city!<\/p>\n<p>To get there and locate the works, nothing could be simpler! All information is available on the <a href=\"https:\/\/quai36.com\/creation\/projet-1096-versailles-mona-caron\/\" target=\"_blank\" rel=\"noopener noreferrer\"><strong>Quai36 website<\/strong><\/a>.<\/p>\n<p>To discover a little more of <strong>Jade Rivera<\/strong>&lsquo;s work, I give you an appointment at <a href=\"https:\/\/altinnov.blog\/index.php\/en\/2019\/07\/16\/island-holbox-street-art-paradise\/\"><strong>Holbox in Mexico<\/strong><\/a>, for that of <strong>Seth<\/strong> at <a href=\"https:\/\/altinnov.blog\/index.php\/en\/2020\/11\/09\/open-air-street-art-museum-paris\/\"><strong>Boulevard Paris 13<\/strong><\/a> and to better understand the work of the duo <strong>Telmo Miel<\/strong> in <a href=\"https:\/\/altinnov.blog\/index.php\/en\/2020\/10\/02\/street-art-in-boulogne-sur-mer-france\/\"><strong>Boulogne-sur-Mer where they created two magnificent frescoes<\/strong><\/a>.<\/p>\n<p>On my side, I put my sneakers back on, and within a perimeter of 20 Km, I already left for a new Street Art adventure; less royal this time \ud83d\ude09<\/p>\n<p>See you soon.<\/p>\n<p>S\u00e9verine<\/p>\n<div class=\"tiled-gallery type-rectangular tiled-gallery-unresized\" data-original-width=\"1140\" data-carousel-extra='null' itemscope itemtype=\"http:\/\/schema.org\/ImageGallery\" > <div class=\"gallery-row\" style=\"width: 1140px; height: 760px;\" data-original-width=\"1140\" data-original-height=\"760\" > <div class=\"gallery-group images-1\" style=\"width: 760px; height: 760px;\" data-original-width=\"760\" data-original-height=\"760\" > <div class=\"tiled-gallery-item tiled-gallery-item-large\" itemprop=\"associatedMedia\" itemscope itemtype=\"http:\/\/schema.org\/ImageObject\"> <a href=\"https:\/\/altinnov.blog\/index.php\/fr\/2020\/12\/08\/street-art-versailles\/street-art-invader-versailles-decaptitation-du-roi\/\" border=\"0\" itemprop=\"url\"> <meta itemprop=\"width\" content=\"756\"> <meta itemprop=\"height\" content=\"756\"> <img class=\"\" data-attachment-id=\"3614\" data-orig-file=\"https:\/\/altinnov.blog\/wp-content\/uploads\/2020\/12\/Street-Art-Invader-Versailles-de\u0301captitation-du-Roi-scaled.jpg\" data-orig-size=\"2560,2560\" data-comments-opened=\"1\" data-image-meta=\"{&quot;aperture&quot;:&quot;2.2&quot;,&quot;credit&quot;:&quot;&quot;,&quot;camera&quot;:&quot;iPhone 6s Plus&quot;,&quot;caption&quot;:&quot;&quot;,&quot;created_timestamp&quot;:&quot;1606656786&quot;,&quot;copyright&quot;:&quot;&quot;,&quot;focal_length&quot;:&quot;4.15&quot;,&quot;iso&quot;:&quot;25&quot;,&quot;shutter_speed&quot;:&quot;0.0013661202185792&quot;,&quot;title&quot;:&quot;&quot;,&quot;orientation&quot;:&quot;0&quot;}\" data-image-title=\"Invader Versailles &#8211; de\u0301captitation du Roi\" data-image-description=\"&lt;p&gt;Invader Versailles &#8211; de\u0301captitation du Roi&lt;\/p&gt; \" data-medium-file=\"https:\/\/i0.wp.com\/altinnov.blog\/wp-content\/uploads\/2020\/12\/Street-Art-Invader-Versailles-de\u0301captitation-du-Roi-scaled.jpg?fit=300%2C300&#038;ssl=1\" data-large-file=\"https:\/\/i0.wp.com\/altinnov.blog\/wp-content\/uploads\/2020\/12\/Street-Art-Invader-Versailles-de\u0301captitation-du-Roi-scaled.jpg?fit=1024%2C1024&#038;ssl=1\" src=\"https:\/\/i0.wp.com\/altinnov.blog\/wp-content\/uploads\/2020\/12\/Street-Art-Invader-Versailles-de\u0301captitation-du-Roi-scaled.jpg?w=756&#038;h=756&#038;crop=1&#038;ssl=1\" srcset=\"https:\/\/i0.wp.com\/altinnov.blog\/wp-content\/uploads\/2020\/12\/Street-Art-Invader-Versailles-de\u0301captitation-du-Roi-scaled.jpg?w=2560&amp;ssl=1 2560w, https:\/\/i0.wp.com\/altinnov.blog\/wp-content\/uploads\/2020\/12\/Street-Art-Invader-Versailles-de\u0301captitation-du-Roi-scaled.jpg?resize=300%2C300&amp;ssl=1 300w, https:\/\/i0.wp.com\/altinnov.blog\/wp-content\/uploads\/2020\/12\/Street-Art-Invader-Versailles-de\u0301captitation-du-Roi-scaled.jpg?resize=1024%2C1024&amp;ssl=1 1024w, https:\/\/i0.wp.com\/altinnov.blog\/wp-content\/uploads\/2020\/12\/Street-Art-Invader-Versailles-de\u0301captitation-du-Roi-scaled.jpg?resize=150%2C150&amp;ssl=1 150w, https:\/\/i0.wp.com\/altinnov.blog\/wp-content\/uploads\/2020\/12\/Street-Art-Invader-Versailles-de\u0301captitation-du-Roi-scaled.jpg?resize=768%2C768&amp;ssl=1 768w, https:\/\/i0.wp.com\/altinnov.blog\/wp-content\/uploads\/2020\/12\/Street-Art-Invader-Versailles-de\u0301captitation-du-Roi-scaled.jpg?resize=1536%2C1536&amp;ssl=1 1536w, https:\/\/i0.wp.com\/altinnov.blog\/wp-content\/uploads\/2020\/12\/Street-Art-Invader-Versailles-de\u0301captitation-du-Roi-scaled.jpg?resize=2048%2C2048&amp;ssl=1 2048w, https:\/\/i0.wp.com\/altinnov.blog\/wp-content\/uploads\/2020\/12\/Street-Art-Invader-Versailles-de\u0301captitation-du-Roi-scaled.jpg?w=2280&amp;ssl=1 2280w\" width=\"756\" height=\"756\" loading=\"lazy\" data-original-width=\"756\" data-original-height=\"756\" itemprop=\"http:\/\/schema.org\/image\" title=\"Invader Versailles - de\u0301captitation du Roi\" alt=\"Invader Versailles - de\u0301captitation du Roi\" style=\"width: 756px; height: 756px;\" \/> <\/a> <div class=\"tiled-gallery-caption\" itemprop=\"caption description\"> Invader <\/div> <\/div> <\/div> <!-- close group --> <div class=\"gallery-group images-2\" style=\"width: 380px; height: 760px;\" data-original-width=\"380\" data-original-height=\"760\" > <div class=\"tiled-gallery-item tiled-gallery-item-large\" itemprop=\"associatedMedia\" itemscope itemtype=\"http:\/\/schema.org\/ImageObject\"> <a href=\"https:\/\/altinnov.blog\/index.php\/fr\/2020\/12\/08\/street-art-versailles\/street-art-invader-versailles-roi-soleil-rue-du-baillage\/\" border=\"0\" itemprop=\"url\"> <meta itemprop=\"width\" content=\"376\"> <meta itemprop=\"height\" content=\"376\"> <img class=\"\" data-attachment-id=\"3613\" data-orig-file=\"https:\/\/altinnov.blog\/wp-content\/uploads\/2020\/12\/Street-Art-Invader-Versailles-roi-Soleil-rue-du-Baillage.jpg\" data-orig-size=\"2399,2399\" data-comments-opened=\"1\" data-image-meta=\"{&quot;aperture&quot;:&quot;2.2&quot;,&quot;credit&quot;:&quot;&quot;,&quot;camera&quot;:&quot;iPhone 6s Plus&quot;,&quot;caption&quot;:&quot;&quot;,&quot;created_timestamp&quot;:&quot;1606657159&quot;,&quot;copyright&quot;:&quot;&quot;,&quot;focal_length&quot;:&quot;4.15&quot;,&quot;iso&quot;:&quot;25&quot;,&quot;shutter_speed&quot;:&quot;0.0029154518950437&quot;,&quot;title&quot;:&quot;&quot;,&quot;orientation&quot;:&quot;0&quot;}\" data-image-title=\"Invader Versailles roi Soleil rue du Baillage\" data-image-description=\"&lt;p&gt;Invader Versailles roi Soleil rue du Baillage&lt;\/p&gt; \" data-medium-file=\"https:\/\/i0.wp.com\/altinnov.blog\/wp-content\/uploads\/2020\/12\/Street-Art-Invader-Versailles-roi-Soleil-rue-du-Baillage.jpg?fit=300%2C300&#038;ssl=1\" data-large-file=\"https:\/\/i0.wp.com\/altinnov.blog\/wp-content\/uploads\/2020\/12\/Street-Art-Invader-Versailles-roi-Soleil-rue-du-Baillage.jpg?fit=1024%2C1024&#038;ssl=1\" src=\"https:\/\/i0.wp.com\/altinnov.blog\/wp-content\/uploads\/2020\/12\/Street-Art-Invader-Versailles-roi-Soleil-rue-du-Baillage.jpg?w=376&#038;h=376&#038;crop=1&#038;ssl=1\" srcset=\"https:\/\/i0.wp.com\/altinnov.blog\/wp-content\/uploads\/2020\/12\/Street-Art-Invader-Versailles-roi-Soleil-rue-du-Baillage.jpg?w=2399&amp;ssl=1 2399w, https:\/\/i0.wp.com\/altinnov.blog\/wp-content\/uploads\/2020\/12\/Street-Art-Invader-Versailles-roi-Soleil-rue-du-Baillage.jpg?resize=300%2C300&amp;ssl=1 300w, https:\/\/i0.wp.com\/altinnov.blog\/wp-content\/uploads\/2020\/12\/Street-Art-Invader-Versailles-roi-Soleil-rue-du-Baillage.jpg?resize=1024%2C1024&amp;ssl=1 1024w, https:\/\/i0.wp.com\/altinnov.blog\/wp-content\/uploads\/2020\/12\/Street-Art-Invader-Versailles-roi-Soleil-rue-du-Baillage.jpg?resize=150%2C150&amp;ssl=1 150w, https:\/\/i0.wp.com\/altinnov.blog\/wp-content\/uploads\/2020\/12\/Street-Art-Invader-Versailles-roi-Soleil-rue-du-Baillage.jpg?resize=768%2C768&amp;ssl=1 768w, https:\/\/i0.wp.com\/altinnov.blog\/wp-content\/uploads\/2020\/12\/Street-Art-Invader-Versailles-roi-Soleil-rue-du-Baillage.jpg?resize=1536%2C1536&amp;ssl=1 1536w, https:\/\/i0.wp.com\/altinnov.blog\/wp-content\/uploads\/2020\/12\/Street-Art-Invader-Versailles-roi-Soleil-rue-du-Baillage.jpg?resize=2048%2C2048&amp;ssl=1 2048w, https:\/\/i0.wp.com\/altinnov.blog\/wp-content\/uploads\/2020\/12\/Street-Art-Invader-Versailles-roi-Soleil-rue-du-Baillage.jpg?w=2280&amp;ssl=1 2280w\" width=\"376\" height=\"376\" loading=\"lazy\" data-original-width=\"376\" data-original-height=\"376\" itemprop=\"http:\/\/schema.org\/image\" title=\"Invader Versailles roi Soleil rue du Baillage\" alt=\"Invader Versailles roi Soleil rue du Baillage\" style=\"width: 376px; height: 376px;\" \/> <\/a> <div class=\"tiled-gallery-caption\" itemprop=\"caption description\"> Versailles <\/div> <\/div> <div class=\"tiled-gallery-item tiled-gallery-item-large\" itemprop=\"associatedMedia\" itemscope itemtype=\"http:\/\/schema.org\/ImageObject\"> <a href=\"https:\/\/altinnov.blog\/index.php\/fr\/2020\/12\/08\/street-art-versailles\/street-art-invader-versailles-le-roi-soleil\/\" border=\"0\" itemprop=\"url\"> <meta itemprop=\"width\" content=\"376\"> <meta itemprop=\"height\" content=\"376\"> <img class=\"\" data-attachment-id=\"3615\" data-orig-file=\"https:\/\/altinnov.blog\/wp-content\/uploads\/2020\/12\/Street-Art-Invader-Versailles-Le-Roi-Soleil.jpg\" data-orig-size=\"2503,2503\" data-comments-opened=\"1\" data-image-meta=\"{&quot;aperture&quot;:&quot;2.2&quot;,&quot;credit&quot;:&quot;&quot;,&quot;camera&quot;:&quot;iPhone 6s Plus&quot;,&quot;caption&quot;:&quot;&quot;,&quot;created_timestamp&quot;:&quot;1606656598&quot;,&quot;copyright&quot;:&quot;&quot;,&quot;focal_length&quot;:&quot;4.15&quot;,&quot;iso&quot;:&quot;25&quot;,&quot;shutter_speed&quot;:&quot;0.0027932960893855&quot;,&quot;title&quot;:&quot;&quot;,&quot;orientation&quot;:&quot;0&quot;}\" data-image-title=\"Invader Versailles &#8211; Le Roi Soleil\" data-image-description=\"&lt;p&gt;Invader Versailles &#8211; Le Roi Soleil&lt;\/p&gt; \" data-medium-file=\"https:\/\/i0.wp.com\/altinnov.blog\/wp-content\/uploads\/2020\/12\/Street-Art-Invader-Versailles-Le-Roi-Soleil.jpg?fit=300%2C300&#038;ssl=1\" data-large-file=\"https:\/\/i0.wp.com\/altinnov.blog\/wp-content\/uploads\/2020\/12\/Street-Art-Invader-Versailles-Le-Roi-Soleil.jpg?fit=1024%2C1024&#038;ssl=1\" src=\"https:\/\/i0.wp.com\/altinnov.blog\/wp-content\/uploads\/2020\/12\/Street-Art-Invader-Versailles-Le-Roi-Soleil.jpg?w=376&#038;h=376&#038;crop=1&#038;ssl=1\" srcset=\"https:\/\/i0.wp.com\/altinnov.blog\/wp-content\/uploads\/2020\/12\/Street-Art-Invader-Versailles-Le-Roi-Soleil.jpg?w=2503&amp;ssl=1 2503w, https:\/\/i0.wp.com\/altinnov.blog\/wp-content\/uploads\/2020\/12\/Street-Art-Invader-Versailles-Le-Roi-Soleil.jpg?resize=300%2C300&amp;ssl=1 300w, https:\/\/i0.wp.com\/altinnov.blog\/wp-content\/uploads\/2020\/12\/Street-Art-Invader-Versailles-Le-Roi-Soleil.jpg?resize=1024%2C1024&amp;ssl=1 1024w, https:\/\/i0.wp.com\/altinnov.blog\/wp-content\/uploads\/2020\/12\/Street-Art-Invader-Versailles-Le-Roi-Soleil.jpg?resize=150%2C150&amp;ssl=1 150w, https:\/\/i0.wp.com\/altinnov.blog\/wp-content\/uploads\/2020\/12\/Street-Art-Invader-Versailles-Le-Roi-Soleil.jpg?resize=768%2C768&amp;ssl=1 768w, https:\/\/i0.wp.com\/altinnov.blog\/wp-content\/uploads\/2020\/12\/Street-Art-Invader-Versailles-Le-Roi-Soleil.jpg?resize=1536%2C1536&amp;ssl=1 1536w, https:\/\/i0.wp.com\/altinnov.blog\/wp-content\/uploads\/2020\/12\/Street-Art-Invader-Versailles-Le-Roi-Soleil.jpg?resize=2048%2C2048&amp;ssl=1 2048w, https:\/\/i0.wp.com\/altinnov.blog\/wp-content\/uploads\/2020\/12\/Street-Art-Invader-Versailles-Le-Roi-Soleil.jpg?w=2280&amp;ssl=1 2280w\" width=\"376\" height=\"376\" loading=\"lazy\" data-original-width=\"376\" data-original-height=\"376\" itemprop=\"http:\/\/schema.org\/image\" title=\"Invader Versailles - Le Roi Soleil\" alt=\"Invader Versailles - Le Roi Soleil\" style=\"width: 376px; height: 376px;\" \/> <\/a> <div class=\"tiled-gallery-caption\" itemprop=\"caption description\"> Photo : @Altinnov <\/div> <\/div> <\/div> <!-- close group --> <\/div> <!-- close row --> <\/div>\n<p>&nbsp;<\/p>\n<div id=\"altin-2718574905\" class=\"altin-apres-le-contenu_2 altin-entity-placement\"><!-- Ezoic - bas article - native_bottom -->\r\n<div id=\"ezoic-pub-ad-placeholder-102\"> <\/div>\r\n<!-- End Ezoic - bas article - native_bottom --><\/div><div id=\"altin-3103041343\" class=\"altin-apres-le-contenu altin-entity-placement\" style=\"margin-left: auto;margin-right: auto;text-align: center;\"><script async src=\"\/\/pagead2.googlesyndication.com\/pagead\/js\/adsbygoogle.js?client=ca-pub-4035181110757945\" crossorigin=\"anonymous\"><\/script><ins class=\"adsbygoogle\" style=\"display:block; text-align:center;\" data-ad-client=\"ca-pub-4035181110757945\" \ndata-ad-slot=\"9414912321\" \ndata-ad-layout=\"in-article\"\ndata-ad-format=\"fluid\"><\/ins>\n<script> \n(adsbygoogle = window.adsbygoogle || []).push({}); \n<\/script>\n<\/div>","protected":false},"excerpt":{"rendered":"<p>Take you to Versailles in order to discover Street Art seems a little crazy to you? Follow me, you&rsquo;re going to love these monumental frescoes!<\/p>\n","protected":false},"author":1,"featured_media":3599,"comment_status":"open","ping_status":"open","sticky":false,"template":"","format":"standard","meta":{"jetpack_post_was_ever_published":false,"_jetpack_newsletter_access":"","_jetpack_dont_email_post_to_subs":false,"_jetpack_newsletter_tier_id":0,"_jetpack_memberships_contains_paywalled_content":false,"footnotes":"","_jetpack_memberships_contains_paid_content":false},"categories":[891],"tags":[1721,1723,1057,102,1725,1727,1729,1731],"yoast_head":"<!-- This site is optimized with the Yoast SEO plugin v22.6 - https:\/\/yoast.com\/wordpress\/plugins\/seo\/ -->\n<title>When Street Art invites itself to Versailles; it is royally poetic! - ALTINNOV<\/title>\n<meta name=\"description\" content=\"Take you to Versailles in order to discover Street Art seems a little crazy to you? Follow me, you&#039;re going to love these monumental frescoes!\" \/>\n<meta name=\"robots\" content=\"index, follow, max-snippet:-1, max-image-preview:large, max-video-preview:-1\" \/>\n<link rel=\"canonical\" href=\"https:\/\/altinnov.blog\/index.php\/en\/2020\/12\/08\/street-art-versailles-royally-poetic\/\" \/>\n<meta property=\"og:locale\" content=\"fr_FR\" \/>\n<meta property=\"og:type\" content=\"article\" \/>\n<meta property=\"og:title\" content=\"When Street Art invites itself to Versailles; it is royally poetic! - ALTINNOV\" \/>\n<meta property=\"og:description\" content=\"Take you to Versailles in order to discover Street Art seems a little crazy to you? Follow me, you&#039;re going to love these monumental frescoes!\" \/>\n<meta property=\"og:url\" content=\"https:\/\/altinnov.blog\/index.php\/en\/2020\/12\/08\/street-art-versailles-royally-poetic\/\" \/>\n<meta property=\"og:site_name\" content=\"ALTINNOV\" \/>\n<meta property=\"article:publisher\" content=\"https:\/\/www.facebook.com\/Altinnov\/\" \/>\n<meta property=\"article:author\" content=\"https:\/\/www.facebook.com\/Altinnov\/\" \/>\n<meta property=\"article:published_time\" content=\"2020-12-08T19:39:36+00:00\" \/>\n<meta property=\"article:modified_time\" content=\"2021-01-13T12:23:40+00:00\" \/>\n<meta property=\"og:image\" content=\"https:\/\/i1.wp.com\/altinnov.blog\/wp-content\/uploads\/2020\/12\/Couverture-article-Street-Art-avec-Fresque-Murale-de-Aryz-et-Jade-Rivera-pour-Quai-36-a\u0300-Versailles--scaled.jpg?fit=2560%2C1779&ssl=1\" \/>\n\t<meta property=\"og:image:width\" content=\"2560\" \/>\n\t<meta property=\"og:image:height\" content=\"1779\" \/>\n\t<meta property=\"og:image:type\" content=\"image\/jpeg\" \/>\n<meta name=\"author\" content=\"S\u00e9verine\" \/>\n<meta name=\"twitter:card\" content=\"summary_large_image\" \/>\n<meta name=\"twitter:creator\" content=\"@Altinnov1\" \/>\n<meta name=\"twitter:site\" content=\"@Altinnov1\" \/>\n<meta name=\"twitter:label1\" content=\"\u00c9crit par\" \/>\n\t<meta name=\"twitter:data1\" content=\"S\u00e9verine\" \/>\n\t<meta name=\"twitter:label2\" content=\"Dur\u00e9e de lecture estim\u00e9e\" \/>\n\t<meta name=\"twitter:data2\" content=\"7 minutes\" \/>\n<script type=\"application\/ld+json\" class=\"yoast-schema-graph\">{\"@context\":\"https:\/\/schema.org\",\"@graph\":[{\"@type\":\"Article\",\"@id\":\"https:\/\/altinnov.blog\/index.php\/en\/2020\/12\/08\/street-art-versailles-royally-poetic\/#article\",\"isPartOf\":{\"@id\":\"https:\/\/altinnov.blog\/index.php\/en\/2020\/12\/08\/street-art-versailles-royally-poetic\/\"},\"author\":{\"name\":\"S\u00e9verine\",\"@id\":\"https:\/\/altinnov.blog\/#\/schema\/person\/fb38574bf72ee22878743e54d687ae5a\"},\"headline\":\"When Street Art invites itself to Versailles; it is royally poetic!\",\"datePublished\":\"2020-12-08T19:39:36+00:00\",\"dateModified\":\"2021-01-13T12:23:40+00:00\",\"mainEntityOfPage\":{\"@id\":\"https:\/\/altinnov.blog\/index.php\/en\/2020\/12\/08\/street-art-versailles-royally-poetic\/\"},\"wordCount\":1421,\"commentCount\":0,\"publisher\":{\"@id\":\"https:\/\/altinnov.blog\/#\/schema\/person\/fb38574bf72ee22878743e54d687ae5a\"},\"image\":{\"@id\":\"https:\/\/altinnov.blog\/index.php\/en\/2020\/12\/08\/street-art-versailles-royally-poetic\/#primaryimage\"},\"thumbnailUrl\":\"https:\/\/i0.wp.com\/altinnov.blog\/wp-content\/uploads\/2020\/12\/Couverture-article-Street-Art-avec-Fresque-Murale-de-Aryz-et-Jade-Rivera-pour-Quai-36-a\u0300-Versailles--scaled.jpg?fit=2560%2C1779&ssl=1\",\"keywords\":[\"Aryz\",\"Eron\",\"France\",\"invader\",\"Jade Rivera\",\"Seth GlobePainter\",\"Telmo Miel\",\"Waone\"],\"articleSection\":[\"Street Art Walks\"],\"inLanguage\":\"fr-FR\",\"potentialAction\":[{\"@type\":\"CommentAction\",\"name\":\"Comment\",\"target\":[\"https:\/\/altinnov.blog\/index.php\/en\/2020\/12\/08\/street-art-versailles-royally-poetic\/#respond\"]}]},{\"@type\":\"WebPage\",\"@id\":\"https:\/\/altinnov.blog\/index.php\/en\/2020\/12\/08\/street-art-versailles-royally-poetic\/\",\"url\":\"https:\/\/altinnov.blog\/index.php\/en\/2020\/12\/08\/street-art-versailles-royally-poetic\/\",\"name\":\"When Street Art invites itself to Versailles; it is royally poetic! - ALTINNOV\",\"isPartOf\":{\"@id\":\"https:\/\/altinnov.blog\/#website\"},\"primaryImageOfPage\":{\"@id\":\"https:\/\/altinnov.blog\/index.php\/en\/2020\/12\/08\/street-art-versailles-royally-poetic\/#primaryimage\"},\"image\":{\"@id\":\"https:\/\/altinnov.blog\/index.php\/en\/2020\/12\/08\/street-art-versailles-royally-poetic\/#primaryimage\"},\"thumbnailUrl\":\"https:\/\/i0.wp.com\/altinnov.blog\/wp-content\/uploads\/2020\/12\/Couverture-article-Street-Art-avec-Fresque-Murale-de-Aryz-et-Jade-Rivera-pour-Quai-36-a\u0300-Versailles--scaled.jpg?fit=2560%2C1779&ssl=1\",\"datePublished\":\"2020-12-08T19:39:36+00:00\",\"dateModified\":\"2021-01-13T12:23:40+00:00\",\"description\":\"Take you to Versailles in order to discover Street Art seems a little crazy to you? Follow me, you're going to love these monumental frescoes!\",\"breadcrumb\":{\"@id\":\"https:\/\/altinnov.blog\/index.php\/en\/2020\/12\/08\/street-art-versailles-royally-poetic\/#breadcrumb\"},\"inLanguage\":\"fr-FR\",\"potentialAction\":[{\"@type\":\"ReadAction\",\"target\":[\"https:\/\/altinnov.blog\/index.php\/en\/2020\/12\/08\/street-art-versailles-royally-poetic\/\"]}]},{\"@type\":\"ImageObject\",\"inLanguage\":\"fr-FR\",\"@id\":\"https:\/\/altinnov.blog\/index.php\/en\/2020\/12\/08\/street-art-versailles-royally-poetic\/#primaryimage\",\"url\":\"https:\/\/i0.wp.com\/altinnov.blog\/wp-content\/uploads\/2020\/12\/Couverture-article-Street-Art-avec-Fresque-Murale-de-Aryz-et-Jade-Rivera-pour-Quai-36-a\u0300-Versailles--scaled.jpg?fit=2560%2C1779&ssl=1\",\"contentUrl\":\"https:\/\/i0.wp.com\/altinnov.blog\/wp-content\/uploads\/2020\/12\/Couverture-article-Street-Art-avec-Fresque-Murale-de-Aryz-et-Jade-Rivera-pour-Quai-36-a\u0300-Versailles--scaled.jpg?fit=2560%2C1779&ssl=1\",\"width\":2560,\"height\":1779,\"caption\":\"Couverture article Street Art avec Fresque Murale de Aryz et Jade Rivera pour Quai 36 a\u0300 Versailles\"},{\"@type\":\"BreadcrumbList\",\"@id\":\"https:\/\/altinnov.blog\/index.php\/en\/2020\/12\/08\/street-art-versailles-royally-poetic\/#breadcrumb\",\"itemListElement\":[{\"@type\":\"ListItem\",\"position\":1,\"name\":\"Accueil\",\"item\":\"https:\/\/altinnov.blog\/\"},{\"@type\":\"ListItem\",\"position\":2,\"name\":\"When Street Art invites itself to Versailles; it is royally poetic!\"}]},{\"@type\":\"WebSite\",\"@id\":\"https:\/\/altinnov.blog\/#website\",\"url\":\"https:\/\/altinnov.blog\/\",\"name\":\"ALTINNOV\",\"description\":\"BLOG STREET ART &amp; LIFESTYLE\",\"publisher\":{\"@id\":\"https:\/\/altinnov.blog\/#\/schema\/person\/fb38574bf72ee22878743e54d687ae5a\"},\"potentialAction\":[{\"@type\":\"SearchAction\",\"target\":{\"@type\":\"EntryPoint\",\"urlTemplate\":\"https:\/\/altinnov.blog\/?s={search_term_string}\"},\"query-input\":\"required name=search_term_string\"}],\"inLanguage\":\"fr-FR\"},{\"@type\":[\"Person\",\"Organization\"],\"@id\":\"https:\/\/altinnov.blog\/#\/schema\/person\/fb38574bf72ee22878743e54d687ae5a\",\"name\":\"S\u00e9verine\",\"image\":{\"@type\":\"ImageObject\",\"inLanguage\":\"fr-FR\",\"@id\":\"https:\/\/altinnov.blog\/#\/schema\/person\/image\/\",\"url\":\"https:\/\/i0.wp.com\/altinnov.blog\/wp-content\/uploads\/2021\/07\/SkatePark-re\u0301alise\u0301-par-JonOne-dans-lespace-transition-ephe\u0301me\u0300re-dAbbeville-scaled.jpg?fit=2560%2C1920&ssl=1\",\"contentUrl\":\"https:\/\/i0.wp.com\/altinnov.blog\/wp-content\/uploads\/2021\/07\/SkatePark-re\u0301alise\u0301-par-JonOne-dans-lespace-transition-ephe\u0301me\u0300re-dAbbeville-scaled.jpg?fit=2560%2C1920&ssl=1\",\"width\":2560,\"height\":1920,\"caption\":\"S\u00e9verine\"},\"logo\":{\"@id\":\"https:\/\/altinnov.blog\/#\/schema\/person\/image\/\"},\"sameAs\":[\"https:\/\/altinnov.blog\/\",\"https:\/\/www.facebook.com\/Altinnov\/\",\"https:\/\/www.instagram.com\/Altinnov\/\",\"https:\/\/www.linkedin.com\/in\/severinetp\/\",\"https:\/\/www.pinterest.fr\/SeverineTP\/\",\"https:\/\/x.com\/Altinnov1\"]}]}<\/script>\n<!-- \/ Yoast SEO plugin. -->","yoast_head_json":{"title":"When Street Art invites itself to Versailles; it is royally poetic! - ALTINNOV","description":"Take you to Versailles in order to discover Street Art seems a little crazy to you? Follow me, you're going to love these monumental frescoes!","robots":{"index":"index","follow":"follow","max-snippet":"max-snippet:-1","max-image-preview":"max-image-preview:large","max-video-preview":"max-video-preview:-1"},"canonical":"https:\/\/altinnov.blog\/index.php\/en\/2020\/12\/08\/street-art-versailles-royally-poetic\/","og_locale":"fr_FR","og_type":"article","og_title":"When Street Art invites itself to Versailles; it is royally poetic! - ALTINNOV","og_description":"Take you to Versailles in order to discover Street Art seems a little crazy to you? Follow me, you're going to love these monumental frescoes!","og_url":"https:\/\/altinnov.blog\/index.php\/en\/2020\/12\/08\/street-art-versailles-royally-poetic\/","og_site_name":"ALTINNOV","article_publisher":"https:\/\/www.facebook.com\/Altinnov\/","article_author":"https:\/\/www.facebook.com\/Altinnov\/","article_published_time":"2020-12-08T19:39:36+00:00","article_modified_time":"2021-01-13T12:23:40+00:00","og_image":[{"width":2560,"height":1779,"url":"https:\/\/i1.wp.com\/altinnov.blog\/wp-content\/uploads\/2020\/12\/Couverture-article-Street-Art-avec-Fresque-Murale-de-Aryz-et-Jade-Rivera-pour-Quai-36-a\u0300-Versailles--scaled.jpg?fit=2560%2C1779&ssl=1","type":"image\/jpeg"}],"author":"S\u00e9verine","twitter_card":"summary_large_image","twitter_creator":"@Altinnov1","twitter_site":"@Altinnov1","twitter_misc":{"\u00c9crit par":"S\u00e9verine","Dur\u00e9e de lecture estim\u00e9e":"7 minutes"},"schema":{"@context":"https:\/\/schema.org","@graph":[{"@type":"Article","@id":"https:\/\/altinnov.blog\/index.php\/en\/2020\/12\/08\/street-art-versailles-royally-poetic\/#article","isPartOf":{"@id":"https:\/\/altinnov.blog\/index.php\/en\/2020\/12\/08\/street-art-versailles-royally-poetic\/"},"author":{"name":"S\u00e9verine","@id":"https:\/\/altinnov.blog\/#\/schema\/person\/fb38574bf72ee22878743e54d687ae5a"},"headline":"When Street Art invites itself to Versailles; it is royally poetic!","datePublished":"2020-12-08T19:39:36+00:00","dateModified":"2021-01-13T12:23:40+00:00","mainEntityOfPage":{"@id":"https:\/\/altinnov.blog\/index.php\/en\/2020\/12\/08\/street-art-versailles-royally-poetic\/"},"wordCount":1421,"commentCount":0,"publisher":{"@id":"https:\/\/altinnov.blog\/#\/schema\/person\/fb38574bf72ee22878743e54d687ae5a"},"image":{"@id":"https:\/\/altinnov.blog\/index.php\/en\/2020\/12\/08\/street-art-versailles-royally-poetic\/#primaryimage"},"thumbnailUrl":"https:\/\/i0.wp.com\/altinnov.blog\/wp-content\/uploads\/2020\/12\/Couverture-article-Street-Art-avec-Fresque-Murale-de-Aryz-et-Jade-Rivera-pour-Quai-36-a\u0300-Versailles--scaled.jpg?fit=2560%2C1779&ssl=1","keywords":["Aryz","Eron","France","invader","Jade Rivera","Seth GlobePainter","Telmo Miel","Waone"],"articleSection":["Street Art Walks"],"inLanguage":"fr-FR","potentialAction":[{"@type":"CommentAction","name":"Comment","target":["https:\/\/altinnov.blog\/index.php\/en\/2020\/12\/08\/street-art-versailles-royally-poetic\/#respond"]}]},{"@type":"WebPage","@id":"https:\/\/altinnov.blog\/index.php\/en\/2020\/12\/08\/street-art-versailles-royally-poetic\/","url":"https:\/\/altinnov.blog\/index.php\/en\/2020\/12\/08\/street-art-versailles-royally-poetic\/","name":"When Street Art invites itself to Versailles; it is royally poetic! - ALTINNOV","isPartOf":{"@id":"https:\/\/altinnov.blog\/#website"},"primaryImageOfPage":{"@id":"https:\/\/altinnov.blog\/index.php\/en\/2020\/12\/08\/street-art-versailles-royally-poetic\/#primaryimage"},"image":{"@id":"https:\/\/altinnov.blog\/index.php\/en\/2020\/12\/08\/street-art-versailles-royally-poetic\/#primaryimage"},"thumbnailUrl":"https:\/\/i0.wp.com\/altinnov.blog\/wp-content\/uploads\/2020\/12\/Couverture-article-Street-Art-avec-Fresque-Murale-de-Aryz-et-Jade-Rivera-pour-Quai-36-a\u0300-Versailles--scaled.jpg?fit=2560%2C1779&ssl=1","datePublished":"2020-12-08T19:39:36+00:00","dateModified":"2021-01-13T12:23:40+00:00","description":"Take you to Versailles in order to discover Street Art seems a little crazy to you? Follow me, you're going to love these monumental frescoes!","breadcrumb":{"@id":"https:\/\/altinnov.blog\/index.php\/en\/2020\/12\/08\/street-art-versailles-royally-poetic\/#breadcrumb"},"inLanguage":"fr-FR","potentialAction":[{"@type":"ReadAction","target":["https:\/\/altinnov.blog\/index.php\/en\/2020\/12\/08\/street-art-versailles-royally-poetic\/"]}]},{"@type":"ImageObject","inLanguage":"fr-FR","@id":"https:\/\/altinnov.blog\/index.php\/en\/2020\/12\/08\/street-art-versailles-royally-poetic\/#primaryimage","url":"https:\/\/i0.wp.com\/altinnov.blog\/wp-content\/uploads\/2020\/12\/Couverture-article-Street-Art-avec-Fresque-Murale-de-Aryz-et-Jade-Rivera-pour-Quai-36-a\u0300-Versailles--scaled.jpg?fit=2560%2C1779&ssl=1","contentUrl":"https:\/\/i0.wp.com\/altinnov.blog\/wp-content\/uploads\/2020\/12\/Couverture-article-Street-Art-avec-Fresque-Murale-de-Aryz-et-Jade-Rivera-pour-Quai-36-a\u0300-Versailles--scaled.jpg?fit=2560%2C1779&ssl=1","width":2560,"height":1779,"caption":"Couverture article Street Art avec Fresque Murale de Aryz et Jade Rivera pour Quai 36 a\u0300 Versailles"},{"@type":"BreadcrumbList","@id":"https:\/\/altinnov.blog\/index.php\/en\/2020\/12\/08\/street-art-versailles-royally-poetic\/#breadcrumb","itemListElement":[{"@type":"ListItem","position":1,"name":"Accueil","item":"https:\/\/altinnov.blog\/"},{"@type":"ListItem","position":2,"name":"When Street Art invites itself to Versailles; it is royally poetic!"}]},{"@type":"WebSite","@id":"https:\/\/altinnov.blog\/#website","url":"https:\/\/altinnov.blog\/","name":"ALTINNOV","description":"BLOG STREET ART &amp; LIFESTYLE","publisher":{"@id":"https:\/\/altinnov.blog\/#\/schema\/person\/fb38574bf72ee22878743e54d687ae5a"},"potentialAction":[{"@type":"SearchAction","target":{"@type":"EntryPoint","urlTemplate":"https:\/\/altinnov.blog\/?s={search_term_string}"},"query-input":"required name=search_term_string"}],"inLanguage":"fr-FR"},{"@type":["Person","Organization"],"@id":"https:\/\/altinnov.blog\/#\/schema\/person\/fb38574bf72ee22878743e54d687ae5a","name":"S\u00e9verine","image":{"@type":"ImageObject","inLanguage":"fr-FR","@id":"https:\/\/altinnov.blog\/#\/schema\/person\/image\/","url":"https:\/\/i0.wp.com\/altinnov.blog\/wp-content\/uploads\/2021\/07\/SkatePark-re\u0301alise\u0301-par-JonOne-dans-lespace-transition-ephe\u0301me\u0300re-dAbbeville-scaled.jpg?fit=2560%2C1920&ssl=1","contentUrl":"https:\/\/i0.wp.com\/altinnov.blog\/wp-content\/uploads\/2021\/07\/SkatePark-re\u0301alise\u0301-par-JonOne-dans-lespace-transition-ephe\u0301me\u0300re-dAbbeville-scaled.jpg?fit=2560%2C1920&ssl=1","width":2560,"height":1920,"caption":"S\u00e9verine"},"logo":{"@id":"https:\/\/altinnov.blog\/#\/schema\/person\/image\/"},"sameAs":["https:\/\/altinnov.blog\/","https:\/\/www.facebook.com\/Altinnov\/","https:\/\/www.instagram.com\/Altinnov\/","https:\/\/www.linkedin.com\/in\/severinetp\/","https:\/\/www.pinterest.fr\/SeverineTP\/","https:\/\/x.com\/Altinnov1"]}]}},"jetpack_sharing_enabled":true,"jetpack_featured_media_url":"https:\/\/i0.wp.com\/altinnov.blog\/wp-content\/uploads\/2020\/12\/Couverture-article-Street-Art-avec-Fresque-Murale-de-Aryz-et-Jade-Rivera-pour-Quai-36-a\u0300-Versailles--scaled.jpg?fit=2560%2C1779&ssl=1","jetpack_shortlink":"https:\/\/wp.me\/pakAzb-Wn","jetpack_likes_enabled":false,"jetpack-related-posts":[],"_links":{"self":[{"href":"https:\/\/altinnov.blog\/index.php\/wp-json\/wp\/v2\/posts\/3619"}],"collection":[{"href":"https:\/\/altinnov.blog\/index.php\/wp-json\/wp\/v2\/posts"}],"about":[{"href":"https:\/\/altinnov.blog\/index.php\/wp-json\/wp\/v2\/types\/post"}],"author":[{"embeddable":true,"href":"https:\/\/altinnov.blog\/index.php\/wp-json\/wp\/v2\/users\/1"}],"replies":[{"embeddable":true,"href":"https:\/\/altinnov.blog\/index.php\/wp-json\/wp\/v2\/comments?post=3619"}],"version-history":[{"count":5,"href":"https:\/\/altinnov.blog\/index.php\/wp-json\/wp\/v2\/posts\/3619\/revisions"}],"predecessor-version":[{"id":3624,"href":"https:\/\/altinnov.blog\/index.php\/wp-json\/wp\/v2\/posts\/3619\/revisions\/3624"}],"wp:featuredmedia":[{"embeddable":true,"href":"https:\/\/altinnov.blog\/index.php\/wp-json\/wp\/v2\/media\/3599"}],"wp:attachment":[{"href":"https:\/\/altinnov.blog\/index.php\/wp-json\/wp\/v2\/media?parent=3619"}],"wp:term":[{"taxonomy":"category","embeddable":true,"href":"https:\/\/altinnov.blog\/index.php\/wp-json\/wp\/v2\/categories?post=3619"},{"taxonomy":"post_tag","embeddable":true,"href":"https:\/\/altinnov.blog\/index.php\/wp-json\/wp\/v2\/tags?post=3619"}],"curies":[{"name":"wp","href":"https:\/\/api.w.org\/{rel}","templated":true}]}}