{"id":3597,"date":"2020-12-08T20:40:10","date_gmt":"2020-12-08T19:40:10","guid":{"rendered":"https:\/\/altinnov.blog\/?p=3597"},"modified":"2021-02-04T17:43:27","modified_gmt":"2021-02-04T16:43:27","slug":"street-art-versailles","status":"publish","type":"post","link":"https:\/\/altinnov.blog\/index.php\/fr\/2020\/12\/08\/street-art-versailles\/","title":{"rendered":"Quand le Street Art s\u2019invite \u00e0 Versailles; c&rsquo;est royalement po\u00e9tique !"},"content":{"rendered":"<p><div class=\"swp_social_panel swp_horizontal_panel swp_flat_fresh  swp_default_full_color swp_other_full_color swp_individual_full_color scale-100 scale-full_width\" data-min-width=\"1100\" data-float-color=\"#ffffff\" data-float=\"none\" data-float-mobile=\"none\" data-transition=\"slide\" data-post-id=\"3597\" ><div class=\"nc_tweetContainer swp_share_button swp_pinterest\" data-network=\"pinterest\"><a rel=\"nofollow noreferrer noopener\" class=\"nc_tweet swp_share_link\" data-count=\"0\" data-link=\"https:\/\/pinterest.com\/pin\/create\/button\/?url=https:\/\/altinnov.blog\/index.php\/fr\/2020\/12\/08\/street-art-versailles\/&media=https%3A%2F%2Faltinnov.blog%2Fwp-content%2Fuploads%2F2020%2F12%2FFresque-murale-re%CC%81alise%CC%81e-par-le-Street-Artiste-Espagnol-Aryz-pour-Quai-36-a%CC%80-Versailles.jpg&description=Vous+emmenez+%C3%A0+Versailles+afin+d%27y+d%C3%A9couvrir+du+Street+Art+vous+para%C3%AEt+un+peu+dingue+%3F+Suivez-moi%2C+vous+allez+adorer+%21+via+%40https%3A%2F%2Fwww.pinterest.fr%2FSeverineTP%2F\" href=\"https:\/\/pinterest.com\/pin\/create\/button\/?url=https:\/\/altinnov.blog\/index.php\/fr\/2020\/12\/08\/street-art-versailles\/&media=https%3A%2F%2Faltinnov.blog%2Fwp-content%2Fuploads%2F2020%2F12%2FFresque-murale-re%CC%81alise%CC%81e-par-le-Street-Artiste-Espagnol-Aryz-pour-Quai-36-a%CC%80-Versailles.jpg&description=Vous+emmenez+%C3%A0+Versailles+afin+d%27y+d%C3%A9couvrir+du+Street+Art+vous+para%C3%AEt+un+peu+dingue+%3F+Suivez-moi%2C+vous+allez+adorer+%21+via+%40https%3A%2F%2Fwww.pinterest.fr%2FSeverineTP%2F\" ><span class=\"swp_count swp_hide\"><span class=\"iconFiller\"><span class=\"spaceManWilly\"><i class=\"sw swp_pinterest_icon\"><\/i><span class=\"swp_share\">\u00c9pingle<\/span><\/span><\/span><\/span><\/a><\/div><div class=\"nc_tweetContainer swp_share_button swp_whatsapp\" data-network=\"whatsapp\"><a class=\"nc_tweet swp_share_link\" rel=\"nofollow noreferrer noopener\" target=\"_blank\" href=\"https:\/\/api.whatsapp.com\/send?text=https%3A%2F%2Faltinnov.blog%2Findex.php%2Ffr%2F2020%2F12%2F08%2Fstreet-art-versailles%2F%3Futm_source%3Dwhatsapp%26utm_medium%3Dsocial%26utm_campaign%3DSocialWarfare\" data-link=\"https:\/\/api.whatsapp.com\/send?text=https%3A%2F%2Faltinnov.blog%2Findex.php%2Ffr%2F2020%2F12%2F08%2Fstreet-art-versailles%2F%3Futm_source%3Dwhatsapp%26utm_medium%3Dsocial%26utm_campaign%3DSocialWarfare\"><span class=\"swp_count swp_hide\"><span class=\"iconFiller\"><span class=\"spaceManWilly\"><i class=\"sw swp_whatsapp_icon\"><\/i><span class=\"swp_share\">WhatsApp<\/span><\/span><\/span><\/span><\/a><\/div><div class=\"nc_tweetContainer swp_share_button swp_reddit\" data-network=\"reddit\"><a class=\"nc_tweet swp_share_link\" rel=\"nofollow noreferrer noopener\" target=\"_blank\" href=\"https:\/\/www.reddit.com\/submit?url=https%3A%2F%2Faltinnov.blog%2Findex.php%2Ffr%2F2020%2F12%2F08%2Fstreet-art-versailles%2F%3Futm_source%3Dreddit%26utm_medium%3Dsocial%26utm_campaign%3DSocialWarfare\" data-link=\"https:\/\/www.reddit.com\/submit?url=https%3A%2F%2Faltinnov.blog%2Findex.php%2Ffr%2F2020%2F12%2F08%2Fstreet-art-versailles%2F%3Futm_source%3Dreddit%26utm_medium%3Dsocial%26utm_campaign%3DSocialWarfare\"><span class=\"swp_count swp_hide\"><span class=\"iconFiller\"><span class=\"spaceManWilly\"><i class=\"sw swp_reddit_icon\"><\/i><span class=\"swp_share\">Reddit<\/span><\/span><\/span><\/span><\/a><\/div><div class=\"nc_tweetContainer swp_share_button swp_flipboard\" data-network=\"flipboard\"><a class=\"nc_tweet swp_share_link\" rel=\"nofollow noreferrer noopener\" target=\"_blank\" href=\"https:\/\/share.flipboard.com\/bookmarklet\/popout?v=2&title=Quand+le+Street+Art+s%E2%80%99invite+%C3%A0+Versailles%3B+c%27est+royalement+po%C3%A9tique+%21&url=https%3A%2F%2Faltinnov.blog%2Findex.php%2Ffr%2F2020%2F12%2F08%2Fstreet-art-versailles%2F%3Futm_source%3Dflipboard%26utm_medium%3Dsocial%26utm_campaign%3DSocialWarfare\" data-link=\"https:\/\/share.flipboard.com\/bookmarklet\/popout?v=2&title=Quand+le+Street+Art+s%E2%80%99invite+%C3%A0+Versailles%3B+c%27est+royalement+po%C3%A9tique+%21&url=https%3A%2F%2Faltinnov.blog%2Findex.php%2Ffr%2F2020%2F12%2F08%2Fstreet-art-versailles%2F%3Futm_source%3Dflipboard%26utm_medium%3Dsocial%26utm_campaign%3DSocialWarfare\"><span class=\"swp_count swp_hide\"><span class=\"iconFiller\"><span class=\"spaceManWilly\"><i class=\"sw swp_flipboard_icon\"><\/i><span class=\"swp_share\">Flip<\/span><\/span><\/span><\/span><\/a><\/div><div class=\"nc_tweetContainer swp_share_button swp_facebook\" data-network=\"facebook\"><a class=\"nc_tweet swp_share_link\" rel=\"nofollow noreferrer noopener\" target=\"_blank\" href=\"https:\/\/www.facebook.com\/share.php?u=https%3A%2F%2Faltinnov.blog%2Findex.php%2Ffr%2F2020%2F12%2F08%2Fstreet-art-versailles%2F%3Futm_source%3Dfacebook%26utm_medium%3Dsocial%26utm_campaign%3DSocialWarfare\" data-link=\"https:\/\/www.facebook.com\/share.php?u=https%3A%2F%2Faltinnov.blog%2Findex.php%2Ffr%2F2020%2F12%2F08%2Fstreet-art-versailles%2F%3Futm_source%3Dfacebook%26utm_medium%3Dsocial%26utm_campaign%3DSocialWarfare\"><span class=\"swp_count swp_hide\"><span class=\"iconFiller\"><span class=\"spaceManWilly\"><i class=\"sw swp_facebook_icon\"><\/i><span class=\"swp_share\">Partagez<\/span><\/span><\/span><\/span><\/a><\/div><div class=\"nc_tweetContainer swp_share_button swp_email\" data-network=\"email\"><a class=\"nc_tweet noPop swp_share_link\" rel=\"nofollow noreferrer noopener\" href=\"mailto:?subject=Quand%20le%20Street%20Art%20s%E2%80%99invite%20%C3%A0%20Versailles%3B%20c%27est%20royalement%20po%C3%A9tique%20%21&body=Vous%20emmener%20%C3%A0%20Versailles%20afin%20d%27y%20d%C3%A9couvrir%20du%20Street%20Art%20vous%20para%C3%AEt%20un%20peu%20dingue%20%3F%20Suivez-moi%2C%20vous%20allez%20adorer%20%21%0D%0A%0D%0ARead More Here: %20https%3A%2F%2Faltinnov.blog%2Findex.php%2Ffr%2F2020%2F12%2F08%2Fstreet-art-versailles%2F%3Futm_source%3Demail%26utm_medium%3Dsocial%26utm_campaign%3DSocialWarfare\" target=\"_blank\"><span class=\"swp_count swp_hide\"><span class=\"iconFiller\"><span class=\"spaceManWilly\"><i class=\"sw swp_email_icon\"><\/i><span class=\"swp_share\">Email<\/span><\/span><\/span><\/span><\/a><\/div><div class=\"nc_tweetContainer swp_share_button swp_twitter\" data-network=\"twitter\"><a class=\"nc_tweet swp_share_link\" rel=\"nofollow noreferrer noopener\" target=\"_blank\" href=\"https:\/\/twitter.com\/intent\/tweet?text=Vous+emmener+%C3%A0+Versailles+afin+d%27y+d%C3%A9couvrir+du+Street+Art+vous+para%C3%AEt+un+peu+dingue+%3F+Suivez-moi%2C+vous+allez+adorer+%21+%23quai36+%23streetartversailles+%23streetart+%23seth+%23aryz+%23jaderivera+%23waone+%23telmomiel&url=https%3A%2F%2Faltinnov.blog%2Findex.php%2Ffr%2F2020%2F12%2F08%2Fstreet-art-versailles%2F%3Futm_source%3Dtwitter%26utm_medium%3Dsocial%26utm_campaign%3DSocialWarfare&via=Altinnov1\" data-link=\"https:\/\/twitter.com\/intent\/tweet?text=Vous+emmener+%C3%A0+Versailles+afin+d%27y+d%C3%A9couvrir+du+Street+Art+vous+para%C3%AEt+un+peu+dingue+%3F+Suivez-moi%2C+vous+allez+adorer+%21+%23quai36+%23streetartversailles+%23streetart+%23seth+%23aryz+%23jaderivera+%23waone+%23telmomiel&url=https%3A%2F%2Faltinnov.blog%2Findex.php%2Ffr%2F2020%2F12%2F08%2Fstreet-art-versailles%2F%3Futm_source%3Dtwitter%26utm_medium%3Dsocial%26utm_campaign%3DSocialWarfare&via=Altinnov1\"><span class=\"swp_count swp_hide\"><span class=\"iconFiller\"><span class=\"spaceManWilly\"><i class=\"sw swp_twitter_icon\"><\/i><span class=\"swp_share\">Tweetez<\/span><\/span><\/span><\/span><\/a><\/div><div class=\"nc_tweetContainer swp_share_button swp_linkedin\" data-network=\"linkedin\"><a class=\"nc_tweet swp_share_link\" rel=\"nofollow noreferrer noopener\" target=\"_blank\" href=\"https:\/\/www.linkedin.com\/cws\/share?url=https%3A%2F%2Faltinnov.blog%2Findex.php%2Ffr%2F2020%2F12%2F08%2Fstreet-art-versailles%2F%3Futm_source%3Dlinkedin%26utm_medium%3Dsocial%26utm_campaign%3DSocialWarfare\" data-link=\"https:\/\/www.linkedin.com\/cws\/share?url=https%3A%2F%2Faltinnov.blog%2Findex.php%2Ffr%2F2020%2F12%2F08%2Fstreet-art-versailles%2F%3Futm_source%3Dlinkedin%26utm_medium%3Dsocial%26utm_campaign%3DSocialWarfare\"><span class=\"swp_count swp_hide\"><span class=\"iconFiller\"><span class=\"spaceManWilly\"><i class=\"sw swp_linkedin_icon\"><\/i><span class=\"swp_share\">Partagez<\/span><\/span><\/span><\/span><\/a><\/div><\/div>Vous emmener \u00e0 Versailles afin d&rsquo;y d\u00e9couvrir du Street Art me semble \u00eatre anachronique et pourtant c\u2019est bien ce que je vais faire dans ce nouvel article !<\/p>\n<p>Quand on pense \u00e0 Versailles, on pense Louis XIV, jardins \u00e0 la Fran\u00e7aise, on pense aussi \u00e0 son centre historique coquet et pourquoi pas \u00e0 Sacha Guitry qui en a relat\u00e9 l\u2019histoire et celle de ses personnages dans le si c\u00e9l\u00e8bre \u00ab\u00a0Si Versailles m\u2019\u00e9tait cont\u00e9\u00a0\u00bb.<\/p><div id=\"altin-3758409476\" class=\"altin-contenu_2 altin-entity-placement\"><script async src=\"\/\/pagead2.googlesyndication.com\/pagead\/js\/adsbygoogle.js?client=ca-pub-4035181110757945\" crossorigin=\"anonymous\"><\/script><ins class=\"adsbygoogle\" style=\"display:block; text-align:center;\" data-ad-client=\"ca-pub-4035181110757945\" \ndata-ad-slot=\"9414912321\" \ndata-ad-layout=\"in-article\"\ndata-ad-format=\"fluid\"><\/ins>\n<script> \n(adsbygoogle = window.adsbygoogle || []).push({}); \n<\/script>\n<\/div>\n<p>Accoler au classique Versailles le terme de Street Art, si moderne et si urbain pourrait en \u00e9tonner plus d\u2019un. C\u2019est ce qu\u2019il vient de se passer dans le quartier moderne de la Ville d\u00e9nomm\u00e9 Bernard de Jussieu, en hommage au c\u00e9l\u00e8bre botaniste. Une r\u00e9habilitation compl\u00e8te du quartier rehauss\u00e9e par 10 fresques murales magnifiquement r\u00e9alis\u00e9es qui ne d\u00e9notent absolument pas dans le paysage.<\/p>\n<h2><strong>Projet #1096 le Street Art \u00ab\u00a0nature\u00a0\u00bb au c\u0153ur de Versailles<\/strong><\/h2>\n<p>\u00c0 quelques pas de la for\u00eat domaniale Les fausses reposes, ce quartier pourrait ressembler \u00e0 tous les quartiers qui ont pouss\u00e9 en France dans les ann\u00e9es 60. Si ce n\u2019est que la Ville de Versailles a d\u00e9cid\u00e9 de r\u00e9habiliter celui-ci afin d\u2019apporter un confort thermique aux habitations enclav\u00e9es en contre-bas du bois en int\u00e9grant une dimension artistique \u00e0 cette seconde vie. Le th\u00e8me impos\u00e9 pour ces r\u00e9alisations \u00e9tait celui du rapport entre l\u2019humain et la nature. Un th\u00e8me en hommage au botaniste Bernard de Jussieu, mais surtout un th\u00e8me qui semble si bien coller \u00e0 cette Versailles qui dispose d\u2019un arboretum magnifique o\u00f9 se retrouvent les amoureux de la nature du monde entier.<\/p>\n<p>Ainsi le projet colossal baptis\u00e9 #1096 est n\u00e9. Pendant qu\u2019Eiffage Construction r\u00e9alisait les travaux de r\u00e9habilitation, Quai 36 menait \u00e0 bien une direction artistique internationale afin de faire r\u00e9aliser 10 fresques g\u00e9antes en une ann\u00e9e, dans une p\u00e9riode que vous connaissez tous. Un d\u00e9fi gagn\u00e9 \u00e0 tous les niveaux\u00a0! Voici donc quelques unes de ces \u0153uvres qui m\u2019ont tap\u00e9 dans l\u2019\u0153il.<\/p>\n<h2><a href=\"https:\/\/www.instagram.com\/jade1rivera\/\" target=\"_blank\" rel=\"noopener noreferrer\"><strong>Jade Rivera<\/strong><\/a><strong> r\u00e9alise \u00ab\u00a0Flora\u00a0\u00bb, une invitation vers un autre monde<\/strong><\/h2>\n<div id=\"attachment_3598\" style=\"width: 1034px\" class=\"wp-caption aligncenter\"><img aria-describedby=\"caption-attachment-3598\" decoding=\"async\" loading=\"lazy\" class=\"size-large wp-image-3598\" src=\"https:\/\/i0.wp.com\/altinnov.blog\/wp-content\/uploads\/2020\/12\/Street-Art-Versailles-Fresque-murale-de-Jade-Rivera-Projet-1096-Quai36.jpg?resize=1024%2C1024&#038;ssl=1\" alt=\"Street Art Versailles - Fresque murale de Jade Rivera - Projet #1096 Quai36\" width=\"1024\" height=\"1024\" srcset=\"https:\/\/i0.wp.com\/altinnov.blog\/wp-content\/uploads\/2020\/12\/Street-Art-Versailles-Fresque-murale-de-Jade-Rivera-Projet-1096-Quai36.jpg?resize=1024%2C1024&amp;ssl=1 1024w, https:\/\/i0.wp.com\/altinnov.blog\/wp-content\/uploads\/2020\/12\/Street-Art-Versailles-Fresque-murale-de-Jade-Rivera-Projet-1096-Quai36.jpg?resize=300%2C300&amp;ssl=1 300w, https:\/\/i0.wp.com\/altinnov.blog\/wp-content\/uploads\/2020\/12\/Street-Art-Versailles-Fresque-murale-de-Jade-Rivera-Projet-1096-Quai36.jpg?resize=150%2C150&amp;ssl=1 150w, https:\/\/i0.wp.com\/altinnov.blog\/wp-content\/uploads\/2020\/12\/Street-Art-Versailles-Fresque-murale-de-Jade-Rivera-Projet-1096-Quai36.jpg?resize=768%2C768&amp;ssl=1 768w, https:\/\/i0.wp.com\/altinnov.blog\/wp-content\/uploads\/2020\/12\/Street-Art-Versailles-Fresque-murale-de-Jade-Rivera-Projet-1096-Quai36.jpg?resize=1536%2C1536&amp;ssl=1 1536w, https:\/\/i0.wp.com\/altinnov.blog\/wp-content\/uploads\/2020\/12\/Street-Art-Versailles-Fresque-murale-de-Jade-Rivera-Projet-1096-Quai36.jpg?w=1744&amp;ssl=1 1744w\" sizes=\"(max-width: 1024px) 100vw, 1024px\" data-recalc-dims=\"1\" \/><p id=\"caption-attachment-3598\" class=\"wp-caption-text\">\u00ab\u00a0Flora\u00a0\u00bb &#8211; Jade Rivera &#8211; Photo @Altinnov<\/p><\/div>\n<p>&nbsp;<\/p>\n<p>La premi\u00e8re fois que j\u2019ai vu un dessin de Jade Rivera c\u2019\u00e9tait sur un petit rocher face au Golf du Mexique sur l\u2018\u00eele de Holbox\u00a0; le simple dessin d\u2019un enfant assis r\u00eavant certainement d\u2019un futur meilleur de l\u2019autre c\u00f4t\u00e9 du Golf. C\u2019est gr\u00e2ce \u00e0 ce petit croquis que je me suis int\u00e9ress\u00e9e au travail de cet artiste P\u00e9ruvien autour des enfants, notamment ceux de l\u2019Himalaya et de son rapport fort avec la nature qui est un sujet r\u00e9current dans son \u0153uvre. Cette fresque magique est une invitation\u2026 Comme si nous allions nous projeter dans un autre monde, un livre ouvert de botanique, comme une invitation vers un nouveau voyage. Faudra-t-il que nous transportions nos fleurs avec nous par peur de ne plus en avoir\u00a0? L\u2019oiseau en voie de disparition, d\u00e9tient-il la cl\u00e9 de ce nouveau royaume\u00a0? Jade Rivera nous invite, sous une douceur visuelle, \u00e0 nous interroger sur le futur\u2026 A faire jouer notre imaginaire avec des codes qui sont les siens. Un voyage prometteur.<\/p>\n<h2><strong>\u00ab\u00a0Curious Botanist\u00a0\u00bb la fresque de <\/strong><a href=\"https:\/\/www.instagram.com\/waone_interesnikazki\/\" target=\"_blank\" rel=\"noopener noreferrer\"><strong>Waone<\/strong><\/a><strong>\u00a0: un hommage g\u00e9ant \u00e0 Bernard de Jussieu<\/strong><\/h2>\n<div id=\"attachment_3601\" style=\"width: 1034px\" class=\"wp-caption aligncenter\"><img aria-describedby=\"caption-attachment-3601\" decoding=\"async\" loading=\"lazy\" class=\"size-large wp-image-3601\" src=\"https:\/\/i0.wp.com\/altinnov.blog\/wp-content\/uploads\/2020\/12\/Street-Artiste-Ukrainien-WAONE-a\u0300-Versailles-Quai-36-projet-1096.jpg?resize=1024%2C1024&#038;ssl=1\" alt=\"Street Artiste Ukrainien WAONE a\u0300 Versailles - Quai 36 projet 1096\" width=\"1024\" height=\"1024\" srcset=\"https:\/\/i0.wp.com\/altinnov.blog\/wp-content\/uploads\/2020\/12\/Street-Artiste-Ukrainien-WAONE-a\u0300-Versailles-Quai-36-projet-1096.jpg?resize=1024%2C1024&amp;ssl=1 1024w, https:\/\/i0.wp.com\/altinnov.blog\/wp-content\/uploads\/2020\/12\/Street-Artiste-Ukrainien-WAONE-a\u0300-Versailles-Quai-36-projet-1096.jpg?resize=300%2C300&amp;ssl=1 300w, https:\/\/i0.wp.com\/altinnov.blog\/wp-content\/uploads\/2020\/12\/Street-Artiste-Ukrainien-WAONE-a\u0300-Versailles-Quai-36-projet-1096.jpg?resize=150%2C150&amp;ssl=1 150w, https:\/\/i0.wp.com\/altinnov.blog\/wp-content\/uploads\/2020\/12\/Street-Artiste-Ukrainien-WAONE-a\u0300-Versailles-Quai-36-projet-1096.jpg?resize=768%2C768&amp;ssl=1 768w, https:\/\/i0.wp.com\/altinnov.blog\/wp-content\/uploads\/2020\/12\/Street-Artiste-Ukrainien-WAONE-a\u0300-Versailles-Quai-36-projet-1096.jpg?resize=1536%2C1536&amp;ssl=1 1536w, https:\/\/i0.wp.com\/altinnov.blog\/wp-content\/uploads\/2020\/12\/Street-Artiste-Ukrainien-WAONE-a\u0300-Versailles-Quai-36-projet-1096.jpg?resize=2048%2C2048&amp;ssl=1 2048w, https:\/\/i0.wp.com\/altinnov.blog\/wp-content\/uploads\/2020\/12\/Street-Artiste-Ukrainien-WAONE-a\u0300-Versailles-Quai-36-projet-1096.jpg?w=2280&amp;ssl=1 2280w\" sizes=\"(max-width: 1024px) 100vw, 1024px\" data-recalc-dims=\"1\" \/><p id=\"caption-attachment-3601\" class=\"wp-caption-text\">\u00ab\u00a0Curious Botanist\u00a0\u00bb &#8211; WAONE &#8211; Photo @Altinnov<\/p><\/div>\n<p>&nbsp;<\/p>\n<p>Par cette fresque au style n\u00e9o-surr\u00e9aliste, voir fantasmagorique\u00a0; l\u2019artiste Ukrainien <strong>Waone Interesni Kazki<\/strong> imagine le botaniste Bernard de Jussieu dans son travail. Avec son \u00e9criture il nous rappelle d\u00e9licatement que ce botaniste a fond\u00e9 une m\u00e9thode de classification des plantes bas\u00e9e sur les caract\u00e8res anatomiques de l\u2019embryon v\u00e9g\u00e9tal. C\u2019est la 1<sup>\u00e8re<\/sup> fois que je vois une fresque de cet artiste et j\u2019ai \u00e9t\u00e9 comme happ\u00e9e par son univers et sa stylistique qui rappelle tout de suite celles que l\u2019on retrouve dans les pays de l\u2019Est. Je me suis sentie toute petite devant ce personnage qui m\u2019a \u00e9trangement fait pens\u00e9 au colosse aux pieds d\u2019argile. Cette fresque \u00e9veille un \u00e9trange sentiment de puissance et de douceur. Encore une fois on rentre dans un nouveau monde o\u00f9 de multiples interpr\u00e9tations sont permises, ne serait-ce que pour d\u00e9chiffrer cet enfant \u00e0 t\u00eate de plante assis sur la terre\u00a0! Je ne me lasse pas de la regarder\u2026<\/p>\n<h2><a href=\"https:\/\/www.instagram.com\/telmomiel\/\" target=\"_blank\" rel=\"noopener noreferrer\"><strong>Telmo Miel<\/strong><\/a><strong> fait revivre \u00e0 sa fa\u00e7on \u00ab\u00a0Martine dans la for\u00eat\u00a0\u00bb<\/strong><\/h2>\n<div id=\"attachment_3603\" style=\"width: 1034px\" class=\"wp-caption aligncenter\"><img aria-describedby=\"caption-attachment-3603\" decoding=\"async\" loading=\"lazy\" class=\"size-large wp-image-3603\" src=\"https:\/\/i0.wp.com\/altinnov.blog\/wp-content\/uploads\/2020\/12\/Fresque-Murale-Martine-dans-la-fore\u0302t-re\u0301alise\u0301e-par-les-artistes-Telmo-Miel-pour-Quai-36-a\u0300-Versailles.jpg?resize=1024%2C1024&#038;ssl=1\" alt=\"Fresque Murale Martine dans la fore\u0302t re\u0301alise\u0301e par les artistes Telmo Miel pour Quai 36 a\u0300 Versailles\" width=\"1024\" height=\"1024\" srcset=\"https:\/\/i0.wp.com\/altinnov.blog\/wp-content\/uploads\/2020\/12\/Fresque-Murale-Martine-dans-la-fore\u0302t-re\u0301alise\u0301e-par-les-artistes-Telmo-Miel-pour-Quai-36-a\u0300-Versailles.jpg?resize=1024%2C1024&amp;ssl=1 1024w, https:\/\/i0.wp.com\/altinnov.blog\/wp-content\/uploads\/2020\/12\/Fresque-Murale-Martine-dans-la-fore\u0302t-re\u0301alise\u0301e-par-les-artistes-Telmo-Miel-pour-Quai-36-a\u0300-Versailles.jpg?resize=300%2C300&amp;ssl=1 300w, https:\/\/i0.wp.com\/altinnov.blog\/wp-content\/uploads\/2020\/12\/Fresque-Murale-Martine-dans-la-fore\u0302t-re\u0301alise\u0301e-par-les-artistes-Telmo-Miel-pour-Quai-36-a\u0300-Versailles.jpg?resize=150%2C150&amp;ssl=1 150w, https:\/\/i0.wp.com\/altinnov.blog\/wp-content\/uploads\/2020\/12\/Fresque-Murale-Martine-dans-la-fore\u0302t-re\u0301alise\u0301e-par-les-artistes-Telmo-Miel-pour-Quai-36-a\u0300-Versailles.jpg?resize=768%2C768&amp;ssl=1 768w, https:\/\/i0.wp.com\/altinnov.blog\/wp-content\/uploads\/2020\/12\/Fresque-Murale-Martine-dans-la-fore\u0302t-re\u0301alise\u0301e-par-les-artistes-Telmo-Miel-pour-Quai-36-a\u0300-Versailles.jpg?resize=1536%2C1536&amp;ssl=1 1536w, https:\/\/i0.wp.com\/altinnov.blog\/wp-content\/uploads\/2020\/12\/Fresque-Murale-Martine-dans-la-fore\u0302t-re\u0301alise\u0301e-par-les-artistes-Telmo-Miel-pour-Quai-36-a\u0300-Versailles.jpg?resize=2048%2C2048&amp;ssl=1 2048w, https:\/\/i0.wp.com\/altinnov.blog\/wp-content\/uploads\/2020\/12\/Fresque-Murale-Martine-dans-la-fore\u0302t-re\u0301alise\u0301e-par-les-artistes-Telmo-Miel-pour-Quai-36-a\u0300-Versailles.jpg?w=2280&amp;ssl=1 2280w\" sizes=\"(max-width: 1024px) 100vw, 1024px\" data-recalc-dims=\"1\" \/><p id=\"caption-attachment-3603\" class=\"wp-caption-text\">\u00ab\u00a0Martine in the forest\u00a0\u00bb &#8211; Telmo Miel &#8211; Photo @Altinnov<\/p><\/div>\n<p>&nbsp;<\/p><div id=\"altin-2626451728\" class=\"altin-contenu altin-entity-placement\"><script async src=\"\/\/pagead2.googlesyndication.com\/pagead\/js\/adsbygoogle.js?client=ca-pub-4035181110757945\" crossorigin=\"anonymous\"><\/script><ins class=\"adsbygoogle\" style=\"display:block; text-align:center;\" data-ad-client=\"ca-pub-4035181110757945\" \ndata-ad-slot=\"9414912321\" \ndata-ad-layout=\"in-article\"\ndata-ad-format=\"fluid\"><\/ins>\n<script> \n(adsbygoogle = window.adsbygoogle || []).push({}); \n<\/script>\n<\/div>\n<p>Je vous ai d\u00e9j\u00e0 parl\u00e9 du travail de ce duo qui rend syst\u00e9matiquement ses \u0153uvres assez \u00e9nigmatiques, h\u00e9 bien \u00ab\u00a0Martine in the forest\u00a0\u00bb ne fait pas exception. Cette r\u00e9f\u00e9rence \u00e0 la s\u00e9rie Martine de notre enfance a \u00e9t\u00e9 r\u00e9alis\u00e9e avec beaucoup de po\u00e9sie. Ce travail \u00e0 4 mains, sur plusieurs couches superpos\u00e9es, joue avec notre \u0153il qui est attir\u00e9 par diff\u00e9rents points de lecture \u00e0 chaque regard. Si cette fresque n\u2019avait pas eu de nom, j\u2019aurai eu la tentation de la nommer Alice au Pays des Merveilles\u2026 Mais c\u2019est impossible car il para\u00eet que Martine est devenue une mascotte du quartier de Bernard de Jussieu.<\/p>\n<h2><strong>Une ascension vers la nature avec \u00ab\u00a0Respire\u00a0\u00bb de <a href=\"https:\/\/www.instagram.com\/seth_globepainter\/\">Seth<\/a><\/strong><\/h2>\n<div id=\"attachment_3605\" style=\"width: 1034px\" class=\"wp-caption aligncenter\"><img aria-describedby=\"caption-attachment-3605\" decoding=\"async\" loading=\"lazy\" class=\"size-large wp-image-3605\" src=\"https:\/\/i0.wp.com\/altinnov.blog\/wp-content\/uploads\/2020\/12\/Fresque-Murale-par-Seth-Globe-Painter-pour-Quai-36-projet-1096-a\u0300-Versailles.jpg?resize=1024%2C1024&#038;ssl=1\" alt=\"Fresque Murale par Seth Globe Painter pour Quai 36 projet 1096 a\u0300 Versailles\" width=\"1024\" height=\"1024\" srcset=\"https:\/\/i0.wp.com\/altinnov.blog\/wp-content\/uploads\/2020\/12\/Fresque-Murale-par-Seth-Globe-Painter-pour-Quai-36-projet-1096-a\u0300-Versailles.jpg?resize=1024%2C1024&amp;ssl=1 1024w, https:\/\/i0.wp.com\/altinnov.blog\/wp-content\/uploads\/2020\/12\/Fresque-Murale-par-Seth-Globe-Painter-pour-Quai-36-projet-1096-a\u0300-Versailles.jpg?resize=300%2C300&amp;ssl=1 300w, https:\/\/i0.wp.com\/altinnov.blog\/wp-content\/uploads\/2020\/12\/Fresque-Murale-par-Seth-Globe-Painter-pour-Quai-36-projet-1096-a\u0300-Versailles.jpg?resize=150%2C150&amp;ssl=1 150w, https:\/\/i0.wp.com\/altinnov.blog\/wp-content\/uploads\/2020\/12\/Fresque-Murale-par-Seth-Globe-Painter-pour-Quai-36-projet-1096-a\u0300-Versailles.jpg?resize=768%2C768&amp;ssl=1 768w, https:\/\/i0.wp.com\/altinnov.blog\/wp-content\/uploads\/2020\/12\/Fresque-Murale-par-Seth-Globe-Painter-pour-Quai-36-projet-1096-a\u0300-Versailles.jpg?resize=1536%2C1536&amp;ssl=1 1536w, https:\/\/i0.wp.com\/altinnov.blog\/wp-content\/uploads\/2020\/12\/Fresque-Murale-par-Seth-Globe-Painter-pour-Quai-36-projet-1096-a\u0300-Versailles.jpg?resize=2048%2C2048&amp;ssl=1 2048w, https:\/\/i0.wp.com\/altinnov.blog\/wp-content\/uploads\/2020\/12\/Fresque-Murale-par-Seth-Globe-Painter-pour-Quai-36-projet-1096-a\u0300-Versailles.jpg?w=2280&amp;ssl=1 2280w\" sizes=\"(max-width: 1024px) 100vw, 1024px\" data-recalc-dims=\"1\" \/><p id=\"caption-attachment-3605\" class=\"wp-caption-text\">\u00ab\u00a0Respire\u00a0\u00bb &#8211; Seth &#8211; Photo @Altinnov<\/p><\/div>\n<p>&nbsp;<\/p>\n<p>J\u2019ai eu cette \u00e9trange sensation pendant cette promenade que les Street Artistes avaient d\u00e9cid\u00e9 de convoquer nos \u00e2mes d\u2019enfants et l\u2019\u00e9merveillement que l\u2019on avait pu ressentir devant la nature. Seth a pour habitude de renvoyer notre imaginaire \u00e0 celui de l\u2019enfance pour parfois questionner sur des sujets s\u00e9rieux\u2026 J\u2019ai vu son \u0153uvre comme une escalade du mur qui enclave ce quartier et qui donne acc\u00e8s \u00e0 une for\u00eat domaniale abondante. L\u2019expression \u00ab\u00a0faire le mur\u00a0\u00bb pour aller dans la nature m\u2019est venue \u00e0 l\u2019esprit\u2026 Peut-\u00eatre \u00e0 cause du confinement dans Paris qui sait\u00a0?<\/p>\n<h2><strong>\u00ab Monument \u00bb : une envol\u00e9e symbole de libert\u00e9 r\u00e9alis\u00e9 par <a href=\"https:\/\/www.instagram.com\/eron_artist\/\" target=\"_blank\" rel=\"noopener noreferrer\">Eron<\/a><\/strong><\/h2>\n<div id=\"attachment_3606\" style=\"width: 1034px\" class=\"wp-caption aligncenter\"><img aria-describedby=\"caption-attachment-3606\" decoding=\"async\" loading=\"lazy\" class=\"size-large wp-image-3606\" src=\"https:\/\/i0.wp.com\/altinnov.blog\/wp-content\/uploads\/2020\/12\/Fresque-murale-Monument-re\u0301alise\u0301e-par-le-Street-Artiste-Italien-Eron-pour-le-projet-1096-a\u0300-Versailles.jpg?resize=1024%2C1024&#038;ssl=1\" alt=\"Fresque murale Monument re\u0301alise\u0301e par le Street Artiste Italien Eron pour le projet #1096 a\u0300 Versailles\" width=\"1024\" height=\"1024\" srcset=\"https:\/\/i0.wp.com\/altinnov.blog\/wp-content\/uploads\/2020\/12\/Fresque-murale-Monument-re\u0301alise\u0301e-par-le-Street-Artiste-Italien-Eron-pour-le-projet-1096-a\u0300-Versailles.jpg?resize=1024%2C1024&amp;ssl=1 1024w, https:\/\/i0.wp.com\/altinnov.blog\/wp-content\/uploads\/2020\/12\/Fresque-murale-Monument-re\u0301alise\u0301e-par-le-Street-Artiste-Italien-Eron-pour-le-projet-1096-a\u0300-Versailles.jpg?resize=300%2C300&amp;ssl=1 300w, https:\/\/i0.wp.com\/altinnov.blog\/wp-content\/uploads\/2020\/12\/Fresque-murale-Monument-re\u0301alise\u0301e-par-le-Street-Artiste-Italien-Eron-pour-le-projet-1096-a\u0300-Versailles.jpg?resize=150%2C150&amp;ssl=1 150w, https:\/\/i0.wp.com\/altinnov.blog\/wp-content\/uploads\/2020\/12\/Fresque-murale-Monument-re\u0301alise\u0301e-par-le-Street-Artiste-Italien-Eron-pour-le-projet-1096-a\u0300-Versailles.jpg?resize=768%2C768&amp;ssl=1 768w, https:\/\/i0.wp.com\/altinnov.blog\/wp-content\/uploads\/2020\/12\/Fresque-murale-Monument-re\u0301alise\u0301e-par-le-Street-Artiste-Italien-Eron-pour-le-projet-1096-a\u0300-Versailles.jpg?resize=1536%2C1536&amp;ssl=1 1536w, https:\/\/i0.wp.com\/altinnov.blog\/wp-content\/uploads\/2020\/12\/Fresque-murale-Monument-re\u0301alise\u0301e-par-le-Street-Artiste-Italien-Eron-pour-le-projet-1096-a\u0300-Versailles.jpg?w=1683&amp;ssl=1 1683w\" sizes=\"(max-width: 1024px) 100vw, 1024px\" data-recalc-dims=\"1\" \/><p id=\"caption-attachment-3606\" class=\"wp-caption-text\">\u00ab\u00a0Monument\u00a0\u00bb &#8211; Eron &#8211; Photo @Altinnov<\/p><\/div>\n<p>&nbsp;<\/p>\n<p>Eron est tr\u00e8s certainement le Street Artiste Italien le plus connu internationalement. Ses \u0153uvres sortent souvent du cadre, apparaissent comme des ombres, des anges ou s\u2019\u00e9chappent tout simplement de leur support. Cet artiste figuratif travaille son style pictural jusqu\u2019\u00e0 la perfection\u00a0! Dans cette \u0153uvre les oiseaux s\u2019\u00e9chappent litt\u00e9ralement du cadre symbolisant la cage ou plus simplement de la main de l\u2019homme qui les apprivoise. Un vrai questionnement sur le rapport que nous entretenons avec la nature si magnifique lorsqu\u2019elle est libre et sauvage et si souvent priv\u00e9e de libert\u00e9 par nos propres mains.<\/p>\n<h2>La \u00ab\u00a0Violeta\u00a0\u00bb d\u2019<a href=\"https:\/\/www.instagram.com\/mr_aryz\/?hl=es\" target=\"_blank\" rel=\"noopener noreferrer\">Aryz<\/a>\u00a0; un regard au dessus du quartier<\/h2>\n<div id=\"attachment_3607\" style=\"width: 1034px\" class=\"wp-caption aligncenter\"><img aria-describedby=\"caption-attachment-3607\" decoding=\"async\" loading=\"lazy\" class=\"size-large wp-image-3607\" src=\"https:\/\/i0.wp.com\/altinnov.blog\/wp-content\/uploads\/2020\/12\/Fresque-murale-re\u0301alise\u0301e-par-le-Street-Artiste-Espagnol-Aryz-pour-Quai-36-a\u0300-Versailles.jpg?resize=1024%2C1024&#038;ssl=1\" alt=\"Fresque murale re\u0301alise\u0301e par le Street Artiste Espagnol Aryz pour Quai 36 a\u0300 Versailles\" width=\"1024\" height=\"1024\" srcset=\"https:\/\/i0.wp.com\/altinnov.blog\/wp-content\/uploads\/2020\/12\/Fresque-murale-re\u0301alise\u0301e-par-le-Street-Artiste-Espagnol-Aryz-pour-Quai-36-a\u0300-Versailles.jpg?resize=1024%2C1024&amp;ssl=1 1024w, https:\/\/i0.wp.com\/altinnov.blog\/wp-content\/uploads\/2020\/12\/Fresque-murale-re\u0301alise\u0301e-par-le-Street-Artiste-Espagnol-Aryz-pour-Quai-36-a\u0300-Versailles.jpg?resize=300%2C300&amp;ssl=1 300w, https:\/\/i0.wp.com\/altinnov.blog\/wp-content\/uploads\/2020\/12\/Fresque-murale-re\u0301alise\u0301e-par-le-Street-Artiste-Espagnol-Aryz-pour-Quai-36-a\u0300-Versailles.jpg?resize=150%2C150&amp;ssl=1 150w, https:\/\/i0.wp.com\/altinnov.blog\/wp-content\/uploads\/2020\/12\/Fresque-murale-re\u0301alise\u0301e-par-le-Street-Artiste-Espagnol-Aryz-pour-Quai-36-a\u0300-Versailles.jpg?resize=768%2C768&amp;ssl=1 768w, https:\/\/i0.wp.com\/altinnov.blog\/wp-content\/uploads\/2020\/12\/Fresque-murale-re\u0301alise\u0301e-par-le-Street-Artiste-Espagnol-Aryz-pour-Quai-36-a\u0300-Versailles.jpg?resize=1536%2C1536&amp;ssl=1 1536w, https:\/\/i0.wp.com\/altinnov.blog\/wp-content\/uploads\/2020\/12\/Fresque-murale-re\u0301alise\u0301e-par-le-Street-Artiste-Espagnol-Aryz-pour-Quai-36-a\u0300-Versailles.jpg?resize=2048%2C2048&amp;ssl=1 2048w, https:\/\/i0.wp.com\/altinnov.blog\/wp-content\/uploads\/2020\/12\/Fresque-murale-re\u0301alise\u0301e-par-le-Street-Artiste-Espagnol-Aryz-pour-Quai-36-a\u0300-Versailles.jpg?w=2280&amp;ssl=1 2280w\" sizes=\"(max-width: 1024px) 100vw, 1024px\" data-recalc-dims=\"1\" \/><p id=\"caption-attachment-3607\" class=\"wp-caption-text\">\u00ab\u00a0Violeta\u00a0\u00bb &#8211; Aryz &#8211; Photo @Altinnov<\/p><\/div>\n<p>&nbsp;<\/p>\n<p>Cette \u0153uvre d\u2019Aryz se d\u00e9tache des autres par ses couleurs Pastel et le regard si lointain de cette jeune femme une fleur \u00e0 la main. Sa vision de la relation que l\u2019humain entretient avec la nature semble basique et pourtant le regard de cette femme croqu\u00e9e est au dessus de tout\u2026 ou simplement r\u00eaveur. Les \u0153uvres XXL de cet artiste Espagnol ont cela d\u2019int\u00e9ressant qu\u2019il ne les r\u00e9alise pas pour les gens\u00a0; mais pour qu\u2019elles interagissent r\u00e9ellement avec l\u2019environnement et les immeubles alentour. Dans une r\u00e9alit\u00e9 plus terre \u00e0 terre cette jeune femme d\u00e9tourne le regard d\u2019un terrain de foot situ\u00e9 en face de l\u2019immeuble pour le poser vers l\u2019horizon bien loin du quartier o\u00f9 elle se trouve.<\/p>\n<h2><strong>Amoureux de Street Art, faut-il vous rendre \u00e0 Versailles pour admirer le projet #1096 r\u00e9alis\u00e9 par Quai 36\u00a0?<\/strong><\/h2>\n<p>Tr\u00e8s sinc\u00e8rement, et m\u00eame s\u2019il n\u2019y a que 10 fresques murales, ce projet vaut le coup d\u2019\u0153il car il est vraiment diff\u00e9rent d\u2019autres comme celui de Boulevard Paris 13 par exemple. Tr\u00e8s souvent les \u0153uvres monumentales viennent rompre les lignes de l\u2019architecture, trompent l\u2019\u0153il ou encore vous en mettent plein la vue avec des couleurs chatoyantes ! Ici tout n\u2019est que douceur, les \u0153uvres sont enveloppantes comme une for\u00eat ; le th\u00e8me y est certainement pour quelque chose. Le Street Art \u00e0 Versailles gagne \u00e0 \u00eatre connu\u2026 Et si vous pensez que 10 fresques c\u2019est un peu juste, sachez que vous pouvez aussi compl\u00e9ter votre promenade par une petite chasse aux <a href=\"https:\/\/altinnov.blog\/index.php\/fr\/2018\/06\/22\/invaders-paris-lyon-new-york\/\" target=\"_blank\" rel=\"noopener noreferrer\"><strong>Invaders<\/strong><\/a> dans les rues de cette noble ville!<\/p>\n<p>Pour vous y rendre et localiser les \u0153uvres, rien de plus simple\u00a0! Toutes les informations sont accessibles sur le site de <a href=\"https:\/\/quai36.com\/creation\/projet-1096-versailles-mona-caron\/\" target=\"_blank\" rel=\"noopener noreferrer\"><strong>Quai36<\/strong><\/a>.<\/p>\n<p>Pour d\u00e9couvrir un peu plus du travail de <strong>Jade Rivera<\/strong>, je vous donne rendez-vous \u00e0 <a href=\"https:\/\/altinnov.blog\/index.php\/fr\/2019\/07\/16\/holbox-paradis-street-art\/\"><strong>Holbox au Mexique<\/strong><\/a>, pour celui de <strong>Seth<\/strong> \u00e0 <a href=\"https:\/\/altinnov.blog\/index.php\/fr\/2020\/11\/09\/musee-du-street-art-a-ciel-ouvert-boulevard-paris-13\/\"><strong>Boulevard Paris 13<\/strong><\/a> et pour mieux comprendre celui du duo <strong>Telmo Miel<\/strong> <a href=\"https:\/\/altinnov.blog\/index.php\/fr\/2020\/10\/02\/street-art-a-boulogne-sur-mer\/\"><strong>\u00e0 Boulogne-sur-Mer o\u00f9 ils ont r\u00e9alis\u00e9 deux magnifiques fresques<\/strong><\/a>.<\/p>\n<p>De mon c\u00f4t\u00e9, je rechausse mes baskets, et dans un p\u00e9rim\u00e8tre de 20 Km, suis d\u00e9j\u00e0 repartie pour une nouvelle aventure Street Art\u00a0; moins royale cette fois-ci\u00a0\ud83d\ude09<\/p>\n<p>A tr\u00e8s bient\u00f4t.<\/p>\n<p>S\u00e9verine<\/p>\n<div class=\"tiled-gallery type-rectangular tiled-gallery-unresized\" data-original-width=\"1140\" data-carousel-extra='null' itemscope itemtype=\"http:\/\/schema.org\/ImageGallery\" > <div class=\"gallery-row\" style=\"width: 1140px; height: 760px;\" data-original-width=\"1140\" data-original-height=\"760\" > <div class=\"gallery-group images-1\" style=\"width: 760px; height: 760px;\" data-original-width=\"760\" data-original-height=\"760\" > <div class=\"tiled-gallery-item tiled-gallery-item-large\" itemprop=\"associatedMedia\" itemscope itemtype=\"http:\/\/schema.org\/ImageObject\"> <a href=\"https:\/\/altinnov.blog\/index.php\/fr\/2020\/12\/08\/street-art-versailles\/street-art-invader-versailles-decaptitation-du-roi\/\" border=\"0\" itemprop=\"url\"> <meta itemprop=\"width\" content=\"756\"> <meta itemprop=\"height\" content=\"756\"> <img class=\"\" data-attachment-id=\"3614\" data-orig-file=\"https:\/\/altinnov.blog\/wp-content\/uploads\/2020\/12\/Street-Art-Invader-Versailles-de\u0301captitation-du-Roi-scaled.jpg\" data-orig-size=\"2560,2560\" data-comments-opened=\"1\" data-image-meta=\"{&quot;aperture&quot;:&quot;2.2&quot;,&quot;credit&quot;:&quot;&quot;,&quot;camera&quot;:&quot;iPhone 6s Plus&quot;,&quot;caption&quot;:&quot;&quot;,&quot;created_timestamp&quot;:&quot;1606656786&quot;,&quot;copyright&quot;:&quot;&quot;,&quot;focal_length&quot;:&quot;4.15&quot;,&quot;iso&quot;:&quot;25&quot;,&quot;shutter_speed&quot;:&quot;0.0013661202185792&quot;,&quot;title&quot;:&quot;&quot;,&quot;orientation&quot;:&quot;0&quot;}\" data-image-title=\"Invader Versailles &#8211; de\u0301captitation du Roi\" data-image-description=\"&lt;p&gt;Invader Versailles &#8211; de\u0301captitation du Roi&lt;\/p&gt; \" data-medium-file=\"https:\/\/i0.wp.com\/altinnov.blog\/wp-content\/uploads\/2020\/12\/Street-Art-Invader-Versailles-de\u0301captitation-du-Roi-scaled.jpg?fit=300%2C300&#038;ssl=1\" data-large-file=\"https:\/\/i0.wp.com\/altinnov.blog\/wp-content\/uploads\/2020\/12\/Street-Art-Invader-Versailles-de\u0301captitation-du-Roi-scaled.jpg?fit=1024%2C1024&#038;ssl=1\" src=\"https:\/\/i0.wp.com\/altinnov.blog\/wp-content\/uploads\/2020\/12\/Street-Art-Invader-Versailles-de\u0301captitation-du-Roi-scaled.jpg?w=756&#038;h=756&#038;crop=1&#038;ssl=1\" srcset=\"https:\/\/i0.wp.com\/altinnov.blog\/wp-content\/uploads\/2020\/12\/Street-Art-Invader-Versailles-de\u0301captitation-du-Roi-scaled.jpg?w=2560&amp;ssl=1 2560w, https:\/\/i0.wp.com\/altinnov.blog\/wp-content\/uploads\/2020\/12\/Street-Art-Invader-Versailles-de\u0301captitation-du-Roi-scaled.jpg?resize=300%2C300&amp;ssl=1 300w, https:\/\/i0.wp.com\/altinnov.blog\/wp-content\/uploads\/2020\/12\/Street-Art-Invader-Versailles-de\u0301captitation-du-Roi-scaled.jpg?resize=1024%2C1024&amp;ssl=1 1024w, https:\/\/i0.wp.com\/altinnov.blog\/wp-content\/uploads\/2020\/12\/Street-Art-Invader-Versailles-de\u0301captitation-du-Roi-scaled.jpg?resize=150%2C150&amp;ssl=1 150w, https:\/\/i0.wp.com\/altinnov.blog\/wp-content\/uploads\/2020\/12\/Street-Art-Invader-Versailles-de\u0301captitation-du-Roi-scaled.jpg?resize=768%2C768&amp;ssl=1 768w, https:\/\/i0.wp.com\/altinnov.blog\/wp-content\/uploads\/2020\/12\/Street-Art-Invader-Versailles-de\u0301captitation-du-Roi-scaled.jpg?resize=1536%2C1536&amp;ssl=1 1536w, https:\/\/i0.wp.com\/altinnov.blog\/wp-content\/uploads\/2020\/12\/Street-Art-Invader-Versailles-de\u0301captitation-du-Roi-scaled.jpg?resize=2048%2C2048&amp;ssl=1 2048w, https:\/\/i0.wp.com\/altinnov.blog\/wp-content\/uploads\/2020\/12\/Street-Art-Invader-Versailles-de\u0301captitation-du-Roi-scaled.jpg?w=2280&amp;ssl=1 2280w\" width=\"756\" height=\"756\" loading=\"lazy\" data-original-width=\"756\" data-original-height=\"756\" itemprop=\"http:\/\/schema.org\/image\" title=\"Invader Versailles - de\u0301captitation du Roi\" alt=\"Invader Versailles - de\u0301captitation du Roi\" style=\"width: 756px; height: 756px;\" \/> <\/a> <div class=\"tiled-gallery-caption\" itemprop=\"caption description\"> Invader <\/div> <\/div> <\/div> <!-- close group --> <div class=\"gallery-group images-2\" style=\"width: 380px; height: 760px;\" data-original-width=\"380\" data-original-height=\"760\" > <div class=\"tiled-gallery-item tiled-gallery-item-large\" itemprop=\"associatedMedia\" itemscope itemtype=\"http:\/\/schema.org\/ImageObject\"> <a href=\"https:\/\/altinnov.blog\/index.php\/fr\/2020\/12\/08\/street-art-versailles\/street-art-invader-versailles-roi-soleil-rue-du-baillage\/\" border=\"0\" itemprop=\"url\"> <meta itemprop=\"width\" content=\"376\"> <meta itemprop=\"height\" content=\"376\"> <img class=\"\" data-attachment-id=\"3613\" data-orig-file=\"https:\/\/altinnov.blog\/wp-content\/uploads\/2020\/12\/Street-Art-Invader-Versailles-roi-Soleil-rue-du-Baillage.jpg\" data-orig-size=\"2399,2399\" data-comments-opened=\"1\" data-image-meta=\"{&quot;aperture&quot;:&quot;2.2&quot;,&quot;credit&quot;:&quot;&quot;,&quot;camera&quot;:&quot;iPhone 6s Plus&quot;,&quot;caption&quot;:&quot;&quot;,&quot;created_timestamp&quot;:&quot;1606657159&quot;,&quot;copyright&quot;:&quot;&quot;,&quot;focal_length&quot;:&quot;4.15&quot;,&quot;iso&quot;:&quot;25&quot;,&quot;shutter_speed&quot;:&quot;0.0029154518950437&quot;,&quot;title&quot;:&quot;&quot;,&quot;orientation&quot;:&quot;0&quot;}\" data-image-title=\"Invader Versailles roi Soleil rue du Baillage\" data-image-description=\"&lt;p&gt;Invader Versailles roi Soleil rue du Baillage&lt;\/p&gt; \" data-medium-file=\"https:\/\/i0.wp.com\/altinnov.blog\/wp-content\/uploads\/2020\/12\/Street-Art-Invader-Versailles-roi-Soleil-rue-du-Baillage.jpg?fit=300%2C300&#038;ssl=1\" data-large-file=\"https:\/\/i0.wp.com\/altinnov.blog\/wp-content\/uploads\/2020\/12\/Street-Art-Invader-Versailles-roi-Soleil-rue-du-Baillage.jpg?fit=1024%2C1024&#038;ssl=1\" src=\"https:\/\/i0.wp.com\/altinnov.blog\/wp-content\/uploads\/2020\/12\/Street-Art-Invader-Versailles-roi-Soleil-rue-du-Baillage.jpg?w=376&#038;h=376&#038;crop=1&#038;ssl=1\" srcset=\"https:\/\/i0.wp.com\/altinnov.blog\/wp-content\/uploads\/2020\/12\/Street-Art-Invader-Versailles-roi-Soleil-rue-du-Baillage.jpg?w=2399&amp;ssl=1 2399w, https:\/\/i0.wp.com\/altinnov.blog\/wp-content\/uploads\/2020\/12\/Street-Art-Invader-Versailles-roi-Soleil-rue-du-Baillage.jpg?resize=300%2C300&amp;ssl=1 300w, https:\/\/i0.wp.com\/altinnov.blog\/wp-content\/uploads\/2020\/12\/Street-Art-Invader-Versailles-roi-Soleil-rue-du-Baillage.jpg?resize=1024%2C1024&amp;ssl=1 1024w, https:\/\/i0.wp.com\/altinnov.blog\/wp-content\/uploads\/2020\/12\/Street-Art-Invader-Versailles-roi-Soleil-rue-du-Baillage.jpg?resize=150%2C150&amp;ssl=1 150w, https:\/\/i0.wp.com\/altinnov.blog\/wp-content\/uploads\/2020\/12\/Street-Art-Invader-Versailles-roi-Soleil-rue-du-Baillage.jpg?resize=768%2C768&amp;ssl=1 768w, https:\/\/i0.wp.com\/altinnov.blog\/wp-content\/uploads\/2020\/12\/Street-Art-Invader-Versailles-roi-Soleil-rue-du-Baillage.jpg?resize=1536%2C1536&amp;ssl=1 1536w, https:\/\/i0.wp.com\/altinnov.blog\/wp-content\/uploads\/2020\/12\/Street-Art-Invader-Versailles-roi-Soleil-rue-du-Baillage.jpg?resize=2048%2C2048&amp;ssl=1 2048w, https:\/\/i0.wp.com\/altinnov.blog\/wp-content\/uploads\/2020\/12\/Street-Art-Invader-Versailles-roi-Soleil-rue-du-Baillage.jpg?w=2280&amp;ssl=1 2280w\" width=\"376\" height=\"376\" loading=\"lazy\" data-original-width=\"376\" data-original-height=\"376\" itemprop=\"http:\/\/schema.org\/image\" title=\"Invader Versailles roi Soleil rue du Baillage\" alt=\"Invader Versailles roi Soleil rue du Baillage\" style=\"width: 376px; height: 376px;\" \/> <\/a> <div class=\"tiled-gallery-caption\" itemprop=\"caption description\"> Versailles <\/div> <\/div> <div class=\"tiled-gallery-item tiled-gallery-item-large\" itemprop=\"associatedMedia\" itemscope itemtype=\"http:\/\/schema.org\/ImageObject\"> <a href=\"https:\/\/altinnov.blog\/index.php\/fr\/2020\/12\/08\/street-art-versailles\/street-art-invader-versailles-le-roi-soleil\/\" border=\"0\" itemprop=\"url\"> <meta itemprop=\"width\" content=\"376\"> <meta itemprop=\"height\" content=\"376\"> <img class=\"\" data-attachment-id=\"3615\" data-orig-file=\"https:\/\/altinnov.blog\/wp-content\/uploads\/2020\/12\/Street-Art-Invader-Versailles-Le-Roi-Soleil.jpg\" data-orig-size=\"2503,2503\" data-comments-opened=\"1\" data-image-meta=\"{&quot;aperture&quot;:&quot;2.2&quot;,&quot;credit&quot;:&quot;&quot;,&quot;camera&quot;:&quot;iPhone 6s Plus&quot;,&quot;caption&quot;:&quot;&quot;,&quot;created_timestamp&quot;:&quot;1606656598&quot;,&quot;copyright&quot;:&quot;&quot;,&quot;focal_length&quot;:&quot;4.15&quot;,&quot;iso&quot;:&quot;25&quot;,&quot;shutter_speed&quot;:&quot;0.0027932960893855&quot;,&quot;title&quot;:&quot;&quot;,&quot;orientation&quot;:&quot;0&quot;}\" data-image-title=\"Invader Versailles &#8211; Le Roi Soleil\" data-image-description=\"&lt;p&gt;Invader Versailles &#8211; Le Roi Soleil&lt;\/p&gt; \" data-medium-file=\"https:\/\/i0.wp.com\/altinnov.blog\/wp-content\/uploads\/2020\/12\/Street-Art-Invader-Versailles-Le-Roi-Soleil.jpg?fit=300%2C300&#038;ssl=1\" data-large-file=\"https:\/\/i0.wp.com\/altinnov.blog\/wp-content\/uploads\/2020\/12\/Street-Art-Invader-Versailles-Le-Roi-Soleil.jpg?fit=1024%2C1024&#038;ssl=1\" src=\"https:\/\/i0.wp.com\/altinnov.blog\/wp-content\/uploads\/2020\/12\/Street-Art-Invader-Versailles-Le-Roi-Soleil.jpg?w=376&#038;h=376&#038;crop=1&#038;ssl=1\" srcset=\"https:\/\/i0.wp.com\/altinnov.blog\/wp-content\/uploads\/2020\/12\/Street-Art-Invader-Versailles-Le-Roi-Soleil.jpg?w=2503&amp;ssl=1 2503w, https:\/\/i0.wp.com\/altinnov.blog\/wp-content\/uploads\/2020\/12\/Street-Art-Invader-Versailles-Le-Roi-Soleil.jpg?resize=300%2C300&amp;ssl=1 300w, https:\/\/i0.wp.com\/altinnov.blog\/wp-content\/uploads\/2020\/12\/Street-Art-Invader-Versailles-Le-Roi-Soleil.jpg?resize=1024%2C1024&amp;ssl=1 1024w, https:\/\/i0.wp.com\/altinnov.blog\/wp-content\/uploads\/2020\/12\/Street-Art-Invader-Versailles-Le-Roi-Soleil.jpg?resize=150%2C150&amp;ssl=1 150w, https:\/\/i0.wp.com\/altinnov.blog\/wp-content\/uploads\/2020\/12\/Street-Art-Invader-Versailles-Le-Roi-Soleil.jpg?resize=768%2C768&amp;ssl=1 768w, https:\/\/i0.wp.com\/altinnov.blog\/wp-content\/uploads\/2020\/12\/Street-Art-Invader-Versailles-Le-Roi-Soleil.jpg?resize=1536%2C1536&amp;ssl=1 1536w, https:\/\/i0.wp.com\/altinnov.blog\/wp-content\/uploads\/2020\/12\/Street-Art-Invader-Versailles-Le-Roi-Soleil.jpg?resize=2048%2C2048&amp;ssl=1 2048w, https:\/\/i0.wp.com\/altinnov.blog\/wp-content\/uploads\/2020\/12\/Street-Art-Invader-Versailles-Le-Roi-Soleil.jpg?w=2280&amp;ssl=1 2280w\" width=\"376\" height=\"376\" loading=\"lazy\" data-original-width=\"376\" data-original-height=\"376\" itemprop=\"http:\/\/schema.org\/image\" title=\"Invader Versailles - Le Roi Soleil\" alt=\"Invader Versailles - Le Roi Soleil\" style=\"width: 376px; height: 376px;\" \/> <\/a> <div class=\"tiled-gallery-caption\" itemprop=\"caption description\"> Photo : @Altinnov <\/div> <\/div> <\/div> <!-- close group --> <\/div> <!-- close row --> <\/div>\n<p>&nbsp;<\/p>\n<div id=\"altin-828188618\" class=\"altin-apres-le-contenu_2 altin-entity-placement\"><!-- Ezoic - bas article - native_bottom -->\r\n<div id=\"ezoic-pub-ad-placeholder-102\"> <\/div>\r\n<!-- End Ezoic - bas article - native_bottom --><\/div><div id=\"altin-3342310518\" class=\"altin-apres-le-contenu altin-entity-placement\" style=\"margin-left: auto;margin-right: auto;text-align: center;\"><script async src=\"\/\/pagead2.googlesyndication.com\/pagead\/js\/adsbygoogle.js?client=ca-pub-4035181110757945\" crossorigin=\"anonymous\"><\/script><ins class=\"adsbygoogle\" style=\"display:block; text-align:center;\" data-ad-client=\"ca-pub-4035181110757945\" \ndata-ad-slot=\"9414912321\" \ndata-ad-layout=\"in-article\"\ndata-ad-format=\"fluid\"><\/ins>\n<script> \n(adsbygoogle = window.adsbygoogle || []).push({}); \n<\/script>\n<\/div>","protected":false},"excerpt":{"rendered":"<p>Vous emmenez \u00e0 Versailles afin d&rsquo;y d\u00e9couvrir du Street Art vous para\u00eet un peu dingue ? Suivez-moi, vous allez adorer !<\/p>\n","protected":false},"author":1,"featured_media":3599,"comment_status":"open","ping_status":"open","sticky":false,"template":"","format":"standard","meta":{"jetpack_post_was_ever_published":false,"_jetpack_newsletter_access":"","_jetpack_dont_email_post_to_subs":false,"_jetpack_newsletter_tier_id":0,"_jetpack_memberships_contains_paywalled_content":false,"footnotes":"","_jetpack_memberships_contains_paid_content":false},"categories":[29],"tags":[1687,1685,1003,1009,1225,1683,1681,1679],"yoast_head":"<!-- This site is optimized with the Yoast SEO plugin v22.6 - https:\/\/yoast.com\/wordpress\/plugins\/seo\/ -->\n<title>Quand le Street Art s\u2019invite \u00e0 Versailles; c&#039;est royalement po\u00e9tique ! - ALTINNOV<\/title>\n<meta name=\"description\" content=\"Vous emmener \u00e0 Versailles afin d&#039;y d\u00e9couvrir du Street Art vous para\u00eet un peu dingue ? Suivez-moi, vous allez adorer !\" \/>\n<meta name=\"robots\" content=\"index, follow, max-snippet:-1, max-image-preview:large, max-video-preview:-1\" \/>\n<link rel=\"canonical\" href=\"https:\/\/altinnov.blog\/index.php\/fr\/2020\/12\/08\/street-art-versailles\/\" \/>\n<meta property=\"og:locale\" content=\"fr_FR\" \/>\n<meta property=\"og:type\" content=\"article\" \/>\n<meta property=\"og:title\" content=\"Quand le Street Art s\u2019invite \u00e0 Versailles; c&#039;est royalement po\u00e9tique ! - ALTINNOV\" \/>\n<meta property=\"og:description\" content=\"Vous emmener \u00e0 Versailles afin d&#039;y d\u00e9couvrir du Street Art vous para\u00eet un peu dingue ? Suivez-moi, vous allez adorer !\" \/>\n<meta property=\"og:url\" content=\"https:\/\/altinnov.blog\/index.php\/fr\/2020\/12\/08\/street-art-versailles\/\" \/>\n<meta property=\"og:site_name\" content=\"ALTINNOV\" \/>\n<meta property=\"article:publisher\" content=\"https:\/\/www.facebook.com\/Altinnov\/\" \/>\n<meta property=\"article:author\" content=\"https:\/\/www.facebook.com\/Altinnov\/\" \/>\n<meta property=\"article:published_time\" content=\"2020-12-08T19:40:10+00:00\" \/>\n<meta property=\"article:modified_time\" content=\"2021-02-04T16:43:27+00:00\" \/>\n<meta property=\"og:image\" content=\"https:\/\/i1.wp.com\/altinnov.blog\/wp-content\/uploads\/2020\/12\/Couverture-article-Street-Art-avec-Fresque-Murale-de-Aryz-et-Jade-Rivera-pour-Quai-36-a\u0300-Versailles--scaled.jpg?fit=2560%2C1779&ssl=1\" \/>\n\t<meta property=\"og:image:width\" content=\"2560\" \/>\n\t<meta property=\"og:image:height\" content=\"1779\" \/>\n\t<meta property=\"og:image:type\" content=\"image\/jpeg\" \/>\n<meta name=\"author\" content=\"S\u00e9verine\" \/>\n<meta name=\"twitter:card\" content=\"summary_large_image\" \/>\n<meta name=\"twitter:creator\" content=\"@Altinnov1\" \/>\n<meta name=\"twitter:site\" content=\"@Altinnov1\" \/>\n<meta name=\"twitter:label1\" content=\"\u00c9crit par\" \/>\n\t<meta name=\"twitter:data1\" content=\"S\u00e9verine\" \/>\n\t<meta name=\"twitter:label2\" content=\"Dur\u00e9e de lecture estim\u00e9e\" \/>\n\t<meta name=\"twitter:data2\" content=\"8 minutes\" \/>\n<script type=\"application\/ld+json\" class=\"yoast-schema-graph\">{\"@context\":\"https:\/\/schema.org\",\"@graph\":[{\"@type\":\"NewsArticle\",\"@id\":\"https:\/\/altinnov.blog\/index.php\/fr\/2020\/12\/08\/street-art-versailles\/#article\",\"isPartOf\":{\"@id\":\"https:\/\/altinnov.blog\/index.php\/fr\/2020\/12\/08\/street-art-versailles\/\"},\"author\":{\"name\":\"S\u00e9verine\",\"@id\":\"https:\/\/altinnov.blog\/#\/schema\/person\/fb38574bf72ee22878743e54d687ae5a\"},\"headline\":\"Quand le Street Art s\u2019invite \u00e0 Versailles; c&rsquo;est royalement po\u00e9tique !\",\"datePublished\":\"2020-12-08T19:40:10+00:00\",\"dateModified\":\"2021-02-04T16:43:27+00:00\",\"mainEntityOfPage\":{\"@id\":\"https:\/\/altinnov.blog\/index.php\/fr\/2020\/12\/08\/street-art-versailles\/\"},\"wordCount\":1570,\"commentCount\":4,\"publisher\":{\"@id\":\"https:\/\/altinnov.blog\/#\/schema\/person\/fb38574bf72ee22878743e54d687ae5a\"},\"image\":{\"@id\":\"https:\/\/altinnov.blog\/index.php\/fr\/2020\/12\/08\/street-art-versailles\/#primaryimage\"},\"thumbnailUrl\":\"https:\/\/i0.wp.com\/altinnov.blog\/wp-content\/uploads\/2020\/12\/Couverture-article-Street-Art-avec-Fresque-Murale-de-Aryz-et-Jade-Rivera-pour-Quai-36-a\u0300-Versailles--scaled.jpg?fit=2560%2C1779&ssl=1\",\"keywords\":[\"Aryz\",\"Eron\",\"France\",\"invader\",\"Jade Rivera\",\"Seth GlobePainter\",\"Telmo Miel\",\"Waone\"],\"articleSection\":[\"Balades Street Art\"],\"inLanguage\":\"fr-FR\",\"potentialAction\":[{\"@type\":\"CommentAction\",\"name\":\"Comment\",\"target\":[\"https:\/\/altinnov.blog\/index.php\/fr\/2020\/12\/08\/street-art-versailles\/#respond\"]}]},{\"@type\":\"WebPage\",\"@id\":\"https:\/\/altinnov.blog\/index.php\/fr\/2020\/12\/08\/street-art-versailles\/\",\"url\":\"https:\/\/altinnov.blog\/index.php\/fr\/2020\/12\/08\/street-art-versailles\/\",\"name\":\"Quand le Street Art s\u2019invite \u00e0 Versailles; c'est royalement po\u00e9tique ! - ALTINNOV\",\"isPartOf\":{\"@id\":\"https:\/\/altinnov.blog\/#website\"},\"primaryImageOfPage\":{\"@id\":\"https:\/\/altinnov.blog\/index.php\/fr\/2020\/12\/08\/street-art-versailles\/#primaryimage\"},\"image\":{\"@id\":\"https:\/\/altinnov.blog\/index.php\/fr\/2020\/12\/08\/street-art-versailles\/#primaryimage\"},\"thumbnailUrl\":\"https:\/\/i0.wp.com\/altinnov.blog\/wp-content\/uploads\/2020\/12\/Couverture-article-Street-Art-avec-Fresque-Murale-de-Aryz-et-Jade-Rivera-pour-Quai-36-a\u0300-Versailles--scaled.jpg?fit=2560%2C1779&ssl=1\",\"datePublished\":\"2020-12-08T19:40:10+00:00\",\"dateModified\":\"2021-02-04T16:43:27+00:00\",\"description\":\"Vous emmener \u00e0 Versailles afin d'y d\u00e9couvrir du Street Art vous para\u00eet un peu dingue ? Suivez-moi, vous allez adorer !\",\"breadcrumb\":{\"@id\":\"https:\/\/altinnov.blog\/index.php\/fr\/2020\/12\/08\/street-art-versailles\/#breadcrumb\"},\"inLanguage\":\"fr-FR\",\"potentialAction\":[{\"@type\":\"ReadAction\",\"target\":[\"https:\/\/altinnov.blog\/index.php\/fr\/2020\/12\/08\/street-art-versailles\/\"]}]},{\"@type\":\"ImageObject\",\"inLanguage\":\"fr-FR\",\"@id\":\"https:\/\/altinnov.blog\/index.php\/fr\/2020\/12\/08\/street-art-versailles\/#primaryimage\",\"url\":\"https:\/\/i0.wp.com\/altinnov.blog\/wp-content\/uploads\/2020\/12\/Couverture-article-Street-Art-avec-Fresque-Murale-de-Aryz-et-Jade-Rivera-pour-Quai-36-a\u0300-Versailles--scaled.jpg?fit=2560%2C1779&ssl=1\",\"contentUrl\":\"https:\/\/i0.wp.com\/altinnov.blog\/wp-content\/uploads\/2020\/12\/Couverture-article-Street-Art-avec-Fresque-Murale-de-Aryz-et-Jade-Rivera-pour-Quai-36-a\u0300-Versailles--scaled.jpg?fit=2560%2C1779&ssl=1\",\"width\":2560,\"height\":1779,\"caption\":\"Couverture article Street Art avec Fresque Murale de Aryz et Jade Rivera pour Quai 36 a\u0300 Versailles\"},{\"@type\":\"BreadcrumbList\",\"@id\":\"https:\/\/altinnov.blog\/index.php\/fr\/2020\/12\/08\/street-art-versailles\/#breadcrumb\",\"itemListElement\":[{\"@type\":\"ListItem\",\"position\":1,\"name\":\"Accueil\",\"item\":\"https:\/\/altinnov.blog\/\"},{\"@type\":\"ListItem\",\"position\":2,\"name\":\"Quand le Street Art s\u2019invite \u00e0 Versailles; c&#8217;est royalement po\u00e9tique !\"}]},{\"@type\":\"WebSite\",\"@id\":\"https:\/\/altinnov.blog\/#website\",\"url\":\"https:\/\/altinnov.blog\/\",\"name\":\"ALTINNOV\",\"description\":\"BLOG STREET ART &amp; LIFESTYLE\",\"publisher\":{\"@id\":\"https:\/\/altinnov.blog\/#\/schema\/person\/fb38574bf72ee22878743e54d687ae5a\"},\"potentialAction\":[{\"@type\":\"SearchAction\",\"target\":{\"@type\":\"EntryPoint\",\"urlTemplate\":\"https:\/\/altinnov.blog\/?s={search_term_string}\"},\"query-input\":\"required name=search_term_string\"}],\"inLanguage\":\"fr-FR\"},{\"@type\":[\"Person\",\"Organization\"],\"@id\":\"https:\/\/altinnov.blog\/#\/schema\/person\/fb38574bf72ee22878743e54d687ae5a\",\"name\":\"S\u00e9verine\",\"image\":{\"@type\":\"ImageObject\",\"inLanguage\":\"fr-FR\",\"@id\":\"https:\/\/altinnov.blog\/#\/schema\/person\/image\/\",\"url\":\"https:\/\/i0.wp.com\/altinnov.blog\/wp-content\/uploads\/2021\/07\/SkatePark-re\u0301alise\u0301-par-JonOne-dans-lespace-transition-ephe\u0301me\u0300re-dAbbeville-scaled.jpg?fit=2560%2C1920&ssl=1\",\"contentUrl\":\"https:\/\/i0.wp.com\/altinnov.blog\/wp-content\/uploads\/2021\/07\/SkatePark-re\u0301alise\u0301-par-JonOne-dans-lespace-transition-ephe\u0301me\u0300re-dAbbeville-scaled.jpg?fit=2560%2C1920&ssl=1\",\"width\":2560,\"height\":1920,\"caption\":\"S\u00e9verine\"},\"logo\":{\"@id\":\"https:\/\/altinnov.blog\/#\/schema\/person\/image\/\"},\"sameAs\":[\"https:\/\/altinnov.blog\/\",\"https:\/\/www.facebook.com\/Altinnov\/\",\"https:\/\/www.instagram.com\/Altinnov\/\",\"https:\/\/www.linkedin.com\/in\/severinetp\/\",\"https:\/\/www.pinterest.fr\/SeverineTP\/\",\"https:\/\/x.com\/Altinnov1\"]}]}<\/script>\n<!-- \/ Yoast SEO plugin. -->","yoast_head_json":{"title":"Quand le Street Art s\u2019invite \u00e0 Versailles; c'est royalement po\u00e9tique ! - ALTINNOV","description":"Vous emmener \u00e0 Versailles afin d'y d\u00e9couvrir du Street Art vous para\u00eet un peu dingue ? Suivez-moi, vous allez adorer !","robots":{"index":"index","follow":"follow","max-snippet":"max-snippet:-1","max-image-preview":"max-image-preview:large","max-video-preview":"max-video-preview:-1"},"canonical":"https:\/\/altinnov.blog\/index.php\/fr\/2020\/12\/08\/street-art-versailles\/","og_locale":"fr_FR","og_type":"article","og_title":"Quand le Street Art s\u2019invite \u00e0 Versailles; c'est royalement po\u00e9tique ! - ALTINNOV","og_description":"Vous emmener \u00e0 Versailles afin d'y d\u00e9couvrir du Street Art vous para\u00eet un peu dingue ? Suivez-moi, vous allez adorer !","og_url":"https:\/\/altinnov.blog\/index.php\/fr\/2020\/12\/08\/street-art-versailles\/","og_site_name":"ALTINNOV","article_publisher":"https:\/\/www.facebook.com\/Altinnov\/","article_author":"https:\/\/www.facebook.com\/Altinnov\/","article_published_time":"2020-12-08T19:40:10+00:00","article_modified_time":"2021-02-04T16:43:27+00:00","og_image":[{"width":2560,"height":1779,"url":"https:\/\/i1.wp.com\/altinnov.blog\/wp-content\/uploads\/2020\/12\/Couverture-article-Street-Art-avec-Fresque-Murale-de-Aryz-et-Jade-Rivera-pour-Quai-36-a\u0300-Versailles--scaled.jpg?fit=2560%2C1779&ssl=1","type":"image\/jpeg"}],"author":"S\u00e9verine","twitter_card":"summary_large_image","twitter_creator":"@Altinnov1","twitter_site":"@Altinnov1","twitter_misc":{"\u00c9crit par":"S\u00e9verine","Dur\u00e9e de lecture estim\u00e9e":"8 minutes"},"schema":{"@context":"https:\/\/schema.org","@graph":[{"@type":"NewsArticle","@id":"https:\/\/altinnov.blog\/index.php\/fr\/2020\/12\/08\/street-art-versailles\/#article","isPartOf":{"@id":"https:\/\/altinnov.blog\/index.php\/fr\/2020\/12\/08\/street-art-versailles\/"},"author":{"name":"S\u00e9verine","@id":"https:\/\/altinnov.blog\/#\/schema\/person\/fb38574bf72ee22878743e54d687ae5a"},"headline":"Quand le Street Art s\u2019invite \u00e0 Versailles; c&rsquo;est royalement po\u00e9tique !","datePublished":"2020-12-08T19:40:10+00:00","dateModified":"2021-02-04T16:43:27+00:00","mainEntityOfPage":{"@id":"https:\/\/altinnov.blog\/index.php\/fr\/2020\/12\/08\/street-art-versailles\/"},"wordCount":1570,"commentCount":4,"publisher":{"@id":"https:\/\/altinnov.blog\/#\/schema\/person\/fb38574bf72ee22878743e54d687ae5a"},"image":{"@id":"https:\/\/altinnov.blog\/index.php\/fr\/2020\/12\/08\/street-art-versailles\/#primaryimage"},"thumbnailUrl":"https:\/\/i0.wp.com\/altinnov.blog\/wp-content\/uploads\/2020\/12\/Couverture-article-Street-Art-avec-Fresque-Murale-de-Aryz-et-Jade-Rivera-pour-Quai-36-a\u0300-Versailles--scaled.jpg?fit=2560%2C1779&ssl=1","keywords":["Aryz","Eron","France","invader","Jade Rivera","Seth GlobePainter","Telmo Miel","Waone"],"articleSection":["Balades Street Art"],"inLanguage":"fr-FR","potentialAction":[{"@type":"CommentAction","name":"Comment","target":["https:\/\/altinnov.blog\/index.php\/fr\/2020\/12\/08\/street-art-versailles\/#respond"]}]},{"@type":"WebPage","@id":"https:\/\/altinnov.blog\/index.php\/fr\/2020\/12\/08\/street-art-versailles\/","url":"https:\/\/altinnov.blog\/index.php\/fr\/2020\/12\/08\/street-art-versailles\/","name":"Quand le Street Art s\u2019invite \u00e0 Versailles; c'est royalement po\u00e9tique ! - ALTINNOV","isPartOf":{"@id":"https:\/\/altinnov.blog\/#website"},"primaryImageOfPage":{"@id":"https:\/\/altinnov.blog\/index.php\/fr\/2020\/12\/08\/street-art-versailles\/#primaryimage"},"image":{"@id":"https:\/\/altinnov.blog\/index.php\/fr\/2020\/12\/08\/street-art-versailles\/#primaryimage"},"thumbnailUrl":"https:\/\/i0.wp.com\/altinnov.blog\/wp-content\/uploads\/2020\/12\/Couverture-article-Street-Art-avec-Fresque-Murale-de-Aryz-et-Jade-Rivera-pour-Quai-36-a\u0300-Versailles--scaled.jpg?fit=2560%2C1779&ssl=1","datePublished":"2020-12-08T19:40:10+00:00","dateModified":"2021-02-04T16:43:27+00:00","description":"Vous emmener \u00e0 Versailles afin d'y d\u00e9couvrir du Street Art vous para\u00eet un peu dingue ? Suivez-moi, vous allez adorer !","breadcrumb":{"@id":"https:\/\/altinnov.blog\/index.php\/fr\/2020\/12\/08\/street-art-versailles\/#breadcrumb"},"inLanguage":"fr-FR","potentialAction":[{"@type":"ReadAction","target":["https:\/\/altinnov.blog\/index.php\/fr\/2020\/12\/08\/street-art-versailles\/"]}]},{"@type":"ImageObject","inLanguage":"fr-FR","@id":"https:\/\/altinnov.blog\/index.php\/fr\/2020\/12\/08\/street-art-versailles\/#primaryimage","url":"https:\/\/i0.wp.com\/altinnov.blog\/wp-content\/uploads\/2020\/12\/Couverture-article-Street-Art-avec-Fresque-Murale-de-Aryz-et-Jade-Rivera-pour-Quai-36-a\u0300-Versailles--scaled.jpg?fit=2560%2C1779&ssl=1","contentUrl":"https:\/\/i0.wp.com\/altinnov.blog\/wp-content\/uploads\/2020\/12\/Couverture-article-Street-Art-avec-Fresque-Murale-de-Aryz-et-Jade-Rivera-pour-Quai-36-a\u0300-Versailles--scaled.jpg?fit=2560%2C1779&ssl=1","width":2560,"height":1779,"caption":"Couverture article Street Art avec Fresque Murale de Aryz et Jade Rivera pour Quai 36 a\u0300 Versailles"},{"@type":"BreadcrumbList","@id":"https:\/\/altinnov.blog\/index.php\/fr\/2020\/12\/08\/street-art-versailles\/#breadcrumb","itemListElement":[{"@type":"ListItem","position":1,"name":"Accueil","item":"https:\/\/altinnov.blog\/"},{"@type":"ListItem","position":2,"name":"Quand le Street Art s\u2019invite \u00e0 Versailles; c&#8217;est royalement po\u00e9tique !"}]},{"@type":"WebSite","@id":"https:\/\/altinnov.blog\/#website","url":"https:\/\/altinnov.blog\/","name":"ALTINNOV","description":"BLOG STREET ART &amp; LIFESTYLE","publisher":{"@id":"https:\/\/altinnov.blog\/#\/schema\/person\/fb38574bf72ee22878743e54d687ae5a"},"potentialAction":[{"@type":"SearchAction","target":{"@type":"EntryPoint","urlTemplate":"https:\/\/altinnov.blog\/?s={search_term_string}"},"query-input":"required name=search_term_string"}],"inLanguage":"fr-FR"},{"@type":["Person","Organization"],"@id":"https:\/\/altinnov.blog\/#\/schema\/person\/fb38574bf72ee22878743e54d687ae5a","name":"S\u00e9verine","image":{"@type":"ImageObject","inLanguage":"fr-FR","@id":"https:\/\/altinnov.blog\/#\/schema\/person\/image\/","url":"https:\/\/i0.wp.com\/altinnov.blog\/wp-content\/uploads\/2021\/07\/SkatePark-re\u0301alise\u0301-par-JonOne-dans-lespace-transition-ephe\u0301me\u0300re-dAbbeville-scaled.jpg?fit=2560%2C1920&ssl=1","contentUrl":"https:\/\/i0.wp.com\/altinnov.blog\/wp-content\/uploads\/2021\/07\/SkatePark-re\u0301alise\u0301-par-JonOne-dans-lespace-transition-ephe\u0301me\u0300re-dAbbeville-scaled.jpg?fit=2560%2C1920&ssl=1","width":2560,"height":1920,"caption":"S\u00e9verine"},"logo":{"@id":"https:\/\/altinnov.blog\/#\/schema\/person\/image\/"},"sameAs":["https:\/\/altinnov.blog\/","https:\/\/www.facebook.com\/Altinnov\/","https:\/\/www.instagram.com\/Altinnov\/","https:\/\/www.linkedin.com\/in\/severinetp\/","https:\/\/www.pinterest.fr\/SeverineTP\/","https:\/\/x.com\/Altinnov1"]}]}},"jetpack_sharing_enabled":true,"jetpack_featured_media_url":"https:\/\/i0.wp.com\/altinnov.blog\/wp-content\/uploads\/2020\/12\/Couverture-article-Street-Art-avec-Fresque-Murale-de-Aryz-et-Jade-Rivera-pour-Quai-36-a\u0300-Versailles--scaled.jpg?fit=2560%2C1779&ssl=1","jetpack_shortlink":"https:\/\/wp.me\/pakAzb-W1","jetpack_likes_enabled":false,"jetpack-related-posts":[],"_links":{"self":[{"href":"https:\/\/altinnov.blog\/index.php\/wp-json\/wp\/v2\/posts\/3597"}],"collection":[{"href":"https:\/\/altinnov.blog\/index.php\/wp-json\/wp\/v2\/posts"}],"about":[{"href":"https:\/\/altinnov.blog\/index.php\/wp-json\/wp\/v2\/types\/post"}],"author":[{"embeddable":true,"href":"https:\/\/altinnov.blog\/index.php\/wp-json\/wp\/v2\/users\/1"}],"replies":[{"embeddable":true,"href":"https:\/\/altinnov.blog\/index.php\/wp-json\/wp\/v2\/comments?post=3597"}],"version-history":[{"count":11,"href":"https:\/\/altinnov.blog\/index.php\/wp-json\/wp\/v2\/posts\/3597\/revisions"}],"predecessor-version":[{"id":3618,"href":"https:\/\/altinnov.blog\/index.php\/wp-json\/wp\/v2\/posts\/3597\/revisions\/3618"}],"wp:featuredmedia":[{"embeddable":true,"href":"https:\/\/altinnov.blog\/index.php\/wp-json\/wp\/v2\/media\/3599"}],"wp:attachment":[{"href":"https:\/\/altinnov.blog\/index.php\/wp-json\/wp\/v2\/media?parent=3597"}],"wp:term":[{"taxonomy":"category","embeddable":true,"href":"https:\/\/altinnov.blog\/index.php\/wp-json\/wp\/v2\/categories?post=3597"},{"taxonomy":"post_tag","embeddable":true,"href":"https:\/\/altinnov.blog\/index.php\/wp-json\/wp\/v2\/tags?post=3597"}],"curies":[{"name":"wp","href":"https:\/\/api.w.org\/{rel}","templated":true}]}}