{"id":3259,"date":"2020-09-16T18:22:41","date_gmt":"2020-09-16T16:22:41","guid":{"rendered":"https:\/\/altinnov.blog\/?p=3259"},"modified":"2021-11-30T14:01:21","modified_gmt":"2021-11-30T13:01:21","slug":"street-art-canal-de-lourcq","status":"publish","type":"post","link":"https:\/\/altinnov.blog\/index.php\/fr\/2020\/09\/16\/street-art-canal-de-lourcq\/","title":{"rendered":"Le Street Art Canal de l\u2019Ourcq \u00e0 Paris vaut le d\u00e9tour !"},"content":{"rendered":"<p><div class=\"swp_social_panel swp_horizontal_panel swp_flat_fresh  swp_default_full_color swp_other_full_color swp_individual_full_color scale-100 scale-full_width\" data-min-width=\"1100\" data-float-color=\"#ffffff\" data-float=\"none\" data-float-mobile=\"none\" data-transition=\"slide\" data-post-id=\"3259\" ><div class=\"nc_tweetContainer swp_share_button swp_pinterest\" data-network=\"pinterest\"><a rel=\"nofollow noreferrer noopener\" class=\"nc_tweet swp_share_link\" data-count=\"0\" data-link=\"https:\/\/pinterest.com\/pin\/create\/button\/?url=https:\/\/altinnov.blog\/index.php\/fr\/2020\/09\/16\/street-art-canal-de-lourcq\/&media=https%3A%2F%2Faltinnov.blog%2Fwp-content%2Fuploads%2F2020%2F09%2FVinie-Graffiti-festival-Ourcq-Living-Colors-Paris-Street-Art-scaled.jpg&description=Le+Street+Art+Canal+de+l%E2%80%99Ourcq+%C3%A0+Paris+vaut+vraiment+le+d%C3%A9tour+%21+Je+vous+emm%C3%A8ne+dans+une+belle+promenade+d%C3%A9couvrir+de+talentueux+artistes%E2%80%A6++via+%40https%3A%2F%2Fwww.pinterest.fr%2FSeverineTP%2F\" href=\"https:\/\/pinterest.com\/pin\/create\/button\/?url=https:\/\/altinnov.blog\/index.php\/fr\/2020\/09\/16\/street-art-canal-de-lourcq\/&media=https%3A%2F%2Faltinnov.blog%2Fwp-content%2Fuploads%2F2020%2F09%2FVinie-Graffiti-festival-Ourcq-Living-Colors-Paris-Street-Art-scaled.jpg&description=Le+Street+Art+Canal+de+l%E2%80%99Ourcq+%C3%A0+Paris+vaut+vraiment+le+d%C3%A9tour+%21+Je+vous+emm%C3%A8ne+dans+une+belle+promenade+d%C3%A9couvrir+de+talentueux+artistes%E2%80%A6++via+%40https%3A%2F%2Fwww.pinterest.fr%2FSeverineTP%2F\" ><span class=\"swp_count swp_hide\"><span class=\"iconFiller\"><span class=\"spaceManWilly\"><i class=\"sw swp_pinterest_icon\"><\/i><span class=\"swp_share\">\u00c9pingle<\/span><\/span><\/span><\/span><\/a><\/div><div class=\"nc_tweetContainer swp_share_button swp_whatsapp\" data-network=\"whatsapp\"><a class=\"nc_tweet swp_share_link\" rel=\"nofollow noreferrer noopener\" target=\"_blank\" href=\"https:\/\/api.whatsapp.com\/send?text=https%3A%2F%2Faltinnov.blog%2Findex.php%2Ffr%2F2020%2F09%2F16%2Fstreet-art-canal-de-lourcq%2F%3Futm_source%3Dwhatsapp%26utm_medium%3Dsocial%26utm_campaign%3DSocialWarfare\" data-link=\"https:\/\/api.whatsapp.com\/send?text=https%3A%2F%2Faltinnov.blog%2Findex.php%2Ffr%2F2020%2F09%2F16%2Fstreet-art-canal-de-lourcq%2F%3Futm_source%3Dwhatsapp%26utm_medium%3Dsocial%26utm_campaign%3DSocialWarfare\"><span class=\"swp_count swp_hide\"><span class=\"iconFiller\"><span class=\"spaceManWilly\"><i class=\"sw swp_whatsapp_icon\"><\/i><span class=\"swp_share\">WhatsApp<\/span><\/span><\/span><\/span><\/a><\/div><div class=\"nc_tweetContainer swp_share_button swp_reddit\" data-network=\"reddit\"><a class=\"nc_tweet swp_share_link\" rel=\"nofollow noreferrer noopener\" target=\"_blank\" href=\"https:\/\/www.reddit.com\/submit?url=https%3A%2F%2Faltinnov.blog%2Findex.php%2Ffr%2F2020%2F09%2F16%2Fstreet-art-canal-de-lourcq%2F%3Futm_source%3Dreddit%26utm_medium%3Dsocial%26utm_campaign%3DSocialWarfare\" data-link=\"https:\/\/www.reddit.com\/submit?url=https%3A%2F%2Faltinnov.blog%2Findex.php%2Ffr%2F2020%2F09%2F16%2Fstreet-art-canal-de-lourcq%2F%3Futm_source%3Dreddit%26utm_medium%3Dsocial%26utm_campaign%3DSocialWarfare\"><span class=\"swp_count swp_hide\"><span class=\"iconFiller\"><span class=\"spaceManWilly\"><i class=\"sw swp_reddit_icon\"><\/i><span class=\"swp_share\">Reddit<\/span><\/span><\/span><\/span><\/a><\/div><div class=\"nc_tweetContainer swp_share_button swp_flipboard\" data-network=\"flipboard\"><a class=\"nc_tweet swp_share_link\" rel=\"nofollow noreferrer noopener\" target=\"_blank\" href=\"https:\/\/share.flipboard.com\/bookmarklet\/popout?v=2&title=Le+Street+Art+Canal+de+l%E2%80%99Ourcq+%C3%A0+Paris+vaut+le+d%C3%A9tour+%21&url=https%3A%2F%2Faltinnov.blog%2Findex.php%2Ffr%2F2020%2F09%2F16%2Fstreet-art-canal-de-lourcq%2F%3Futm_source%3Dflipboard%26utm_medium%3Dsocial%26utm_campaign%3DSocialWarfare\" data-link=\"https:\/\/share.flipboard.com\/bookmarklet\/popout?v=2&title=Le+Street+Art+Canal+de+l%E2%80%99Ourcq+%C3%A0+Paris+vaut+le+d%C3%A9tour+%21&url=https%3A%2F%2Faltinnov.blog%2Findex.php%2Ffr%2F2020%2F09%2F16%2Fstreet-art-canal-de-lourcq%2F%3Futm_source%3Dflipboard%26utm_medium%3Dsocial%26utm_campaign%3DSocialWarfare\"><span class=\"swp_count swp_hide\"><span class=\"iconFiller\"><span class=\"spaceManWilly\"><i class=\"sw swp_flipboard_icon\"><\/i><span class=\"swp_share\">Flip<\/span><\/span><\/span><\/span><\/a><\/div><div class=\"nc_tweetContainer swp_share_button swp_facebook\" data-network=\"facebook\"><a class=\"nc_tweet swp_share_link\" rel=\"nofollow noreferrer noopener\" target=\"_blank\" href=\"https:\/\/www.facebook.com\/share.php?u=https%3A%2F%2Faltinnov.blog%2Findex.php%2Ffr%2F2020%2F09%2F16%2Fstreet-art-canal-de-lourcq%2F%3Futm_source%3Dfacebook%26utm_medium%3Dsocial%26utm_campaign%3DSocialWarfare\" data-link=\"https:\/\/www.facebook.com\/share.php?u=https%3A%2F%2Faltinnov.blog%2Findex.php%2Ffr%2F2020%2F09%2F16%2Fstreet-art-canal-de-lourcq%2F%3Futm_source%3Dfacebook%26utm_medium%3Dsocial%26utm_campaign%3DSocialWarfare\"><span class=\"swp_count swp_hide\"><span class=\"iconFiller\"><span class=\"spaceManWilly\"><i class=\"sw swp_facebook_icon\"><\/i><span class=\"swp_share\">Partagez<\/span><\/span><\/span><\/span><\/a><\/div><div class=\"nc_tweetContainer swp_share_button swp_email\" data-network=\"email\"><a class=\"nc_tweet noPop swp_share_link\" rel=\"nofollow noreferrer noopener\" href=\"mailto:?subject=Le%20Street%20Art%20Canal%20de%20l%E2%80%99Ourcq%20%C3%A0%20Paris%20vaut%20le%20d%C3%A9tour%20%21&body=Le%20Street%20Art%20Canal%20de%20l%E2%80%99Ourcq%20%C3%A0%20Paris%20vaut%20vraiment%20le%20d%C3%A9tour%20%21%20Je%20vous%20emm%C3%A8ne%20dans%20une%20belle%20promenade%20d%C3%A9couvrir%20de%20talentueux%20artistes%E2%80%A6%0D%0A%0D%0ARead More Here: %20https%3A%2F%2Faltinnov.blog%2Findex.php%2Ffr%2F2020%2F09%2F16%2Fstreet-art-canal-de-lourcq%2F%3Futm_source%3Demail%26utm_medium%3Dsocial%26utm_campaign%3DSocialWarfare\" target=\"_blank\"><span class=\"swp_count swp_hide\"><span class=\"iconFiller\"><span class=\"spaceManWilly\"><i class=\"sw swp_email_icon\"><\/i><span class=\"swp_share\">Email<\/span><\/span><\/span><\/span><\/a><\/div><div class=\"nc_tweetContainer swp_share_button swp_twitter\" data-network=\"twitter\"><a class=\"nc_tweet swp_share_link\" rel=\"nofollow noreferrer noopener\" target=\"_blank\" href=\"https:\/\/twitter.com\/intent\/tweet?text=Le+Street+Art+Canal+de+l%E2%80%99Ourcq+%C3%A0+Paris+vaut+vraiment+le+d%C3%A9tour+%21+Je+vous+emm%C3%A8ne+dans+une+belle+promenade+d%C3%A9couvrir+de+talentueux+artistes%E2%80%A6+%23Streetart+%23dacruz+%23shiroone+%23ourcqlivingcolors+%23sitou+&url=https%3A%2F%2Faltinnov.blog%2Findex.php%2Ffr%2F2020%2F09%2F16%2Fstreet-art-canal-de-lourcq%2F%3Futm_source%3Dtwitter%26utm_medium%3Dsocial%26utm_campaign%3DSocialWarfare&via=Altinnov1\" data-link=\"https:\/\/twitter.com\/intent\/tweet?text=Le+Street+Art+Canal+de+l%E2%80%99Ourcq+%C3%A0+Paris+vaut+vraiment+le+d%C3%A9tour+%21+Je+vous+emm%C3%A8ne+dans+une+belle+promenade+d%C3%A9couvrir+de+talentueux+artistes%E2%80%A6+%23Streetart+%23dacruz+%23shiroone+%23ourcqlivingcolors+%23sitou+&url=https%3A%2F%2Faltinnov.blog%2Findex.php%2Ffr%2F2020%2F09%2F16%2Fstreet-art-canal-de-lourcq%2F%3Futm_source%3Dtwitter%26utm_medium%3Dsocial%26utm_campaign%3DSocialWarfare&via=Altinnov1\"><span class=\"swp_count swp_hide\"><span class=\"iconFiller\"><span class=\"spaceManWilly\"><i class=\"sw swp_twitter_icon\"><\/i><span class=\"swp_share\">Tweetez<\/span><\/span><\/span><\/span><\/a><\/div><div class=\"nc_tweetContainer swp_share_button swp_linkedin\" data-network=\"linkedin\"><a class=\"nc_tweet swp_share_link\" rel=\"nofollow noreferrer noopener\" target=\"_blank\" href=\"https:\/\/www.linkedin.com\/cws\/share?url=https%3A%2F%2Faltinnov.blog%2Findex.php%2Ffr%2F2020%2F09%2F16%2Fstreet-art-canal-de-lourcq%2F%3Futm_source%3Dlinkedin%26utm_medium%3Dsocial%26utm_campaign%3DSocialWarfare\" data-link=\"https:\/\/www.linkedin.com\/cws\/share?url=https%3A%2F%2Faltinnov.blog%2Findex.php%2Ffr%2F2020%2F09%2F16%2Fstreet-art-canal-de-lourcq%2F%3Futm_source%3Dlinkedin%26utm_medium%3Dsocial%26utm_campaign%3DSocialWarfare\"><span class=\"swp_count swp_hide\"><span class=\"iconFiller\"><span class=\"spaceManWilly\"><i class=\"sw swp_linkedin_icon\"><\/i><span class=\"swp_share\">Partagez<\/span><\/span><\/span><\/span><\/a><\/div><\/div>D\u2019aussi loin que je me souvienne\u00a0; le Street Art a toujours \u00e9t\u00e9 pr\u00e9sent dans cette partie du 19<sup>\u00e8me<\/sup> arrondissement de Paris. Bien avant que les cin\u00e9mas, bars et restaurants branch\u00e9s y fassent leur apparition. En se concentrant sur la partie Est du Canal de l\u2019Ourcq et en restant dans Paris on peut distinguer 5 spots incontournables. Comme vous le verrez le <strong><a href=\"https:\/\/www.ourcqlivingcolors.com\/\" target=\"_blank\" rel=\"noopener noreferrer\">Festival Ourcq Living Colors<\/a><\/strong> cr\u00e9\u00e9 par <a href=\"https:\/\/www.instagram.com\/dacruzgraffiti\/\" target=\"_blank\" rel=\"noopener noreferrer\"><strong>dAcRuZ<\/strong><\/a>, Street Artiste habitant le quartier, a cr\u00e9\u00e9 une dynamique forte autour de l\u2019Art Urbain. Et comme dAcRuZ officie depuis plus de 15 ans ; le quartier ressemblerait presque \u00e0 une exposition g\u00e9ante de ses \u0153uvres\u2026 Je reviendrai sur son travail dans un autre article, car l\u00e0, je souhaite vraiment vous montrer la diversit\u00e9 de ce que vous pouvez d\u00e9couvrir en longeant le canal.<\/p>\n<p>&nbsp;<\/p><div id=\"altin-1772813791\" class=\"altin-contenu_2 altin-entity-placement\"><script async src=\"\/\/pagead2.googlesyndication.com\/pagead\/js\/adsbygoogle.js?client=ca-pub-4035181110757945\" crossorigin=\"anonymous\"><\/script><ins class=\"adsbygoogle\" style=\"display:block; text-align:center;\" data-ad-client=\"ca-pub-4035181110757945\" \ndata-ad-slot=\"9414912321\" \ndata-ad-layout=\"in-article\"\ndata-ad-format=\"fluid\"><\/ins>\n<script> \n(adsbygoogle = window.adsbygoogle || []).push({}); \n<\/script>\n<\/div>\n<h3><strong>Incontournable\u00a0! Le mur d\u2019expression libre de la rue Henri Nogu\u00e8res<\/strong><\/h3>\n<p>Je n\u2019ai jamais vu ce mur sans un seul graffiti, tag ou fresque murale\u00a0! Toutes les semaines des graffeurs viennent poser leur blaze ou r\u00e9aliser des fresques\u00a0; c\u2019est vraiment un endroit iconique du Street Art dans le quartier\u00a0; et surtout un lieu o\u00f9 les artistes peuvent s\u2019exprimer sans avoir \u00e0 redouter une amende ou une interpellation\u00a0!<\/p>\n<div id=\"attachment_3260\" style=\"width: 1034px\" class=\"wp-caption aligncenter\"><img aria-describedby=\"caption-attachment-3260\" decoding=\"async\" loading=\"lazy\" class=\"wp-image-3260 size-large\" src=\"https:\/\/i0.wp.com\/altinnov.blog\/wp-content\/uploads\/2020\/09\/Street-Art-canal-de-lourcq-_-Street-Artiste-Berthet_one.jpg?resize=1024%2C654&#038;ssl=1\" alt=\"Street Art Canal de l'Ourcq - Oeuvre r\u00e9alis\u00e9e par l'artiste Berthet One \" width=\"1024\" height=\"654\" srcset=\"https:\/\/i0.wp.com\/altinnov.blog\/wp-content\/uploads\/2020\/09\/Street-Art-canal-de-lourcq-_-Street-Artiste-Berthet_one.jpg?resize=1024%2C654&amp;ssl=1 1024w, https:\/\/i0.wp.com\/altinnov.blog\/wp-content\/uploads\/2020\/09\/Street-Art-canal-de-lourcq-_-Street-Artiste-Berthet_one.jpg?resize=300%2C192&amp;ssl=1 300w, https:\/\/i0.wp.com\/altinnov.blog\/wp-content\/uploads\/2020\/09\/Street-Art-canal-de-lourcq-_-Street-Artiste-Berthet_one.jpg?resize=768%2C491&amp;ssl=1 768w, https:\/\/i0.wp.com\/altinnov.blog\/wp-content\/uploads\/2020\/09\/Street-Art-canal-de-lourcq-_-Street-Artiste-Berthet_one.jpg?resize=1536%2C982&amp;ssl=1 1536w, https:\/\/i0.wp.com\/altinnov.blog\/wp-content\/uploads\/2020\/09\/Street-Art-canal-de-lourcq-_-Street-Artiste-Berthet_one.jpg?w=2000&amp;ssl=1 2000w\" sizes=\"(max-width: 1024px) 100vw, 1024px\" data-recalc-dims=\"1\" \/><p id=\"caption-attachment-3260\" class=\"wp-caption-text\">\u00ab\u00a0Le Savoir est une arme d&rsquo;instruction massive\u00a0\u00bb par Berthet One &#8211; Photo @Altinnov<\/p><\/div>\n<p>&nbsp;<\/p>\n<p>On y retrouve des artistes locaux ; mais aussi parfois des artistes internationaux qui viennent s\u2019amuser sur ce formidable terrain de jeu. Lors de mon dernier passage on pouvait y voir des \u0153uvres de <a href=\"https:\/\/www.instagram.com\/choofy_officiel\/\" target=\"_blank\" rel=\"noopener noreferrer\"><strong>Choofy<\/strong><\/a>, <a href=\"https:\/\/www.instagram.com\/berthetone\/\" target=\"_blank\" rel=\"noopener noreferrer\"><strong>BerthetOne<\/strong><\/a> avec son message \u00ab\u00a0Le savoir est une arme d\u2019instruction massive. Et aussi un tr\u00e8s beau blaze d\u2019<a href=\"https:\/\/www.instagram.com\/astro_odv_cbs\/\" target=\"_blank\" rel=\"noopener noreferrer\"><strong>Astro<\/strong><\/a>, graffeur connu qui a r\u00e9alis\u00e9 beaucoup de fresques murales g\u00e9antes ces derni\u00e8res ann\u00e9es et aussi collabor\u00e9s avec beaucoup de marques mais qui n\u2019oublie pas d\u2019o\u00f9 il vient et sait revenir \u00e0 ses origines dans la rue pour nous offrir de temps \u00e0 autre son Blaze ultra-travaill\u00e9\u00a0!<\/p>\n<div class=\"tiled-gallery type-rectangular tiled-gallery-unresized\" data-original-width=\"1140\" data-carousel-extra='null' itemscope itemtype=\"http:\/\/schema.org\/ImageGallery\" > <div class=\"gallery-row\" style=\"width: 1140px; height: 576px;\" data-original-width=\"1140\" data-original-height=\"576\" > <div class=\"gallery-group images-1\" style=\"width: 573px; height: 576px;\" data-original-width=\"573\" data-original-height=\"576\" > <div class=\"tiled-gallery-item tiled-gallery-item-large\" itemprop=\"associatedMedia\" itemscope itemtype=\"http:\/\/schema.org\/ImageObject\"> <a href=\"https:\/\/altinnov.blog\/index.php\/fr\/2020\/09\/16\/street-art-canal-de-lourcq\/blaze-artiste-astro-graffiti-art-paris-blog-street-art-altinnov\/\" border=\"0\" itemprop=\"url\"> <meta itemprop=\"width\" content=\"569\"> <meta itemprop=\"height\" content=\"572\"> <img class=\"\" data-attachment-id=\"3263\" data-orig-file=\"https:\/\/altinnov.blog\/wp-content\/uploads\/2020\/09\/Blaze-artiste-Astro-Graffiti-Art-Paris-blog-street-art-altinnov-scaled.jpg\" data-orig-size=\"2547,2560\" data-comments-opened=\"1\" data-image-meta=\"{&quot;aperture&quot;:&quot;2.2&quot;,&quot;credit&quot;:&quot;&quot;,&quot;camera&quot;:&quot;iPhone 6s Plus&quot;,&quot;caption&quot;:&quot;&quot;,&quot;created_timestamp&quot;:&quot;1598447892&quot;,&quot;copyright&quot;:&quot;&quot;,&quot;focal_length&quot;:&quot;4.15&quot;,&quot;iso&quot;:&quot;25&quot;,&quot;shutter_speed&quot;:&quot;0.0017301038062284&quot;,&quot;title&quot;:&quot;&quot;,&quot;orientation&quot;:&quot;0&quot;}\" data-image-title=\"Blaze artiste Astro &#8211; Graffiti Art Paris &#8211; blog street art altinnov\" data-image-description=\"&lt;p&gt;Beau Blaze r\u00e9alis\u00e9 par Astro c\u00e9l\u00e8bre graffeur et street artiste &#8211; Canal de l&amp;rsquo;Ourcq Paris&lt;\/p&gt; \" data-medium-file=\"https:\/\/i0.wp.com\/altinnov.blog\/wp-content\/uploads\/2020\/09\/Blaze-artiste-Astro-Graffiti-Art-Paris-blog-street-art-altinnov-scaled.jpg?fit=300%2C300&#038;ssl=1\" data-large-file=\"https:\/\/i0.wp.com\/altinnov.blog\/wp-content\/uploads\/2020\/09\/Blaze-artiste-Astro-Graffiti-Art-Paris-blog-street-art-altinnov-scaled.jpg?fit=1019%2C1024&#038;ssl=1\" src=\"https:\/\/i0.wp.com\/altinnov.blog\/wp-content\/uploads\/2020\/09\/Blaze-artiste-Astro-Graffiti-Art-Paris-blog-street-art-altinnov-scaled.jpg?w=569&#038;h=572&#038;ssl=1\" srcset=\"https:\/\/i0.wp.com\/altinnov.blog\/wp-content\/uploads\/2020\/09\/Blaze-artiste-Astro-Graffiti-Art-Paris-blog-street-art-altinnov-scaled.jpg?w=2547&amp;ssl=1 2547w, https:\/\/i0.wp.com\/altinnov.blog\/wp-content\/uploads\/2020\/09\/Blaze-artiste-Astro-Graffiti-Art-Paris-blog-street-art-altinnov-scaled.jpg?resize=1019%2C1024&amp;ssl=1 1019w, https:\/\/i0.wp.com\/altinnov.blog\/wp-content\/uploads\/2020\/09\/Blaze-artiste-Astro-Graffiti-Art-Paris-blog-street-art-altinnov-scaled.jpg?resize=150%2C150&amp;ssl=1 150w, https:\/\/i0.wp.com\/altinnov.blog\/wp-content\/uploads\/2020\/09\/Blaze-artiste-Astro-Graffiti-Art-Paris-blog-street-art-altinnov-scaled.jpg?resize=768%2C772&amp;ssl=1 768w, https:\/\/i0.wp.com\/altinnov.blog\/wp-content\/uploads\/2020\/09\/Blaze-artiste-Astro-Graffiti-Art-Paris-blog-street-art-altinnov-scaled.jpg?resize=1528%2C1536&amp;ssl=1 1528w, https:\/\/i0.wp.com\/altinnov.blog\/wp-content\/uploads\/2020\/09\/Blaze-artiste-Astro-Graffiti-Art-Paris-blog-street-art-altinnov-scaled.jpg?resize=2038%2C2048&amp;ssl=1 2038w, https:\/\/i0.wp.com\/altinnov.blog\/wp-content\/uploads\/2020\/09\/Blaze-artiste-Astro-Graffiti-Art-Paris-blog-street-art-altinnov-scaled.jpg?w=2280&amp;ssl=1 2280w\" width=\"569\" height=\"572\" loading=\"lazy\" data-original-width=\"569\" data-original-height=\"572\" itemprop=\"http:\/\/schema.org\/image\" title=\"Blaze artiste Astro - Graffiti Art Paris - blog street art altinnov\" alt=\"Beau Blaze r\u00e9alis\u00e9 par Astro c\u00e9l\u00e8bre graffeur et street artiste - Canal de l&#039;Ourcq Paris\" style=\"width: 569px; height: 572px;\" \/> <\/a> <div class=\"tiled-gallery-caption\" itemprop=\"caption description\"> Blaze d&rsquo;Astro &#8211; Photo @Altinnov <\/div> <\/div> <\/div> <!-- close group --> <div class=\"gallery-group images-1\" style=\"width: 567px; height: 576px;\" data-original-width=\"567\" data-original-height=\"576\" > <div class=\"tiled-gallery-item tiled-gallery-item-large\" itemprop=\"associatedMedia\" itemscope itemtype=\"http:\/\/schema.org\/ImageObject\"> <a href=\"https:\/\/altinnov.blog\/index.php\/fr\/2020\/09\/16\/street-art-canal-de-lourcq\/street-art-paris-choofy-blog-altinnov\/\" border=\"0\" itemprop=\"url\"> <meta itemprop=\"width\" content=\"563\"> <meta itemprop=\"height\" content=\"572\"> <img class=\"\" data-attachment-id=\"3262\" data-orig-file=\"https:\/\/altinnov.blog\/wp-content\/uploads\/2020\/09\/Street-Art-Paris-Choofy-blog-altinnov-scaled.jpg\" data-orig-size=\"2520,2560\" data-comments-opened=\"1\" data-image-meta=\"{&quot;aperture&quot;:&quot;2.2&quot;,&quot;credit&quot;:&quot;&quot;,&quot;camera&quot;:&quot;iPhone 6s Plus&quot;,&quot;caption&quot;:&quot;&quot;,&quot;created_timestamp&quot;:&quot;1598447794&quot;,&quot;copyright&quot;:&quot;&quot;,&quot;focal_length&quot;:&quot;4.15&quot;,&quot;iso&quot;:&quot;25&quot;,&quot;shutter_speed&quot;:&quot;0.0016129032258065&quot;,&quot;title&quot;:&quot;&quot;,&quot;orientation&quot;:&quot;0&quot;}\" data-image-title=\"Street Art Paris &#8211; Choofy &#8211; blog altinnov\" data-image-description=\"\" data-medium-file=\"https:\/\/i0.wp.com\/altinnov.blog\/wp-content\/uploads\/2020\/09\/Street-Art-Paris-Choofy-blog-altinnov-scaled.jpg?fit=295%2C300&#038;ssl=1\" data-large-file=\"https:\/\/i0.wp.com\/altinnov.blog\/wp-content\/uploads\/2020\/09\/Street-Art-Paris-Choofy-blog-altinnov-scaled.jpg?fit=1008%2C1024&#038;ssl=1\" src=\"https:\/\/i0.wp.com\/altinnov.blog\/wp-content\/uploads\/2020\/09\/Street-Art-Paris-Choofy-blog-altinnov-scaled.jpg?w=563&#038;h=572&#038;ssl=1\" srcset=\"https:\/\/i0.wp.com\/altinnov.blog\/wp-content\/uploads\/2020\/09\/Street-Art-Paris-Choofy-blog-altinnov-scaled.jpg?w=2520&amp;ssl=1 2520w, https:\/\/i0.wp.com\/altinnov.blog\/wp-content\/uploads\/2020\/09\/Street-Art-Paris-Choofy-blog-altinnov-scaled.jpg?resize=295%2C300&amp;ssl=1 295w, https:\/\/i0.wp.com\/altinnov.blog\/wp-content\/uploads\/2020\/09\/Street-Art-Paris-Choofy-blog-altinnov-scaled.jpg?resize=1008%2C1024&amp;ssl=1 1008w, https:\/\/i0.wp.com\/altinnov.blog\/wp-content\/uploads\/2020\/09\/Street-Art-Paris-Choofy-blog-altinnov-scaled.jpg?resize=768%2C780&amp;ssl=1 768w, https:\/\/i0.wp.com\/altinnov.blog\/wp-content\/uploads\/2020\/09\/Street-Art-Paris-Choofy-blog-altinnov-scaled.jpg?resize=1512%2C1536&amp;ssl=1 1512w, https:\/\/i0.wp.com\/altinnov.blog\/wp-content\/uploads\/2020\/09\/Street-Art-Paris-Choofy-blog-altinnov-scaled.jpg?resize=2016%2C2048&amp;ssl=1 2016w, https:\/\/i0.wp.com\/altinnov.blog\/wp-content\/uploads\/2020\/09\/Street-Art-Paris-Choofy-blog-altinnov-scaled.jpg?w=2280&amp;ssl=1 2280w\" width=\"563\" height=\"572\" loading=\"lazy\" data-original-width=\"563\" data-original-height=\"572\" itemprop=\"http:\/\/schema.org\/image\" title=\"Street Art Paris - Choofy - blog altinnov\" alt=\"Street Art : Chats r\u00e9alis\u00e9s par l&#039;artiste Choofy canal de l&#039;Ourcq \u00e0 Paris\" style=\"width: 563px; height: 572px;\" \/> <\/a> <div class=\"tiled-gallery-caption\" itemprop=\"caption description\"> Choofy &#8211; Photo @Altinnov <\/div> <\/div> <\/div> <!-- close group --> <\/div> <!-- close row --> <\/div>\n<p>&nbsp;<\/p>\n<p>Le ph\u00e9nom\u00e8ne \u00e9tonnant de la rue Henri Nogu\u00e8res est cette fresque en hommage \u00e0 Stan Lee, immense cr\u00e9ateur d\u2019un grand nombre de super-h\u00e9ros pour les \u00e9ditions Marvel. Elle est rest\u00e9e intacte depuis plus d\u2019un an ; ce qui d\u00e9montre certainement l\u2019attachement des graffeurs \u00e0 ces personnages de leur enfance ou alors le respect qu\u2019ils portent \u00e0 l\u2019\u00e9quipe <a href=\"https:\/\/www.instagram.com\/arm_crew\/\" target=\"_blank\" rel=\"noopener noreferrer\"><strong>ARM Crew<\/strong><\/a> qui a r\u00e9alis\u00e9 cette fresque ;-)\u2026 On y retrouve Hulk, Iron man, Captain America et Spider-Man dans cette fresque ultra-imposante !<\/p>\n<div id=\"attachment_3265\" style=\"width: 1034px\" class=\"wp-caption aligncenter\"><img aria-describedby=\"caption-attachment-3265\" decoding=\"async\" loading=\"lazy\" class=\"wp-image-3265 size-large\" src=\"https:\/\/i0.wp.com\/altinnov.blog\/wp-content\/uploads\/2020\/09\/Hommage-a\u0300-Stan-Lee-MARVEL-Comics-_-Street-art-Canal-de-lOurcq.jpg?resize=1024%2C653&#038;ssl=1\" alt=\"Hommage a\u0300 Stan Lee - MARVEL - Comics _ Street art Canal de l'Ourcq\" width=\"1024\" height=\"653\" srcset=\"https:\/\/i0.wp.com\/altinnov.blog\/wp-content\/uploads\/2020\/09\/Hommage-a\u0300-Stan-Lee-MARVEL-Comics-_-Street-art-Canal-de-lOurcq-scaled.jpg?resize=1024%2C653&amp;ssl=1 1024w, https:\/\/i0.wp.com\/altinnov.blog\/wp-content\/uploads\/2020\/09\/Hommage-a\u0300-Stan-Lee-MARVEL-Comics-_-Street-art-Canal-de-lOurcq-scaled.jpg?resize=300%2C191&amp;ssl=1 300w, https:\/\/i0.wp.com\/altinnov.blog\/wp-content\/uploads\/2020\/09\/Hommage-a\u0300-Stan-Lee-MARVEL-Comics-_-Street-art-Canal-de-lOurcq-scaled.jpg?resize=768%2C490&amp;ssl=1 768w, https:\/\/i0.wp.com\/altinnov.blog\/wp-content\/uploads\/2020\/09\/Hommage-a\u0300-Stan-Lee-MARVEL-Comics-_-Street-art-Canal-de-lOurcq-scaled.jpg?resize=1536%2C979&amp;ssl=1 1536w, https:\/\/i0.wp.com\/altinnov.blog\/wp-content\/uploads\/2020\/09\/Hommage-a\u0300-Stan-Lee-MARVEL-Comics-_-Street-art-Canal-de-lOurcq-scaled.jpg?resize=2048%2C1306&amp;ssl=1 2048w, https:\/\/i0.wp.com\/altinnov.blog\/wp-content\/uploads\/2020\/09\/Hommage-a\u0300-Stan-Lee-MARVEL-Comics-_-Street-art-Canal-de-lOurcq-scaled.jpg?w=2280&amp;ssl=1 2280w\" sizes=\"(max-width: 1024px) 100vw, 1024px\" data-recalc-dims=\"1\" \/><p id=\"caption-attachment-3265\" class=\"wp-caption-text\">Hommage a\u0300 Stan Lee par ARM Crew &#8211; Photo @Altinnov<\/p><\/div>\n<p>&nbsp;<\/p>\n<h3><strong>Des \u0153uvres devenues iconiques le long du Canal de l\u2019Ourcq, quai de la Loire<\/strong><\/h3>\n<p>En remontant le long du Canal de l\u2019Ourcq, si vous ouvrez bien les yeux, vous tomberez sur quelques sympathiques <strong><a href=\"https:\/\/altinnov.blog\/index.php\/fr\/2018\/06\/22\/invaders-paris-lyon-new-york\/\" target=\"_blank\" rel=\"noopener noreferrer\">Invader<\/a><\/strong>\u2026<\/p>\n<div class=\"tiled-gallery type-rectangular tiled-gallery-unresized\" data-original-width=\"1140\" data-carousel-extra='null' itemscope itemtype=\"http:\/\/schema.org\/ImageGallery\" > <div class=\"gallery-row\" style=\"width: 1140px; height: 570px;\" data-original-width=\"1140\" data-original-height=\"570\" > <div class=\"gallery-group images-1\" style=\"width: 570px; height: 570px;\" data-original-width=\"570\" data-original-height=\"570\" > <div class=\"tiled-gallery-item tiled-gallery-item-large\" itemprop=\"associatedMedia\" itemscope itemtype=\"http:\/\/schema.org\/ImageObject\"> <a href=\"https:\/\/altinnov.blog\/index.php\/fr\/2020\/09\/16\/street-art-canal-de-lourcq\/invader-paris-quai-de-la-loire\/\" border=\"0\" itemprop=\"url\"> <meta itemprop=\"width\" content=\"566\"> <meta itemprop=\"height\" content=\"566\"> <img class=\"\" data-attachment-id=\"3267\" data-orig-file=\"https:\/\/altinnov.blog\/wp-content\/uploads\/2020\/09\/Invader-Paris-quai-de-la-Loire-scaled.jpg\" data-orig-size=\"2560,2560\" data-comments-opened=\"1\" data-image-meta=\"{&quot;aperture&quot;:&quot;2.2&quot;,&quot;credit&quot;:&quot;&quot;,&quot;camera&quot;:&quot;iPhone 6s Plus&quot;,&quot;caption&quot;:&quot;&quot;,&quot;created_timestamp&quot;:&quot;1598449284&quot;,&quot;copyright&quot;:&quot;&quot;,&quot;focal_length&quot;:&quot;4.15&quot;,&quot;iso&quot;:&quot;25&quot;,&quot;shutter_speed&quot;:&quot;0.0027027027027027&quot;,&quot;title&quot;:&quot;&quot;,&quot;orientation&quot;:&quot;0&quot;}\" data-image-title=\"Invader Paris &#8211; quai de la Loire\" data-image-description=\"&lt;p&gt;Mosa\u00efques r\u00e9alis\u00e9es par l&amp;rsquo;artiste Invader quai de la Loire \u00e0 Paris&lt;\/p&gt; \" data-medium-file=\"https:\/\/i0.wp.com\/altinnov.blog\/wp-content\/uploads\/2020\/09\/Invader-Paris-quai-de-la-Loire-scaled.jpg?fit=300%2C300&#038;ssl=1\" data-large-file=\"https:\/\/i0.wp.com\/altinnov.blog\/wp-content\/uploads\/2020\/09\/Invader-Paris-quai-de-la-Loire-scaled.jpg?fit=1024%2C1024&#038;ssl=1\" src=\"https:\/\/i0.wp.com\/altinnov.blog\/wp-content\/uploads\/2020\/09\/Invader-Paris-quai-de-la-Loire-scaled.jpg?w=566&#038;h=566&#038;crop=1&#038;ssl=1\" srcset=\"https:\/\/i0.wp.com\/altinnov.blog\/wp-content\/uploads\/2020\/09\/Invader-Paris-quai-de-la-Loire-scaled.jpg?w=2560&amp;ssl=1 2560w, https:\/\/i0.wp.com\/altinnov.blog\/wp-content\/uploads\/2020\/09\/Invader-Paris-quai-de-la-Loire-scaled.jpg?resize=300%2C300&amp;ssl=1 300w, https:\/\/i0.wp.com\/altinnov.blog\/wp-content\/uploads\/2020\/09\/Invader-Paris-quai-de-la-Loire-scaled.jpg?resize=1024%2C1024&amp;ssl=1 1024w, https:\/\/i0.wp.com\/altinnov.blog\/wp-content\/uploads\/2020\/09\/Invader-Paris-quai-de-la-Loire-scaled.jpg?resize=150%2C150&amp;ssl=1 150w, https:\/\/i0.wp.com\/altinnov.blog\/wp-content\/uploads\/2020\/09\/Invader-Paris-quai-de-la-Loire-scaled.jpg?resize=768%2C768&amp;ssl=1 768w, https:\/\/i0.wp.com\/altinnov.blog\/wp-content\/uploads\/2020\/09\/Invader-Paris-quai-de-la-Loire-scaled.jpg?resize=1536%2C1536&amp;ssl=1 1536w, https:\/\/i0.wp.com\/altinnov.blog\/wp-content\/uploads\/2020\/09\/Invader-Paris-quai-de-la-Loire-scaled.jpg?resize=2048%2C2048&amp;ssl=1 2048w, https:\/\/i0.wp.com\/altinnov.blog\/wp-content\/uploads\/2020\/09\/Invader-Paris-quai-de-la-Loire-scaled.jpg?w=2280&amp;ssl=1 2280w\" width=\"566\" height=\"566\" loading=\"lazy\" data-original-width=\"566\" data-original-height=\"566\" itemprop=\"http:\/\/schema.org\/image\" title=\"Invader Paris - quai de la Loire\" alt=\"Mosa\u00efques r\u00e9alis\u00e9es par l&#039;artiste Invader quai de la Loire \u00e0 Paris\" style=\"width: 566px; height: 566px;\" \/> <\/a> <div class=\"tiled-gallery-caption\" itemprop=\"caption description\"> Invader &#8211; Photo @Altinnov <\/div> <\/div> <\/div> <!-- close group --> <div class=\"gallery-group images-1\" style=\"width: 570px; height: 570px;\" data-original-width=\"570\" data-original-height=\"570\" > <div class=\"tiled-gallery-item tiled-gallery-item-large\" itemprop=\"associatedMedia\" itemscope itemtype=\"http:\/\/schema.org\/ImageObject\"> <a href=\"https:\/\/altinnov.blog\/index.php\/fr\/2020\/09\/16\/street-art-canal-de-lourcq\/invader-canal-de-lourcq-paris-blog-street-art-altinnov\/\" border=\"0\" itemprop=\"url\"> <meta itemprop=\"width\" content=\"566\"> <meta itemprop=\"height\" content=\"566\"> <img class=\"\" data-attachment-id=\"3268\" data-orig-file=\"https:\/\/altinnov.blog\/wp-content\/uploads\/2020\/09\/Invader-canal-de-lOurcq-Paris-Blog-Street-Art-Altinnov-scaled.jpg\" data-orig-size=\"2560,2560\" data-comments-opened=\"1\" data-image-meta=\"{&quot;aperture&quot;:&quot;2.2&quot;,&quot;credit&quot;:&quot;&quot;,&quot;camera&quot;:&quot;iPhone 6s Plus&quot;,&quot;caption&quot;:&quot;&quot;,&quot;created_timestamp&quot;:&quot;1598449048&quot;,&quot;copyright&quot;:&quot;&quot;,&quot;focal_length&quot;:&quot;4.15&quot;,&quot;iso&quot;:&quot;25&quot;,&quot;shutter_speed&quot;:&quot;0.00093632958801498&quot;,&quot;title&quot;:&quot;&quot;,&quot;orientation&quot;:&quot;1&quot;}\" data-image-title=\"Invader &#8211; canal de l&amp;rsquo;Ourcq &#8211; Paris &#8211; Blog Street Art Altinnov\" data-image-description=\"&lt;p&gt;Mosa\u00efques r\u00e9alis\u00e9es par l&amp;rsquo;artiste Invader quai de la Loire \u00e0 Paris&lt;\/p&gt; \" data-medium-file=\"https:\/\/i0.wp.com\/altinnov.blog\/wp-content\/uploads\/2020\/09\/Invader-canal-de-lOurcq-Paris-Blog-Street-Art-Altinnov-scaled.jpg?fit=300%2C300&#038;ssl=1\" data-large-file=\"https:\/\/i0.wp.com\/altinnov.blog\/wp-content\/uploads\/2020\/09\/Invader-canal-de-lOurcq-Paris-Blog-Street-Art-Altinnov-scaled.jpg?fit=1024%2C1024&#038;ssl=1\" src=\"https:\/\/i0.wp.com\/altinnov.blog\/wp-content\/uploads\/2020\/09\/Invader-canal-de-lOurcq-Paris-Blog-Street-Art-Altinnov-scaled.jpg?w=566&#038;h=566&#038;crop=1&#038;ssl=1\" srcset=\"https:\/\/i0.wp.com\/altinnov.blog\/wp-content\/uploads\/2020\/09\/Invader-canal-de-lOurcq-Paris-Blog-Street-Art-Altinnov-scaled.jpg?w=2560&amp;ssl=1 2560w, https:\/\/i0.wp.com\/altinnov.blog\/wp-content\/uploads\/2020\/09\/Invader-canal-de-lOurcq-Paris-Blog-Street-Art-Altinnov-scaled.jpg?resize=300%2C300&amp;ssl=1 300w, https:\/\/i0.wp.com\/altinnov.blog\/wp-content\/uploads\/2020\/09\/Invader-canal-de-lOurcq-Paris-Blog-Street-Art-Altinnov-scaled.jpg?resize=1024%2C1024&amp;ssl=1 1024w, https:\/\/i0.wp.com\/altinnov.blog\/wp-content\/uploads\/2020\/09\/Invader-canal-de-lOurcq-Paris-Blog-Street-Art-Altinnov-scaled.jpg?resize=150%2C150&amp;ssl=1 150w, https:\/\/i0.wp.com\/altinnov.blog\/wp-content\/uploads\/2020\/09\/Invader-canal-de-lOurcq-Paris-Blog-Street-Art-Altinnov-scaled.jpg?resize=768%2C768&amp;ssl=1 768w, https:\/\/i0.wp.com\/altinnov.blog\/wp-content\/uploads\/2020\/09\/Invader-canal-de-lOurcq-Paris-Blog-Street-Art-Altinnov-scaled.jpg?resize=1536%2C1536&amp;ssl=1 1536w, https:\/\/i0.wp.com\/altinnov.blog\/wp-content\/uploads\/2020\/09\/Invader-canal-de-lOurcq-Paris-Blog-Street-Art-Altinnov-scaled.jpg?resize=2048%2C2048&amp;ssl=1 2048w, https:\/\/i0.wp.com\/altinnov.blog\/wp-content\/uploads\/2020\/09\/Invader-canal-de-lOurcq-Paris-Blog-Street-Art-Altinnov-scaled.jpg?w=2280&amp;ssl=1 2280w\" width=\"566\" height=\"566\" loading=\"lazy\" data-original-width=\"566\" data-original-height=\"566\" itemprop=\"http:\/\/schema.org\/image\" title=\"Invader - canal de l&#039;Ourcq - Paris - Blog Street Art Altinnov\" alt=\"Mosa\u00efques r\u00e9alis\u00e9es par l&#039;artiste Invader quai de la Loire \u00e0 Paris\" style=\"width: 566px; height: 566px;\" \/> <\/a> <div class=\"tiled-gallery-caption\" itemprop=\"caption description\"> Invader &#8211; Photo @Altinnov <\/div> <\/div> <\/div> <!-- close group --> <\/div> <!-- close row --> <\/div>\n<p>&nbsp;<\/p><div id=\"altin-104432165\" class=\"altin-contenu altin-entity-placement\"><script async src=\"\/\/pagead2.googlesyndication.com\/pagead\/js\/adsbygoogle.js?client=ca-pub-4035181110757945\" crossorigin=\"anonymous\"><\/script><ins class=\"adsbygoogle\" style=\"display:block; text-align:center;\" data-ad-client=\"ca-pub-4035181110757945\" \ndata-ad-slot=\"9414912321\" \ndata-ad-layout=\"in-article\"\ndata-ad-format=\"fluid\"><\/ins>\n<script> \n(adsbygoogle = window.adsbygoogle || []).push({}); \n<\/script>\n<\/div>\n<p>Si vous avez tendance \u00e0 regarder en l\u2019air vous ne pourrez pas manquer ce marin r\u00e9alis\u00e9 par l\u2019artiste Fran\u00e7ais <strong><a href=\"https:\/\/www.instagram.com\/raphael_federici\/\" target=\"_blank\" rel=\"noopener noreferrer\">Raphael Federici<\/a><\/strong> ou encore l\u2019incroyable p\u00e9niche recouverte de l\u2019\u0153uvre \u00ab\u00a0Sarah, la charmeuse de jaguar\u00a0\u00bb r\u00e9alis\u00e9e par <a href=\"https:\/\/www.instagram.com\/marko93darkvapor\/\" target=\"_blank\" rel=\"noopener noreferrer\"><strong>Marko93<\/strong><\/a> !<\/p>\n<div id=\"attachment_3278\" style=\"width: 1034px\" class=\"wp-caption aligncenter\"><img aria-describedby=\"caption-attachment-3278\" decoding=\"async\" loading=\"lazy\" class=\"wp-image-3278 size-large\" src=\"https:\/\/i0.wp.com\/altinnov.blog\/wp-content\/uploads\/2020\/09\/Marin-de-Raphael-Federici-Street-Art-Canal-de-lourcq.jpg?resize=1024%2C1024&#038;ssl=1\" alt=\"Marin de Raphael Federici - Street Art Canal de l'ourcq\" width=\"1024\" height=\"1024\" srcset=\"https:\/\/i0.wp.com\/altinnov.blog\/wp-content\/uploads\/2020\/09\/Marin-de-Raphael-Federici-Street-Art-Canal-de-lourcq-scaled.jpg?resize=1024%2C1024&amp;ssl=1 1024w, https:\/\/i0.wp.com\/altinnov.blog\/wp-content\/uploads\/2020\/09\/Marin-de-Raphael-Federici-Street-Art-Canal-de-lourcq-scaled.jpg?resize=300%2C300&amp;ssl=1 300w, https:\/\/i0.wp.com\/altinnov.blog\/wp-content\/uploads\/2020\/09\/Marin-de-Raphael-Federici-Street-Art-Canal-de-lourcq-scaled.jpg?resize=150%2C150&amp;ssl=1 150w, https:\/\/i0.wp.com\/altinnov.blog\/wp-content\/uploads\/2020\/09\/Marin-de-Raphael-Federici-Street-Art-Canal-de-lourcq-scaled.jpg?resize=768%2C768&amp;ssl=1 768w, https:\/\/i0.wp.com\/altinnov.blog\/wp-content\/uploads\/2020\/09\/Marin-de-Raphael-Federici-Street-Art-Canal-de-lourcq-scaled.jpg?resize=1536%2C1536&amp;ssl=1 1536w, https:\/\/i0.wp.com\/altinnov.blog\/wp-content\/uploads\/2020\/09\/Marin-de-Raphael-Federici-Street-Art-Canal-de-lourcq-scaled.jpg?resize=2048%2C2048&amp;ssl=1 2048w, https:\/\/i0.wp.com\/altinnov.blog\/wp-content\/uploads\/2020\/09\/Marin-de-Raphael-Federici-Street-Art-Canal-de-lourcq-scaled.jpg?w=2280&amp;ssl=1 2280w\" sizes=\"(max-width: 1024px) 100vw, 1024px\" data-recalc-dims=\"1\" \/><p id=\"caption-attachment-3278\" class=\"wp-caption-text\">Raphael Federici &#8211; Photo @Altinnov<\/p><\/div>\n<div id=\"attachment_3272\" style=\"width: 1034px\" class=\"wp-caption aligncenter\"><img aria-describedby=\"caption-attachment-3272\" decoding=\"async\" loading=\"lazy\" class=\"wp-image-3272 size-large\" src=\"https:\/\/i0.wp.com\/altinnov.blog\/wp-content\/uploads\/2020\/09\/Sarah-la-charmeuse-de-jaguar-_-Street-Art-de-Marko-93-Canal-de-lOurcq.jpg?resize=1024%2C544&#038;ssl=1\" alt=\"Street Art Canal de l'Ourcq - Sarah la charmeuse de jaguar par Marko 93 - peinture sur p\u00e9niche\" width=\"1024\" height=\"544\" srcset=\"https:\/\/i0.wp.com\/altinnov.blog\/wp-content\/uploads\/2020\/09\/Sarah-la-charmeuse-de-jaguar-_-Street-Art-de-Marko-93-Canal-de-lOurcq-scaled.jpg?resize=1024%2C544&amp;ssl=1 1024w, https:\/\/i0.wp.com\/altinnov.blog\/wp-content\/uploads\/2020\/09\/Sarah-la-charmeuse-de-jaguar-_-Street-Art-de-Marko-93-Canal-de-lOurcq-scaled.jpg?resize=300%2C159&amp;ssl=1 300w, https:\/\/i0.wp.com\/altinnov.blog\/wp-content\/uploads\/2020\/09\/Sarah-la-charmeuse-de-jaguar-_-Street-Art-de-Marko-93-Canal-de-lOurcq-scaled.jpg?resize=768%2C408&amp;ssl=1 768w, https:\/\/i0.wp.com\/altinnov.blog\/wp-content\/uploads\/2020\/09\/Sarah-la-charmeuse-de-jaguar-_-Street-Art-de-Marko-93-Canal-de-lOurcq-scaled.jpg?resize=1536%2C816&amp;ssl=1 1536w, https:\/\/i0.wp.com\/altinnov.blog\/wp-content\/uploads\/2020\/09\/Sarah-la-charmeuse-de-jaguar-_-Street-Art-de-Marko-93-Canal-de-lOurcq-scaled.jpg?resize=2048%2C1088&amp;ssl=1 2048w, https:\/\/i0.wp.com\/altinnov.blog\/wp-content\/uploads\/2020\/09\/Sarah-la-charmeuse-de-jaguar-_-Street-Art-de-Marko-93-Canal-de-lOurcq-scaled.jpg?w=2280&amp;ssl=1 2280w\" sizes=\"(max-width: 1024px) 100vw, 1024px\" data-recalc-dims=\"1\" \/><p id=\"caption-attachment-3272\" class=\"wp-caption-text\">Sarah la charmeuse de jaguar par Marko 93 &#8211; Photo @Altinnov<\/p><\/div>\n<p>&nbsp;<\/p>\n<p>C\u2019est en vous rapprochant de la rue de Crim\u00e9e que vous attend un festival d\u2019\u0153uvres qui sont l\u00e0 depuis quelques ann\u00e9es. Elles transforment cette promenade le long du Canal de l\u2019Ourcq en un moment unique! Comme avec la COVID, je ne suis pas certaine que vous veniez vous promener dans Paris, j\u2019ai d\u00e9cid\u00e9 de vous donner \u00e0 voir plus d\u2019\u0153uvres que dans mes articles pr\u00e9c\u00e9dents !<\/p>\n<p>Je commence par le travail d\u2019<strong><a href=\"https:\/\/www.instagram.com\/andrea_ravo_mattoni\/\" target=\"_blank\" rel=\"noopener noreferrer\">Andr\u00e9a Ravo-Mattoni<\/a><\/strong> qui est une vraie passerelle entre la peinture classique et l\u2019art urbain. Ce Street Artiste Italien n\u2019a de cesse de reproduire des peintures classiques ; ici on retrouve une r\u00e9f\u00e9rence au peintre Fran\u00e7ais Valentin de Boulogne qui a fait carri\u00e8re \u00e0 Rome au d\u00e9but du XVII\u00e8me si\u00e8cle. Juste magique !<\/p>\n<div id=\"attachment_3281\" style=\"width: 1034px\" class=\"wp-caption aligncenter\"><img aria-describedby=\"caption-attachment-3281\" decoding=\"async\" loading=\"lazy\" class=\"wp-image-3281 size-large\" src=\"https:\/\/i0.wp.com\/altinnov.blog\/wp-content\/uploads\/2020\/09\/Andre\u0301a-Ravo-Mattoni-Canal-de-lOurcq-Valentin-de-Boulogne.jpg?resize=1024%2C1024&#038;ssl=1\" alt=\"Street Art Canal de L'Ourcq. Andre\u0301a Ravo-Mattoni s'inspire du peintre Fran\u00e7aise Valentin de Boulogne\" width=\"1024\" height=\"1024\" srcset=\"https:\/\/i0.wp.com\/altinnov.blog\/wp-content\/uploads\/2020\/09\/Andre\u0301a-Ravo-Mattoni-Canal-de-lOurcq-Valentin-de-Boulogne-scaled.jpg?resize=1024%2C1024&amp;ssl=1 1024w, https:\/\/i0.wp.com\/altinnov.blog\/wp-content\/uploads\/2020\/09\/Andre\u0301a-Ravo-Mattoni-Canal-de-lOurcq-Valentin-de-Boulogne-scaled.jpg?resize=300%2C300&amp;ssl=1 300w, https:\/\/i0.wp.com\/altinnov.blog\/wp-content\/uploads\/2020\/09\/Andre\u0301a-Ravo-Mattoni-Canal-de-lOurcq-Valentin-de-Boulogne-scaled.jpg?resize=150%2C150&amp;ssl=1 150w, https:\/\/i0.wp.com\/altinnov.blog\/wp-content\/uploads\/2020\/09\/Andre\u0301a-Ravo-Mattoni-Canal-de-lOurcq-Valentin-de-Boulogne-scaled.jpg?resize=768%2C768&amp;ssl=1 768w, https:\/\/i0.wp.com\/altinnov.blog\/wp-content\/uploads\/2020\/09\/Andre\u0301a-Ravo-Mattoni-Canal-de-lOurcq-Valentin-de-Boulogne-scaled.jpg?resize=1536%2C1536&amp;ssl=1 1536w, https:\/\/i0.wp.com\/altinnov.blog\/wp-content\/uploads\/2020\/09\/Andre\u0301a-Ravo-Mattoni-Canal-de-lOurcq-Valentin-de-Boulogne-scaled.jpg?resize=2048%2C2048&amp;ssl=1 2048w, https:\/\/i0.wp.com\/altinnov.blog\/wp-content\/uploads\/2020\/09\/Andre\u0301a-Ravo-Mattoni-Canal-de-lOurcq-Valentin-de-Boulogne-scaled.jpg?w=2280&amp;ssl=1 2280w\" sizes=\"(max-width: 1024px) 100vw, 1024px\" data-recalc-dims=\"1\" \/><p id=\"caption-attachment-3281\" class=\"wp-caption-text\">Andr\u00e9a Ravo-Mattoni &#8211; Photo @Altinnov<\/p><\/div>\n<p>&nbsp;<\/p>\n<p>Toujours c\u00f4t\u00e9 quai, on retrouve Simone Veil \u00e9rig\u00e9e en Marianne r\u00e9alis\u00e9e par le collagiste Fran\u00e7ais Jo di Bona. Cette fresque a \u00e9t\u00e9 r\u00e9alis\u00e9e dans un contexte tr\u00e8s particulier car l\u2019artiste Christian Gu\u00e9my avait r\u00e9alis\u00e9 des portraits de Simone Veil autour du Panth\u00e9on. Ceux-ci avaient \u00e9t\u00e9 d\u00e9grad\u00e9s avec des croix gamm\u00e9es ! Acte hautement antis\u00e9mite. En coiffant Simone Veil du bonnet phrygien, <strong><a href=\"https:\/\/www.instagram.com\/jodibona\/\" target=\"_blank\" rel=\"noopener noreferrer\">Jo Di Bona<\/a><\/strong> l\u2019\u00e9rige en symbole de la R\u00e9publique et fait un pied de nez \u00e0 l\u2019antis\u00e9mitisme le plus l\u00e2che et le plus abject qui soit !<\/p>\n<div id=\"attachment_3285\" style=\"width: 1034px\" class=\"wp-caption aligncenter\"><img aria-describedby=\"caption-attachment-3285\" decoding=\"async\" loading=\"lazy\" class=\"wp-image-3285 size-large\" src=\"https:\/\/i0.wp.com\/altinnov.blog\/wp-content\/uploads\/2020\/09\/Simone-Veil-en-Marianne-par-le-Street-Artiste-Jo-Di-Bonna.jpg?resize=1024%2C768&#038;ssl=1\" alt=\"Portrait de Simone Veil \u00e9rig\u00e9e en Marianne avec bonnet phrygien par le Street Artiste Jo Di Bona\" width=\"1024\" height=\"768\" srcset=\"https:\/\/i0.wp.com\/altinnov.blog\/wp-content\/uploads\/2020\/09\/Simone-Veil-en-Marianne-par-le-Street-Artiste-Jo-Di-Bonna-scaled.jpg?resize=1024%2C768&amp;ssl=1 1024w, https:\/\/i0.wp.com\/altinnov.blog\/wp-content\/uploads\/2020\/09\/Simone-Veil-en-Marianne-par-le-Street-Artiste-Jo-Di-Bonna-scaled.jpg?resize=300%2C225&amp;ssl=1 300w, https:\/\/i0.wp.com\/altinnov.blog\/wp-content\/uploads\/2020\/09\/Simone-Veil-en-Marianne-par-le-Street-Artiste-Jo-Di-Bonna-scaled.jpg?resize=768%2C576&amp;ssl=1 768w, https:\/\/i0.wp.com\/altinnov.blog\/wp-content\/uploads\/2020\/09\/Simone-Veil-en-Marianne-par-le-Street-Artiste-Jo-Di-Bonna-scaled.jpg?resize=1536%2C1152&amp;ssl=1 1536w, https:\/\/i0.wp.com\/altinnov.blog\/wp-content\/uploads\/2020\/09\/Simone-Veil-en-Marianne-par-le-Street-Artiste-Jo-Di-Bonna-scaled.jpg?resize=2048%2C1536&amp;ssl=1 2048w, https:\/\/i0.wp.com\/altinnov.blog\/wp-content\/uploads\/2020\/09\/Simone-Veil-en-Marianne-par-le-Street-Artiste-Jo-Di-Bonna-scaled.jpg?resize=160%2C120&amp;ssl=1 160w, https:\/\/i0.wp.com\/altinnov.blog\/wp-content\/uploads\/2020\/09\/Simone-Veil-en-Marianne-par-le-Street-Artiste-Jo-Di-Bonna-scaled.jpg?w=2280&amp;ssl=1 2280w\" sizes=\"(max-width: 1024px) 100vw, 1024px\" data-recalc-dims=\"1\" \/><p id=\"caption-attachment-3285\" class=\"wp-caption-text\">Simone Veil par Jo Di Bona &#8211; Photo @Altinnov<\/p><\/div>\n<p>&nbsp;<\/p>\n<p>Apr\u00e8s cette \u0153uvre forte, on peut se reposer l\u2019\u0153il avec une dose de douceur r\u00e9alis\u00e9e par l\u2019artiste Fran\u00e7aise <strong><a href=\"https:\/\/www.instagram.com\/viniegraffiti\/\" target=\"_blank\" rel=\"noopener noreferrer\">Vinie Graffiti<\/a><\/strong>. Elle distille ses pin up dans le monde entier en r\u00e9alisant syst\u00e9matiquement un travail surprenant sur leurs chevelures. Ici elle a r\u00e9alis\u00e9 une oeuvre dans le cadre du Festival Ourcq Living Colors et lui a rendu hommage, tout comme \u00e0 son fondateur dAcRuZ. Regardez Attentivement la chevelure de cette pin up \ud83d\ude09<\/p>\n<div id=\"attachment_3289\" style=\"width: 1034px\" class=\"wp-caption aligncenter\"><img aria-describedby=\"caption-attachment-3289\" decoding=\"async\" loading=\"lazy\" class=\"size-large wp-image-3289\" src=\"https:\/\/i0.wp.com\/altinnov.blog\/wp-content\/uploads\/2020\/09\/Vinie-Graffiti-festival-Ourcq-Living-Colors-Paris-Street-Art.jpg?resize=1024%2C1024&#038;ssl=1\" alt=\"pin up r\u00e9alis\u00e9e par Vinie Graffiti dans le cadre du Festival Street Art Ourcq Living Colors\" width=\"1024\" height=\"1024\" srcset=\"https:\/\/i0.wp.com\/altinnov.blog\/wp-content\/uploads\/2020\/09\/Vinie-Graffiti-festival-Ourcq-Living-Colors-Paris-Street-Art-scaled.jpg?resize=1024%2C1024&amp;ssl=1 1024w, https:\/\/i0.wp.com\/altinnov.blog\/wp-content\/uploads\/2020\/09\/Vinie-Graffiti-festival-Ourcq-Living-Colors-Paris-Street-Art-scaled.jpg?resize=300%2C300&amp;ssl=1 300w, https:\/\/i0.wp.com\/altinnov.blog\/wp-content\/uploads\/2020\/09\/Vinie-Graffiti-festival-Ourcq-Living-Colors-Paris-Street-Art-scaled.jpg?resize=150%2C150&amp;ssl=1 150w, https:\/\/i0.wp.com\/altinnov.blog\/wp-content\/uploads\/2020\/09\/Vinie-Graffiti-festival-Ourcq-Living-Colors-Paris-Street-Art-scaled.jpg?resize=768%2C768&amp;ssl=1 768w, https:\/\/i0.wp.com\/altinnov.blog\/wp-content\/uploads\/2020\/09\/Vinie-Graffiti-festival-Ourcq-Living-Colors-Paris-Street-Art-scaled.jpg?resize=1536%2C1536&amp;ssl=1 1536w, https:\/\/i0.wp.com\/altinnov.blog\/wp-content\/uploads\/2020\/09\/Vinie-Graffiti-festival-Ourcq-Living-Colors-Paris-Street-Art-scaled.jpg?resize=2048%2C2048&amp;ssl=1 2048w, https:\/\/i0.wp.com\/altinnov.blog\/wp-content\/uploads\/2020\/09\/Vinie-Graffiti-festival-Ourcq-Living-Colors-Paris-Street-Art-scaled.jpg?w=2280&amp;ssl=1 2280w\" sizes=\"(max-width: 1024px) 100vw, 1024px\" data-recalc-dims=\"1\" \/><p id=\"caption-attachment-3289\" class=\"wp-caption-text\">Vinie Graffiti &#8211; Photo @Altinnov<\/p><\/div>\n<p>&nbsp;<\/p>\n<p>On peut aussi admirer les animaux m\u00e9caniques de l\u2019artiste Fran\u00e7ais <strong><a href=\"https:\/\/www.instagram.com\/a_r_d_i_f\/\" target=\"_blank\" rel=\"noopener noreferrer\">ARDIF<\/a><\/strong>. Cela fait des ann\u00e9es que je pense que le Street Art est un formidable bestiaire. Certains artistes se focalisent sur les esp\u00e8ces en voie d\u2019extinction, Ardif lui, nous interroge sur l\u2019\u00e9quilibre pr\u00e9caire entre la nature et le monde industriel. Ses engrenages et constructions architecturales sont tr\u00e8s complexes et laissent \u00e0 penser que l\u2019animal est mang\u00e9 de l\u2019int\u00e9rieur par le monde moderne. Cela peut para\u00eetre un peu effrayant, mais je trouve tout de m\u00eame son travail assez po\u00e9tique\u2026<\/p>\n<div id=\"attachment_3291\" style=\"width: 1034px\" class=\"wp-caption aligncenter\"><img aria-describedby=\"caption-attachment-3291\" decoding=\"async\" loading=\"lazy\" class=\"wp-image-3291 size-large\" src=\"https:\/\/i0.wp.com\/altinnov.blog\/wp-content\/uploads\/2020\/09\/Mechanimals-animaux-mecaniques-Street-Art-Canal-de-lourcq-ARDIF.jpg?resize=1024%2C1024&#038;ssl=1\" alt=\"Street Art Canal de l'Ourcq - Animaux m\u00e9caniques par l'artiste Fran\u00e7ais ARDIF\" width=\"1024\" height=\"1024\" srcset=\"https:\/\/i0.wp.com\/altinnov.blog\/wp-content\/uploads\/2020\/09\/Mechanimals-animaux-mecaniques-Street-Art-Canal-de-lourcq-ARDIF-scaled.jpg?resize=1024%2C1024&amp;ssl=1 1024w, https:\/\/i0.wp.com\/altinnov.blog\/wp-content\/uploads\/2020\/09\/Mechanimals-animaux-mecaniques-Street-Art-Canal-de-lourcq-ARDIF-scaled.jpg?resize=300%2C300&amp;ssl=1 300w, https:\/\/i0.wp.com\/altinnov.blog\/wp-content\/uploads\/2020\/09\/Mechanimals-animaux-mecaniques-Street-Art-Canal-de-lourcq-ARDIF-scaled.jpg?resize=150%2C150&amp;ssl=1 150w, https:\/\/i0.wp.com\/altinnov.blog\/wp-content\/uploads\/2020\/09\/Mechanimals-animaux-mecaniques-Street-Art-Canal-de-lourcq-ARDIF-scaled.jpg?resize=768%2C768&amp;ssl=1 768w, https:\/\/i0.wp.com\/altinnov.blog\/wp-content\/uploads\/2020\/09\/Mechanimals-animaux-mecaniques-Street-Art-Canal-de-lourcq-ARDIF-scaled.jpg?resize=1536%2C1536&amp;ssl=1 1536w, https:\/\/i0.wp.com\/altinnov.blog\/wp-content\/uploads\/2020\/09\/Mechanimals-animaux-mecaniques-Street-Art-Canal-de-lourcq-ARDIF-scaled.jpg?resize=2048%2C2048&amp;ssl=1 2048w, https:\/\/i0.wp.com\/altinnov.blog\/wp-content\/uploads\/2020\/09\/Mechanimals-animaux-mecaniques-Street-Art-Canal-de-lourcq-ARDIF-scaled.jpg?w=2280&amp;ssl=1 2280w\" sizes=\"(max-width: 1024px) 100vw, 1024px\" data-recalc-dims=\"1\" \/><p id=\"caption-attachment-3291\" class=\"wp-caption-text\">Animaux M\u00e9caniques par ARDIF &#8211; Photo @altinnov<\/p><\/div>\n<p>&nbsp;<\/p>\n<p>Juste \u00e0 c\u00f4t\u00e9 de l&rsquo;\u0153uvre d&rsquo;ARDIF on retrouve un visage ultra-graphique et tr\u00e8s color\u00e9 r\u00e9alis\u00e9 par la Street Artiste militante <strong><a href=\"https:\/\/www.instagram.com\/kashink1\/\" target=\"_blank\" rel=\"noopener noreferrer\">Kashink<\/a>.<\/strong> Et aussi les oiseaux qui paraissent si l\u00e9gers de l\u2019artiste Tha\u00eflandais <strong><a href=\"https:\/\/www.instagram.com\/mue_bon\/\" target=\"_blank\" rel=\"noopener noreferrer\">Mue Bon<\/a>\u2026<\/strong> qui distille syst\u00e9matiquement des messages interpellant le public.<\/p>\n<div id=\"attachment_3294\" style=\"width: 1034px\" class=\"wp-caption aligncenter\"><img aria-describedby=\"caption-attachment-3294\" decoding=\"async\" loading=\"lazy\" class=\"size-large wp-image-3294\" src=\"https:\/\/i0.wp.com\/altinnov.blog\/wp-content\/uploads\/2020\/09\/Oeuvre-des-Street-Artistes-Kashink-et-Mue-Bon-quai-de-la-Loire-Paris.jpg?resize=1024%2C641&#038;ssl=1\" alt=\"Oeuvre des Street Artistes Kashink et Mue Bon quai de la Loire Paris\" width=\"1024\" height=\"641\" srcset=\"https:\/\/i0.wp.com\/altinnov.blog\/wp-content\/uploads\/2020\/09\/Oeuvre-des-Street-Artistes-Kashink-et-Mue-Bon-quai-de-la-Loire-Paris-scaled.jpg?resize=1024%2C641&amp;ssl=1 1024w, https:\/\/i0.wp.com\/altinnov.blog\/wp-content\/uploads\/2020\/09\/Oeuvre-des-Street-Artistes-Kashink-et-Mue-Bon-quai-de-la-Loire-Paris-scaled.jpg?resize=300%2C188&amp;ssl=1 300w, https:\/\/i0.wp.com\/altinnov.blog\/wp-content\/uploads\/2020\/09\/Oeuvre-des-Street-Artistes-Kashink-et-Mue-Bon-quai-de-la-Loire-Paris-scaled.jpg?resize=768%2C480&amp;ssl=1 768w, https:\/\/i0.wp.com\/altinnov.blog\/wp-content\/uploads\/2020\/09\/Oeuvre-des-Street-Artistes-Kashink-et-Mue-Bon-quai-de-la-Loire-Paris-scaled.jpg?resize=1536%2C961&amp;ssl=1 1536w, https:\/\/i0.wp.com\/altinnov.blog\/wp-content\/uploads\/2020\/09\/Oeuvre-des-Street-Artistes-Kashink-et-Mue-Bon-quai-de-la-Loire-Paris-scaled.jpg?resize=2048%2C1281&amp;ssl=1 2048w, https:\/\/i0.wp.com\/altinnov.blog\/wp-content\/uploads\/2020\/09\/Oeuvre-des-Street-Artistes-Kashink-et-Mue-Bon-quai-de-la-Loire-Paris-scaled.jpg?w=2280&amp;ssl=1 2280w\" sizes=\"(max-width: 1024px) 100vw, 1024px\" data-recalc-dims=\"1\" \/><p id=\"caption-attachment-3294\" class=\"wp-caption-text\">\u0152uvres de Kashink &amp; Mue Bon &#8211; Photo @Altinnov<\/p><\/div>\n<p>&nbsp;<\/p>\n<p>En arrivant \u00e0 hauteur de la rue de l\u2019Ourcq, au niveau du pont, on comprend tr\u00e8s vite que l\u2019on rente dans l\u2019univers du Festival Ourcq Living Colors. Le point de rep\u00e8re facile pour ne pas s\u2019\u00e9garer est une \u0153uvre de dAcRuZ, et de l\u2019autre c\u00f4t\u00e9 du pont une autre \u0153uvre que j\u2019aime beaucoup de <strong><a href=\"https:\/\/www.instagram.com\/cart1one\/\" target=\"_blank\" rel=\"noopener noreferrer\">Cart\u20191<\/a><\/strong>, m\u00eame si elle est un peu d\u00e9grad\u00e9e\u2026<\/p>\n<div class=\"tiled-gallery type-rectangular tiled-gallery-unresized\" data-original-width=\"1140\" data-carousel-extra='null' itemscope itemtype=\"http:\/\/schema.org\/ImageGallery\" > <div class=\"gallery-row\" style=\"width: 1140px; height: 570px;\" data-original-width=\"1140\" data-original-height=\"570\" > <div class=\"gallery-group images-1\" style=\"width: 570px; height: 570px;\" data-original-width=\"570\" data-original-height=\"570\" > <div class=\"tiled-gallery-item tiled-gallery-item-large\" itemprop=\"associatedMedia\" itemscope itemtype=\"http:\/\/schema.org\/ImageObject\"> <a href=\"https:\/\/altinnov.blog\/index.php\/fr\/2020\/09\/16\/street-art-canal-de-lourcq\/dacruz-festival-ourcq-living-colors-blog-street-art-altinnov\/\" border=\"0\" itemprop=\"url\"> <meta itemprop=\"width\" content=\"566\"> <meta itemprop=\"height\" content=\"566\"> <img class=\"\" data-attachment-id=\"3297\" data-orig-file=\"https:\/\/altinnov.blog\/wp-content\/uploads\/2020\/09\/Dacruz-Festival-Ourcq-Living-Colors-Blog-Street-Art-Altinnov.jpg\" data-orig-size=\"2448,2448\" data-comments-opened=\"1\" data-image-meta=\"{&quot;aperture&quot;:&quot;2.2&quot;,&quot;credit&quot;:&quot;&quot;,&quot;camera&quot;:&quot;iPhone 6&quot;,&quot;caption&quot;:&quot;&quot;,&quot;created_timestamp&quot;:&quot;1535227261&quot;,&quot;copyright&quot;:&quot;&quot;,&quot;focal_length&quot;:&quot;4.15&quot;,&quot;iso&quot;:&quot;32&quot;,&quot;shutter_speed&quot;:&quot;0.0071428571428571&quot;,&quot;title&quot;:&quot;&quot;,&quot;orientation&quot;:&quot;1&quot;}\" data-image-title=\"Dacruz &#8211; Festival Ourcq Living Colors &#8211; Blog Street Art Altinnov\" data-image-description=\"&lt;p&gt;Dacruz &#8211; Festival Ourcq Living Colors &#8211; Blog Street Art Altinnov&lt;\/p&gt; \" data-medium-file=\"https:\/\/i0.wp.com\/altinnov.blog\/wp-content\/uploads\/2020\/09\/Dacruz-Festival-Ourcq-Living-Colors-Blog-Street-Art-Altinnov.jpg?fit=300%2C300&#038;ssl=1\" data-large-file=\"https:\/\/i0.wp.com\/altinnov.blog\/wp-content\/uploads\/2020\/09\/Dacruz-Festival-Ourcq-Living-Colors-Blog-Street-Art-Altinnov.jpg?fit=1024%2C1024&#038;ssl=1\" src=\"https:\/\/i0.wp.com\/altinnov.blog\/wp-content\/uploads\/2020\/09\/Dacruz-Festival-Ourcq-Living-Colors-Blog-Street-Art-Altinnov.jpg?w=566&#038;h=566&#038;crop=1&#038;ssl=1\" srcset=\"https:\/\/i0.wp.com\/altinnov.blog\/wp-content\/uploads\/2020\/09\/Dacruz-Festival-Ourcq-Living-Colors-Blog-Street-Art-Altinnov.jpg?w=2448&amp;ssl=1 2448w, https:\/\/i0.wp.com\/altinnov.blog\/wp-content\/uploads\/2020\/09\/Dacruz-Festival-Ourcq-Living-Colors-Blog-Street-Art-Altinnov.jpg?resize=300%2C300&amp;ssl=1 300w, https:\/\/i0.wp.com\/altinnov.blog\/wp-content\/uploads\/2020\/09\/Dacruz-Festival-Ourcq-Living-Colors-Blog-Street-Art-Altinnov.jpg?resize=1024%2C1024&amp;ssl=1 1024w, https:\/\/i0.wp.com\/altinnov.blog\/wp-content\/uploads\/2020\/09\/Dacruz-Festival-Ourcq-Living-Colors-Blog-Street-Art-Altinnov.jpg?resize=150%2C150&amp;ssl=1 150w, https:\/\/i0.wp.com\/altinnov.blog\/wp-content\/uploads\/2020\/09\/Dacruz-Festival-Ourcq-Living-Colors-Blog-Street-Art-Altinnov.jpg?resize=768%2C768&amp;ssl=1 768w, https:\/\/i0.wp.com\/altinnov.blog\/wp-content\/uploads\/2020\/09\/Dacruz-Festival-Ourcq-Living-Colors-Blog-Street-Art-Altinnov.jpg?resize=1536%2C1536&amp;ssl=1 1536w, https:\/\/i0.wp.com\/altinnov.blog\/wp-content\/uploads\/2020\/09\/Dacruz-Festival-Ourcq-Living-Colors-Blog-Street-Art-Altinnov.jpg?resize=2048%2C2048&amp;ssl=1 2048w, https:\/\/i0.wp.com\/altinnov.blog\/wp-content\/uploads\/2020\/09\/Dacruz-Festival-Ourcq-Living-Colors-Blog-Street-Art-Altinnov.jpg?w=2280&amp;ssl=1 2280w\" width=\"566\" height=\"566\" loading=\"lazy\" data-original-width=\"566\" data-original-height=\"566\" itemprop=\"http:\/\/schema.org\/image\" title=\"Dacruz - Festival Ourcq Living Colors - Blog Street Art Altinnov\" alt=\"Dacruz - Festival Ourcq Living Colors - Blog Street Art Altinnov\" style=\"width: 566px; height: 566px;\" \/> <\/a> <div class=\"tiled-gallery-caption\" itemprop=\"caption description\"> dAcRuZ &#8211; Photo @Altinnov <\/div> <\/div> <\/div> <!-- close group --> <div class=\"gallery-group images-1\" style=\"width: 570px; height: 570px;\" data-original-width=\"570\" data-original-height=\"570\" > <div class=\"tiled-gallery-item tiled-gallery-item-large\" itemprop=\"associatedMedia\" itemscope itemtype=\"http:\/\/schema.org\/ImageObject\"> <a href=\"https:\/\/altinnov.blog\/index.php\/fr\/2020\/09\/16\/street-art-canal-de-lourcq\/cart1_festival-ourcq-living-colors-_-street-art-paris-canal-de-lourcq\/\" border=\"0\" itemprop=\"url\"> <meta itemprop=\"width\" content=\"566\"> <meta itemprop=\"height\" content=\"566\"> <img class=\"\" data-attachment-id=\"3296\" data-orig-file=\"https:\/\/altinnov.blog\/wp-content\/uploads\/2020\/09\/Cart1_Festival-Ourcq-Living-Colors-_-Street-Art-Paris-Canal-de-lOurcq-scaled.jpg\" data-orig-size=\"2560,2560\" data-comments-opened=\"1\" data-image-meta=\"{&quot;aperture&quot;:&quot;2.2&quot;,&quot;credit&quot;:&quot;&quot;,&quot;camera&quot;:&quot;iPhone 6s Plus&quot;,&quot;caption&quot;:&quot;&quot;,&quot;created_timestamp&quot;:&quot;1598455261&quot;,&quot;copyright&quot;:&quot;&quot;,&quot;focal_length&quot;:&quot;4.15&quot;,&quot;iso&quot;:&quot;25&quot;,&quot;shutter_speed&quot;:&quot;0.0028901734104046&quot;,&quot;title&quot;:&quot;&quot;,&quot;orientation&quot;:&quot;0&quot;}\" data-image-title=\"Cart1_Festival Ourcq Living Colors _ Street Art Paris Canal de l&amp;rsquo;Ourcq\" data-image-description=\"&lt;p&gt;Cart1_Festival Ourcq Living Colors _ Street Art Paris Canal de l&amp;rsquo;Ourcq&lt;\/p&gt; \" data-medium-file=\"https:\/\/i0.wp.com\/altinnov.blog\/wp-content\/uploads\/2020\/09\/Cart1_Festival-Ourcq-Living-Colors-_-Street-Art-Paris-Canal-de-lOurcq-scaled.jpg?fit=300%2C300&#038;ssl=1\" data-large-file=\"https:\/\/i0.wp.com\/altinnov.blog\/wp-content\/uploads\/2020\/09\/Cart1_Festival-Ourcq-Living-Colors-_-Street-Art-Paris-Canal-de-lOurcq-scaled.jpg?fit=1024%2C1024&#038;ssl=1\" src=\"https:\/\/i0.wp.com\/altinnov.blog\/wp-content\/uploads\/2020\/09\/Cart1_Festival-Ourcq-Living-Colors-_-Street-Art-Paris-Canal-de-lOurcq-scaled.jpg?w=566&#038;h=566&#038;crop=1&#038;ssl=1\" srcset=\"https:\/\/i0.wp.com\/altinnov.blog\/wp-content\/uploads\/2020\/09\/Cart1_Festival-Ourcq-Living-Colors-_-Street-Art-Paris-Canal-de-lOurcq-scaled.jpg?w=2560&amp;ssl=1 2560w, https:\/\/i0.wp.com\/altinnov.blog\/wp-content\/uploads\/2020\/09\/Cart1_Festival-Ourcq-Living-Colors-_-Street-Art-Paris-Canal-de-lOurcq-scaled.jpg?resize=300%2C300&amp;ssl=1 300w, https:\/\/i0.wp.com\/altinnov.blog\/wp-content\/uploads\/2020\/09\/Cart1_Festival-Ourcq-Living-Colors-_-Street-Art-Paris-Canal-de-lOurcq-scaled.jpg?resize=1024%2C1024&amp;ssl=1 1024w, https:\/\/i0.wp.com\/altinnov.blog\/wp-content\/uploads\/2020\/09\/Cart1_Festival-Ourcq-Living-Colors-_-Street-Art-Paris-Canal-de-lOurcq-scaled.jpg?resize=150%2C150&amp;ssl=1 150w, https:\/\/i0.wp.com\/altinnov.blog\/wp-content\/uploads\/2020\/09\/Cart1_Festival-Ourcq-Living-Colors-_-Street-Art-Paris-Canal-de-lOurcq-scaled.jpg?resize=768%2C768&amp;ssl=1 768w, https:\/\/i0.wp.com\/altinnov.blog\/wp-content\/uploads\/2020\/09\/Cart1_Festival-Ourcq-Living-Colors-_-Street-Art-Paris-Canal-de-lOurcq-scaled.jpg?resize=1536%2C1536&amp;ssl=1 1536w, https:\/\/i0.wp.com\/altinnov.blog\/wp-content\/uploads\/2020\/09\/Cart1_Festival-Ourcq-Living-Colors-_-Street-Art-Paris-Canal-de-lOurcq-scaled.jpg?resize=2048%2C2048&amp;ssl=1 2048w, https:\/\/i0.wp.com\/altinnov.blog\/wp-content\/uploads\/2020\/09\/Cart1_Festival-Ourcq-Living-Colors-_-Street-Art-Paris-Canal-de-lOurcq-scaled.jpg?w=2280&amp;ssl=1 2280w\" width=\"566\" height=\"566\" loading=\"lazy\" data-original-width=\"566\" data-original-height=\"566\" itemprop=\"http:\/\/schema.org\/image\" title=\"Cart1_Festival Ourcq Living Colors _ Street Art Paris Canal de l&#039;Ourcq\" alt=\"Cart1_Festival Ourcq Living Colors _ Street Art Paris Canal de l&#039;Ourcq\" style=\"width: 566px; height: 566px;\" \/> <\/a> <div class=\"tiled-gallery-caption\" itemprop=\"caption description\"> Cart&rsquo;1 &#8211; Photo @Altinnov <\/div> <\/div> <\/div> <!-- close group --> <\/div> <!-- close row --> <\/div>\n<h3><\/h3>\n<h3><\/h3>\n<h3><strong>Rue de l\u2019Ourcq\u00a0: Une explosion artistique entre fresque g\u00e9ante et Graffitis \u00ab\u00a0Old Style\u00a0\u00bb<\/strong><\/h3>\n<p>Tout commence par une \u0153uvre g\u00e9ante de dAcRuz et ensuite on d\u00e9couvre une myriade d\u2019\u0153uvres toutes plus color\u00e9es les unes que les autres. Les \u0153uvres se succ\u00e8dent et ne se ressemblent pas. Vous en prendrez plein les yeux ! On y retrouve des artistes issus d\u2019univers compl\u00e8tement diff\u00e9rents comme <a href=\"https:\/\/www.instagram.com\/unkolordistinto\/\" target=\"_blank\" rel=\"noopener noreferrer\"><strong>UnkolorDistinto<\/strong><\/a>, <a href=\"https:\/\/www.instagram.com\/fkdl_franck_duval\/\" target=\"_blank\" rel=\"noopener noreferrer\"><strong>FKDL Franck Duval<\/strong><\/a>, <a href=\"https:\/\/www.instagram.com\/shiro_one\/\" target=\"_blank\" rel=\"noopener noreferrer\"><strong>Shiro One<\/strong><\/a>, <a href=\"https:\/\/www.instagram.com\/kaldea\/\" target=\"_blank\" rel=\"noopener noreferrer\"><strong>Kaldea<\/strong><\/a>, <a href=\"https:\/\/www.instagram.com\/sitoumatt\/\" target=\"_blank\" rel=\"noopener noreferrer\"><strong>Sitou<\/strong><\/a>, <strong><a href=\"https:\/\/www.instagram.com\/doudoustyleart\/\" target=\"_blank\" rel=\"noopener noreferrer\">Jessi Doudou<\/a><\/strong> et bien d\u2019autres\u2026 Un rythme tr\u00e8s Hip Hop pour ce mur qui n\u2019en finit pas \ud83d\ude09 Franchement c\u2019est difficile pour moi de s\u00e9lectionner seulement quelques \u0153uvres ; du coup je vous ai fait un petit diaporama pour cet incroyable mur avant de vous faire d\u00e9couvrir un lieu plus secret !<\/p>\n<div class=\"tiled-gallery type-rectangular tiled-gallery-unresized\" data-original-width=\"1140\" data-carousel-extra='null' itemscope itemtype=\"http:\/\/schema.org\/ImageGallery\" > <div class=\"gallery-row\" style=\"width: 1140px; height: 730px;\" data-original-width=\"1140\" data-original-height=\"730\" > <div class=\"gallery-group images-1\" style=\"width: 730px; height: 730px;\" data-original-width=\"730\" data-original-height=\"730\" > <div class=\"tiled-gallery-item tiled-gallery-item-large\" itemprop=\"associatedMedia\" itemscope itemtype=\"http:\/\/schema.org\/ImageObject\"> <a href=\"https:\/\/altinnov.blog\/index.php\/fr\/2020\/09\/16\/street-art-canal-de-lourcq\/fresque-geante-street-artiste-dacruz-rue-de-lourcq-a-paris\/\" border=\"0\" itemprop=\"url\"> <meta itemprop=\"width\" content=\"726\"> <meta itemprop=\"height\" content=\"726\"> <img class=\"\" data-attachment-id=\"3309\" data-orig-file=\"https:\/\/altinnov.blog\/wp-content\/uploads\/2020\/09\/Fresque-ge\u0301ante-street-artiste-dacruz-rue-de-lOurcq-a\u0300-Paris.jpg\" data-orig-size=\"2454,2454\" data-comments-opened=\"1\" data-image-meta=\"{&quot;aperture&quot;:&quot;2.2&quot;,&quot;credit&quot;:&quot;&quot;,&quot;camera&quot;:&quot;iPhone 6s Plus&quot;,&quot;caption&quot;:&quot;&quot;,&quot;created_timestamp&quot;:&quot;1598456907&quot;,&quot;copyright&quot;:&quot;&quot;,&quot;focal_length&quot;:&quot;4.15&quot;,&quot;iso&quot;:&quot;25&quot;,&quot;shutter_speed&quot;:&quot;0.00079302141157811&quot;,&quot;title&quot;:&quot;&quot;,&quot;orientation&quot;:&quot;0&quot;}\" data-image-title=\"Fresque ge\u0301ante street artiste dacruz rue de l&amp;rsquo;Ourcq a\u0300 Paris\" data-image-description=\"&lt;p&gt;Fresque ge\u0301ante street artiste dacruz rue de l&amp;rsquo;Ourcq a\u0300 Paris&lt;\/p&gt; \" data-medium-file=\"https:\/\/i0.wp.com\/altinnov.blog\/wp-content\/uploads\/2020\/09\/Fresque-ge\u0301ante-street-artiste-dacruz-rue-de-lOurcq-a\u0300-Paris.jpg?fit=300%2C300&#038;ssl=1\" data-large-file=\"https:\/\/i0.wp.com\/altinnov.blog\/wp-content\/uploads\/2020\/09\/Fresque-ge\u0301ante-street-artiste-dacruz-rue-de-lOurcq-a\u0300-Paris.jpg?fit=1024%2C1024&#038;ssl=1\" src=\"https:\/\/i0.wp.com\/altinnov.blog\/wp-content\/uploads\/2020\/09\/Fresque-ge\u0301ante-street-artiste-dacruz-rue-de-lOurcq-a\u0300-Paris.jpg?w=726&#038;h=726&#038;crop=1&#038;ssl=1\" srcset=\"https:\/\/i0.wp.com\/altinnov.blog\/wp-content\/uploads\/2020\/09\/Fresque-ge\u0301ante-street-artiste-dacruz-rue-de-lOurcq-a\u0300-Paris.jpg?w=2454&amp;ssl=1 2454w, https:\/\/i0.wp.com\/altinnov.blog\/wp-content\/uploads\/2020\/09\/Fresque-ge\u0301ante-street-artiste-dacruz-rue-de-lOurcq-a\u0300-Paris.jpg?resize=300%2C300&amp;ssl=1 300w, https:\/\/i0.wp.com\/altinnov.blog\/wp-content\/uploads\/2020\/09\/Fresque-ge\u0301ante-street-artiste-dacruz-rue-de-lOurcq-a\u0300-Paris.jpg?resize=1024%2C1024&amp;ssl=1 1024w, https:\/\/i0.wp.com\/altinnov.blog\/wp-content\/uploads\/2020\/09\/Fresque-ge\u0301ante-street-artiste-dacruz-rue-de-lOurcq-a\u0300-Paris.jpg?resize=150%2C150&amp;ssl=1 150w, https:\/\/i0.wp.com\/altinnov.blog\/wp-content\/uploads\/2020\/09\/Fresque-ge\u0301ante-street-artiste-dacruz-rue-de-lOurcq-a\u0300-Paris.jpg?resize=768%2C768&amp;ssl=1 768w, https:\/\/i0.wp.com\/altinnov.blog\/wp-content\/uploads\/2020\/09\/Fresque-ge\u0301ante-street-artiste-dacruz-rue-de-lOurcq-a\u0300-Paris.jpg?resize=1536%2C1536&amp;ssl=1 1536w, https:\/\/i0.wp.com\/altinnov.blog\/wp-content\/uploads\/2020\/09\/Fresque-ge\u0301ante-street-artiste-dacruz-rue-de-lOurcq-a\u0300-Paris.jpg?resize=2048%2C2048&amp;ssl=1 2048w, https:\/\/i0.wp.com\/altinnov.blog\/wp-content\/uploads\/2020\/09\/Fresque-ge\u0301ante-street-artiste-dacruz-rue-de-lOurcq-a\u0300-Paris.jpg?w=2280&amp;ssl=1 2280w\" width=\"726\" height=\"726\" loading=\"lazy\" data-original-width=\"726\" data-original-height=\"726\" itemprop=\"http:\/\/schema.org\/image\" title=\"Fresque ge\u0301ante street artiste dacruz rue de l&#039;Ourcq a\u0300 Paris\" alt=\"Fresque ge\u0301ante street artiste dacruz rue de l&#039;Ourcq a\u0300 Paris\" style=\"width: 726px; height: 726px;\" \/> <\/a> <div class=\"tiled-gallery-caption\" itemprop=\"caption description\"> dAcRuZ &#8211; Photo @Altinnov <\/div> <\/div> <\/div> <!-- close group --> <div class=\"gallery-group images-2\" style=\"width: 410px; height: 730px;\" data-original-width=\"410\" data-original-height=\"730\" > <div class=\"tiled-gallery-item tiled-gallery-item-large\" itemprop=\"associatedMedia\" itemscope itemtype=\"http:\/\/schema.org\/ImageObject\"> <a href=\"https:\/\/altinnov.blog\/index.php\/fr\/2020\/09\/16\/street-art-canal-de-lourcq\/unkolordistinto-street-art-festival-ourcq-living-colors\/\" border=\"0\" itemprop=\"url\"> <meta itemprop=\"width\" content=\"406\"> <meta itemprop=\"height\" content=\"316\"> <img class=\"\" data-attachment-id=\"3308\" data-orig-file=\"https:\/\/altinnov.blog\/wp-content\/uploads\/2020\/09\/unkolordistinto-Street-Art-Festival-Ourcq-Living-Colors-scaled.jpg\" data-orig-size=\"2560,1990\" data-comments-opened=\"1\" data-image-meta=\"{&quot;aperture&quot;:&quot;2.2&quot;,&quot;credit&quot;:&quot;&quot;,&quot;camera&quot;:&quot;iPhone 6s Plus&quot;,&quot;caption&quot;:&quot;&quot;,&quot;created_timestamp&quot;:&quot;1598456995&quot;,&quot;copyright&quot;:&quot;&quot;,&quot;focal_length&quot;:&quot;4.15&quot;,&quot;iso&quot;:&quot;25&quot;,&quot;shutter_speed&quot;:&quot;0.00033795201081446&quot;,&quot;title&quot;:&quot;&quot;,&quot;orientation&quot;:&quot;0&quot;}\" data-image-title=\"unkolordistinto- Street Art &#8211; Festival Ourcq Living Colors\" data-image-description=\"&lt;p&gt;unkolordistinto- Street Art &#8211; Festival Ourcq Living Colors&lt;\/p&gt; \" data-medium-file=\"https:\/\/i0.wp.com\/altinnov.blog\/wp-content\/uploads\/2020\/09\/unkolordistinto-Street-Art-Festival-Ourcq-Living-Colors-scaled.jpg?fit=300%2C233&#038;ssl=1\" data-large-file=\"https:\/\/i0.wp.com\/altinnov.blog\/wp-content\/uploads\/2020\/09\/unkolordistinto-Street-Art-Festival-Ourcq-Living-Colors-scaled.jpg?fit=1024%2C796&#038;ssl=1\" src=\"https:\/\/i0.wp.com\/altinnov.blog\/wp-content\/uploads\/2020\/09\/unkolordistinto-Street-Art-Festival-Ourcq-Living-Colors-scaled.jpg?w=406&#038;h=316&#038;ssl=1\" srcset=\"https:\/\/i0.wp.com\/altinnov.blog\/wp-content\/uploads\/2020\/09\/unkolordistinto-Street-Art-Festival-Ourcq-Living-Colors-scaled.jpg?w=2560&amp;ssl=1 2560w, https:\/\/i0.wp.com\/altinnov.blog\/wp-content\/uploads\/2020\/09\/unkolordistinto-Street-Art-Festival-Ourcq-Living-Colors-scaled.jpg?resize=300%2C233&amp;ssl=1 300w, https:\/\/i0.wp.com\/altinnov.blog\/wp-content\/uploads\/2020\/09\/unkolordistinto-Street-Art-Festival-Ourcq-Living-Colors-scaled.jpg?resize=1024%2C796&amp;ssl=1 1024w, https:\/\/i0.wp.com\/altinnov.blog\/wp-content\/uploads\/2020\/09\/unkolordistinto-Street-Art-Festival-Ourcq-Living-Colors-scaled.jpg?resize=768%2C597&amp;ssl=1 768w, https:\/\/i0.wp.com\/altinnov.blog\/wp-content\/uploads\/2020\/09\/unkolordistinto-Street-Art-Festival-Ourcq-Living-Colors-scaled.jpg?resize=1536%2C1194&amp;ssl=1 1536w, https:\/\/i0.wp.com\/altinnov.blog\/wp-content\/uploads\/2020\/09\/unkolordistinto-Street-Art-Festival-Ourcq-Living-Colors-scaled.jpg?resize=2048%2C1592&amp;ssl=1 2048w, https:\/\/i0.wp.com\/altinnov.blog\/wp-content\/uploads\/2020\/09\/unkolordistinto-Street-Art-Festival-Ourcq-Living-Colors-scaled.jpg?w=2280&amp;ssl=1 2280w\" width=\"406\" height=\"316\" loading=\"lazy\" data-original-width=\"406\" data-original-height=\"316\" itemprop=\"http:\/\/schema.org\/image\" title=\"unkolordistinto- Street Art - Festival Ourcq Living Colors\" alt=\"unkolordistinto- Street Art - Festival Ourcq Living Colors\" style=\"width: 406px; height: 316px;\" \/> <\/a> <div class=\"tiled-gallery-caption\" itemprop=\"caption description\"> Unkolordistinto &#8211; Photo @Altinnov <\/div> <\/div> <div class=\"tiled-gallery-item tiled-gallery-item-large\" itemprop=\"associatedMedia\" itemscope itemtype=\"http:\/\/schema.org\/ImageObject\"> <a href=\"https:\/\/altinnov.blog\/index.php\/fr\/2020\/09\/16\/street-art-canal-de-lourcq\/jessi-doudou-doudou-styles-street-art-festival-ourcq-living-colors\/\" border=\"0\" itemprop=\"url\"> <meta itemprop=\"width\" content=\"406\"> <meta itemprop=\"height\" content=\"406\"> <img class=\"\" data-attachment-id=\"3306\" data-orig-file=\"https:\/\/altinnov.blog\/wp-content\/uploads\/2020\/09\/Jessi-Doudou-Doudou-Styles-Street-Art-Festival-Ourcq-Living-Colors-scaled.jpg\" data-orig-size=\"2560,2560\" data-comments-opened=\"1\" data-image-meta=\"{&quot;aperture&quot;:&quot;2.2&quot;,&quot;credit&quot;:&quot;&quot;,&quot;camera&quot;:&quot;iPhone 6s Plus&quot;,&quot;caption&quot;:&quot;&quot;,&quot;created_timestamp&quot;:&quot;1598457390&quot;,&quot;copyright&quot;:&quot;&quot;,&quot;focal_length&quot;:&quot;4.15&quot;,&quot;iso&quot;:&quot;25&quot;,&quot;shutter_speed&quot;:&quot;0.0013661202185792&quot;,&quot;title&quot;:&quot;&quot;,&quot;orientation&quot;:&quot;0&quot;}\" data-image-title=\"Jessi Doudou &#8211; Doudou Styles &#8211; Street Art &#8211; Festival Ourcq Living Colors\" data-image-description=\"&lt;p&gt;Jessi Doudou &#8211; Doudou Styles &#8211; Street Art &#8211; Festival Ourcq Living Colors&lt;\/p&gt; \" data-medium-file=\"https:\/\/i0.wp.com\/altinnov.blog\/wp-content\/uploads\/2020\/09\/Jessi-Doudou-Doudou-Styles-Street-Art-Festival-Ourcq-Living-Colors-scaled.jpg?fit=300%2C300&#038;ssl=1\" data-large-file=\"https:\/\/i0.wp.com\/altinnov.blog\/wp-content\/uploads\/2020\/09\/Jessi-Doudou-Doudou-Styles-Street-Art-Festival-Ourcq-Living-Colors-scaled.jpg?fit=1024%2C1024&#038;ssl=1\" src=\"https:\/\/i0.wp.com\/altinnov.blog\/wp-content\/uploads\/2020\/09\/Jessi-Doudou-Doudou-Styles-Street-Art-Festival-Ourcq-Living-Colors-scaled.jpg?w=406&#038;h=406&#038;crop=1&#038;ssl=1\" srcset=\"https:\/\/i0.wp.com\/altinnov.blog\/wp-content\/uploads\/2020\/09\/Jessi-Doudou-Doudou-Styles-Street-Art-Festival-Ourcq-Living-Colors-scaled.jpg?w=2560&amp;ssl=1 2560w, https:\/\/i0.wp.com\/altinnov.blog\/wp-content\/uploads\/2020\/09\/Jessi-Doudou-Doudou-Styles-Street-Art-Festival-Ourcq-Living-Colors-scaled.jpg?resize=300%2C300&amp;ssl=1 300w, https:\/\/i0.wp.com\/altinnov.blog\/wp-content\/uploads\/2020\/09\/Jessi-Doudou-Doudou-Styles-Street-Art-Festival-Ourcq-Living-Colors-scaled.jpg?resize=1024%2C1024&amp;ssl=1 1024w, https:\/\/i0.wp.com\/altinnov.blog\/wp-content\/uploads\/2020\/09\/Jessi-Doudou-Doudou-Styles-Street-Art-Festival-Ourcq-Living-Colors-scaled.jpg?resize=150%2C150&amp;ssl=1 150w, https:\/\/i0.wp.com\/altinnov.blog\/wp-content\/uploads\/2020\/09\/Jessi-Doudou-Doudou-Styles-Street-Art-Festival-Ourcq-Living-Colors-scaled.jpg?resize=768%2C768&amp;ssl=1 768w, https:\/\/i0.wp.com\/altinnov.blog\/wp-content\/uploads\/2020\/09\/Jessi-Doudou-Doudou-Styles-Street-Art-Festival-Ourcq-Living-Colors-scaled.jpg?resize=1536%2C1536&amp;ssl=1 1536w, https:\/\/i0.wp.com\/altinnov.blog\/wp-content\/uploads\/2020\/09\/Jessi-Doudou-Doudou-Styles-Street-Art-Festival-Ourcq-Living-Colors-scaled.jpg?resize=2048%2C2048&amp;ssl=1 2048w, https:\/\/i0.wp.com\/altinnov.blog\/wp-content\/uploads\/2020\/09\/Jessi-Doudou-Doudou-Styles-Street-Art-Festival-Ourcq-Living-Colors-scaled.jpg?w=2280&amp;ssl=1 2280w\" width=\"406\" height=\"406\" loading=\"lazy\" data-original-width=\"406\" data-original-height=\"406\" itemprop=\"http:\/\/schema.org\/image\" title=\"Jessi Doudou - Doudou Styles - Street Art - Festival Ourcq Living Colors\" alt=\"Jessi Doudou - Doudou Styles - Street Art - Festival Ourcq Living Colors\" style=\"width: 406px; height: 406px;\" \/> <\/a> <div class=\"tiled-gallery-caption\" itemprop=\"caption description\"> Jessi Doudou &#8211; Photo @Altinnov <\/div> <\/div> <\/div> <!-- close group --> <\/div> <!-- close row --> <div class=\"gallery-row\" style=\"width: 1140px; height: 348px;\" data-original-width=\"1140\" data-original-height=\"348\" > <div class=\"gallery-group images-1\" style=\"width: 349px; height: 348px;\" data-original-width=\"349\" data-original-height=\"348\" > <div class=\"tiled-gallery-item tiled-gallery-item-large\" itemprop=\"associatedMedia\" itemscope itemtype=\"http:\/\/schema.org\/ImageObject\"> <a href=\"https:\/\/altinnov.blog\/index.php\/fr\/2020\/09\/16\/street-art-canal-de-lourcq\/yellows-graffiti-festival-ourcq-living-colors\/\" border=\"0\" itemprop=\"url\"> <meta itemprop=\"width\" content=\"345\"> <meta itemprop=\"height\" content=\"344\"> <img class=\"\" data-attachment-id=\"3305\" data-orig-file=\"https:\/\/altinnov.blog\/wp-content\/uploads\/2020\/09\/Yellows-graffiti-Festival-Ourcq-Living-Colors-scaled.jpg\" data-orig-size=\"2560,2560\" data-comments-opened=\"1\" data-image-meta=\"{&quot;aperture&quot;:&quot;2.2&quot;,&quot;credit&quot;:&quot;&quot;,&quot;camera&quot;:&quot;iPhone 6s Plus&quot;,&quot;caption&quot;:&quot;&quot;,&quot;created_timestamp&quot;:&quot;1598457360&quot;,&quot;copyright&quot;:&quot;&quot;,&quot;focal_length&quot;:&quot;4.15&quot;,&quot;iso&quot;:&quot;25&quot;,&quot;shutter_speed&quot;:&quot;0.0083333333333333&quot;,&quot;title&quot;:&quot;&quot;,&quot;orientation&quot;:&quot;0&quot;}\" data-image-title=\"Yellows &#8211; graffiti &#8211; Festival Ourcq Living Colors\" data-image-description=\"&lt;p&gt;Yellows &#8211; graffiti &#8211; Festival Ourcq Living Colors&lt;\/p&gt; \" data-medium-file=\"https:\/\/i0.wp.com\/altinnov.blog\/wp-content\/uploads\/2020\/09\/Yellows-graffiti-Festival-Ourcq-Living-Colors-scaled.jpg?fit=300%2C300&#038;ssl=1\" data-large-file=\"https:\/\/i0.wp.com\/altinnov.blog\/wp-content\/uploads\/2020\/09\/Yellows-graffiti-Festival-Ourcq-Living-Colors-scaled.jpg?fit=1024%2C1024&#038;ssl=1\" src=\"https:\/\/i0.wp.com\/altinnov.blog\/wp-content\/uploads\/2020\/09\/Yellows-graffiti-Festival-Ourcq-Living-Colors-scaled.jpg?w=345&#038;h=344&#038;ssl=1\" srcset=\"https:\/\/i0.wp.com\/altinnov.blog\/wp-content\/uploads\/2020\/09\/Yellows-graffiti-Festival-Ourcq-Living-Colors-scaled.jpg?w=2560&amp;ssl=1 2560w, https:\/\/i0.wp.com\/altinnov.blog\/wp-content\/uploads\/2020\/09\/Yellows-graffiti-Festival-Ourcq-Living-Colors-scaled.jpg?resize=300%2C300&amp;ssl=1 300w, https:\/\/i0.wp.com\/altinnov.blog\/wp-content\/uploads\/2020\/09\/Yellows-graffiti-Festival-Ourcq-Living-Colors-scaled.jpg?resize=1024%2C1024&amp;ssl=1 1024w, https:\/\/i0.wp.com\/altinnov.blog\/wp-content\/uploads\/2020\/09\/Yellows-graffiti-Festival-Ourcq-Living-Colors-scaled.jpg?resize=150%2C150&amp;ssl=1 150w, https:\/\/i0.wp.com\/altinnov.blog\/wp-content\/uploads\/2020\/09\/Yellows-graffiti-Festival-Ourcq-Living-Colors-scaled.jpg?resize=768%2C768&amp;ssl=1 768w, https:\/\/i0.wp.com\/altinnov.blog\/wp-content\/uploads\/2020\/09\/Yellows-graffiti-Festival-Ourcq-Living-Colors-scaled.jpg?resize=1536%2C1536&amp;ssl=1 1536w, https:\/\/i0.wp.com\/altinnov.blog\/wp-content\/uploads\/2020\/09\/Yellows-graffiti-Festival-Ourcq-Living-Colors-scaled.jpg?resize=2048%2C2048&amp;ssl=1 2048w, https:\/\/i0.wp.com\/altinnov.blog\/wp-content\/uploads\/2020\/09\/Yellows-graffiti-Festival-Ourcq-Living-Colors-scaled.jpg?w=2280&amp;ssl=1 2280w\" width=\"345\" height=\"344\" loading=\"lazy\" data-original-width=\"345\" data-original-height=\"344\" itemprop=\"http:\/\/schema.org\/image\" title=\"Yellows - graffiti - Festival Ourcq Living Colors\" alt=\"Yellows - graffiti - Festival Ourcq Living Colors\" style=\"width: 345px; height: 344px;\" \/> <\/a> <div class=\"tiled-gallery-caption\" itemprop=\"caption description\"> Yellows &#8211; Photo @Altinnov <\/div> <\/div> <\/div> <!-- close group --> <div class=\"gallery-group images-1\" style=\"width: 348px; height: 348px;\" data-original-width=\"348\" data-original-height=\"348\" > <div class=\"tiled-gallery-item tiled-gallery-item-large\" itemprop=\"associatedMedia\" itemscope itemtype=\"http:\/\/schema.org\/ImageObject\"> <a href=\"https:\/\/altinnov.blog\/index.php\/fr\/2020\/09\/16\/street-art-canal-de-lourcq\/street-artiste-sitou-festival-ourcq-living-colors\/\" border=\"0\" itemprop=\"url\"> <meta itemprop=\"width\" content=\"344\"> <meta itemprop=\"height\" content=\"344\"> <img class=\"\" data-attachment-id=\"3304\" data-orig-file=\"https:\/\/altinnov.blog\/wp-content\/uploads\/2020\/09\/Street-Artiste-SITOU-festival-Ourcq-Living-Colors-scaled.jpg\" data-orig-size=\"2560,2560\" data-comments-opened=\"1\" data-image-meta=\"{&quot;aperture&quot;:&quot;2.2&quot;,&quot;credit&quot;:&quot;&quot;,&quot;camera&quot;:&quot;iPhone 6s Plus&quot;,&quot;caption&quot;:&quot;&quot;,&quot;created_timestamp&quot;:&quot;1598457432&quot;,&quot;copyright&quot;:&quot;&quot;,&quot;focal_length&quot;:&quot;4.15&quot;,&quot;iso&quot;:&quot;25&quot;,&quot;shutter_speed&quot;:&quot;0.0053763440860215&quot;,&quot;title&quot;:&quot;&quot;,&quot;orientation&quot;:&quot;0&quot;}\" data-image-title=\"Street Artiste SITOU &#8211; festival Ourcq Living Colors\" data-image-description=\"&lt;p&gt;Street Artiste SITOU &#8211; festival Ourcq Living Colors&lt;\/p&gt; \" data-medium-file=\"https:\/\/i0.wp.com\/altinnov.blog\/wp-content\/uploads\/2020\/09\/Street-Artiste-SITOU-festival-Ourcq-Living-Colors-scaled.jpg?fit=300%2C300&#038;ssl=1\" data-large-file=\"https:\/\/i0.wp.com\/altinnov.blog\/wp-content\/uploads\/2020\/09\/Street-Artiste-SITOU-festival-Ourcq-Living-Colors-scaled.jpg?fit=1024%2C1024&#038;ssl=1\" src=\"https:\/\/i0.wp.com\/altinnov.blog\/wp-content\/uploads\/2020\/09\/Street-Artiste-SITOU-festival-Ourcq-Living-Colors-scaled.jpg?w=344&#038;h=344&#038;crop=1&#038;ssl=1\" srcset=\"https:\/\/i0.wp.com\/altinnov.blog\/wp-content\/uploads\/2020\/09\/Street-Artiste-SITOU-festival-Ourcq-Living-Colors-scaled.jpg?w=2560&amp;ssl=1 2560w, https:\/\/i0.wp.com\/altinnov.blog\/wp-content\/uploads\/2020\/09\/Street-Artiste-SITOU-festival-Ourcq-Living-Colors-scaled.jpg?resize=300%2C300&amp;ssl=1 300w, https:\/\/i0.wp.com\/altinnov.blog\/wp-content\/uploads\/2020\/09\/Street-Artiste-SITOU-festival-Ourcq-Living-Colors-scaled.jpg?resize=1024%2C1024&amp;ssl=1 1024w, https:\/\/i0.wp.com\/altinnov.blog\/wp-content\/uploads\/2020\/09\/Street-Artiste-SITOU-festival-Ourcq-Living-Colors-scaled.jpg?resize=150%2C150&amp;ssl=1 150w, https:\/\/i0.wp.com\/altinnov.blog\/wp-content\/uploads\/2020\/09\/Street-Artiste-SITOU-festival-Ourcq-Living-Colors-scaled.jpg?resize=768%2C768&amp;ssl=1 768w, https:\/\/i0.wp.com\/altinnov.blog\/wp-content\/uploads\/2020\/09\/Street-Artiste-SITOU-festival-Ourcq-Living-Colors-scaled.jpg?resize=1536%2C1536&amp;ssl=1 1536w, https:\/\/i0.wp.com\/altinnov.blog\/wp-content\/uploads\/2020\/09\/Street-Artiste-SITOU-festival-Ourcq-Living-Colors-scaled.jpg?resize=2048%2C2048&amp;ssl=1 2048w, https:\/\/i0.wp.com\/altinnov.blog\/wp-content\/uploads\/2020\/09\/Street-Artiste-SITOU-festival-Ourcq-Living-Colors-scaled.jpg?w=2280&amp;ssl=1 2280w\" width=\"344\" height=\"344\" loading=\"lazy\" data-original-width=\"344\" data-original-height=\"344\" itemprop=\"http:\/\/schema.org\/image\" title=\"Street Artiste SITOU - festival Ourcq Living Colors\" alt=\"Street Artiste SITOU - festival Ourcq Living Colors\" style=\"width: 344px; height: 344px;\" \/> <\/a> <div class=\"tiled-gallery-caption\" itemprop=\"caption description\"> SITOU &#8211; Photo @Altinnov <\/div> <\/div> <\/div> <!-- close group --> <div class=\"gallery-group images-1\" style=\"width: 443px; height: 348px;\" data-original-width=\"443\" data-original-height=\"348\" > <div class=\"tiled-gallery-item tiled-gallery-item-large\" itemprop=\"associatedMedia\" itemscope itemtype=\"http:\/\/schema.org\/ImageObject\"> <a href=\"https:\/\/altinnov.blog\/index.php\/fr\/2020\/09\/16\/street-art-canal-de-lourcq\/street-artiste-kaldea-festival-ourcq-living-colors\/\" border=\"0\" itemprop=\"url\"> <meta itemprop=\"width\" content=\"439\"> <meta itemprop=\"height\" content=\"344\"> <img class=\"\" data-attachment-id=\"3302\" data-orig-file=\"https:\/\/altinnov.blog\/wp-content\/uploads\/2020\/09\/Street-Artiste-Kaldea-Festival-ourcq-Living-Colors-scaled.jpg\" data-orig-size=\"2560,2008\" data-comments-opened=\"1\" data-image-meta=\"{&quot;aperture&quot;:&quot;2.2&quot;,&quot;credit&quot;:&quot;&quot;,&quot;camera&quot;:&quot;iPhone 6s Plus&quot;,&quot;caption&quot;:&quot;&quot;,&quot;created_timestamp&quot;:&quot;1598457470&quot;,&quot;copyright&quot;:&quot;&quot;,&quot;focal_length&quot;:&quot;4.15&quot;,&quot;iso&quot;:&quot;25&quot;,&quot;shutter_speed&quot;:&quot;0.0076923076923077&quot;,&quot;title&quot;:&quot;&quot;,&quot;orientation&quot;:&quot;0&quot;}\" data-image-title=\"Street Artiste Kaldea &#8211; Festival ourcq Living Colors\" data-image-description=\"&lt;p&gt;Street Artiste Kaldea &#8211; Festival ourcq Living ColorsStreet Artiste Kaldea &#8211; Festival ourcq Living Colors&lt;\/p&gt; \" data-medium-file=\"https:\/\/i0.wp.com\/altinnov.blog\/wp-content\/uploads\/2020\/09\/Street-Artiste-Kaldea-Festival-ourcq-Living-Colors-scaled.jpg?fit=300%2C235&#038;ssl=1\" data-large-file=\"https:\/\/i0.wp.com\/altinnov.blog\/wp-content\/uploads\/2020\/09\/Street-Artiste-Kaldea-Festival-ourcq-Living-Colors-scaled.jpg?fit=1024%2C803&#038;ssl=1\" src=\"https:\/\/i0.wp.com\/altinnov.blog\/wp-content\/uploads\/2020\/09\/Street-Artiste-Kaldea-Festival-ourcq-Living-Colors-scaled.jpg?w=439&#038;h=344&#038;ssl=1\" srcset=\"https:\/\/i0.wp.com\/altinnov.blog\/wp-content\/uploads\/2020\/09\/Street-Artiste-Kaldea-Festival-ourcq-Living-Colors-scaled.jpg?w=2560&amp;ssl=1 2560w, https:\/\/i0.wp.com\/altinnov.blog\/wp-content\/uploads\/2020\/09\/Street-Artiste-Kaldea-Festival-ourcq-Living-Colors-scaled.jpg?resize=300%2C235&amp;ssl=1 300w, https:\/\/i0.wp.com\/altinnov.blog\/wp-content\/uploads\/2020\/09\/Street-Artiste-Kaldea-Festival-ourcq-Living-Colors-scaled.jpg?resize=1024%2C803&amp;ssl=1 1024w, https:\/\/i0.wp.com\/altinnov.blog\/wp-content\/uploads\/2020\/09\/Street-Artiste-Kaldea-Festival-ourcq-Living-Colors-scaled.jpg?resize=768%2C602&amp;ssl=1 768w, https:\/\/i0.wp.com\/altinnov.blog\/wp-content\/uploads\/2020\/09\/Street-Artiste-Kaldea-Festival-ourcq-Living-Colors-scaled.jpg?resize=1536%2C1205&amp;ssl=1 1536w, https:\/\/i0.wp.com\/altinnov.blog\/wp-content\/uploads\/2020\/09\/Street-Artiste-Kaldea-Festival-ourcq-Living-Colors-scaled.jpg?resize=2048%2C1607&amp;ssl=1 2048w, https:\/\/i0.wp.com\/altinnov.blog\/wp-content\/uploads\/2020\/09\/Street-Artiste-Kaldea-Festival-ourcq-Living-Colors-scaled.jpg?w=2280&amp;ssl=1 2280w\" width=\"439\" height=\"344\" loading=\"lazy\" data-original-width=\"439\" data-original-height=\"344\" itemprop=\"http:\/\/schema.org\/image\" title=\"Street Artiste Kaldea - Festival ourcq Living Colors\" alt=\"Street Artiste Kaldea - Festival ourcq Living Colors\" style=\"width: 439px; height: 344px;\" \/> <\/a> <div class=\"tiled-gallery-caption\" itemprop=\"caption description\"> Kald\u00e9a &#8211; Photo @Altinnov <\/div> <\/div> <\/div> <!-- close group --> <\/div> <!-- close row --> <div class=\"gallery-row\" style=\"width: 1140px; height: 514px;\" data-original-width=\"1140\" data-original-height=\"514\" > <div class=\"gallery-group images-1\" style=\"width: 514px; height: 514px;\" data-original-width=\"514\" data-original-height=\"514\" > <div class=\"tiled-gallery-item tiled-gallery-item-large\" itemprop=\"associatedMedia\" itemscope itemtype=\"http:\/\/schema.org\/ImageObject\"> <a href=\"https:\/\/altinnov.blog\/index.php\/fr\/2020\/09\/16\/street-art-canal-de-lourcq\/street-artiste-fkdl-franck-duval-festival-ourcq-living-colors\/\" border=\"0\" itemprop=\"url\"> <meta itemprop=\"width\" content=\"510\"> <meta itemprop=\"height\" content=\"510\"> <img class=\"\" data-attachment-id=\"3303\" data-orig-file=\"https:\/\/altinnov.blog\/wp-content\/uploads\/2020\/09\/Street-Artiste-FKDL-Franck-Duval-Festival-Ourcq-Living-Colors-scaled.jpg\" data-orig-size=\"2560,2560\" data-comments-opened=\"1\" data-image-meta=\"{&quot;aperture&quot;:&quot;2.2&quot;,&quot;credit&quot;:&quot;&quot;,&quot;camera&quot;:&quot;iPhone 6s Plus&quot;,&quot;caption&quot;:&quot;&quot;,&quot;created_timestamp&quot;:&quot;1598457442&quot;,&quot;copyright&quot;:&quot;&quot;,&quot;focal_length&quot;:&quot;4.15&quot;,&quot;iso&quot;:&quot;25&quot;,&quot;shutter_speed&quot;:&quot;0.0014705882352941&quot;,&quot;title&quot;:&quot;&quot;,&quot;orientation&quot;:&quot;1&quot;}\" data-image-title=\"Street Artiste FKDL Franck Duval &#8211; Festival Ourcq Living Colors\" data-image-description=\"&lt;p&gt;Street Artiste FKDL Franck Duval &#8211; Festival Ourcq Living Colors&lt;\/p&gt; \" data-medium-file=\"https:\/\/i0.wp.com\/altinnov.blog\/wp-content\/uploads\/2020\/09\/Street-Artiste-FKDL-Franck-Duval-Festival-Ourcq-Living-Colors-scaled.jpg?fit=300%2C300&#038;ssl=1\" data-large-file=\"https:\/\/i0.wp.com\/altinnov.blog\/wp-content\/uploads\/2020\/09\/Street-Artiste-FKDL-Franck-Duval-Festival-Ourcq-Living-Colors-scaled.jpg?fit=1024%2C1024&#038;ssl=1\" src=\"https:\/\/i0.wp.com\/altinnov.blog\/wp-content\/uploads\/2020\/09\/Street-Artiste-FKDL-Franck-Duval-Festival-Ourcq-Living-Colors-scaled.jpg?w=510&#038;h=510&#038;crop=1&#038;ssl=1\" srcset=\"https:\/\/i0.wp.com\/altinnov.blog\/wp-content\/uploads\/2020\/09\/Street-Artiste-FKDL-Franck-Duval-Festival-Ourcq-Living-Colors-scaled.jpg?w=2560&amp;ssl=1 2560w, https:\/\/i0.wp.com\/altinnov.blog\/wp-content\/uploads\/2020\/09\/Street-Artiste-FKDL-Franck-Duval-Festival-Ourcq-Living-Colors-scaled.jpg?resize=300%2C300&amp;ssl=1 300w, https:\/\/i0.wp.com\/altinnov.blog\/wp-content\/uploads\/2020\/09\/Street-Artiste-FKDL-Franck-Duval-Festival-Ourcq-Living-Colors-scaled.jpg?resize=1024%2C1024&amp;ssl=1 1024w, https:\/\/i0.wp.com\/altinnov.blog\/wp-content\/uploads\/2020\/09\/Street-Artiste-FKDL-Franck-Duval-Festival-Ourcq-Living-Colors-scaled.jpg?resize=150%2C150&amp;ssl=1 150w, https:\/\/i0.wp.com\/altinnov.blog\/wp-content\/uploads\/2020\/09\/Street-Artiste-FKDL-Franck-Duval-Festival-Ourcq-Living-Colors-scaled.jpg?resize=768%2C768&amp;ssl=1 768w, https:\/\/i0.wp.com\/altinnov.blog\/wp-content\/uploads\/2020\/09\/Street-Artiste-FKDL-Franck-Duval-Festival-Ourcq-Living-Colors-scaled.jpg?resize=1536%2C1536&amp;ssl=1 1536w, https:\/\/i0.wp.com\/altinnov.blog\/wp-content\/uploads\/2020\/09\/Street-Artiste-FKDL-Franck-Duval-Festival-Ourcq-Living-Colors-scaled.jpg?resize=2048%2C2048&amp;ssl=1 2048w, https:\/\/i0.wp.com\/altinnov.blog\/wp-content\/uploads\/2020\/09\/Street-Artiste-FKDL-Franck-Duval-Festival-Ourcq-Living-Colors-scaled.jpg?w=2280&amp;ssl=1 2280w\" width=\"510\" height=\"510\" loading=\"lazy\" data-original-width=\"510\" data-original-height=\"510\" itemprop=\"http:\/\/schema.org\/image\" title=\"Street Artiste FKDL Franck Duval - Festival Ourcq Living Colors\" alt=\"Street Artiste FKDL Franck Duval - Festival Ourcq Living Colors\" style=\"width: 510px; height: 510px;\" \/> <\/a> <div class=\"tiled-gallery-caption\" itemprop=\"caption description\"> FKDL Franck Duval &#8211; Photo @Altinnov <\/div> <\/div> <\/div> <!-- close group --> <div class=\"gallery-group images-1\" style=\"width: 626px; height: 514px;\" data-original-width=\"626\" data-original-height=\"514\" > <div class=\"tiled-gallery-item tiled-gallery-item-large\" itemprop=\"associatedMedia\" itemscope itemtype=\"http:\/\/schema.org\/ImageObject\"> <a href=\"https:\/\/altinnov.blog\/index.php\/fr\/2020\/09\/16\/street-art-canal-de-lourcq\/shiro-one-_-dacruz-_-street-art-_-festival-ourcq-living-colors\/\" border=\"0\" itemprop=\"url\"> <meta itemprop=\"width\" content=\"622\"> <meta itemprop=\"height\" content=\"510\"> <img class=\"\" data-attachment-id=\"3307\" data-orig-file=\"https:\/\/altinnov.blog\/wp-content\/uploads\/2020\/09\/Shiro-One-_-Dacruz-_-Street-Art-_-festival-Ourcq-Living-Colors-scaled.jpg\" data-orig-size=\"2560,2102\" data-comments-opened=\"1\" data-image-meta=\"{&quot;aperture&quot;:&quot;2.2&quot;,&quot;credit&quot;:&quot;&quot;,&quot;camera&quot;:&quot;iPhone 6s Plus&quot;,&quot;caption&quot;:&quot;&quot;,&quot;created_timestamp&quot;:&quot;1598457062&quot;,&quot;copyright&quot;:&quot;&quot;,&quot;focal_length&quot;:&quot;4.15&quot;,&quot;iso&quot;:&quot;25&quot;,&quot;shutter_speed&quot;:&quot;0.00052002080083203&quot;,&quot;title&quot;:&quot;&quot;,&quot;orientation&quot;:&quot;0&quot;}\" data-image-title=\"Shiro One _ Dacruz _ Street Art _ festival Ourcq Living Colors\" data-image-description=\"&lt;p&gt;Shiro One _ Dacruz _ Street Art _ festival Ourcq Living Colors&lt;\/p&gt; \" data-medium-file=\"https:\/\/i0.wp.com\/altinnov.blog\/wp-content\/uploads\/2020\/09\/Shiro-One-_-Dacruz-_-Street-Art-_-festival-Ourcq-Living-Colors-scaled.jpg?fit=300%2C246&#038;ssl=1\" data-large-file=\"https:\/\/i0.wp.com\/altinnov.blog\/wp-content\/uploads\/2020\/09\/Shiro-One-_-Dacruz-_-Street-Art-_-festival-Ourcq-Living-Colors-scaled.jpg?fit=1024%2C841&#038;ssl=1\" src=\"https:\/\/i0.wp.com\/altinnov.blog\/wp-content\/uploads\/2020\/09\/Shiro-One-_-Dacruz-_-Street-Art-_-festival-Ourcq-Living-Colors-scaled.jpg?w=622&#038;h=510&#038;ssl=1\" srcset=\"https:\/\/i0.wp.com\/altinnov.blog\/wp-content\/uploads\/2020\/09\/Shiro-One-_-Dacruz-_-Street-Art-_-festival-Ourcq-Living-Colors-scaled.jpg?w=2560&amp;ssl=1 2560w, https:\/\/i0.wp.com\/altinnov.blog\/wp-content\/uploads\/2020\/09\/Shiro-One-_-Dacruz-_-Street-Art-_-festival-Ourcq-Living-Colors-scaled.jpg?resize=300%2C246&amp;ssl=1 300w, https:\/\/i0.wp.com\/altinnov.blog\/wp-content\/uploads\/2020\/09\/Shiro-One-_-Dacruz-_-Street-Art-_-festival-Ourcq-Living-Colors-scaled.jpg?resize=1024%2C841&amp;ssl=1 1024w, https:\/\/i0.wp.com\/altinnov.blog\/wp-content\/uploads\/2020\/09\/Shiro-One-_-Dacruz-_-Street-Art-_-festival-Ourcq-Living-Colors-scaled.jpg?resize=768%2C630&amp;ssl=1 768w, https:\/\/i0.wp.com\/altinnov.blog\/wp-content\/uploads\/2020\/09\/Shiro-One-_-Dacruz-_-Street-Art-_-festival-Ourcq-Living-Colors-scaled.jpg?resize=1536%2C1261&amp;ssl=1 1536w, https:\/\/i0.wp.com\/altinnov.blog\/wp-content\/uploads\/2020\/09\/Shiro-One-_-Dacruz-_-Street-Art-_-festival-Ourcq-Living-Colors-scaled.jpg?resize=2048%2C1681&amp;ssl=1 2048w, https:\/\/i0.wp.com\/altinnov.blog\/wp-content\/uploads\/2020\/09\/Shiro-One-_-Dacruz-_-Street-Art-_-festival-Ourcq-Living-Colors-scaled.jpg?w=2280&amp;ssl=1 2280w\" width=\"622\" height=\"510\" loading=\"lazy\" data-original-width=\"622\" data-original-height=\"510\" itemprop=\"http:\/\/schema.org\/image\" title=\"Shiro One _ Dacruz _ Street Art _ festival Ourcq Living Colors\" alt=\"Shiro One _ Dacruz _ Street Art _ festival Ourcq Living Colors\" style=\"width: 622px; height: 510px;\" \/> <\/a> <div class=\"tiled-gallery-caption\" itemprop=\"caption description\"> Shiro One &#8211; Photo @Altinnov <\/div> <\/div> <\/div> <!-- close group --> <\/div> <!-- close row --> <\/div>\n<h3><\/h3>\n<h3><\/h3>\n<h3><strong>Le mur cach\u00e9 haut en couleurs du restaurant Le Passage \u00e0 Niveau<\/strong><\/h3>\n<p>On aurait tendance \u00e0 passer devant cette entr\u00e9e, qui n\u2019est autre qu\u2019un ancien tunnel sous une voie ferr\u00e9e, sans la voir. En fait la petite ceinture, qui faisait le tour de Paris commence \u00e0 \u00eatre de plus en plus r\u00e9habilit\u00e9e. Les rails sont toujours l\u00e0 mais on y d\u00e9couvre aussi d\u2019autres tr\u00e9sors\u00a0! En s\u2019engouffrant au 2A de la rue de l\u2019Ourcq on pense arriver\u2026 nulle part ou juste sur une terrasse de restaurant en montant les marches situ\u00e9es \u00e0 gauche. En fait on y d\u00e9couvre un restaurant tr\u00e8s sympa qui a une magnifique vue sur un beau mur plein d\u2019\u0153uvres\u00a0!<\/p>\n<div id=\"attachment_3311\" style=\"width: 1034px\" class=\"wp-caption aligncenter\"><img aria-describedby=\"caption-attachment-3311\" decoding=\"async\" loading=\"lazy\" class=\"wp-image-3311 size-large\" src=\"https:\/\/i0.wp.com\/altinnov.blog\/wp-content\/uploads\/2020\/09\/Mur-STreet-Art-restaurant-Le-Passage-Paris-Artiste-Hecat-Oner.jpg?resize=1024%2C571&#038;ssl=1\" alt=\"Mur STreet Art restaurant Le Passage Paris - Artiste Hecat Oner\" width=\"1024\" height=\"571\" srcset=\"https:\/\/i0.wp.com\/altinnov.blog\/wp-content\/uploads\/2020\/09\/Mur-STreet-Art-restaurant-Le-Passage-Paris-Artiste-Hecat-Oner-scaled.jpg?resize=1024%2C571&amp;ssl=1 1024w, https:\/\/i0.wp.com\/altinnov.blog\/wp-content\/uploads\/2020\/09\/Mur-STreet-Art-restaurant-Le-Passage-Paris-Artiste-Hecat-Oner-scaled.jpg?resize=300%2C167&amp;ssl=1 300w, https:\/\/i0.wp.com\/altinnov.blog\/wp-content\/uploads\/2020\/09\/Mur-STreet-Art-restaurant-Le-Passage-Paris-Artiste-Hecat-Oner-scaled.jpg?resize=768%2C428&amp;ssl=1 768w, https:\/\/i0.wp.com\/altinnov.blog\/wp-content\/uploads\/2020\/09\/Mur-STreet-Art-restaurant-Le-Passage-Paris-Artiste-Hecat-Oner-scaled.jpg?resize=1536%2C856&amp;ssl=1 1536w, https:\/\/i0.wp.com\/altinnov.blog\/wp-content\/uploads\/2020\/09\/Mur-STreet-Art-restaurant-Le-Passage-Paris-Artiste-Hecat-Oner-scaled.jpg?resize=2048%2C1142&amp;ssl=1 2048w, https:\/\/i0.wp.com\/altinnov.blog\/wp-content\/uploads\/2020\/09\/Mur-STreet-Art-restaurant-Le-Passage-Paris-Artiste-Hecat-Oner-scaled.jpg?w=2280&amp;ssl=1 2280w\" sizes=\"(max-width: 1024px) 100vw, 1024px\" data-recalc-dims=\"1\" \/><p id=\"caption-attachment-3311\" class=\"wp-caption-text\">Mur Street Art du restaurant Le Passage \u00e0 niveau &#8211; Photo @Altinnov<\/p><\/div>\n<p>&nbsp;<\/p>\n<p>La d\u00e9couverte de ce mur m\u2019a fait \u00e9norm\u00e9ment plaisir car on y retrouve les d\u00e9lires BD de <strong><a href=\"https:\/\/www.instagram.com\/_dawal\/\" target=\"_blank\" rel=\"noopener noreferrer\">Dawal<\/a>,<\/strong> un magnifique visage r\u00e9alis\u00e9 par <strong><a href=\"https:\/\/www.instagram.com\/hecat_oner\/\" target=\"_blank\" rel=\"noopener noreferrer\">Hecat Oner<\/a><\/strong>, des graffs tr\u00e8s sympas de <strong><a href=\"https:\/\/www.instagram.com\/geraud_delort\/\" target=\"_blank\" rel=\"noopener noreferrer\">Don Pablo<\/a>,<\/strong> la France sauvage de <strong><a href=\"https:\/\/www.instagram.com\/choofy_officiel\/\" target=\"_blank\" rel=\"noopener noreferrer\">Choofy<\/a><\/strong> et bien d\u2019autres artistes si on scrute un peu celui-ci\u2026<\/p>\n<p>Je ne me suis pas attard\u00e9e au restaurant qui avait l\u2019air plus que sympa, mais j\u2019y retournerai ! En fait j\u2019\u00e9tais impatiente de voir ce que je pouvais d\u00e9couvrir d\u2019autre dans le quartier. J\u2019ai donc continu\u00e9 la rue de l\u2019Ourcq jusqu\u2019\u00e0 l\u2019avenue Jean Jaur\u00e8s et piqu\u00e9 \u00e0 gauche rue des Ardennes pour me retrouver rue Germaine Tailleferre.<\/p>\n<p>&nbsp;<\/p>\n<h3><strong>La rue Germaine Tailleferre ; l\u2019autre spot du Festival Street Art Ourcq Living Colors<\/strong><\/h3>\n<p>Voil\u00e0 c\u2019est la fin de ma promenade Street Art \u00e0 deux pas du Canal de l\u2019Ourcq et quelle fin\u00a0! Une chose est certaine\u00a0; le Street Art ne serait pas aussi d\u00e9velopp\u00e9 s\u2019il n\u2019y avait pas de festival dans ce quartier et sans l\u2019intervention de l\u2019artiste dAcRuZ\u00a0! Cette derni\u00e8re enfilade d\u2019\u0153uvres est incroyable, on y retrouve une ribambelle d\u2019artistes, de styles, et des couleurs, toujours plus de couleurs\u00a0! Je vous ai concoct\u00e9 un petit diaporama avec toutes les \u0153uvres en terminant par la d\u00e9couverte de l\u2019artiste <strong><a href=\"https:\/\/www.instagram.com\/tcheko_cercle19\/\" target=\"_blank\" rel=\"noopener noreferrer\">David \u2018Techeko\u00a0\u2018 Latulipe<\/a><\/strong> qui a r\u00e9alis\u00e9 une fresque tr\u00e8s graphique, tout en mouvement, qui nous donne presque envie de danser\u00a0!<\/p>\n<div class=\"tiled-gallery type-rectangular tiled-gallery-unresized\" data-original-width=\"1140\" data-carousel-extra='null' itemscope itemtype=\"http:\/\/schema.org\/ImageGallery\" > <div class=\"gallery-row\" style=\"width: 1140px; height: 600px;\" data-original-width=\"1140\" data-original-height=\"600\" > <div class=\"gallery-group images-1\" style=\"width: 798px; height: 600px;\" data-original-width=\"798\" data-original-height=\"600\" > <div class=\"tiled-gallery-item tiled-gallery-item-large\" itemprop=\"associatedMedia\" itemscope itemtype=\"http:\/\/schema.org\/ImageObject\"> <a href=\"https:\/\/altinnov.blog\/index.php\/fr\/2020\/09\/16\/street-art-canal-de-lourcq\/david-tcheko-latulipe-festival-street-art-ourcq-living-colors\/\" border=\"0\" itemprop=\"url\"> <meta itemprop=\"width\" content=\"794\"> <meta itemprop=\"height\" content=\"596\"> <img class=\"\" data-attachment-id=\"3319\" data-orig-file=\"https:\/\/altinnov.blog\/wp-content\/uploads\/2020\/09\/David-Tcheko-Latulipe-Festival-Street-Art-Ourcq-Living-Colors--scaled.jpg\" data-orig-size=\"2560,1920\" data-comments-opened=\"1\" data-image-meta=\"{&quot;aperture&quot;:&quot;2.2&quot;,&quot;credit&quot;:&quot;&quot;,&quot;camera&quot;:&quot;iPhone 6s Plus&quot;,&quot;caption&quot;:&quot;&quot;,&quot;created_timestamp&quot;:&quot;1598458628&quot;,&quot;copyright&quot;:&quot;&quot;,&quot;focal_length&quot;:&quot;4.15&quot;,&quot;iso&quot;:&quot;25&quot;,&quot;shutter_speed&quot;:&quot;0.00052002080083203&quot;,&quot;title&quot;:&quot;&quot;,&quot;orientation&quot;:&quot;0&quot;}\" data-image-title=\"David Tcheko Latulipe &#8211; Festival Street Art Ourcq Living Colors\" data-image-description=\"&lt;p&gt;David Tcheko Latulipe &#8211; Festival Street Art Ourcq Living Colors&lt;\/p&gt; \" data-medium-file=\"https:\/\/i0.wp.com\/altinnov.blog\/wp-content\/uploads\/2020\/09\/David-Tcheko-Latulipe-Festival-Street-Art-Ourcq-Living-Colors--scaled.jpg?fit=300%2C225&#038;ssl=1\" data-large-file=\"https:\/\/i0.wp.com\/altinnov.blog\/wp-content\/uploads\/2020\/09\/David-Tcheko-Latulipe-Festival-Street-Art-Ourcq-Living-Colors--scaled.jpg?fit=1024%2C768&#038;ssl=1\" src=\"https:\/\/i0.wp.com\/altinnov.blog\/wp-content\/uploads\/2020\/09\/David-Tcheko-Latulipe-Festival-Street-Art-Ourcq-Living-Colors--scaled.jpg?w=794&#038;h=596&#038;ssl=1\" srcset=\"https:\/\/i0.wp.com\/altinnov.blog\/wp-content\/uploads\/2020\/09\/David-Tcheko-Latulipe-Festival-Street-Art-Ourcq-Living-Colors--scaled.jpg?w=2560&amp;ssl=1 2560w, https:\/\/i0.wp.com\/altinnov.blog\/wp-content\/uploads\/2020\/09\/David-Tcheko-Latulipe-Festival-Street-Art-Ourcq-Living-Colors--scaled.jpg?resize=300%2C225&amp;ssl=1 300w, https:\/\/i0.wp.com\/altinnov.blog\/wp-content\/uploads\/2020\/09\/David-Tcheko-Latulipe-Festival-Street-Art-Ourcq-Living-Colors--scaled.jpg?resize=1024%2C768&amp;ssl=1 1024w, https:\/\/i0.wp.com\/altinnov.blog\/wp-content\/uploads\/2020\/09\/David-Tcheko-Latulipe-Festival-Street-Art-Ourcq-Living-Colors--scaled.jpg?resize=768%2C576&amp;ssl=1 768w, https:\/\/i0.wp.com\/altinnov.blog\/wp-content\/uploads\/2020\/09\/David-Tcheko-Latulipe-Festival-Street-Art-Ourcq-Living-Colors--scaled.jpg?resize=1536%2C1152&amp;ssl=1 1536w, https:\/\/i0.wp.com\/altinnov.blog\/wp-content\/uploads\/2020\/09\/David-Tcheko-Latulipe-Festival-Street-Art-Ourcq-Living-Colors--scaled.jpg?resize=2048%2C1536&amp;ssl=1 2048w, https:\/\/i0.wp.com\/altinnov.blog\/wp-content\/uploads\/2020\/09\/David-Tcheko-Latulipe-Festival-Street-Art-Ourcq-Living-Colors--scaled.jpg?resize=160%2C120&amp;ssl=1 160w, https:\/\/i0.wp.com\/altinnov.blog\/wp-content\/uploads\/2020\/09\/David-Tcheko-Latulipe-Festival-Street-Art-Ourcq-Living-Colors--scaled.jpg?w=2280&amp;ssl=1 2280w\" width=\"794\" height=\"596\" loading=\"lazy\" data-original-width=\"794\" data-original-height=\"596\" itemprop=\"http:\/\/schema.org\/image\" title=\"David Tcheko Latulipe - Festival Street Art Ourcq Living Colors\" alt=\"David Tcheko Latulipe - Festival Street Art Ourcq Living Colors\" style=\"width: 794px; height: 596px;\" \/> <\/a> <div class=\"tiled-gallery-caption\" itemprop=\"caption description\"> David &lsquo;Tcheko&rsquo; Latulipe &#8211; Photo @Altinnov <\/div> <\/div> <\/div> <!-- close group --> <div class=\"gallery-group images-2\" style=\"width: 342px; height: 600px;\" data-original-width=\"342\" data-original-height=\"600\" > <div class=\"tiled-gallery-item tiled-gallery-item-large\" itemprop=\"associatedMedia\" itemscope itemtype=\"http:\/\/schema.org\/ImageObject\"> <a href=\"https:\/\/altinnov.blog\/index.php\/fr\/2020\/09\/16\/street-art-canal-de-lourcq\/dacruz-festival-ourcq-living-colors\/\" border=\"0\" itemprop=\"url\"> <meta itemprop=\"width\" content=\"338\"> <meta itemprop=\"height\" content=\"254\"> <img class=\"\" data-attachment-id=\"3320\" data-orig-file=\"https:\/\/altinnov.blog\/wp-content\/uploads\/2020\/09\/dacruz-festival-Ourcq-Living-Colors-scaled.jpg\" data-orig-size=\"2560,1920\" data-comments-opened=\"1\" data-image-meta=\"{&quot;aperture&quot;:&quot;2.2&quot;,&quot;credit&quot;:&quot;&quot;,&quot;camera&quot;:&quot;iPhone 6s Plus&quot;,&quot;caption&quot;:&quot;&quot;,&quot;created_timestamp&quot;:&quot;1598458685&quot;,&quot;copyright&quot;:&quot;&quot;,&quot;focal_length&quot;:&quot;4.15&quot;,&quot;iso&quot;:&quot;25&quot;,&quot;shutter_speed&quot;:&quot;0.00079302141157811&quot;,&quot;title&quot;:&quot;&quot;,&quot;orientation&quot;:&quot;0&quot;}\" data-image-title=\"dacruz &#8211; festival Ourcq Living Colors\" data-image-description=\"&lt;p&gt;dacruz &#8211; festival Ourcq Living Colors&lt;\/p&gt; \" data-medium-file=\"https:\/\/i0.wp.com\/altinnov.blog\/wp-content\/uploads\/2020\/09\/dacruz-festival-Ourcq-Living-Colors-scaled.jpg?fit=300%2C225&#038;ssl=1\" data-large-file=\"https:\/\/i0.wp.com\/altinnov.blog\/wp-content\/uploads\/2020\/09\/dacruz-festival-Ourcq-Living-Colors-scaled.jpg?fit=1024%2C768&#038;ssl=1\" src=\"https:\/\/i0.wp.com\/altinnov.blog\/wp-content\/uploads\/2020\/09\/dacruz-festival-Ourcq-Living-Colors-scaled.jpg?w=338&#038;h=254&#038;ssl=1\" srcset=\"https:\/\/i0.wp.com\/altinnov.blog\/wp-content\/uploads\/2020\/09\/dacruz-festival-Ourcq-Living-Colors-scaled.jpg?w=2560&amp;ssl=1 2560w, https:\/\/i0.wp.com\/altinnov.blog\/wp-content\/uploads\/2020\/09\/dacruz-festival-Ourcq-Living-Colors-scaled.jpg?resize=300%2C225&amp;ssl=1 300w, https:\/\/i0.wp.com\/altinnov.blog\/wp-content\/uploads\/2020\/09\/dacruz-festival-Ourcq-Living-Colors-scaled.jpg?resize=1024%2C768&amp;ssl=1 1024w, https:\/\/i0.wp.com\/altinnov.blog\/wp-content\/uploads\/2020\/09\/dacruz-festival-Ourcq-Living-Colors-scaled.jpg?resize=768%2C576&amp;ssl=1 768w, https:\/\/i0.wp.com\/altinnov.blog\/wp-content\/uploads\/2020\/09\/dacruz-festival-Ourcq-Living-Colors-scaled.jpg?resize=1536%2C1152&amp;ssl=1 1536w, https:\/\/i0.wp.com\/altinnov.blog\/wp-content\/uploads\/2020\/09\/dacruz-festival-Ourcq-Living-Colors-scaled.jpg?resize=2048%2C1536&amp;ssl=1 2048w, https:\/\/i0.wp.com\/altinnov.blog\/wp-content\/uploads\/2020\/09\/dacruz-festival-Ourcq-Living-Colors-scaled.jpg?resize=160%2C120&amp;ssl=1 160w, https:\/\/i0.wp.com\/altinnov.blog\/wp-content\/uploads\/2020\/09\/dacruz-festival-Ourcq-Living-Colors-scaled.jpg?w=2280&amp;ssl=1 2280w\" width=\"338\" height=\"254\" loading=\"lazy\" data-original-width=\"338\" data-original-height=\"254\" itemprop=\"http:\/\/schema.org\/image\" title=\"dacruz - festival Ourcq Living Colors\" alt=\"dacruz - festival Ourcq Living Colors\" style=\"width: 338px; height: 254px;\" \/> <\/a> <div class=\"tiled-gallery-caption\" itemprop=\"caption description\"> dAcRuZ &#8211; Photo @Altinnov <\/div> <\/div> <div class=\"tiled-gallery-item tiled-gallery-item-large\" itemprop=\"associatedMedia\" itemscope itemtype=\"http:\/\/schema.org\/ImageObject\"> <a href=\"https:\/\/altinnov.blog\/index.php\/fr\/2020\/09\/16\/street-art-canal-de-lourcq\/street-artiste-skio1-festival-ourcq-living-colors\/\" border=\"0\" itemprop=\"url\"> <meta itemprop=\"width\" content=\"338\"> <meta itemprop=\"height\" content=\"338\"> <img class=\"\" data-attachment-id=\"3321\" data-orig-file=\"https:\/\/altinnov.blog\/wp-content\/uploads\/2020\/09\/Street-Artiste-SKIO1-Festival-Ourcq-Living-Colors-scaled.jpg\" data-orig-size=\"2560,2560\" data-comments-opened=\"1\" data-image-meta=\"{&quot;aperture&quot;:&quot;2.2&quot;,&quot;credit&quot;:&quot;&quot;,&quot;camera&quot;:&quot;iPhone 6s Plus&quot;,&quot;caption&quot;:&quot;&quot;,&quot;created_timestamp&quot;:&quot;1598458658&quot;,&quot;copyright&quot;:&quot;&quot;,&quot;focal_length&quot;:&quot;4.15&quot;,&quot;iso&quot;:&quot;25&quot;,&quot;shutter_speed&quot;:&quot;0.0019880715705765&quot;,&quot;title&quot;:&quot;&quot;,&quot;orientation&quot;:&quot;0&quot;}\" data-image-title=\"Street Artiste SKIO1 &#8211; Festival Ourcq Living Colors\" data-image-description=\"&lt;p&gt;Street Artiste SKIO1 &#8211; Festival Ourcq Living Colors&lt;\/p&gt; \" data-medium-file=\"https:\/\/i0.wp.com\/altinnov.blog\/wp-content\/uploads\/2020\/09\/Street-Artiste-SKIO1-Festival-Ourcq-Living-Colors-scaled.jpg?fit=300%2C300&#038;ssl=1\" data-large-file=\"https:\/\/i0.wp.com\/altinnov.blog\/wp-content\/uploads\/2020\/09\/Street-Artiste-SKIO1-Festival-Ourcq-Living-Colors-scaled.jpg?fit=1024%2C1024&#038;ssl=1\" src=\"https:\/\/i0.wp.com\/altinnov.blog\/wp-content\/uploads\/2020\/09\/Street-Artiste-SKIO1-Festival-Ourcq-Living-Colors-scaled.jpg?w=338&#038;h=338&#038;crop=1&#038;ssl=1\" srcset=\"https:\/\/i0.wp.com\/altinnov.blog\/wp-content\/uploads\/2020\/09\/Street-Artiste-SKIO1-Festival-Ourcq-Living-Colors-scaled.jpg?w=2560&amp;ssl=1 2560w, https:\/\/i0.wp.com\/altinnov.blog\/wp-content\/uploads\/2020\/09\/Street-Artiste-SKIO1-Festival-Ourcq-Living-Colors-scaled.jpg?resize=300%2C300&amp;ssl=1 300w, https:\/\/i0.wp.com\/altinnov.blog\/wp-content\/uploads\/2020\/09\/Street-Artiste-SKIO1-Festival-Ourcq-Living-Colors-scaled.jpg?resize=1024%2C1024&amp;ssl=1 1024w, https:\/\/i0.wp.com\/altinnov.blog\/wp-content\/uploads\/2020\/09\/Street-Artiste-SKIO1-Festival-Ourcq-Living-Colors-scaled.jpg?resize=150%2C150&amp;ssl=1 150w, https:\/\/i0.wp.com\/altinnov.blog\/wp-content\/uploads\/2020\/09\/Street-Artiste-SKIO1-Festival-Ourcq-Living-Colors-scaled.jpg?resize=768%2C768&amp;ssl=1 768w, https:\/\/i0.wp.com\/altinnov.blog\/wp-content\/uploads\/2020\/09\/Street-Artiste-SKIO1-Festival-Ourcq-Living-Colors-scaled.jpg?resize=1536%2C1536&amp;ssl=1 1536w, https:\/\/i0.wp.com\/altinnov.blog\/wp-content\/uploads\/2020\/09\/Street-Artiste-SKIO1-Festival-Ourcq-Living-Colors-scaled.jpg?resize=2048%2C2048&amp;ssl=1 2048w, https:\/\/i0.wp.com\/altinnov.blog\/wp-content\/uploads\/2020\/09\/Street-Artiste-SKIO1-Festival-Ourcq-Living-Colors-scaled.jpg?w=2280&amp;ssl=1 2280w\" width=\"338\" height=\"338\" loading=\"lazy\" data-original-width=\"338\" data-original-height=\"338\" itemprop=\"http:\/\/schema.org\/image\" title=\"Street Artiste SKIO1 - Festival Ourcq Living Colors\" alt=\"Street Artiste SKIO1 - Festival Ourcq Living Colors\" style=\"width: 338px; height: 338px;\" \/> <\/a> <div class=\"tiled-gallery-caption\" itemprop=\"caption description\"> SKIO1 &#8211; Photo @Altinnov <\/div> <\/div> <\/div> <!-- close group --> <\/div> <!-- close row --> <div class=\"gallery-row\" style=\"width: 1140px; height: 304px;\" data-original-width=\"1140\" data-original-height=\"304\" > <div class=\"gallery-group images-1\" style=\"width: 404px; height: 304px;\" data-original-width=\"404\" data-original-height=\"304\" > <div class=\"tiled-gallery-item tiled-gallery-item-large\" itemprop=\"associatedMedia\" itemscope itemtype=\"http:\/\/schema.org\/ImageObject\"> <a href=\"https:\/\/altinnov.blog\/index.php\/fr\/2020\/09\/16\/street-art-canal-de-lourcq\/skio1-festival-street-art-ourcq-living-colors\/\" border=\"0\" itemprop=\"url\"> <meta itemprop=\"width\" content=\"400\"> <meta itemprop=\"height\" content=\"300\"> <img class=\"\" data-attachment-id=\"3322\" data-orig-file=\"https:\/\/altinnov.blog\/wp-content\/uploads\/2020\/09\/SKIO1-Festival-Street-Art-Ourcq-Living-Colors-scaled.jpg\" data-orig-size=\"2560,1920\" data-comments-opened=\"1\" data-image-meta=\"{&quot;aperture&quot;:&quot;2.2&quot;,&quot;credit&quot;:&quot;&quot;,&quot;camera&quot;:&quot;iPhone 6s Plus&quot;,&quot;caption&quot;:&quot;&quot;,&quot;created_timestamp&quot;:&quot;1598458718&quot;,&quot;copyright&quot;:&quot;&quot;,&quot;focal_length&quot;:&quot;4.15&quot;,&quot;iso&quot;:&quot;25&quot;,&quot;shutter_speed&quot;:&quot;0.0017035775127768&quot;,&quot;title&quot;:&quot;&quot;,&quot;orientation&quot;:&quot;1&quot;}\" data-image-title=\"SKIO1 &#8211; Festival Street Art Ourcq Living Colors\" data-image-description=\"&lt;p&gt;SKIO1 &#8211; Festival Street Art Ourcq Living Colors&lt;\/p&gt; \" data-medium-file=\"https:\/\/i0.wp.com\/altinnov.blog\/wp-content\/uploads\/2020\/09\/SKIO1-Festival-Street-Art-Ourcq-Living-Colors-scaled.jpg?fit=300%2C225&#038;ssl=1\" data-large-file=\"https:\/\/i0.wp.com\/altinnov.blog\/wp-content\/uploads\/2020\/09\/SKIO1-Festival-Street-Art-Ourcq-Living-Colors-scaled.jpg?fit=1024%2C768&#038;ssl=1\" src=\"https:\/\/i0.wp.com\/altinnov.blog\/wp-content\/uploads\/2020\/09\/SKIO1-Festival-Street-Art-Ourcq-Living-Colors-scaled.jpg?w=400&#038;h=300&#038;ssl=1\" srcset=\"https:\/\/i0.wp.com\/altinnov.blog\/wp-content\/uploads\/2020\/09\/SKIO1-Festival-Street-Art-Ourcq-Living-Colors-scaled.jpg?w=2560&amp;ssl=1 2560w, https:\/\/i0.wp.com\/altinnov.blog\/wp-content\/uploads\/2020\/09\/SKIO1-Festival-Street-Art-Ourcq-Living-Colors-scaled.jpg?resize=300%2C225&amp;ssl=1 300w, https:\/\/i0.wp.com\/altinnov.blog\/wp-content\/uploads\/2020\/09\/SKIO1-Festival-Street-Art-Ourcq-Living-Colors-scaled.jpg?resize=1024%2C768&amp;ssl=1 1024w, https:\/\/i0.wp.com\/altinnov.blog\/wp-content\/uploads\/2020\/09\/SKIO1-Festival-Street-Art-Ourcq-Living-Colors-scaled.jpg?resize=768%2C576&amp;ssl=1 768w, https:\/\/i0.wp.com\/altinnov.blog\/wp-content\/uploads\/2020\/09\/SKIO1-Festival-Street-Art-Ourcq-Living-Colors-scaled.jpg?resize=1536%2C1152&amp;ssl=1 1536w, https:\/\/i0.wp.com\/altinnov.blog\/wp-content\/uploads\/2020\/09\/SKIO1-Festival-Street-Art-Ourcq-Living-Colors-scaled.jpg?resize=2048%2C1536&amp;ssl=1 2048w, https:\/\/i0.wp.com\/altinnov.blog\/wp-content\/uploads\/2020\/09\/SKIO1-Festival-Street-Art-Ourcq-Living-Colors-scaled.jpg?resize=160%2C120&amp;ssl=1 160w, https:\/\/i0.wp.com\/altinnov.blog\/wp-content\/uploads\/2020\/09\/SKIO1-Festival-Street-Art-Ourcq-Living-Colors-scaled.jpg?w=2280&amp;ssl=1 2280w\" width=\"400\" height=\"300\" loading=\"lazy\" data-original-width=\"400\" data-original-height=\"300\" itemprop=\"http:\/\/schema.org\/image\" title=\"SKIO1 - Festival Street Art Ourcq Living Colors\" alt=\"SKIO1 - Festival Street Art Ourcq Living Colors\" style=\"width: 400px; height: 300px;\" \/> <\/a> <div class=\"tiled-gallery-caption\" itemprop=\"caption description\"> SKIO1 &#8211; Photo @Altinnov <\/div> <\/div> <\/div> <!-- close group --> <div class=\"gallery-group images-1\" style=\"width: 403px; height: 304px;\" data-original-width=\"403\" data-original-height=\"304\" > <div class=\"tiled-gallery-item tiled-gallery-item-large\" itemprop=\"associatedMedia\" itemscope itemtype=\"http:\/\/schema.org\/ImageObject\"> <a href=\"https:\/\/altinnov.blog\/index.php\/fr\/2020\/09\/16\/street-art-canal-de-lourcq\/chorboogie-shiro-one-festival-street-art-ourcq-living-colors\/\" border=\"0\" itemprop=\"url\"> <meta itemprop=\"width\" content=\"399\"> <meta itemprop=\"height\" content=\"300\"> <img class=\"\" data-attachment-id=\"3323\" data-orig-file=\"https:\/\/altinnov.blog\/wp-content\/uploads\/2020\/09\/Chorboogie-Shiro-One-Festival-Street-Art-Ourcq-Living-Colors-scaled.jpg\" data-orig-size=\"2560,1920\" data-comments-opened=\"1\" data-image-meta=\"{&quot;aperture&quot;:&quot;2.2&quot;,&quot;credit&quot;:&quot;&quot;,&quot;camera&quot;:&quot;iPhone 6s Plus&quot;,&quot;caption&quot;:&quot;&quot;,&quot;created_timestamp&quot;:&quot;1598458608&quot;,&quot;copyright&quot;:&quot;&quot;,&quot;focal_length&quot;:&quot;4.15&quot;,&quot;iso&quot;:&quot;25&quot;,&quot;shutter_speed&quot;:&quot;0.0012224938875306&quot;,&quot;title&quot;:&quot;&quot;,&quot;orientation&quot;:&quot;0&quot;}\" data-image-title=\"Chorboogie &#038; Shiro One &#8211; Festival Street Art Ourcq Living Colors\" data-image-description=\"&lt;p&gt;Chorboogie &#038; Shiro One &#8211; Festival Street Art Ourcq Living Colors&lt;\/p&gt; \" data-medium-file=\"https:\/\/i0.wp.com\/altinnov.blog\/wp-content\/uploads\/2020\/09\/Chorboogie-Shiro-One-Festival-Street-Art-Ourcq-Living-Colors-scaled.jpg?fit=300%2C225&#038;ssl=1\" data-large-file=\"https:\/\/i0.wp.com\/altinnov.blog\/wp-content\/uploads\/2020\/09\/Chorboogie-Shiro-One-Festival-Street-Art-Ourcq-Living-Colors-scaled.jpg?fit=1024%2C768&#038;ssl=1\" src=\"https:\/\/i0.wp.com\/altinnov.blog\/wp-content\/uploads\/2020\/09\/Chorboogie-Shiro-One-Festival-Street-Art-Ourcq-Living-Colors-scaled.jpg?w=399&#038;h=300&#038;ssl=1\" srcset=\"https:\/\/i0.wp.com\/altinnov.blog\/wp-content\/uploads\/2020\/09\/Chorboogie-Shiro-One-Festival-Street-Art-Ourcq-Living-Colors-scaled.jpg?w=2560&amp;ssl=1 2560w, https:\/\/i0.wp.com\/altinnov.blog\/wp-content\/uploads\/2020\/09\/Chorboogie-Shiro-One-Festival-Street-Art-Ourcq-Living-Colors-scaled.jpg?resize=300%2C225&amp;ssl=1 300w, https:\/\/i0.wp.com\/altinnov.blog\/wp-content\/uploads\/2020\/09\/Chorboogie-Shiro-One-Festival-Street-Art-Ourcq-Living-Colors-scaled.jpg?resize=1024%2C768&amp;ssl=1 1024w, https:\/\/i0.wp.com\/altinnov.blog\/wp-content\/uploads\/2020\/09\/Chorboogie-Shiro-One-Festival-Street-Art-Ourcq-Living-Colors-scaled.jpg?resize=768%2C576&amp;ssl=1 768w, https:\/\/i0.wp.com\/altinnov.blog\/wp-content\/uploads\/2020\/09\/Chorboogie-Shiro-One-Festival-Street-Art-Ourcq-Living-Colors-scaled.jpg?resize=1536%2C1152&amp;ssl=1 1536w, https:\/\/i0.wp.com\/altinnov.blog\/wp-content\/uploads\/2020\/09\/Chorboogie-Shiro-One-Festival-Street-Art-Ourcq-Living-Colors-scaled.jpg?resize=2048%2C1536&amp;ssl=1 2048w, https:\/\/i0.wp.com\/altinnov.blog\/wp-content\/uploads\/2020\/09\/Chorboogie-Shiro-One-Festival-Street-Art-Ourcq-Living-Colors-scaled.jpg?resize=160%2C120&amp;ssl=1 160w, https:\/\/i0.wp.com\/altinnov.blog\/wp-content\/uploads\/2020\/09\/Chorboogie-Shiro-One-Festival-Street-Art-Ourcq-Living-Colors-scaled.jpg?w=2280&amp;ssl=1 2280w\" width=\"399\" height=\"300\" loading=\"lazy\" data-original-width=\"399\" data-original-height=\"300\" itemprop=\"http:\/\/schema.org\/image\" title=\"Chorboogie &amp; Shiro One - Festival Street Art Ourcq Living Colors\" alt=\"Chorboogie &amp; Shiro One - Festival Street Art Ourcq Living Colors\" style=\"width: 399px; height: 300px;\" \/> <\/a> <div class=\"tiled-gallery-caption\" itemprop=\"caption description\"> Chorboogie &#038; Shiro one &#8211; Photo @Altinnov <\/div> <\/div> <\/div> <!-- close group --> <div class=\"gallery-group images-1\" style=\"width: 333px; height: 304px;\" data-original-width=\"333\" data-original-height=\"304\" > <div class=\"tiled-gallery-item tiled-gallery-item-large\" itemprop=\"associatedMedia\" itemscope itemtype=\"http:\/\/schema.org\/ImageObject\"> <a href=\"https:\/\/altinnov.blog\/index.php\/fr\/2020\/09\/16\/street-art-canal-de-lourcq\/xanoy-festival-street-art-ourcq-living-colors\/\" border=\"0\" itemprop=\"url\"> <meta itemprop=\"width\" content=\"329\"> <meta itemprop=\"height\" content=\"300\"> <img class=\"\" data-attachment-id=\"3324\" data-orig-file=\"https:\/\/altinnov.blog\/wp-content\/uploads\/2020\/09\/Xanoy-festival-Street-Art-Ourcq-Living-Colors-scaled.jpg\" data-orig-size=\"2560,2333\" data-comments-opened=\"1\" data-image-meta=\"{&quot;aperture&quot;:&quot;2.2&quot;,&quot;credit&quot;:&quot;&quot;,&quot;camera&quot;:&quot;iPhone 6s Plus&quot;,&quot;caption&quot;:&quot;&quot;,&quot;created_timestamp&quot;:&quot;1598458453&quot;,&quot;copyright&quot;:&quot;&quot;,&quot;focal_length&quot;:&quot;4.15&quot;,&quot;iso&quot;:&quot;25&quot;,&quot;shutter_speed&quot;:&quot;0.0054054054054054&quot;,&quot;title&quot;:&quot;&quot;,&quot;orientation&quot;:&quot;0&quot;}\" data-image-title=\"Xanoy &#8211; festival Street Art Ourcq Living Colors\" data-image-description=\"&lt;p&gt;Xanoy &#8211; festival Street Art Ourcq Living Colors&lt;\/p&gt; \" data-medium-file=\"https:\/\/i0.wp.com\/altinnov.blog\/wp-content\/uploads\/2020\/09\/Xanoy-festival-Street-Art-Ourcq-Living-Colors-scaled.jpg?fit=300%2C273&#038;ssl=1\" data-large-file=\"https:\/\/i0.wp.com\/altinnov.blog\/wp-content\/uploads\/2020\/09\/Xanoy-festival-Street-Art-Ourcq-Living-Colors-scaled.jpg?fit=1024%2C933&#038;ssl=1\" src=\"https:\/\/i0.wp.com\/altinnov.blog\/wp-content\/uploads\/2020\/09\/Xanoy-festival-Street-Art-Ourcq-Living-Colors-scaled.jpg?w=329&#038;h=300&#038;ssl=1\" srcset=\"https:\/\/i0.wp.com\/altinnov.blog\/wp-content\/uploads\/2020\/09\/Xanoy-festival-Street-Art-Ourcq-Living-Colors-scaled.jpg?w=2560&amp;ssl=1 2560w, https:\/\/i0.wp.com\/altinnov.blog\/wp-content\/uploads\/2020\/09\/Xanoy-festival-Street-Art-Ourcq-Living-Colors-scaled.jpg?resize=300%2C273&amp;ssl=1 300w, https:\/\/i0.wp.com\/altinnov.blog\/wp-content\/uploads\/2020\/09\/Xanoy-festival-Street-Art-Ourcq-Living-Colors-scaled.jpg?resize=1024%2C933&amp;ssl=1 1024w, https:\/\/i0.wp.com\/altinnov.blog\/wp-content\/uploads\/2020\/09\/Xanoy-festival-Street-Art-Ourcq-Living-Colors-scaled.jpg?resize=768%2C700&amp;ssl=1 768w, https:\/\/i0.wp.com\/altinnov.blog\/wp-content\/uploads\/2020\/09\/Xanoy-festival-Street-Art-Ourcq-Living-Colors-scaled.jpg?resize=1536%2C1400&amp;ssl=1 1536w, https:\/\/i0.wp.com\/altinnov.blog\/wp-content\/uploads\/2020\/09\/Xanoy-festival-Street-Art-Ourcq-Living-Colors-scaled.jpg?resize=2048%2C1866&amp;ssl=1 2048w, https:\/\/i0.wp.com\/altinnov.blog\/wp-content\/uploads\/2020\/09\/Xanoy-festival-Street-Art-Ourcq-Living-Colors-scaled.jpg?w=2280&amp;ssl=1 2280w\" width=\"329\" height=\"300\" loading=\"lazy\" data-original-width=\"329\" data-original-height=\"300\" itemprop=\"http:\/\/schema.org\/image\" title=\"Xanoy - festival Street Art Ourcq Living Colors\" alt=\"Xanoy - festival Street Art Ourcq Living Colors\" style=\"width: 329px; height: 300px;\" \/> <\/a> <div class=\"tiled-gallery-caption\" itemprop=\"caption description\"> Xanoy &#8211; Photo @Altinnov <\/div> <\/div> <\/div> <!-- close group --> <\/div> <!-- close row --> <div class=\"gallery-row\" style=\"width: 1140px; height: 734px;\" data-original-width=\"1140\" data-original-height=\"734\" > <div class=\"gallery-group images-2\" style=\"width: 406px; height: 734px;\" data-original-width=\"406\" data-original-height=\"734\" > <div class=\"tiled-gallery-item tiled-gallery-item-large\" itemprop=\"associatedMedia\" itemscope itemtype=\"http:\/\/schema.org\/ImageObject\"> <a href=\"https:\/\/altinnov.blog\/index.php\/fr\/2020\/09\/16\/street-art-canal-de-lourcq\/street-artiste-lyonnais-pec-festival-ourcq-living-colors\/\" border=\"0\" itemprop=\"url\"> <meta itemprop=\"width\" content=\"402\"> <meta itemprop=\"height\" content=\"323\"> <img class=\"\" data-attachment-id=\"3325\" data-orig-file=\"https:\/\/altinnov.blog\/wp-content\/uploads\/2020\/09\/STreet-Artiste-Lyonnais-PEC-Festival-Ourcq-Living-Colors-scaled.jpg\" data-orig-size=\"2560,2057\" data-comments-opened=\"1\" data-image-meta=\"{&quot;aperture&quot;:&quot;2.2&quot;,&quot;credit&quot;:&quot;&quot;,&quot;camera&quot;:&quot;iPhone 6s Plus&quot;,&quot;caption&quot;:&quot;&quot;,&quot;created_timestamp&quot;:&quot;1598458429&quot;,&quot;copyright&quot;:&quot;&quot;,&quot;focal_length&quot;:&quot;4.15&quot;,&quot;iso&quot;:&quot;25&quot;,&quot;shutter_speed&quot;:&quot;0.0014306151645207&quot;,&quot;title&quot;:&quot;&quot;,&quot;orientation&quot;:&quot;1&quot;}\" data-image-title=\"STreet Artiste Lyonnais PEC &#8211; Festival Ourcq Living Colors\" data-image-description=\"&lt;p&gt;STreet Artiste Lyonnais PEC &#8211; Festival Ourcq Living Colors&lt;\/p&gt; \" data-medium-file=\"https:\/\/i0.wp.com\/altinnov.blog\/wp-content\/uploads\/2020\/09\/STreet-Artiste-Lyonnais-PEC-Festival-Ourcq-Living-Colors-scaled.jpg?fit=300%2C241&#038;ssl=1\" data-large-file=\"https:\/\/i0.wp.com\/altinnov.blog\/wp-content\/uploads\/2020\/09\/STreet-Artiste-Lyonnais-PEC-Festival-Ourcq-Living-Colors-scaled.jpg?fit=1024%2C823&#038;ssl=1\" src=\"https:\/\/i0.wp.com\/altinnov.blog\/wp-content\/uploads\/2020\/09\/STreet-Artiste-Lyonnais-PEC-Festival-Ourcq-Living-Colors-scaled.jpg?w=402&#038;h=323&#038;ssl=1\" srcset=\"https:\/\/i0.wp.com\/altinnov.blog\/wp-content\/uploads\/2020\/09\/STreet-Artiste-Lyonnais-PEC-Festival-Ourcq-Living-Colors-scaled.jpg?w=2560&amp;ssl=1 2560w, https:\/\/i0.wp.com\/altinnov.blog\/wp-content\/uploads\/2020\/09\/STreet-Artiste-Lyonnais-PEC-Festival-Ourcq-Living-Colors-scaled.jpg?resize=300%2C241&amp;ssl=1 300w, https:\/\/i0.wp.com\/altinnov.blog\/wp-content\/uploads\/2020\/09\/STreet-Artiste-Lyonnais-PEC-Festival-Ourcq-Living-Colors-scaled.jpg?resize=1024%2C823&amp;ssl=1 1024w, https:\/\/i0.wp.com\/altinnov.blog\/wp-content\/uploads\/2020\/09\/STreet-Artiste-Lyonnais-PEC-Festival-Ourcq-Living-Colors-scaled.jpg?resize=768%2C617&amp;ssl=1 768w, https:\/\/i0.wp.com\/altinnov.blog\/wp-content\/uploads\/2020\/09\/STreet-Artiste-Lyonnais-PEC-Festival-Ourcq-Living-Colors-scaled.jpg?resize=1536%2C1234&amp;ssl=1 1536w, https:\/\/i0.wp.com\/altinnov.blog\/wp-content\/uploads\/2020\/09\/STreet-Artiste-Lyonnais-PEC-Festival-Ourcq-Living-Colors-scaled.jpg?resize=2048%2C1646&amp;ssl=1 2048w, https:\/\/i0.wp.com\/altinnov.blog\/wp-content\/uploads\/2020\/09\/STreet-Artiste-Lyonnais-PEC-Festival-Ourcq-Living-Colors-scaled.jpg?w=2280&amp;ssl=1 2280w\" width=\"402\" height=\"323\" loading=\"lazy\" data-original-width=\"402\" data-original-height=\"323\" itemprop=\"http:\/\/schema.org\/image\" title=\"STreet Artiste Lyonnais PEC - Festival Ourcq Living Colors\" alt=\"STreet Artiste Lyonnais PEC - Festival Ourcq Living Colors\" style=\"width: 402px; height: 323px;\" \/> <\/a> <div class=\"tiled-gallery-caption\" itemprop=\"caption description\"> PEC &#8211; Photo @Altinnov <\/div> <\/div> <div class=\"tiled-gallery-item tiled-gallery-item-large\" itemprop=\"associatedMedia\" itemscope itemtype=\"http:\/\/schema.org\/ImageObject\"> <a href=\"https:\/\/altinnov.blog\/index.php\/fr\/2020\/09\/16\/street-art-canal-de-lourcq\/nkdm-festival-street-art-ourcq-living-colors\/\" border=\"0\" itemprop=\"url\"> <meta itemprop=\"width\" content=\"402\"> <meta itemprop=\"height\" content=\"403\"> <img class=\"\" data-attachment-id=\"3326\" data-orig-file=\"https:\/\/altinnov.blog\/wp-content\/uploads\/2020\/09\/NKDM-Festival-Street-Art-Ourcq-Living-Colors-scaled.jpg\" data-orig-size=\"2560,2560\" data-comments-opened=\"1\" data-image-meta=\"{&quot;aperture&quot;:&quot;2.2&quot;,&quot;credit&quot;:&quot;&quot;,&quot;camera&quot;:&quot;iPhone 6s Plus&quot;,&quot;caption&quot;:&quot;&quot;,&quot;created_timestamp&quot;:&quot;1598458380&quot;,&quot;copyright&quot;:&quot;&quot;,&quot;focal_length&quot;:&quot;4.15&quot;,&quot;iso&quot;:&quot;25&quot;,&quot;shutter_speed&quot;:&quot;0.0037037037037037&quot;,&quot;title&quot;:&quot;&quot;,&quot;orientation&quot;:&quot;1&quot;}\" data-image-title=\"NKDM &#8211; Festival Street Art Ourcq Living Colors\" data-image-description=\"&lt;p&gt;NKDM &#8211; Festival Street Art Ourcq Living Colors&lt;\/p&gt; \" data-medium-file=\"https:\/\/i0.wp.com\/altinnov.blog\/wp-content\/uploads\/2020\/09\/NKDM-Festival-Street-Art-Ourcq-Living-Colors-scaled.jpg?fit=300%2C300&#038;ssl=1\" data-large-file=\"https:\/\/i0.wp.com\/altinnov.blog\/wp-content\/uploads\/2020\/09\/NKDM-Festival-Street-Art-Ourcq-Living-Colors-scaled.jpg?fit=1024%2C1024&#038;ssl=1\" src=\"https:\/\/i0.wp.com\/altinnov.blog\/wp-content\/uploads\/2020\/09\/NKDM-Festival-Street-Art-Ourcq-Living-Colors-scaled.jpg?w=402&#038;h=403&#038;ssl=1\" srcset=\"https:\/\/i0.wp.com\/altinnov.blog\/wp-content\/uploads\/2020\/09\/NKDM-Festival-Street-Art-Ourcq-Living-Colors-scaled.jpg?w=2560&amp;ssl=1 2560w, https:\/\/i0.wp.com\/altinnov.blog\/wp-content\/uploads\/2020\/09\/NKDM-Festival-Street-Art-Ourcq-Living-Colors-scaled.jpg?resize=300%2C300&amp;ssl=1 300w, https:\/\/i0.wp.com\/altinnov.blog\/wp-content\/uploads\/2020\/09\/NKDM-Festival-Street-Art-Ourcq-Living-Colors-scaled.jpg?resize=1024%2C1024&amp;ssl=1 1024w, https:\/\/i0.wp.com\/altinnov.blog\/wp-content\/uploads\/2020\/09\/NKDM-Festival-Street-Art-Ourcq-Living-Colors-scaled.jpg?resize=150%2C150&amp;ssl=1 150w, https:\/\/i0.wp.com\/altinnov.blog\/wp-content\/uploads\/2020\/09\/NKDM-Festival-Street-Art-Ourcq-Living-Colors-scaled.jpg?resize=768%2C768&amp;ssl=1 768w, https:\/\/i0.wp.com\/altinnov.blog\/wp-content\/uploads\/2020\/09\/NKDM-Festival-Street-Art-Ourcq-Living-Colors-scaled.jpg?resize=1536%2C1536&amp;ssl=1 1536w, https:\/\/i0.wp.com\/altinnov.blog\/wp-content\/uploads\/2020\/09\/NKDM-Festival-Street-Art-Ourcq-Living-Colors-scaled.jpg?resize=2048%2C2048&amp;ssl=1 2048w, https:\/\/i0.wp.com\/altinnov.blog\/wp-content\/uploads\/2020\/09\/NKDM-Festival-Street-Art-Ourcq-Living-Colors-scaled.jpg?w=2280&amp;ssl=1 2280w\" width=\"402\" height=\"403\" loading=\"lazy\" data-original-width=\"402\" data-original-height=\"403\" itemprop=\"http:\/\/schema.org\/image\" title=\"NKDM - Festival Street Art Ourcq Living Colors\" alt=\"NKDM - Festival Street Art Ourcq Living Colors\" style=\"width: 402px; height: 403px;\" \/> <\/a> <div class=\"tiled-gallery-caption\" itemprop=\"caption description\"> NKDM &#8211; Photo @Altinnov <\/div> <\/div> <\/div> <!-- close group --> <div class=\"gallery-group images-1\" style=\"width: 734px; height: 734px;\" data-original-width=\"734\" data-original-height=\"734\" > <div class=\"tiled-gallery-item tiled-gallery-item-large\" itemprop=\"associatedMedia\" itemscope itemtype=\"http:\/\/schema.org\/ImageObject\"> <a href=\"https:\/\/altinnov.blog\/index.php\/fr\/2020\/09\/16\/street-art-canal-de-lourcq\/one-love-par-le-street-artiste-masai-fetsival-ourcq-living-colors\/\" border=\"0\" itemprop=\"url\"> <meta itemprop=\"width\" content=\"730\"> <meta itemprop=\"height\" content=\"730\"> <img class=\"\" data-attachment-id=\"3327\" data-orig-file=\"https:\/\/altinnov.blog\/wp-content\/uploads\/2020\/09\/One-Love-par-le-Street-Artiste-MAsai-Fetsival-Ourcq-Living-Colors-scaled.jpg\" data-orig-size=\"2560,2560\" data-comments-opened=\"1\" data-image-meta=\"{&quot;aperture&quot;:&quot;2.2&quot;,&quot;credit&quot;:&quot;&quot;,&quot;camera&quot;:&quot;iPhone 6s Plus&quot;,&quot;caption&quot;:&quot;&quot;,&quot;created_timestamp&quot;:&quot;1598458243&quot;,&quot;copyright&quot;:&quot;&quot;,&quot;focal_length&quot;:&quot;4.15&quot;,&quot;iso&quot;:&quot;25&quot;,&quot;shutter_speed&quot;:&quot;0.0014306151645207&quot;,&quot;title&quot;:&quot;&quot;,&quot;orientation&quot;:&quot;0&quot;}\" data-image-title=\"One Love par le Street Artiste MAsai &#8211; Fetsival Ourcq Living Colors\" data-image-description=\"&lt;p&gt;One Love par le Street Artiste Masai &#8211; Festival Ourcq Living Colors&lt;\/p&gt; \" data-medium-file=\"https:\/\/i0.wp.com\/altinnov.blog\/wp-content\/uploads\/2020\/09\/One-Love-par-le-Street-Artiste-MAsai-Fetsival-Ourcq-Living-Colors-scaled.jpg?fit=300%2C300&#038;ssl=1\" data-large-file=\"https:\/\/i0.wp.com\/altinnov.blog\/wp-content\/uploads\/2020\/09\/One-Love-par-le-Street-Artiste-MAsai-Fetsival-Ourcq-Living-Colors-scaled.jpg?fit=1024%2C1024&#038;ssl=1\" src=\"https:\/\/i0.wp.com\/altinnov.blog\/wp-content\/uploads\/2020\/09\/One-Love-par-le-Street-Artiste-MAsai-Fetsival-Ourcq-Living-Colors-scaled.jpg?w=730&#038;h=730&#038;crop=1&#038;ssl=1\" srcset=\"https:\/\/i0.wp.com\/altinnov.blog\/wp-content\/uploads\/2020\/09\/One-Love-par-le-Street-Artiste-MAsai-Fetsival-Ourcq-Living-Colors-scaled.jpg?w=2560&amp;ssl=1 2560w, https:\/\/i0.wp.com\/altinnov.blog\/wp-content\/uploads\/2020\/09\/One-Love-par-le-Street-Artiste-MAsai-Fetsival-Ourcq-Living-Colors-scaled.jpg?resize=300%2C300&amp;ssl=1 300w, https:\/\/i0.wp.com\/altinnov.blog\/wp-content\/uploads\/2020\/09\/One-Love-par-le-Street-Artiste-MAsai-Fetsival-Ourcq-Living-Colors-scaled.jpg?resize=1024%2C1024&amp;ssl=1 1024w, https:\/\/i0.wp.com\/altinnov.blog\/wp-content\/uploads\/2020\/09\/One-Love-par-le-Street-Artiste-MAsai-Fetsival-Ourcq-Living-Colors-scaled.jpg?resize=150%2C150&amp;ssl=1 150w, https:\/\/i0.wp.com\/altinnov.blog\/wp-content\/uploads\/2020\/09\/One-Love-par-le-Street-Artiste-MAsai-Fetsival-Ourcq-Living-Colors-scaled.jpg?resize=768%2C768&amp;ssl=1 768w, https:\/\/i0.wp.com\/altinnov.blog\/wp-content\/uploads\/2020\/09\/One-Love-par-le-Street-Artiste-MAsai-Fetsival-Ourcq-Living-Colors-scaled.jpg?resize=1536%2C1536&amp;ssl=1 1536w, https:\/\/i0.wp.com\/altinnov.blog\/wp-content\/uploads\/2020\/09\/One-Love-par-le-Street-Artiste-MAsai-Fetsival-Ourcq-Living-Colors-scaled.jpg?resize=2048%2C2048&amp;ssl=1 2048w, https:\/\/i0.wp.com\/altinnov.blog\/wp-content\/uploads\/2020\/09\/One-Love-par-le-Street-Artiste-MAsai-Fetsival-Ourcq-Living-Colors-scaled.jpg?w=2280&amp;ssl=1 2280w\" width=\"730\" height=\"730\" loading=\"lazy\" data-original-width=\"730\" data-original-height=\"730\" itemprop=\"http:\/\/schema.org\/image\" title=\"One Love par le Street Artiste MAsai - Fetsival Ourcq Living Colors\" alt=\"One Love par le Street Artiste MAsai - Fetsival Ourcq Living Colors\" style=\"width: 730px; height: 730px;\" \/> <\/a> <div class=\"tiled-gallery-caption\" itemprop=\"caption description\"> One Love par Masai &#8211; Photo @Altinnov <\/div> <\/div> <\/div> <!-- close group --> <\/div> <!-- close row --> <div class=\"gallery-row\" style=\"width: 1140px; height: 489px;\" data-original-width=\"1140\" data-original-height=\"489\" > <div class=\"gallery-group images-1\" style=\"width: 651px; height: 489px;\" data-original-width=\"651\" data-original-height=\"489\" > <div class=\"tiled-gallery-item tiled-gallery-item-large\" itemprop=\"associatedMedia\" itemscope itemtype=\"http:\/\/schema.org\/ImageObject\"> <a href=\"https:\/\/altinnov.blog\/index.php\/fr\/2020\/09\/16\/street-art-canal-de-lourcq\/street-artiste-sitou-festival-street-art-ourcq-living-colors\/\" border=\"0\" itemprop=\"url\"> <meta itemprop=\"width\" content=\"647\"> <meta itemprop=\"height\" content=\"485\"> <img class=\"\" data-attachment-id=\"3328\" data-orig-file=\"https:\/\/altinnov.blog\/wp-content\/uploads\/2020\/09\/Street-Artiste-SITOU-Festival-Street-Art-Ourcq-Living-Colors-scaled.jpg\" data-orig-size=\"2560,1920\" data-comments-opened=\"1\" data-image-meta=\"{&quot;aperture&quot;:&quot;2.2&quot;,&quot;credit&quot;:&quot;&quot;,&quot;camera&quot;:&quot;iPhone 6s Plus&quot;,&quot;caption&quot;:&quot;&quot;,&quot;created_timestamp&quot;:&quot;1598458208&quot;,&quot;copyright&quot;:&quot;&quot;,&quot;focal_length&quot;:&quot;4.15&quot;,&quot;iso&quot;:&quot;25&quot;,&quot;shutter_speed&quot;:&quot;0.0083333333333333&quot;,&quot;title&quot;:&quot;&quot;,&quot;orientation&quot;:&quot;1&quot;}\" data-image-title=\"Street Artiste SITOU &#8211; Festival Street Art Ourcq Living Colors\" data-image-description=\"&lt;p&gt;Street Artiste SITOU &#8211; Festival Street Art Ourcq Living Colors&lt;\/p&gt; \" data-medium-file=\"https:\/\/i0.wp.com\/altinnov.blog\/wp-content\/uploads\/2020\/09\/Street-Artiste-SITOU-Festival-Street-Art-Ourcq-Living-Colors-scaled.jpg?fit=300%2C225&#038;ssl=1\" data-large-file=\"https:\/\/i0.wp.com\/altinnov.blog\/wp-content\/uploads\/2020\/09\/Street-Artiste-SITOU-Festival-Street-Art-Ourcq-Living-Colors-scaled.jpg?fit=1024%2C768&#038;ssl=1\" src=\"https:\/\/i0.wp.com\/altinnov.blog\/wp-content\/uploads\/2020\/09\/Street-Artiste-SITOU-Festival-Street-Art-Ourcq-Living-Colors-scaled.jpg?w=647&#038;h=485&#038;ssl=1\" srcset=\"https:\/\/i0.wp.com\/altinnov.blog\/wp-content\/uploads\/2020\/09\/Street-Artiste-SITOU-Festival-Street-Art-Ourcq-Living-Colors-scaled.jpg?w=2560&amp;ssl=1 2560w, https:\/\/i0.wp.com\/altinnov.blog\/wp-content\/uploads\/2020\/09\/Street-Artiste-SITOU-Festival-Street-Art-Ourcq-Living-Colors-scaled.jpg?resize=300%2C225&amp;ssl=1 300w, https:\/\/i0.wp.com\/altinnov.blog\/wp-content\/uploads\/2020\/09\/Street-Artiste-SITOU-Festival-Street-Art-Ourcq-Living-Colors-scaled.jpg?resize=1024%2C768&amp;ssl=1 1024w, https:\/\/i0.wp.com\/altinnov.blog\/wp-content\/uploads\/2020\/09\/Street-Artiste-SITOU-Festival-Street-Art-Ourcq-Living-Colors-scaled.jpg?resize=768%2C576&amp;ssl=1 768w, https:\/\/i0.wp.com\/altinnov.blog\/wp-content\/uploads\/2020\/09\/Street-Artiste-SITOU-Festival-Street-Art-Ourcq-Living-Colors-scaled.jpg?resize=1536%2C1152&amp;ssl=1 1536w, https:\/\/i0.wp.com\/altinnov.blog\/wp-content\/uploads\/2020\/09\/Street-Artiste-SITOU-Festival-Street-Art-Ourcq-Living-Colors-scaled.jpg?resize=2048%2C1536&amp;ssl=1 2048w, https:\/\/i0.wp.com\/altinnov.blog\/wp-content\/uploads\/2020\/09\/Street-Artiste-SITOU-Festival-Street-Art-Ourcq-Living-Colors-scaled.jpg?resize=160%2C120&amp;ssl=1 160w, https:\/\/i0.wp.com\/altinnov.blog\/wp-content\/uploads\/2020\/09\/Street-Artiste-SITOU-Festival-Street-Art-Ourcq-Living-Colors-scaled.jpg?w=2280&amp;ssl=1 2280w\" width=\"647\" height=\"485\" loading=\"lazy\" data-original-width=\"647\" data-original-height=\"485\" itemprop=\"http:\/\/schema.org\/image\" title=\"Street Artiste SITOU - Festival Street Art Ourcq Living Colors\" alt=\"Street Artiste SITOU - Festival Street Art Ourcq Living Colors\" style=\"width: 647px; height: 485px;\" \/> <\/a> <div class=\"tiled-gallery-caption\" itemprop=\"caption description\"> SITOU &#8211; Photo @Altinnov <\/div> <\/div> <\/div> <!-- close group --> <div class=\"gallery-group images-1\" style=\"width: 489px; height: 489px;\" data-original-width=\"489\" data-original-height=\"489\" > <div class=\"tiled-gallery-item tiled-gallery-item-large\" itemprop=\"associatedMedia\" itemscope itemtype=\"http:\/\/schema.org\/ImageObject\"> <a href=\"https:\/\/altinnov.blog\/index.php\/fr\/2020\/09\/16\/street-art-canal-de-lourcq\/lodyssee-du-21eme-siecle-dacruz-festival-street-art-ourcq-living-colors\/\" border=\"0\" itemprop=\"url\"> <meta itemprop=\"width\" content=\"485\"> <meta itemprop=\"height\" content=\"485\"> <img class=\"\" data-attachment-id=\"3329\" data-orig-file=\"https:\/\/altinnov.blog\/wp-content\/uploads\/2020\/09\/LOdysse\u0301e-du-21e\u0300me-sie\u0300cle-dacruz-festival-Street-art-Ourcq-Living-Colors--scaled.jpg\" data-orig-size=\"2560,2560\" data-comments-opened=\"1\" data-image-meta=\"{&quot;aperture&quot;:&quot;2.2&quot;,&quot;credit&quot;:&quot;&quot;,&quot;camera&quot;:&quot;iPhone 6s Plus&quot;,&quot;caption&quot;:&quot;&quot;,&quot;created_timestamp&quot;:&quot;1598458134&quot;,&quot;copyright&quot;:&quot;&quot;,&quot;focal_length&quot;:&quot;4.15&quot;,&quot;iso&quot;:&quot;25&quot;,&quot;shutter_speed&quot;:&quot;0.0017574692442882&quot;,&quot;title&quot;:&quot;&quot;,&quot;orientation&quot;:&quot;0&quot;}\" data-image-title=\"L&amp;rsquo;Odysse\u0301e du 21e\u0300me sie\u0300cle &#8211; dacruz &#8211; festival Street art Ourcq Living Colors\" data-image-description=\"&lt;p&gt;L&amp;rsquo;Odysse\u0301e du 21e\u0300me sie\u0300cle &#8211; dacruz &#8211; festival Street art Ourcq Living Colors&lt;\/p&gt; \" data-medium-file=\"https:\/\/i0.wp.com\/altinnov.blog\/wp-content\/uploads\/2020\/09\/LOdysse\u0301e-du-21e\u0300me-sie\u0300cle-dacruz-festival-Street-art-Ourcq-Living-Colors--scaled.jpg?fit=300%2C300&#038;ssl=1\" data-large-file=\"https:\/\/i0.wp.com\/altinnov.blog\/wp-content\/uploads\/2020\/09\/LOdysse\u0301e-du-21e\u0300me-sie\u0300cle-dacruz-festival-Street-art-Ourcq-Living-Colors--scaled.jpg?fit=1024%2C1024&#038;ssl=1\" src=\"https:\/\/i0.wp.com\/altinnov.blog\/wp-content\/uploads\/2020\/09\/LOdysse\u0301e-du-21e\u0300me-sie\u0300cle-dacruz-festival-Street-art-Ourcq-Living-Colors--scaled.jpg?w=485&#038;h=485&#038;crop=1&#038;ssl=1\" srcset=\"https:\/\/i0.wp.com\/altinnov.blog\/wp-content\/uploads\/2020\/09\/LOdysse\u0301e-du-21e\u0300me-sie\u0300cle-dacruz-festival-Street-art-Ourcq-Living-Colors--scaled.jpg?w=2560&amp;ssl=1 2560w, https:\/\/i0.wp.com\/altinnov.blog\/wp-content\/uploads\/2020\/09\/LOdysse\u0301e-du-21e\u0300me-sie\u0300cle-dacruz-festival-Street-art-Ourcq-Living-Colors--scaled.jpg?resize=300%2C300&amp;ssl=1 300w, https:\/\/i0.wp.com\/altinnov.blog\/wp-content\/uploads\/2020\/09\/LOdysse\u0301e-du-21e\u0300me-sie\u0300cle-dacruz-festival-Street-art-Ourcq-Living-Colors--scaled.jpg?resize=1024%2C1024&amp;ssl=1 1024w, https:\/\/i0.wp.com\/altinnov.blog\/wp-content\/uploads\/2020\/09\/LOdysse\u0301e-du-21e\u0300me-sie\u0300cle-dacruz-festival-Street-art-Ourcq-Living-Colors--scaled.jpg?resize=150%2C150&amp;ssl=1 150w, https:\/\/i0.wp.com\/altinnov.blog\/wp-content\/uploads\/2020\/09\/LOdysse\u0301e-du-21e\u0300me-sie\u0300cle-dacruz-festival-Street-art-Ourcq-Living-Colors--scaled.jpg?resize=768%2C768&amp;ssl=1 768w, https:\/\/i0.wp.com\/altinnov.blog\/wp-content\/uploads\/2020\/09\/LOdysse\u0301e-du-21e\u0300me-sie\u0300cle-dacruz-festival-Street-art-Ourcq-Living-Colors--scaled.jpg?resize=1536%2C1536&amp;ssl=1 1536w, https:\/\/i0.wp.com\/altinnov.blog\/wp-content\/uploads\/2020\/09\/LOdysse\u0301e-du-21e\u0300me-sie\u0300cle-dacruz-festival-Street-art-Ourcq-Living-Colors--scaled.jpg?resize=2048%2C2048&amp;ssl=1 2048w, https:\/\/i0.wp.com\/altinnov.blog\/wp-content\/uploads\/2020\/09\/LOdysse\u0301e-du-21e\u0300me-sie\u0300cle-dacruz-festival-Street-art-Ourcq-Living-Colors--scaled.jpg?w=2280&amp;ssl=1 2280w\" width=\"485\" height=\"485\" loading=\"lazy\" data-original-width=\"485\" data-original-height=\"485\" itemprop=\"http:\/\/schema.org\/image\" title=\"L&#039;Odysse\u0301e du 21e\u0300me sie\u0300cle - dacruz - festival Street art Ourcq Living Colors\" alt=\"L&#039;Odysse\u0301e du 21e\u0300me sie\u0300cle - dacruz - festival Street art Ourcq Living Colors\" style=\"width: 485px; height: 485px;\" \/> <\/a> <div class=\"tiled-gallery-caption\" itemprop=\"caption description\"> dAcRuZ &#8211; Photo @Altinnov <\/div> <\/div> <\/div> <!-- close group --> <\/div> <!-- close row --> <\/div>\n<p>Pour r\u00e9aliser cette promenade Street Art le long du Canal de l\u2019Ourcq, rien de plus simple, il vous suffit de prendre le m\u00e9tro jusqu\u2019\u00e0 la station Jean-Jaur\u00e8s et de filer quai de la Loire\u2026 Franchement \u00e7a vaut le d\u00e9tour\u00a0!<\/p>\n<p>Si vous avez aim\u00e9 cette promenade, vous devriez adorer <a href=\"https:\/\/altinnov.blog\/index.php\/fr\/2019\/12\/03\/street-art-queens-welling-court-mural-project\/\"><strong>le Street Art dans le Queens<\/strong><\/a> ou celui de <a href=\"https:\/\/altinnov.blog\/index.php\/fr\/2020\/06\/29\/street-art-vitry-sur-seine\/\"><strong>Vitry-sur-Seine<\/strong> <\/a>auxquels j&rsquo;ai beaucoup pens\u00e9 en me promenant dans le 19\u00e8me !<\/p>\n<p>J&rsquo;enfile mes baskets et je pars en direction de la ville de Boulogne-sur-Mer pour mon prochain reportage !<\/p>\n<p>\u00c0 tr\u00e8s bient\u00f4t pour de nouvelles aventure Street Art !<\/p>\n<div id=\"altin-3704180824\" class=\"altin-apres-le-contenu_2 altin-entity-placement\"><!-- Ezoic - bas article - native_bottom -->\r\n<div id=\"ezoic-pub-ad-placeholder-102\"> <\/div>\r\n<!-- End Ezoic - bas article - native_bottom --><\/div><div id=\"altin-4077507132\" class=\"altin-apres-le-contenu altin-entity-placement\" style=\"margin-left: auto;margin-right: auto;text-align: center;\"><script async src=\"\/\/pagead2.googlesyndication.com\/pagead\/js\/adsbygoogle.js?client=ca-pub-4035181110757945\" crossorigin=\"anonymous\"><\/script><ins class=\"adsbygoogle\" style=\"display:block; text-align:center;\" data-ad-client=\"ca-pub-4035181110757945\" \ndata-ad-slot=\"9414912321\" \ndata-ad-layout=\"in-article\"\ndata-ad-format=\"fluid\"><\/ins>\n<script> \n(adsbygoogle = window.adsbygoogle || []).push({}); \n<\/script>\n<\/div>","protected":false},"excerpt":{"rendered":"<p>Le Street Art Canal de l\u2019Ourcq \u00e0 Paris vaut vraiment le d\u00e9tour ! Je vous emm\u00e8ne dans une belle promenade d\u00e9couvrir de talentueux artistes\u2026 <\/p>\n","protected":false},"author":1,"featured_media":3285,"comment_status":"open","ping_status":"open","sticky":false,"template":"","format":"standard","meta":{"jetpack_post_was_ever_published":false,"_jetpack_newsletter_access":"","_jetpack_dont_email_post_to_subs":false,"_jetpack_newsletter_tier_id":0,"_jetpack_memberships_contains_paywalled_content":false,"footnotes":"","_jetpack_memberships_contains_paid_content":false},"categories":[29],"tags":[1213,1417,1817,1819,1821,1823,1825,1827,1829,1831,1021,1003,1833,1009,1577,1835,1837,1839,1841,1843,1845,1111,1847,1121,1849,1851,1853,1855,1857],"yoast_head":"<!-- This site is optimized with the Yoast SEO plugin v22.6 - https:\/\/yoast.com\/wordpress\/plugins\/seo\/ -->\n<title>Le Street Art Canal de l\u2019Ourcq \u00e0 Paris vaut le d\u00e9tour ! - ALTINNOV<\/title>\n<meta name=\"description\" content=\"Le Street Art Canal de l\u2019Ourcq \u00e0 Paris vaut vraiment le d\u00e9tour ! Je vous emm\u00e8ne dans une belle promenade d\u00e9couvrir de talentueux artistes\u2026\" \/>\n<meta name=\"robots\" content=\"index, follow, max-snippet:-1, max-image-preview:large, max-video-preview:-1\" \/>\n<link rel=\"canonical\" href=\"https:\/\/altinnov.blog\/index.php\/fr\/2020\/09\/16\/street-art-canal-de-lourcq\/\" \/>\n<meta property=\"og:locale\" content=\"fr_FR\" \/>\n<meta property=\"og:type\" content=\"article\" \/>\n<meta property=\"og:title\" content=\"Le Street Art Canal de l\u2019Ourcq \u00e0 Paris vaut le d\u00e9tour ! - ALTINNOV\" \/>\n<meta property=\"og:description\" content=\"Le Street Art Canal de l\u2019Ourcq \u00e0 Paris vaut vraiment le d\u00e9tour ! Je vous emm\u00e8ne dans une belle promenade d\u00e9couvrir de talentueux artistes\u2026\" \/>\n<meta property=\"og:url\" content=\"https:\/\/altinnov.blog\/index.php\/fr\/2020\/09\/16\/street-art-canal-de-lourcq\/\" \/>\n<meta property=\"og:site_name\" content=\"ALTINNOV\" \/>\n<meta property=\"article:publisher\" content=\"https:\/\/www.facebook.com\/Altinnov\/\" \/>\n<meta property=\"article:author\" content=\"https:\/\/www.facebook.com\/Altinnov\/\" \/>\n<meta property=\"article:published_time\" content=\"2020-09-16T16:22:41+00:00\" \/>\n<meta property=\"article:modified_time\" content=\"2021-11-30T13:01:21+00:00\" \/>\n<meta property=\"og:image\" content=\"https:\/\/altinnov.blog\/wp-content\/uploads\/2020\/09\/Simone-Veil-en-Marianne-par-le-Street-Artiste-Jo-Di-Bonna-scaled.jpg\" \/>\n\t<meta property=\"og:image:width\" content=\"2560\" \/>\n\t<meta property=\"og:image:height\" content=\"1920\" \/>\n\t<meta property=\"og:image:type\" content=\"image\/jpeg\" \/>\n<meta name=\"author\" content=\"S\u00e9verine\" \/>\n<meta name=\"twitter:card\" content=\"summary_large_image\" \/>\n<meta name=\"twitter:creator\" content=\"@Altinnov1\" \/>\n<meta name=\"twitter:site\" content=\"@Altinnov1\" \/>\n<meta name=\"twitter:label1\" content=\"\u00c9crit par\" \/>\n\t<meta name=\"twitter:data1\" content=\"S\u00e9verine\" \/>\n\t<meta name=\"twitter:label2\" content=\"Dur\u00e9e de lecture estim\u00e9e\" \/>\n\t<meta name=\"twitter:data2\" content=\"10 minutes\" \/>\n<script type=\"application\/ld+json\" class=\"yoast-schema-graph\">{\"@context\":\"https:\/\/schema.org\",\"@graph\":[{\"@type\":\"Article\",\"@id\":\"https:\/\/altinnov.blog\/index.php\/fr\/2020\/09\/16\/street-art-canal-de-lourcq\/#article\",\"isPartOf\":{\"@id\":\"https:\/\/altinnov.blog\/index.php\/fr\/2020\/09\/16\/street-art-canal-de-lourcq\/\"},\"author\":{\"name\":\"S\u00e9verine\",\"@id\":\"https:\/\/altinnov.blog\/#\/schema\/person\/fb38574bf72ee22878743e54d687ae5a\"},\"headline\":\"Le Street Art Canal de l\u2019Ourcq \u00e0 Paris vaut le d\u00e9tour !\",\"datePublished\":\"2020-09-16T16:22:41+00:00\",\"dateModified\":\"2021-11-30T13:01:21+00:00\",\"mainEntityOfPage\":{\"@id\":\"https:\/\/altinnov.blog\/index.php\/fr\/2020\/09\/16\/street-art-canal-de-lourcq\/\"},\"wordCount\":1857,\"commentCount\":2,\"publisher\":{\"@id\":\"https:\/\/altinnov.blog\/#\/schema\/person\/fb38574bf72ee22878743e54d687ae5a\"},\"image\":{\"@id\":\"https:\/\/altinnov.blog\/index.php\/fr\/2020\/09\/16\/street-art-canal-de-lourcq\/#primaryimage\"},\"thumbnailUrl\":\"https:\/\/i0.wp.com\/altinnov.blog\/wp-content\/uploads\/2020\/09\/Simone-Veil-en-Marianne-par-le-Street-Artiste-Jo-Di-Bonna-scaled.jpg?fit=2560%2C1920&ssl=1\",\"keywords\":[\"Andr\u00e9a Ravo Mattoni\",\"Ardif\",\"Astro\",\"Berthet One\",\"Cart'1\",\"Choofy\",\"dacRuZ\",\"David Tcheko\",\"Dawal\",\"Don Pablo\",\"FKDL Franck Duval\",\"France\",\"Hecat Oner\",\"invader\",\"Jessy Doudou\",\"Jo Di Bona\",\"Kald\u00e9a\",\"Kashink\",\"Marko93\",\"Masai\",\"NKDM\",\"PEC\",\"Raphael Federici\",\"Shiro\",\"Sitou\",\"SKI01\",\"Unkolordistinto\",\"Vinie Graffiti\",\"Xanoy\"],\"articleSection\":[\"Balades Street Art\"],\"inLanguage\":\"fr-FR\",\"potentialAction\":[{\"@type\":\"CommentAction\",\"name\":\"Comment\",\"target\":[\"https:\/\/altinnov.blog\/index.php\/fr\/2020\/09\/16\/street-art-canal-de-lourcq\/#respond\"]}]},{\"@type\":\"WebPage\",\"@id\":\"https:\/\/altinnov.blog\/index.php\/fr\/2020\/09\/16\/street-art-canal-de-lourcq\/\",\"url\":\"https:\/\/altinnov.blog\/index.php\/fr\/2020\/09\/16\/street-art-canal-de-lourcq\/\",\"name\":\"Le Street Art Canal de l\u2019Ourcq \u00e0 Paris vaut le d\u00e9tour ! - ALTINNOV\",\"isPartOf\":{\"@id\":\"https:\/\/altinnov.blog\/#website\"},\"primaryImageOfPage\":{\"@id\":\"https:\/\/altinnov.blog\/index.php\/fr\/2020\/09\/16\/street-art-canal-de-lourcq\/#primaryimage\"},\"image\":{\"@id\":\"https:\/\/altinnov.blog\/index.php\/fr\/2020\/09\/16\/street-art-canal-de-lourcq\/#primaryimage\"},\"thumbnailUrl\":\"https:\/\/i0.wp.com\/altinnov.blog\/wp-content\/uploads\/2020\/09\/Simone-Veil-en-Marianne-par-le-Street-Artiste-Jo-Di-Bonna-scaled.jpg?fit=2560%2C1920&ssl=1\",\"datePublished\":\"2020-09-16T16:22:41+00:00\",\"dateModified\":\"2021-11-30T13:01:21+00:00\",\"description\":\"Le Street Art Canal de l\u2019Ourcq \u00e0 Paris vaut vraiment le d\u00e9tour ! Je vous emm\u00e8ne dans une belle promenade d\u00e9couvrir de talentueux artistes\u2026\",\"breadcrumb\":{\"@id\":\"https:\/\/altinnov.blog\/index.php\/fr\/2020\/09\/16\/street-art-canal-de-lourcq\/#breadcrumb\"},\"inLanguage\":\"fr-FR\",\"potentialAction\":[{\"@type\":\"ReadAction\",\"target\":[\"https:\/\/altinnov.blog\/index.php\/fr\/2020\/09\/16\/street-art-canal-de-lourcq\/\"]}]},{\"@type\":\"ImageObject\",\"inLanguage\":\"fr-FR\",\"@id\":\"https:\/\/altinnov.blog\/index.php\/fr\/2020\/09\/16\/street-art-canal-de-lourcq\/#primaryimage\",\"url\":\"https:\/\/i0.wp.com\/altinnov.blog\/wp-content\/uploads\/2020\/09\/Simone-Veil-en-Marianne-par-le-Street-Artiste-Jo-Di-Bonna-scaled.jpg?fit=2560%2C1920&ssl=1\",\"contentUrl\":\"https:\/\/i0.wp.com\/altinnov.blog\/wp-content\/uploads\/2020\/09\/Simone-Veil-en-Marianne-par-le-Street-Artiste-Jo-Di-Bonna-scaled.jpg?fit=2560%2C1920&ssl=1\",\"width\":2560,\"height\":1920,\"caption\":\"Simone Veil par Jo Di Bona - Photo @Altinnov\"},{\"@type\":\"BreadcrumbList\",\"@id\":\"https:\/\/altinnov.blog\/index.php\/fr\/2020\/09\/16\/street-art-canal-de-lourcq\/#breadcrumb\",\"itemListElement\":[{\"@type\":\"ListItem\",\"position\":1,\"name\":\"Accueil\",\"item\":\"https:\/\/altinnov.blog\/\"},{\"@type\":\"ListItem\",\"position\":2,\"name\":\"Le Street Art Canal de l\u2019Ourcq \u00e0 Paris vaut le d\u00e9tour !\"}]},{\"@type\":\"WebSite\",\"@id\":\"https:\/\/altinnov.blog\/#website\",\"url\":\"https:\/\/altinnov.blog\/\",\"name\":\"ALTINNOV\",\"description\":\"BLOG STREET ART &amp; LIFESTYLE\",\"publisher\":{\"@id\":\"https:\/\/altinnov.blog\/#\/schema\/person\/fb38574bf72ee22878743e54d687ae5a\"},\"potentialAction\":[{\"@type\":\"SearchAction\",\"target\":{\"@type\":\"EntryPoint\",\"urlTemplate\":\"https:\/\/altinnov.blog\/?s={search_term_string}\"},\"query-input\":\"required name=search_term_string\"}],\"inLanguage\":\"fr-FR\"},{\"@type\":[\"Person\",\"Organization\"],\"@id\":\"https:\/\/altinnov.blog\/#\/schema\/person\/fb38574bf72ee22878743e54d687ae5a\",\"name\":\"S\u00e9verine\",\"image\":{\"@type\":\"ImageObject\",\"inLanguage\":\"fr-FR\",\"@id\":\"https:\/\/altinnov.blog\/#\/schema\/person\/image\/\",\"url\":\"https:\/\/i0.wp.com\/altinnov.blog\/wp-content\/uploads\/2021\/07\/SkatePark-re\u0301alise\u0301-par-JonOne-dans-lespace-transition-ephe\u0301me\u0300re-dAbbeville-scaled.jpg?fit=2560%2C1920&ssl=1\",\"contentUrl\":\"https:\/\/i0.wp.com\/altinnov.blog\/wp-content\/uploads\/2021\/07\/SkatePark-re\u0301alise\u0301-par-JonOne-dans-lespace-transition-ephe\u0301me\u0300re-dAbbeville-scaled.jpg?fit=2560%2C1920&ssl=1\",\"width\":2560,\"height\":1920,\"caption\":\"S\u00e9verine\"},\"logo\":{\"@id\":\"https:\/\/altinnov.blog\/#\/schema\/person\/image\/\"},\"sameAs\":[\"https:\/\/altinnov.blog\/\",\"https:\/\/www.facebook.com\/Altinnov\/\",\"https:\/\/www.instagram.com\/Altinnov\/\",\"https:\/\/www.linkedin.com\/in\/severinetp\/\",\"https:\/\/www.pinterest.fr\/SeverineTP\/\",\"https:\/\/x.com\/Altinnov1\"]}]}<\/script>\n<!-- \/ Yoast SEO plugin. -->","yoast_head_json":{"title":"Le Street Art Canal de l\u2019Ourcq \u00e0 Paris vaut le d\u00e9tour ! - ALTINNOV","description":"Le Street Art Canal de l\u2019Ourcq \u00e0 Paris vaut vraiment le d\u00e9tour ! Je vous emm\u00e8ne dans une belle promenade d\u00e9couvrir de talentueux artistes\u2026","robots":{"index":"index","follow":"follow","max-snippet":"max-snippet:-1","max-image-preview":"max-image-preview:large","max-video-preview":"max-video-preview:-1"},"canonical":"https:\/\/altinnov.blog\/index.php\/fr\/2020\/09\/16\/street-art-canal-de-lourcq\/","og_locale":"fr_FR","og_type":"article","og_title":"Le Street Art Canal de l\u2019Ourcq \u00e0 Paris vaut le d\u00e9tour ! - ALTINNOV","og_description":"Le Street Art Canal de l\u2019Ourcq \u00e0 Paris vaut vraiment le d\u00e9tour ! Je vous emm\u00e8ne dans une belle promenade d\u00e9couvrir de talentueux artistes\u2026","og_url":"https:\/\/altinnov.blog\/index.php\/fr\/2020\/09\/16\/street-art-canal-de-lourcq\/","og_site_name":"ALTINNOV","article_publisher":"https:\/\/www.facebook.com\/Altinnov\/","article_author":"https:\/\/www.facebook.com\/Altinnov\/","article_published_time":"2020-09-16T16:22:41+00:00","article_modified_time":"2021-11-30T13:01:21+00:00","og_image":[{"width":2560,"height":1920,"url":"https:\/\/altinnov.blog\/wp-content\/uploads\/2020\/09\/Simone-Veil-en-Marianne-par-le-Street-Artiste-Jo-Di-Bonna-scaled.jpg","type":"image\/jpeg"}],"author":"S\u00e9verine","twitter_card":"summary_large_image","twitter_creator":"@Altinnov1","twitter_site":"@Altinnov1","twitter_misc":{"\u00c9crit par":"S\u00e9verine","Dur\u00e9e de lecture estim\u00e9e":"10 minutes"},"schema":{"@context":"https:\/\/schema.org","@graph":[{"@type":"Article","@id":"https:\/\/altinnov.blog\/index.php\/fr\/2020\/09\/16\/street-art-canal-de-lourcq\/#article","isPartOf":{"@id":"https:\/\/altinnov.blog\/index.php\/fr\/2020\/09\/16\/street-art-canal-de-lourcq\/"},"author":{"name":"S\u00e9verine","@id":"https:\/\/altinnov.blog\/#\/schema\/person\/fb38574bf72ee22878743e54d687ae5a"},"headline":"Le Street Art Canal de l\u2019Ourcq \u00e0 Paris vaut le d\u00e9tour !","datePublished":"2020-09-16T16:22:41+00:00","dateModified":"2021-11-30T13:01:21+00:00","mainEntityOfPage":{"@id":"https:\/\/altinnov.blog\/index.php\/fr\/2020\/09\/16\/street-art-canal-de-lourcq\/"},"wordCount":1857,"commentCount":2,"publisher":{"@id":"https:\/\/altinnov.blog\/#\/schema\/person\/fb38574bf72ee22878743e54d687ae5a"},"image":{"@id":"https:\/\/altinnov.blog\/index.php\/fr\/2020\/09\/16\/street-art-canal-de-lourcq\/#primaryimage"},"thumbnailUrl":"https:\/\/i0.wp.com\/altinnov.blog\/wp-content\/uploads\/2020\/09\/Simone-Veil-en-Marianne-par-le-Street-Artiste-Jo-Di-Bonna-scaled.jpg?fit=2560%2C1920&ssl=1","keywords":["Andr\u00e9a Ravo Mattoni","Ardif","Astro","Berthet One","Cart'1","Choofy","dacRuZ","David Tcheko","Dawal","Don Pablo","FKDL Franck Duval","France","Hecat Oner","invader","Jessy Doudou","Jo Di Bona","Kald\u00e9a","Kashink","Marko93","Masai","NKDM","PEC","Raphael Federici","Shiro","Sitou","SKI01","Unkolordistinto","Vinie Graffiti","Xanoy"],"articleSection":["Balades Street Art"],"inLanguage":"fr-FR","potentialAction":[{"@type":"CommentAction","name":"Comment","target":["https:\/\/altinnov.blog\/index.php\/fr\/2020\/09\/16\/street-art-canal-de-lourcq\/#respond"]}]},{"@type":"WebPage","@id":"https:\/\/altinnov.blog\/index.php\/fr\/2020\/09\/16\/street-art-canal-de-lourcq\/","url":"https:\/\/altinnov.blog\/index.php\/fr\/2020\/09\/16\/street-art-canal-de-lourcq\/","name":"Le Street Art Canal de l\u2019Ourcq \u00e0 Paris vaut le d\u00e9tour ! - ALTINNOV","isPartOf":{"@id":"https:\/\/altinnov.blog\/#website"},"primaryImageOfPage":{"@id":"https:\/\/altinnov.blog\/index.php\/fr\/2020\/09\/16\/street-art-canal-de-lourcq\/#primaryimage"},"image":{"@id":"https:\/\/altinnov.blog\/index.php\/fr\/2020\/09\/16\/street-art-canal-de-lourcq\/#primaryimage"},"thumbnailUrl":"https:\/\/i0.wp.com\/altinnov.blog\/wp-content\/uploads\/2020\/09\/Simone-Veil-en-Marianne-par-le-Street-Artiste-Jo-Di-Bonna-scaled.jpg?fit=2560%2C1920&ssl=1","datePublished":"2020-09-16T16:22:41+00:00","dateModified":"2021-11-30T13:01:21+00:00","description":"Le Street Art Canal de l\u2019Ourcq \u00e0 Paris vaut vraiment le d\u00e9tour ! Je vous emm\u00e8ne dans une belle promenade d\u00e9couvrir de talentueux artistes\u2026","breadcrumb":{"@id":"https:\/\/altinnov.blog\/index.php\/fr\/2020\/09\/16\/street-art-canal-de-lourcq\/#breadcrumb"},"inLanguage":"fr-FR","potentialAction":[{"@type":"ReadAction","target":["https:\/\/altinnov.blog\/index.php\/fr\/2020\/09\/16\/street-art-canal-de-lourcq\/"]}]},{"@type":"ImageObject","inLanguage":"fr-FR","@id":"https:\/\/altinnov.blog\/index.php\/fr\/2020\/09\/16\/street-art-canal-de-lourcq\/#primaryimage","url":"https:\/\/i0.wp.com\/altinnov.blog\/wp-content\/uploads\/2020\/09\/Simone-Veil-en-Marianne-par-le-Street-Artiste-Jo-Di-Bonna-scaled.jpg?fit=2560%2C1920&ssl=1","contentUrl":"https:\/\/i0.wp.com\/altinnov.blog\/wp-content\/uploads\/2020\/09\/Simone-Veil-en-Marianne-par-le-Street-Artiste-Jo-Di-Bonna-scaled.jpg?fit=2560%2C1920&ssl=1","width":2560,"height":1920,"caption":"Simone Veil par Jo Di Bona - Photo @Altinnov"},{"@type":"BreadcrumbList","@id":"https:\/\/altinnov.blog\/index.php\/fr\/2020\/09\/16\/street-art-canal-de-lourcq\/#breadcrumb","itemListElement":[{"@type":"ListItem","position":1,"name":"Accueil","item":"https:\/\/altinnov.blog\/"},{"@type":"ListItem","position":2,"name":"Le Street Art Canal de l\u2019Ourcq \u00e0 Paris vaut le d\u00e9tour !"}]},{"@type":"WebSite","@id":"https:\/\/altinnov.blog\/#website","url":"https:\/\/altinnov.blog\/","name":"ALTINNOV","description":"BLOG STREET ART &amp; LIFESTYLE","publisher":{"@id":"https:\/\/altinnov.blog\/#\/schema\/person\/fb38574bf72ee22878743e54d687ae5a"},"potentialAction":[{"@type":"SearchAction","target":{"@type":"EntryPoint","urlTemplate":"https:\/\/altinnov.blog\/?s={search_term_string}"},"query-input":"required name=search_term_string"}],"inLanguage":"fr-FR"},{"@type":["Person","Organization"],"@id":"https:\/\/altinnov.blog\/#\/schema\/person\/fb38574bf72ee22878743e54d687ae5a","name":"S\u00e9verine","image":{"@type":"ImageObject","inLanguage":"fr-FR","@id":"https:\/\/altinnov.blog\/#\/schema\/person\/image\/","url":"https:\/\/i0.wp.com\/altinnov.blog\/wp-content\/uploads\/2021\/07\/SkatePark-re\u0301alise\u0301-par-JonOne-dans-lespace-transition-ephe\u0301me\u0300re-dAbbeville-scaled.jpg?fit=2560%2C1920&ssl=1","contentUrl":"https:\/\/i0.wp.com\/altinnov.blog\/wp-content\/uploads\/2021\/07\/SkatePark-re\u0301alise\u0301-par-JonOne-dans-lespace-transition-ephe\u0301me\u0300re-dAbbeville-scaled.jpg?fit=2560%2C1920&ssl=1","width":2560,"height":1920,"caption":"S\u00e9verine"},"logo":{"@id":"https:\/\/altinnov.blog\/#\/schema\/person\/image\/"},"sameAs":["https:\/\/altinnov.blog\/","https:\/\/www.facebook.com\/Altinnov\/","https:\/\/www.instagram.com\/Altinnov\/","https:\/\/www.linkedin.com\/in\/severinetp\/","https:\/\/www.pinterest.fr\/SeverineTP\/","https:\/\/x.com\/Altinnov1"]}]}},"jetpack_sharing_enabled":true,"jetpack_featured_media_url":"https:\/\/i0.wp.com\/altinnov.blog\/wp-content\/uploads\/2020\/09\/Simone-Veil-en-Marianne-par-le-Street-Artiste-Jo-Di-Bonna-scaled.jpg?fit=2560%2C1920&ssl=1","jetpack_shortlink":"https:\/\/wp.me\/pakAzb-Qz","jetpack_likes_enabled":false,"jetpack-related-posts":[],"_links":{"self":[{"href":"https:\/\/altinnov.blog\/index.php\/wp-json\/wp\/v2\/posts\/3259"}],"collection":[{"href":"https:\/\/altinnov.blog\/index.php\/wp-json\/wp\/v2\/posts"}],"about":[{"href":"https:\/\/altinnov.blog\/index.php\/wp-json\/wp\/v2\/types\/post"}],"author":[{"embeddable":true,"href":"https:\/\/altinnov.blog\/index.php\/wp-json\/wp\/v2\/users\/1"}],"replies":[{"embeddable":true,"href":"https:\/\/altinnov.blog\/index.php\/wp-json\/wp\/v2\/comments?post=3259"}],"version-history":[{"count":44,"href":"https:\/\/altinnov.blog\/index.php\/wp-json\/wp\/v2\/posts\/3259\/revisions"}],"predecessor-version":[{"id":4767,"href":"https:\/\/altinnov.blog\/index.php\/wp-json\/wp\/v2\/posts\/3259\/revisions\/4767"}],"wp:featuredmedia":[{"embeddable":true,"href":"https:\/\/altinnov.blog\/index.php\/wp-json\/wp\/v2\/media\/3285"}],"wp:attachment":[{"href":"https:\/\/altinnov.blog\/index.php\/wp-json\/wp\/v2\/media?parent=3259"}],"wp:term":[{"taxonomy":"category","embeddable":true,"href":"https:\/\/altinnov.blog\/index.php\/wp-json\/wp\/v2\/categories?post=3259"},{"taxonomy":"post_tag","embeddable":true,"href":"https:\/\/altinnov.blog\/index.php\/wp-json\/wp\/v2\/tags?post=3259"}],"curies":[{"name":"wp","href":"https:\/\/api.w.org\/{rel}","templated":true}]}}