{"id":2341,"date":"2020-08-25T14:40:48","date_gmt":"2020-08-25T12:40:48","guid":{"rendered":"https:\/\/altinnov.blog\/?p=2341"},"modified":"2021-01-13T14:50:05","modified_gmt":"2021-01-13T13:50:05","slug":"christian-guemy-paris","status":"publish","type":"post","link":"https:\/\/altinnov.blog\/index.php\/fr\/2020\/08\/25\/christian-guemy-paris\/","title":{"rendered":"Christian Gu\u00e9my : quand le Street Art rencontre l\u2019Histoire de France"},"content":{"rendered":"<p><div class=\"swp_social_panel swp_horizontal_panel swp_flat_fresh  swp_default_full_color swp_other_full_color swp_individual_full_color scale-100 scale-full_width\" data-min-width=\"1100\" data-float-color=\"#ffffff\" data-float=\"none\" data-float-mobile=\"none\" data-transition=\"slide\" data-post-id=\"2341\" ><div class=\"nc_tweetContainer swp_share_button swp_pinterest\" data-network=\"pinterest\"><a rel=\"nofollow noreferrer noopener\" class=\"nc_tweet swp_share_link\" data-count=\"0\" data-link=\"https:\/\/pinterest.com\/pin\/create\/button\/?url=https:\/\/altinnov.blog\/index.php\/fr\/2020\/08\/25\/christian-guemy-paris\/&media=https%3A%2F%2Faltinnov.blog%2Fwp-content%2Fuploads%2F2020%2F08%2FSimon-Vouet-Histoire-de-France-Christian-Gue%CC%81my-C215-Paris.jpg&description=Christian+Gu%C3%A9my+revisite%2C+en+pochoirs%2C+l%27Histoire+de+France+dans+les+rues+de+Paris.+Je+vous+am%C3%A8ne+dans+le+Marais+pour+une+belle+promenade+%21+via+%40https%3A%2F%2Fwww.pinterest.fr%2FSeverineTP%2F\" href=\"https:\/\/pinterest.com\/pin\/create\/button\/?url=https:\/\/altinnov.blog\/index.php\/fr\/2020\/08\/25\/christian-guemy-paris\/&media=https%3A%2F%2Faltinnov.blog%2Fwp-content%2Fuploads%2F2020%2F08%2FSimon-Vouet-Histoire-de-France-Christian-Gue%CC%81my-C215-Paris.jpg&description=Christian+Gu%C3%A9my+revisite%2C+en+pochoirs%2C+l%27Histoire+de+France+dans+les+rues+de+Paris.+Je+vous+am%C3%A8ne+dans+le+Marais+pour+une+belle+promenade+%21+via+%40https%3A%2F%2Fwww.pinterest.fr%2FSeverineTP%2F\" ><span class=\"swp_count swp_hide\"><span class=\"iconFiller\"><span class=\"spaceManWilly\"><i class=\"sw swp_pinterest_icon\"><\/i><span class=\"swp_share\">\u00c9pingle<\/span><\/span><\/span><\/span><\/a><\/div><div class=\"nc_tweetContainer swp_share_button swp_whatsapp\" data-network=\"whatsapp\"><a class=\"nc_tweet swp_share_link\" rel=\"nofollow noreferrer noopener\" target=\"_blank\" href=\"https:\/\/api.whatsapp.com\/send?text=https%3A%2F%2Faltinnov.blog%2Findex.php%2Ffr%2F2020%2F08%2F25%2Fchristian-guemy-paris%2F%3Futm_source%3Dwhatsapp%26utm_medium%3Dsocial%26utm_campaign%3DSocialWarfare\" data-link=\"https:\/\/api.whatsapp.com\/send?text=https%3A%2F%2Faltinnov.blog%2Findex.php%2Ffr%2F2020%2F08%2F25%2Fchristian-guemy-paris%2F%3Futm_source%3Dwhatsapp%26utm_medium%3Dsocial%26utm_campaign%3DSocialWarfare\"><span class=\"swp_count swp_hide\"><span class=\"iconFiller\"><span class=\"spaceManWilly\"><i class=\"sw swp_whatsapp_icon\"><\/i><span class=\"swp_share\">WhatsApp<\/span><\/span><\/span><\/span><\/a><\/div><div class=\"nc_tweetContainer swp_share_button swp_reddit\" data-network=\"reddit\"><a class=\"nc_tweet swp_share_link\" rel=\"nofollow noreferrer noopener\" target=\"_blank\" href=\"https:\/\/www.reddit.com\/submit?url=https%3A%2F%2Faltinnov.blog%2Findex.php%2Ffr%2F2020%2F08%2F25%2Fchristian-guemy-paris%2F%3Futm_source%3Dreddit%26utm_medium%3Dsocial%26utm_campaign%3DSocialWarfare\" data-link=\"https:\/\/www.reddit.com\/submit?url=https%3A%2F%2Faltinnov.blog%2Findex.php%2Ffr%2F2020%2F08%2F25%2Fchristian-guemy-paris%2F%3Futm_source%3Dreddit%26utm_medium%3Dsocial%26utm_campaign%3DSocialWarfare\"><span class=\"swp_count swp_hide\"><span class=\"iconFiller\"><span class=\"spaceManWilly\"><i class=\"sw swp_reddit_icon\"><\/i><span class=\"swp_share\">Reddit<\/span><\/span><\/span><\/span><\/a><\/div><div class=\"nc_tweetContainer swp_share_button swp_flipboard\" data-network=\"flipboard\"><a class=\"nc_tweet swp_share_link\" rel=\"nofollow noreferrer noopener\" target=\"_blank\" href=\"https:\/\/share.flipboard.com\/bookmarklet\/popout?v=2&title=Christian+Gu%C3%A9my+%3A+quand+le+Street+Art+rencontre+l%E2%80%99Histoire&url=https%3A%2F%2Faltinnov.blog%2Findex.php%2Ffr%2F2020%2F08%2F25%2Fchristian-guemy-paris%2F%3Futm_source%3Dflipboard%26utm_medium%3Dsocial%26utm_campaign%3DSocialWarfare\" data-link=\"https:\/\/share.flipboard.com\/bookmarklet\/popout?v=2&title=Christian+Gu%C3%A9my+%3A+quand+le+Street+Art+rencontre+l%E2%80%99Histoire&url=https%3A%2F%2Faltinnov.blog%2Findex.php%2Ffr%2F2020%2F08%2F25%2Fchristian-guemy-paris%2F%3Futm_source%3Dflipboard%26utm_medium%3Dsocial%26utm_campaign%3DSocialWarfare\"><span class=\"swp_count swp_hide\"><span class=\"iconFiller\"><span class=\"spaceManWilly\"><i class=\"sw swp_flipboard_icon\"><\/i><span class=\"swp_share\">Flip<\/span><\/span><\/span><\/span><\/a><\/div><div class=\"nc_tweetContainer swp_share_button swp_facebook\" data-network=\"facebook\"><a class=\"nc_tweet swp_share_link\" rel=\"nofollow noreferrer noopener\" target=\"_blank\" href=\"https:\/\/www.facebook.com\/share.php?u=https%3A%2F%2Faltinnov.blog%2Findex.php%2Ffr%2F2020%2F08%2F25%2Fchristian-guemy-paris%2F%3Futm_source%3Dfacebook%26utm_medium%3Dsocial%26utm_campaign%3DSocialWarfare\" data-link=\"https:\/\/www.facebook.com\/share.php?u=https%3A%2F%2Faltinnov.blog%2Findex.php%2Ffr%2F2020%2F08%2F25%2Fchristian-guemy-paris%2F%3Futm_source%3Dfacebook%26utm_medium%3Dsocial%26utm_campaign%3DSocialWarfare\"><span class=\"swp_count swp_hide\"><span class=\"iconFiller\"><span class=\"spaceManWilly\"><i class=\"sw swp_facebook_icon\"><\/i><span class=\"swp_share\">Partagez<\/span><\/span><\/span><\/span><\/a><\/div><div class=\"nc_tweetContainer swp_share_button swp_email\" data-network=\"email\"><a class=\"nc_tweet noPop swp_share_link\" rel=\"nofollow noreferrer noopener\" href=\"mailto:?subject=Christian%20Gu%C3%A9my%20%3A%20quand%20le%20Street%20Art%20rencontre%20l%E2%80%99Histoire&body=Christian%20Gu%C3%A9my%20revisite%2C%20en%20pochoirs%2C%20l%27Histoire%20de%20France%20dans%20les%20rues%20de%20Paris.%20Je%20vous%20am%C3%A8ne%20dans%20le%20Marais%20pour%20une%20belle%20promenade%20%21%0D%0A%0D%0ARead More Here: %20https%3A%2F%2Faltinnov.blog%2Findex.php%2Ffr%2F2020%2F08%2F25%2Fchristian-guemy-paris%2F%3Futm_source%3Demail%26utm_medium%3Dsocial%26utm_campaign%3DSocialWarfare\" target=\"_blank\"><span class=\"swp_count swp_hide\"><span class=\"iconFiller\"><span class=\"spaceManWilly\"><i class=\"sw swp_email_icon\"><\/i><span class=\"swp_share\">Email<\/span><\/span><\/span><\/span><\/a><\/div><div class=\"nc_tweetContainer swp_share_button swp_twitter\" data-network=\"twitter\"><a class=\"nc_tweet swp_share_link\" rel=\"nofollow noreferrer noopener\" target=\"_blank\" href=\"https:\/\/twitter.com\/intent\/tweet?text=Christian+Gu%C3%A9my+revisite%2C+en+pochoirs%2C+l%27Histoire+de+France+dans+les+rues+de+Paris.+Je+vous+am%C3%A8ne+dans+le+Marais+pour+une+belle+promenade+%21+%23christiangu%C3%A9my+%23c215+%23streetarparis+%23pochoirs&url=https%3A%2F%2Faltinnov.blog%2Findex.php%2Ffr%2F2020%2F08%2F25%2Fchristian-guemy-paris%2F%3Futm_source%3Dtwitter%26utm_medium%3Dsocial%26utm_campaign%3DSocialWarfare&via=Altinnov1\" data-link=\"https:\/\/twitter.com\/intent\/tweet?text=Christian+Gu%C3%A9my+revisite%2C+en+pochoirs%2C+l%27Histoire+de+France+dans+les+rues+de+Paris.+Je+vous+am%C3%A8ne+dans+le+Marais+pour+une+belle+promenade+%21+%23christiangu%C3%A9my+%23c215+%23streetarparis+%23pochoirs&url=https%3A%2F%2Faltinnov.blog%2Findex.php%2Ffr%2F2020%2F08%2F25%2Fchristian-guemy-paris%2F%3Futm_source%3Dtwitter%26utm_medium%3Dsocial%26utm_campaign%3DSocialWarfare&via=Altinnov1\"><span class=\"swp_count swp_hide\"><span class=\"iconFiller\"><span class=\"spaceManWilly\"><i class=\"sw swp_twitter_icon\"><\/i><span class=\"swp_share\">Tweetez<\/span><\/span><\/span><\/span><\/a><\/div><div class=\"nc_tweetContainer swp_share_button swp_linkedin\" data-network=\"linkedin\"><a class=\"nc_tweet swp_share_link\" rel=\"nofollow noreferrer noopener\" target=\"_blank\" href=\"https:\/\/www.linkedin.com\/cws\/share?url=https%3A%2F%2Faltinnov.blog%2Findex.php%2Ffr%2F2020%2F08%2F25%2Fchristian-guemy-paris%2F%3Futm_source%3Dlinkedin%26utm_medium%3Dsocial%26utm_campaign%3DSocialWarfare\" data-link=\"https:\/\/www.linkedin.com\/cws\/share?url=https%3A%2F%2Faltinnov.blog%2Findex.php%2Ffr%2F2020%2F08%2F25%2Fchristian-guemy-paris%2F%3Futm_source%3Dlinkedin%26utm_medium%3Dsocial%26utm_campaign%3DSocialWarfare\"><span class=\"swp_count swp_hide\"><span class=\"iconFiller\"><span class=\"spaceManWilly\"><i class=\"sw swp_linkedin_icon\"><\/i><span class=\"swp_share\">Partagez<\/span><\/span><\/span><\/span><\/a><\/div><\/div>Cela fait un moment que je vois les pochoirs de Christian Gu\u00e9my lorsque je me prom\u00e8ne dans le Marais de Paris. Il est vrai qu\u2019au premier abord on a du mal \u00e0 associer Street Art et Histoire de France. Et pourtant ce pochoiriste de renom nous offre une belle le\u00e7on d\u2019histoire \u00e0 ciel ouvert. On y retrouve un Louis XIII au milieu d\u2019\u00e9chafaudages branlants. Corneille et Moli\u00e8re qui se prom\u00e8nent sur les quais\u2026 tous ces grands noms qui sont associ\u00e9s \u00e0 la p\u00e9riode baptis\u00e9e Grand Si\u00e8cle ; car elle fut la plus prolifique artistiquement et intellectuellement parlant et a fait rayonner la France dans les plus grandes cours d\u2019Europe.<\/p>\n<p class=\"jetpack-slideshow-noscript robots-nocontent\">Ce diaporama n\u00e9cessite JavaScript.<\/p><div id=\"altin-2670437236\" class=\"altin-contenu_2 altin-entity-placement\"><script async src=\"\/\/pagead2.googlesyndication.com\/pagead\/js\/adsbygoogle.js?client=ca-pub-4035181110757945\" crossorigin=\"anonymous\"><\/script><ins class=\"adsbygoogle\" style=\"display:block; text-align:center;\" data-ad-client=\"ca-pub-4035181110757945\" \ndata-ad-slot=\"9414912321\" \ndata-ad-layout=\"in-article\"\ndata-ad-format=\"fluid\"><\/ins>\n<script> \n(adsbygoogle = window.adsbygoogle || []).push({}); \n<\/script>\n<\/div><div id=\"gallery-2341-1-slideshow\" class=\"jetpack-slideshow-window jetpack-slideshow jetpack-slideshow-black\" data-trans=\"fade\" data-autostart=\"1\" data-gallery=\"[{&quot;src&quot;:&quot;https:\\\/\\\/i0.wp.com\\\/altinnov.blog\\\/wp-content\\\/uploads\\\/2020\\\/08\\\/Charles-Le-Brun-_-Le-Grand-Sie\\u0300cle-Christian-Gue\\u0301my-C215-Street-Art-Paris.jpg?fit=1024%2C1024\\u0026ssl=1&quot;,&quot;id&quot;:&quot;2361&quot;,&quot;title&quot;:&quot;Charles Le Brun _ Le Grand Sie\\u0300cle \\u0026#8211; Christian Gue\\u0301my \\u0026#8211; C215 \\u0026#8211; Street Art Paris&quot;,&quot;alt&quot;:&quot;Grand Si\\u00e8cle du Marais : Christian Gu\\u00e9my artiste pochoiriste fait revivre les grands noms de l\\u0026#039;histoire de France. Ici Charles le Brun&quot;,&quot;caption&quot;:&quot;Charles Le Brun par Christian Gu\\u00e9my&quot;,&quot;itemprop&quot;:&quot;image&quot;},{&quot;src&quot;:&quot;https:\\\/\\\/i0.wp.com\\\/altinnov.blog\\\/wp-content\\\/uploads\\\/2020\\\/08\\\/Franc\\u0327ois-Couperin-par-Christian-Gue\\u0301my-C215-Street-Art-Paris.jpg?fit=1024%2C1024\\u0026ssl=1&quot;,&quot;id&quot;:&quot;2356&quot;,&quot;title&quot;:&quot;Franc\\u0327ois Couperin par Christian Gue\\u0301my- C215 \\u0026#8211; Street Art Paris&quot;,&quot;alt&quot;:&quot;Grand Si\\u00e8cle du Marais : Christian Gu\\u00e9my artiste pochoiriste fait revivre les grands noms de l\\u0026#039;histoire de France. Ici Fran\\u00e7ois Couperin&quot;,&quot;caption&quot;:&quot;Fran\\u00e7ois Couperin par Christian Gu\\u00e9my&quot;,&quot;itemprop&quot;:&quot;image&quot;},{&quot;src&quot;:&quot;https:\\\/\\\/i0.wp.com\\\/altinnov.blog\\\/wp-content\\\/uploads\\\/2020\\\/08\\\/Phillipe-de-Champaigne-Simon-de-Brosse-Le-Grand-Sie\\u0300cle-Paris-par-Christian-Gue\\u0301my-alias-C215-pochoiriste-franc\\u0327ais.jpg?fit=1024%2C1024\\u0026ssl=1&quot;,&quot;id&quot;:&quot;2366&quot;,&quot;title&quot;:&quot;Phillipe de Champaigne \\u0026#8211; Simon de Brosse \\u0026#8211; Le Grand Sie\\u0300cle Paris par Christian Gue\\u0301my alias C215 pochoiriste franc\\u0327ais&quot;,&quot;alt&quot;:&quot;Grand Si\\u00e8cle du Marais : Christian Gu\\u00e9my artiste pochoiriste fait revivre les grands noms de l\\u0026#039;histoire de France. Ici Philippe de Champaigne \\u0026amp; Simon de Brosse&quot;,&quot;caption&quot;:&quot;Philippe de Champaigne \\u0026#038; Simon de Brosse par Christian Gu\\u00e9my&quot;,&quot;itemprop&quot;:&quot;image&quot;},{&quot;src&quot;:&quot;https:\\\/\\\/i0.wp.com\\\/altinnov.blog\\\/wp-content\\\/uploads\\\/2020\\\/08\\\/Simon-Vouet-Histoire-de-France-Christian-Gue\\u0301my-C215-Paris.jpg?fit=1024%2C1024\\u0026ssl=1&quot;,&quot;id&quot;:&quot;2350&quot;,&quot;title&quot;:&quot;Simon Vouet \\u0026#8211; Histoire de France \\u0026#8211; Christian Gue\\u0301my \\u0026#8211; C215 Paris&quot;,&quot;alt&quot;:&quot;Grand Si\\u00e8cle du Marais : Christian Gu\\u00e9my artiste pochoiriste fait revivre les grands noms de l\\u0026#039;histoire de France. Ici Simon Vouet&quot;,&quot;caption&quot;:&quot;Simon Vouet par Christian Gu\\u00e9my&quot;,&quot;itemprop&quot;:&quot;image&quot;},{&quot;src&quot;:&quot;https:\\\/\\\/i0.wp.com\\\/altinnov.blog\\\/wp-content\\\/uploads\\\/2020\\\/08\\\/Eustache-Le-Sueur-Le-Grand-Sie\\u0300cle-Christian-Gue\\u0301my-C215-Street-Art-Paris.jpg?fit=1024%2C1024\\u0026ssl=1&quot;,&quot;id&quot;:&quot;2360&quot;,&quot;title&quot;:&quot;Eustache Le Sueur \\u0026#8211; Le Grand Sie\\u0300cle \\u0026#8211; Christian Gue\\u0301my \\u0026#8211; C215 \\u0026#8211; Street Art Paris&quot;,&quot;alt&quot;:&quot;Grand Si\\u00e8cle du Marais : Christian Gu\\u00e9my artiste pochoiriste fait revivre les grands noms de l\\u0026#039;histoire de France. Ici Eustache Le Sueur&quot;,&quot;caption&quot;:&quot;Eustache Le Sueur par Christian Gu\\u00e9my&quot;,&quot;itemprop&quot;:&quot;image&quot;},{&quot;src&quot;:&quot;https:\\\/\\\/i0.wp.com\\\/altinnov.blog\\\/wp-content\\\/uploads\\\/2020\\\/08\\\/Le-Vau-Le-Grand-Sie\\u0300cle-Christian-Gue\\u0301my-C215-Street-Art-Paris.jpg?fit=1024%2C1024\\u0026ssl=1&quot;,&quot;id&quot;:&quot;2359&quot;,&quot;title&quot;:&quot;Le Vau \\u0026#8211; Le Grand Sie\\u0300cle \\u0026#8211; Christian Gue\\u0301my \\u0026#8211; C215 \\u0026#8211; Street Art Paris&quot;,&quot;alt&quot;:&quot;Grand Si\\u00e8cle du Marais : Christian Gu\\u00e9my artiste pochoiriste fait revivre les grands noms de l\\u0026#039;histoire de France. Ici Le Vau&quot;,&quot;caption&quot;:&quot;Le Vau par Christian Gu\\u00e9my&quot;,&quot;itemprop&quot;:&quot;image&quot;},{&quot;src&quot;:&quot;https:\\\/\\\/i0.wp.com\\\/altinnov.blog\\\/wp-content\\\/uploads\\\/2020\\\/08\\\/Pierre-Corneille-le-Grand-Sie\\u0300cle-Christian-Gue\\u0301my-C215-Pochoiriste.jpg?fit=1024%2C1024\\u0026ssl=1&quot;,&quot;id&quot;:&quot;2358&quot;,&quot;title&quot;:&quot;Pierre Corneille \\u0026#8211; le Grand Sie\\u0300cle \\u0026#8211; Christian Gue\\u0301my \\u0026#8211; C215 \\u0026#8211; Pochoiriste&quot;,&quot;alt&quot;:&quot;Grand Si\\u00e8cle du Marais : Christian Gu\\u00e9my artiste pochoiriste fait revivre les grands noms de l\\u0026#039;histoire de France. Ici Pierre Corneille&quot;,&quot;caption&quot;:&quot;Pierre Corneille par Christian Gu\\u00e9my&quot;,&quot;itemprop&quot;:&quot;image&quot;},{&quot;src&quot;:&quot;https:\\\/\\\/i0.wp.com\\\/altinnov.blog\\\/wp-content\\\/uploads\\\/2020\\\/08\\\/Molie\\u0300re-Histoire-de-France-Christian-Gue\\u0301my-C215.jpg?fit=1024%2C1024\\u0026ssl=1&quot;,&quot;id&quot;:&quot;2357&quot;,&quot;title&quot;:&quot;Molie\\u0300re-Histoire de France-Christian Gue\\u0301my \\u0026#8211; C215&quot;,&quot;alt&quot;:&quot;Grand Si\\u00e8cle du Marais : Christian Gu\\u00e9my artiste pochoiriste fait revivre les grands noms de l\\u0026#039;histoire de France. Ici Moli\\u00e8re&quot;,&quot;caption&quot;:&quot;Moli\\u00e8re par Christian Gu\\u00e9my&quot;,&quot;itemprop&quot;:&quot;image&quot;},{&quot;src&quot;:&quot;https:\\\/\\\/i0.wp.com\\\/altinnov.blog\\\/wp-content\\\/uploads\\\/2020\\\/08\\\/Princesse-de-Soubise-Christian-Gue\\u0301my-Histoire-de-France.jpg?fit=1024%2C1024\\u0026ssl=1&quot;,&quot;id&quot;:&quot;2355&quot;,&quot;title&quot;:&quot;Princesse de Soubise \\u0026#8211; Christian Gue\\u0301my \\u0026#8211; Histoire de France&quot;,&quot;alt&quot;:&quot;Grand Si\\u00e8cle du Marais : Christian Gu\\u00e9my artiste pochoiriste fait revivre les grands noms de l\\u0026#039;histoire de France. Ici la Princesse de Soubise&quot;,&quot;caption&quot;:&quot;Princesse de Soubise par Christian Gu\\u00e9my&quot;,&quot;itemprop&quot;:&quot;image&quot;},{&quot;src&quot;:&quot;https:\\\/\\\/i0.wp.com\\\/altinnov.blog\\\/wp-content\\\/uploads\\\/2020\\\/08\\\/Franc\\u0327ois-Mansart-Histoire-de-France-Christian-Gue\\u0301my.jpg?fit=1024%2C1024\\u0026ssl=1&quot;,&quot;id&quot;:&quot;2354&quot;,&quot;title&quot;:&quot;Franc\\u0327ois Mansart \\u0026#8211; Histoire de France \\u0026#8211; Christian Gue\\u0301my&quot;,&quot;alt&quot;:&quot;Grand Si\\u00e8cle du Marais : Christian Gu\\u00e9my artiste pochoiriste fait revivre les grands noms de l\\u0026#039;histoire de France. Ici Fran\\u00e7ois Mansart&quot;,&quot;caption&quot;:&quot;Fran\\u00e7ois Mansart par Christian Gu\\u00e9my&quot;,&quot;itemprop&quot;:&quot;image&quot;},{&quot;src&quot;:&quot;https:\\\/\\\/i0.wp.com\\\/altinnov.blog\\\/wp-content\\\/uploads\\\/2020\\\/08\\\/Madame-de-Maintenon-Histoire-de-Paris-Christian-Gue\\u0301my-C215.jpg?fit=1024%2C1024\\u0026ssl=1&quot;,&quot;id&quot;:&quot;2353&quot;,&quot;title&quot;:&quot;Madame de Maintenon \\u0026#8211; Histoire de Paris \\u0026#8211; Christian Gue\\u0301my \\u0026#8211; C215&quot;,&quot;alt&quot;:&quot;Grand Si\\u00e8cle du Marais : Christian Gu\\u00e9my artiste pochoiriste fait revivre les grands noms de l\\u0026#039;histoire de France. Ici Madame de Maintenon&quot;,&quot;caption&quot;:&quot;Madame de Maintenon par Christian Gu\\u00e9my&quot;,&quot;itemprop&quot;:&quot;image&quot;},{&quot;src&quot;:&quot;https:\\\/\\\/i0.wp.com\\\/altinnov.blog\\\/wp-content\\\/uploads\\\/2020\\\/08\\\/Ninon-de-lEnclos-par-le-pochoiriste-Christian-Gue\\u0301my-alias-C215.jpg?fit=1024%2C1024\\u0026ssl=1&quot;,&quot;id&quot;:&quot;2349&quot;,&quot;title&quot;:&quot;Ninon de l\\u0026rsquo;Enclos par le pochoiriste Christian Gue\\u0301my alias C215&quot;,&quot;alt&quot;:&quot;Grand Si\\u00e8cle du Marais : Christian Gu\\u00e9my artiste pochoiriste fait revivre les grands noms de l\\u0026#039;histoire de France. Ici Ninon de l\\u0026#039;Enclos&quot;,&quot;caption&quot;:&quot;Ninon de l\\u0026rsquo;Enclos par Christian Gu\\u00e9my&quot;,&quot;itemprop&quot;:&quot;image&quot;},{&quot;src&quot;:&quot;https:\\\/\\\/i0.wp.com\\\/altinnov.blog\\\/wp-content\\\/uploads\\\/2020\\\/08\\\/Henri-IV-roi-de-France-grand-sie\\u0300cle-histoire-de-france.jpg?fit=1024%2C1024\\u0026ssl=1&quot;,&quot;id&quot;:&quot;2348&quot;,&quot;title&quot;:&quot;Henri IV \\u0026#8211; roi de France \\u0026#8211; grand sie\\u0300cle \\u0026#8211; histoire de france&quot;,&quot;alt&quot;:&quot;Grand Si\\u00e8cle du Marais : Christian Gu\\u00e9my artiste pochoiriste fait revivre les grands noms de l\\u0026#039;histoire de France. Ici Henri IV roi de France&quot;,&quot;caption&quot;:&quot;Henri IV par Christian Gu\\u00e9my&quot;,&quot;itemprop&quot;:&quot;image&quot;}]\" itemscope itemtype=\"https:\/\/schema.org\/ImageGallery\"><\/div>\n<p>Certains de ces illustres voire sulfureux personnages, comme la d\u00e9licieuse Montespan, se juxtaposent avec des immeubles en pierre de tailles qui ont eux-m\u00eames connu ce Grand Si\u00e8cle du Marais. Comme si Christian Gu\u00e9my avait voulu r\u00e9installer l\u2019\u00e2me de ces personnages dans leurs habitations originelles. Rien de surprenant \u00e0 cela, les emplacements des \u0153uvres ont \u00e9t\u00e9 \u00e9tudi\u00e9s avec minutie, et cette galerie de personnage se retrouve dans son environnement d\u2019antan; lieu de vie, de travail ou de fl\u00e2nerie. Le contraste avec le monde d\u2019aujourd\u2019hui est tout de m\u00eame saisissant et assez dr\u00f4le pour que l\u2019on se prenne au jeu d\u2019essayer de retrouver toutes ces figures d\u2019un autre si\u00e8cle bomb\u00e9es sur des bo\u00eetiers \u00e9lectriques\u00a0!<\/p>\n<p class=\"jetpack-slideshow-noscript robots-nocontent\">Ce diaporama n\u00e9cessite JavaScript.<\/p><div id=\"gallery-2341-2-slideshow\" class=\"jetpack-slideshow-window jetpack-slideshow jetpack-slideshow-black\" data-trans=\"fade\" data-autostart=\"1\" data-gallery=\"[{&quot;src&quot;:&quot;https:\\\/\\\/i0.wp.com\\\/altinnov.blog\\\/wp-content\\\/uploads\\\/2020\\\/08\\\/Louis-XIII-Le-Grand-Sie\\u0300cle-Christian-Gue\\u0301my-C215-Street-Art-Paris.jpg?fit=1024%2C609\\u0026ssl=1&quot;,&quot;id&quot;:&quot;2362&quot;,&quot;title&quot;:&quot;Louis XIII \\u0026#8211; Le Grand Sie\\u0300cle \\u0026#8211; Christian Gue\\u0301my \\u0026#8211; C215 \\u0026#8211; Street Art Paris&quot;,&quot;alt&quot;:&quot;Grand Si\\u00e8cle du Marais : Christian Gu\\u00e9my artiste pochoiriste fait revivre les grands noms de l\\u0026#039;histoire de France. Ici Louis XIII roi de France&quot;,&quot;caption&quot;:&quot;Louis XIII par Christian Gu\\u00e9my&quot;,&quot;itemprop&quot;:&quot;image&quot;},{&quot;src&quot;:&quot;https:\\\/\\\/i0.wp.com\\\/altinnov.blog\\\/wp-content\\\/uploads\\\/2020\\\/08\\\/Paul-Scarron-Le-Grand-Sie\\u0300cle-du-Marais-Christian-Gue\\u0301my-C215-Street-Art.jpg?fit=1024%2C819\\u0026ssl=1&quot;,&quot;id&quot;:&quot;2352&quot;,&quot;title&quot;:&quot;Paul Scarron \\u0026#8211; Le Grand Sie\\u0300cle du Marais \\u0026#8211; Christian Gue\\u0301my \\u0026#8211; C215 \\u0026#8211; Street Art&quot;,&quot;alt&quot;:&quot;Grand Si\\u00e8cle du Marais : Christian Gu\\u00e9my artiste pochoiriste fait revivre les grands noms de l\\u0026#039;histoire de France. Ici Paul Scarron&quot;,&quot;caption&quot;:&quot;Paul Scarron par Christian Gu\\u00e9my&quot;,&quot;itemprop&quot;:&quot;image&quot;},{&quot;src&quot;:&quot;https:\\\/\\\/i0.wp.com\\\/altinnov.blog\\\/wp-content\\\/uploads\\\/2020\\\/08\\\/Duc-de-Sully-Le-Grand-Sie\\u0300cle-Marais-Christian-Gue\\u0301my-C215-Street-Art-France-scaled.jpg?fit=1024%2C674\\u0026ssl=1&quot;,&quot;id&quot;:&quot;2363&quot;,&quot;title&quot;:&quot;Duc de Sully \\u0026#8211; Le Grand Sie\\u0300cle Marais \\u0026#8211; Christian Gue\\u0301my \\u0026#8211; C215 \\u0026#8211; Street Art France&quot;,&quot;alt&quot;:&quot;Grand Si\\u00e8cle du Marais : Christian Gu\\u00e9my artiste pochoiriste fait revivre les grands noms de l\\u0026#039;histoire de France. Ici le Duc de Sully&quot;,&quot;caption&quot;:&quot;Duc de Sully par Christian Gu\\u00e9my&quot;,&quot;itemprop&quot;:&quot;image&quot;},{&quot;src&quot;:&quot;https:\\\/\\\/i0.wp.com\\\/altinnov.blog\\\/wp-content\\\/uploads\\\/2020\\\/08\\\/Madame-de-Montespan-le-Grand-Sie\\u0300cle-Christian-Gue\\u0301my-C215-pochoir-scaled.jpg?fit=1024%2C671\\u0026ssl=1&quot;,&quot;id&quot;:&quot;2364&quot;,&quot;title&quot;:&quot;Madame de Montespan \\u0026#8211; le Grand Sie\\u0300cle \\u0026#8211; Christian Gue\\u0301my \\u0026#8211; C215 \\u0026#8211; pochoir&quot;,&quot;alt&quot;:&quot;Grand Si\\u00e8cle du Marais : Christian Gu\\u00e9my artiste pochoiriste fait revivre les grands noms de l\\u0026#039;histoire de France. Ici Madame de Montespan&quot;,&quot;caption&quot;:&quot;Madame de Montespan par Christian Gu\\u00e9my&quot;,&quot;itemprop&quot;:&quot;image&quot;}]\" itemscope itemtype=\"https:\/\/schema.org\/ImageGallery\"><\/div>\n<p>Si cela vous tente, vous pouvez vous procurer <strong><a href=\"https:\/\/www.api-site.paris.fr\/mairies\/public\/assets\/2019%2F7%2FPortraits%20Grand%20si%C3%A8cle%20du%20Marais%20web.pdf\" target=\"_blank\" rel=\"noopener noreferrer\">la carte des \u0153uvres toujours disponible sur le site de la Mairie de Paris<\/a><\/strong>, ou d\u00e9cider de vous perdre dans le Marais\u00a0; ce qui vous donnera l\u2019occasion de d\u00e9couvrir d\u2019autres \u0153uvres de Street Art\u00a0\ud83d\ude09<\/p>\n<p><img decoding=\"async\" loading=\"lazy\" class=\"aligncenter size-full wp-image-2365\" src=\"https:\/\/i0.wp.com\/altinnov.blog\/wp-content\/uploads\/2020\/08\/Le-Grand-Sie\u0300cle-du-Marais-Christian-Gue\u0301my-alias-C215-pochoiriste-Franc\u0327ais-scaled.jpg?resize=1140%2C200&#038;ssl=1\" alt=\"Grand Si\u00e8cle du Marais : Christian Gu\u00e9my artiste pochoiriste fait revivre les grands noms de l'histoire de France.\" width=\"1140\" height=\"200\" srcset=\"https:\/\/i0.wp.com\/altinnov.blog\/wp-content\/uploads\/2020\/08\/Le-Grand-Sie\u0300cle-du-Marais-Christian-Gue\u0301my-alias-C215-pochoiriste-Franc\u0327ais-scaled.jpg?w=2560&amp;ssl=1 2560w, https:\/\/i0.wp.com\/altinnov.blog\/wp-content\/uploads\/2020\/08\/Le-Grand-Sie\u0300cle-du-Marais-Christian-Gue\u0301my-alias-C215-pochoiriste-Franc\u0327ais-scaled.jpg?resize=300%2C53&amp;ssl=1 300w, https:\/\/i0.wp.com\/altinnov.blog\/wp-content\/uploads\/2020\/08\/Le-Grand-Sie\u0300cle-du-Marais-Christian-Gue\u0301my-alias-C215-pochoiriste-Franc\u0327ais-scaled.jpg?resize=1024%2C179&amp;ssl=1 1024w, https:\/\/i0.wp.com\/altinnov.blog\/wp-content\/uploads\/2020\/08\/Le-Grand-Sie\u0300cle-du-Marais-Christian-Gue\u0301my-alias-C215-pochoiriste-Franc\u0327ais-scaled.jpg?resize=768%2C134&amp;ssl=1 768w, https:\/\/i0.wp.com\/altinnov.blog\/wp-content\/uploads\/2020\/08\/Le-Grand-Sie\u0300cle-du-Marais-Christian-Gue\u0301my-alias-C215-pochoiriste-Franc\u0327ais-scaled.jpg?resize=1536%2C269&amp;ssl=1 1536w, https:\/\/i0.wp.com\/altinnov.blog\/wp-content\/uploads\/2020\/08\/Le-Grand-Sie\u0300cle-du-Marais-Christian-Gue\u0301my-alias-C215-pochoiriste-Franc\u0327ais-scaled.jpg?resize=2048%2C359&amp;ssl=1 2048w, https:\/\/i0.wp.com\/altinnov.blog\/wp-content\/uploads\/2020\/08\/Le-Grand-Sie\u0300cle-du-Marais-Christian-Gue\u0301my-alias-C215-pochoiriste-Franc\u0327ais-scaled.jpg?w=2280&amp;ssl=1 2280w\" sizes=\"(max-width: 1140px) 100vw, 1140px\" data-recalc-dims=\"1\" \/><\/p>\n<p>&nbsp;<\/p>\n<h4><strong>Les rues escarp\u00e9es du Marais regorgent de Street Art\u2026 parfois bien cach\u00e9\u00a0!<\/strong><\/h4>\n<p>Si comme moi, vous vous \u00e9cartez un peu de la carte du Grand Si\u00e8cle du Marais, vous aurez plaisir \u00e0 d\u00e9couvrir de nombreuses \u0153uvres de Street Art, mais aussi des impasses compl\u00e8tement recouvertes de graffitis et tags en tous genres. Le Marais \u00e9tant un tout petit quartier, je ne vais pas vous faire une visite guid\u00e9e compl\u00e8te de celui-ci\u00a0; juste vous donner \u00e0 voir quelques \u0153uvres qui pourraient peut-\u00eatre vous donner envie de vous y perdre.<\/p>\n<div class=\"tiled-gallery type-rectangular tiled-gallery-unresized\" data-original-width=\"1140\" data-carousel-extra='null' itemscope itemtype=\"http:\/\/schema.org\/ImageGallery\" > <div class=\"gallery-row\" style=\"width: 1140px; height: 570px;\" data-original-width=\"1140\" data-original-height=\"570\" > <div class=\"gallery-group images-1\" style=\"width: 570px; height: 570px;\" data-original-width=\"570\" data-original-height=\"570\" > <div class=\"tiled-gallery-item tiled-gallery-item-large\" itemprop=\"associatedMedia\" itemscope itemtype=\"http:\/\/schema.org\/ImageObject\"> <a href=\"https:\/\/altinnov.blog\/index.php\/fr\/2020\/08\/25\/christian-guemy-paris\/hopare1-street-art-paris-blog-street-art-altinnov\/\" border=\"0\" itemprop=\"url\"> <meta itemprop=\"width\" content=\"566\"> <meta itemprop=\"height\" content=\"566\"> <img class=\"\" data-attachment-id=\"2351\" data-orig-file=\"https:\/\/altinnov.blog\/wp-content\/uploads\/2020\/08\/HOPARE1-Street-Art-Paris-Blog-Street-Art-Altinnov.jpg\" data-orig-size=\"2178,2178\" data-comments-opened=\"1\" data-image-meta=\"{&quot;aperture&quot;:&quot;2.2&quot;,&quot;credit&quot;:&quot;&quot;,&quot;camera&quot;:&quot;iPhone 6&quot;,&quot;caption&quot;:&quot;&quot;,&quot;created_timestamp&quot;:&quot;1592055939&quot;,&quot;copyright&quot;:&quot;&quot;,&quot;focal_length&quot;:&quot;4.15&quot;,&quot;iso&quot;:&quot;32&quot;,&quot;shutter_speed&quot;:&quot;0.0011135857461024&quot;,&quot;title&quot;:&quot;&quot;,&quot;orientation&quot;:&quot;0&quot;}\" data-image-title=\"HOPARE1- Street Art Paris- Blog Street Art &#8211; Altinnov\" data-image-description=\"&lt;p&gt;Oeuvre Street Art r\u00e9alis\u00e9e par l&amp;rsquo;artiste HOPARE1 dans le Marais \u00e0 Paris&lt;\/p&gt; \" data-medium-file=\"https:\/\/i0.wp.com\/altinnov.blog\/wp-content\/uploads\/2020\/08\/HOPARE1-Street-Art-Paris-Blog-Street-Art-Altinnov.jpg?fit=300%2C300&#038;ssl=1\" data-large-file=\"https:\/\/i0.wp.com\/altinnov.blog\/wp-content\/uploads\/2020\/08\/HOPARE1-Street-Art-Paris-Blog-Street-Art-Altinnov.jpg?fit=1024%2C1024&#038;ssl=1\" src=\"https:\/\/i0.wp.com\/altinnov.blog\/wp-content\/uploads\/2020\/08\/HOPARE1-Street-Art-Paris-Blog-Street-Art-Altinnov.jpg?w=566&#038;h=566&#038;crop=1&#038;ssl=1\" srcset=\"https:\/\/i0.wp.com\/altinnov.blog\/wp-content\/uploads\/2020\/08\/HOPARE1-Street-Art-Paris-Blog-Street-Art-Altinnov.jpg?w=2178&amp;ssl=1 2178w, https:\/\/i0.wp.com\/altinnov.blog\/wp-content\/uploads\/2020\/08\/HOPARE1-Street-Art-Paris-Blog-Street-Art-Altinnov.jpg?resize=300%2C300&amp;ssl=1 300w, https:\/\/i0.wp.com\/altinnov.blog\/wp-content\/uploads\/2020\/08\/HOPARE1-Street-Art-Paris-Blog-Street-Art-Altinnov.jpg?resize=1024%2C1024&amp;ssl=1 1024w, https:\/\/i0.wp.com\/altinnov.blog\/wp-content\/uploads\/2020\/08\/HOPARE1-Street-Art-Paris-Blog-Street-Art-Altinnov.jpg?resize=150%2C150&amp;ssl=1 150w, https:\/\/i0.wp.com\/altinnov.blog\/wp-content\/uploads\/2020\/08\/HOPARE1-Street-Art-Paris-Blog-Street-Art-Altinnov.jpg?resize=768%2C768&amp;ssl=1 768w, https:\/\/i0.wp.com\/altinnov.blog\/wp-content\/uploads\/2020\/08\/HOPARE1-Street-Art-Paris-Blog-Street-Art-Altinnov.jpg?resize=1536%2C1536&amp;ssl=1 1536w, https:\/\/i0.wp.com\/altinnov.blog\/wp-content\/uploads\/2020\/08\/HOPARE1-Street-Art-Paris-Blog-Street-Art-Altinnov.jpg?resize=2048%2C2048&amp;ssl=1 2048w\" width=\"566\" height=\"566\" loading=\"lazy\" data-original-width=\"566\" data-original-height=\"566\" itemprop=\"http:\/\/schema.org\/image\" title=\"HOPARE1- Street Art Paris- Blog Street Art - Altinnov\" alt=\"Oeuvre Street Art r\u00e9alis\u00e9e par l&#039;artiste HOPARE1 dans le Marais \u00e0 Paris\" style=\"width: 566px; height: 566px;\" \/> <\/a> <div class=\"tiled-gallery-caption\" itemprop=\"caption description\"> Oeuvre d&rsquo;HOPARE1 &#8211; Photo @Altinnov <\/div> <\/div> <\/div> <!-- close group --> <div class=\"gallery-group images-1\" style=\"width: 570px; height: 570px;\" data-original-width=\"570\" data-original-height=\"570\" > <div class=\"tiled-gallery-item tiled-gallery-item-large\" itemprop=\"associatedMedia\" itemscope itemtype=\"http:\/\/schema.org\/ImageObject\"> <a href=\"https:\/\/altinnov.blog\/index.php\/fr\/2020\/08\/25\/christian-guemy-paris\/aydar-street-art-france-portrait-de-femme-street-art-blog-altinnov\/\" border=\"0\" itemprop=\"url\"> <meta itemprop=\"width\" content=\"566\"> <meta itemprop=\"height\" content=\"566\"> <img class=\"\" data-attachment-id=\"2342\" data-orig-file=\"https:\/\/altinnov.blog\/wp-content\/uploads\/2020\/08\/AYDAR-Street-Art-France-portrait-de-femme-Street-art-blog-Altinnov.jpg\" data-orig-size=\"1431,1431\" data-comments-opened=\"1\" data-image-meta=\"{&quot;aperture&quot;:&quot;2.2&quot;,&quot;credit&quot;:&quot;&quot;,&quot;camera&quot;:&quot;iPhone 6&quot;,&quot;caption&quot;:&quot;&quot;,&quot;created_timestamp&quot;:&quot;1592502993&quot;,&quot;copyright&quot;:&quot;&quot;,&quot;focal_length&quot;:&quot;4.15&quot;,&quot;iso&quot;:&quot;32&quot;,&quot;shutter_speed&quot;:&quot;0.0053475935828877&quot;,&quot;title&quot;:&quot;&quot;,&quot;orientation&quot;:&quot;0&quot;}\" data-image-title=\"AYDAR &#8211; Street Art France &#8211; portrait de femme &#8211; Street art blog Altinnov\" data-image-description=\"\" data-medium-file=\"https:\/\/i0.wp.com\/altinnov.blog\/wp-content\/uploads\/2020\/08\/AYDAR-Street-Art-France-portrait-de-femme-Street-art-blog-Altinnov.jpg?fit=300%2C300&#038;ssl=1\" data-large-file=\"https:\/\/i0.wp.com\/altinnov.blog\/wp-content\/uploads\/2020\/08\/AYDAR-Street-Art-France-portrait-de-femme-Street-art-blog-Altinnov.jpg?fit=1024%2C1024&#038;ssl=1\" src=\"https:\/\/i0.wp.com\/altinnov.blog\/wp-content\/uploads\/2020\/08\/AYDAR-Street-Art-France-portrait-de-femme-Street-art-blog-Altinnov.jpg?w=566&#038;h=566&#038;crop=1&#038;ssl=1\" srcset=\"https:\/\/i0.wp.com\/altinnov.blog\/wp-content\/uploads\/2020\/08\/AYDAR-Street-Art-France-portrait-de-femme-Street-art-blog-Altinnov.jpg?w=1431&amp;ssl=1 1431w, https:\/\/i0.wp.com\/altinnov.blog\/wp-content\/uploads\/2020\/08\/AYDAR-Street-Art-France-portrait-de-femme-Street-art-blog-Altinnov.jpg?resize=300%2C300&amp;ssl=1 300w, https:\/\/i0.wp.com\/altinnov.blog\/wp-content\/uploads\/2020\/08\/AYDAR-Street-Art-France-portrait-de-femme-Street-art-blog-Altinnov.jpg?resize=1024%2C1024&amp;ssl=1 1024w, https:\/\/i0.wp.com\/altinnov.blog\/wp-content\/uploads\/2020\/08\/AYDAR-Street-Art-France-portrait-de-femme-Street-art-blog-Altinnov.jpg?resize=150%2C150&amp;ssl=1 150w, https:\/\/i0.wp.com\/altinnov.blog\/wp-content\/uploads\/2020\/08\/AYDAR-Street-Art-France-portrait-de-femme-Street-art-blog-Altinnov.jpg?resize=768%2C768&amp;ssl=1 768w\" width=\"566\" height=\"566\" loading=\"lazy\" data-original-width=\"566\" data-original-height=\"566\" itemprop=\"http:\/\/schema.org\/image\" title=\"AYDAR - Street Art France - portrait de femme - Street art blog Altinnov\" alt=\"Oeuvre Street Art r\u00e9alis\u00e9e par l&#039;artiste Aydar dans le Marais \u00e0 Paris\" style=\"width: 566px; height: 566px;\" \/> <\/a> <div class=\"tiled-gallery-caption\" itemprop=\"caption description\"> Oeuvre d&rsquo;Aydar &#8211; Photo @Altinnov <\/div> <\/div> <\/div> <!-- close group --> <\/div> <!-- close row --> <\/div>\n<div class=\"tiled-gallery type-rectangular tiled-gallery-unresized\" data-original-width=\"1140\" data-carousel-extra='null' itemscope itemtype=\"http:\/\/schema.org\/ImageGallery\" > <div class=\"gallery-row\" style=\"width: 1140px; height: 560px;\" data-original-width=\"1140\" data-original-height=\"560\" > <div class=\"gallery-group images-1\" style=\"width: 580px; height: 560px;\" data-original-width=\"580\" data-original-height=\"560\" > <div class=\"tiled-gallery-item tiled-gallery-item-large\" itemprop=\"associatedMedia\" itemscope itemtype=\"http:\/\/schema.org\/ImageObject\"> <a href=\"https:\/\/altinnov.blog\/index.php\/fr\/2020\/08\/25\/christian-guemy-paris\/ezk-eric-zeking-dans-quel-monde-vuitton-street-art-paris\/\" border=\"0\" itemprop=\"url\"> <meta itemprop=\"width\" content=\"576\"> <meta itemprop=\"height\" content=\"556\"> <img class=\"\" data-attachment-id=\"2344\" data-orig-file=\"https:\/\/altinnov.blog\/wp-content\/uploads\/2020\/08\/EZK-Eric-Zeking-Dans-quel-monde-Vuitton-Street-Art-Paris.jpg\" data-orig-size=\"1894,1828\" data-comments-opened=\"1\" data-image-meta=\"{&quot;aperture&quot;:&quot;2.2&quot;,&quot;credit&quot;:&quot;&quot;,&quot;camera&quot;:&quot;iPhone 6&quot;,&quot;caption&quot;:&quot;&quot;,&quot;created_timestamp&quot;:&quot;1592502121&quot;,&quot;copyright&quot;:&quot;&quot;,&quot;focal_length&quot;:&quot;4.15&quot;,&quot;iso&quot;:&quot;32&quot;,&quot;shutter_speed&quot;:&quot;0.0083333333333333&quot;,&quot;title&quot;:&quot;&quot;,&quot;orientation&quot;:&quot;0&quot;}\" data-image-title=\"EZK &#8211; Eric Ze King &#8211; Dans quel monde Vuitton &#8211; Street Art Paris\" data-image-description=\"\" data-medium-file=\"https:\/\/i0.wp.com\/altinnov.blog\/wp-content\/uploads\/2020\/08\/EZK-Eric-Zeking-Dans-quel-monde-Vuitton-Street-Art-Paris.jpg?fit=300%2C290&#038;ssl=1\" data-large-file=\"https:\/\/i0.wp.com\/altinnov.blog\/wp-content\/uploads\/2020\/08\/EZK-Eric-Zeking-Dans-quel-monde-Vuitton-Street-Art-Paris.jpg?fit=1024%2C988&#038;ssl=1\" src=\"https:\/\/i0.wp.com\/altinnov.blog\/wp-content\/uploads\/2020\/08\/EZK-Eric-Zeking-Dans-quel-monde-Vuitton-Street-Art-Paris.jpg?w=576&#038;h=556&#038;ssl=1\" srcset=\"https:\/\/i0.wp.com\/altinnov.blog\/wp-content\/uploads\/2020\/08\/EZK-Eric-Zeking-Dans-quel-monde-Vuitton-Street-Art-Paris.jpg?w=1894&amp;ssl=1 1894w, https:\/\/i0.wp.com\/altinnov.blog\/wp-content\/uploads\/2020\/08\/EZK-Eric-Zeking-Dans-quel-monde-Vuitton-Street-Art-Paris.jpg?resize=300%2C290&amp;ssl=1 300w, https:\/\/i0.wp.com\/altinnov.blog\/wp-content\/uploads\/2020\/08\/EZK-Eric-Zeking-Dans-quel-monde-Vuitton-Street-Art-Paris.jpg?resize=1024%2C988&amp;ssl=1 1024w, https:\/\/i0.wp.com\/altinnov.blog\/wp-content\/uploads\/2020\/08\/EZK-Eric-Zeking-Dans-quel-monde-Vuitton-Street-Art-Paris.jpg?resize=768%2C741&amp;ssl=1 768w, https:\/\/i0.wp.com\/altinnov.blog\/wp-content\/uploads\/2020\/08\/EZK-Eric-Zeking-Dans-quel-monde-Vuitton-Street-Art-Paris.jpg?resize=1536%2C1482&amp;ssl=1 1536w\" width=\"576\" height=\"556\" loading=\"lazy\" data-original-width=\"576\" data-original-height=\"556\" itemprop=\"http:\/\/schema.org\/image\" title=\"EZK - Eric Ze King - Dans quel monde Vuitton - Street Art Paris\" alt=\"oeuvre r\u00e9alis\u00e9e par Erik Ze King - EZK - Art against Poverty - dans le Marais \u00e0 Paris\" style=\"width: 576px; height: 556px;\" \/> <\/a> <div class=\"tiled-gallery-caption\" itemprop=\"caption description\"> Art Agaisnt Poverty par Erik Ze King \/ EZK &#8211; Photo @Altinnov <\/div> <\/div> <\/div> <!-- close group --> <div class=\"gallery-group images-1\" style=\"width: 560px; height: 560px;\" data-original-width=\"560\" data-original-height=\"560\" > <div class=\"tiled-gallery-item tiled-gallery-item-large\" itemprop=\"associatedMedia\" itemscope itemtype=\"http:\/\/schema.org\/ImageObject\"> <a href=\"https:\/\/altinnov.blog\/index.php\/fr\/2020\/08\/25\/christian-guemy-paris\/invader-street-art-paris-blog-street-art-altinnov\/\" border=\"0\" itemprop=\"url\"> <meta itemprop=\"width\" content=\"556\"> <meta itemprop=\"height\" content=\"556\"> <img class=\"\" data-attachment-id=\"2347\" data-orig-file=\"https:\/\/altinnov.blog\/wp-content\/uploads\/2020\/08\/INVADER-Street-Art-Paris-Blog-Street-Art-altinnov.jpg\" data-orig-size=\"2448,2448\" data-comments-opened=\"1\" data-image-meta=\"{&quot;aperture&quot;:&quot;2.2&quot;,&quot;credit&quot;:&quot;&quot;,&quot;camera&quot;:&quot;iPhone 6&quot;,&quot;caption&quot;:&quot;&quot;,&quot;created_timestamp&quot;:&quot;1592496199&quot;,&quot;copyright&quot;:&quot;&quot;,&quot;focal_length&quot;:&quot;4.15&quot;,&quot;iso&quot;:&quot;32&quot;,&quot;shutter_speed&quot;:&quot;0.00187265917603&quot;,&quot;title&quot;:&quot;&quot;,&quot;orientation&quot;:&quot;0&quot;}\" data-image-title=\"INVADER &#8211; Street Art Paris &#8211; Blog Street Art altinnov\" data-image-description=\"&lt;p&gt;Mosa\u00efque r\u00e9alis\u00e9e par le Street Artiste Invader sur les quais de Seine \u00e0 Paris&lt;\/p&gt; \" data-medium-file=\"https:\/\/i0.wp.com\/altinnov.blog\/wp-content\/uploads\/2020\/08\/INVADER-Street-Art-Paris-Blog-Street-Art-altinnov.jpg?fit=300%2C300&#038;ssl=1\" data-large-file=\"https:\/\/i0.wp.com\/altinnov.blog\/wp-content\/uploads\/2020\/08\/INVADER-Street-Art-Paris-Blog-Street-Art-altinnov.jpg?fit=1024%2C1024&#038;ssl=1\" src=\"https:\/\/i0.wp.com\/altinnov.blog\/wp-content\/uploads\/2020\/08\/INVADER-Street-Art-Paris-Blog-Street-Art-altinnov.jpg?w=556&#038;h=556&#038;crop=1&#038;ssl=1\" srcset=\"https:\/\/i0.wp.com\/altinnov.blog\/wp-content\/uploads\/2020\/08\/INVADER-Street-Art-Paris-Blog-Street-Art-altinnov.jpg?w=2448&amp;ssl=1 2448w, https:\/\/i0.wp.com\/altinnov.blog\/wp-content\/uploads\/2020\/08\/INVADER-Street-Art-Paris-Blog-Street-Art-altinnov.jpg?resize=300%2C300&amp;ssl=1 300w, https:\/\/i0.wp.com\/altinnov.blog\/wp-content\/uploads\/2020\/08\/INVADER-Street-Art-Paris-Blog-Street-Art-altinnov.jpg?resize=1024%2C1024&amp;ssl=1 1024w, https:\/\/i0.wp.com\/altinnov.blog\/wp-content\/uploads\/2020\/08\/INVADER-Street-Art-Paris-Blog-Street-Art-altinnov.jpg?resize=150%2C150&amp;ssl=1 150w, https:\/\/i0.wp.com\/altinnov.blog\/wp-content\/uploads\/2020\/08\/INVADER-Street-Art-Paris-Blog-Street-Art-altinnov.jpg?resize=768%2C768&amp;ssl=1 768w, https:\/\/i0.wp.com\/altinnov.blog\/wp-content\/uploads\/2020\/08\/INVADER-Street-Art-Paris-Blog-Street-Art-altinnov.jpg?resize=1536%2C1536&amp;ssl=1 1536w, https:\/\/i0.wp.com\/altinnov.blog\/wp-content\/uploads\/2020\/08\/INVADER-Street-Art-Paris-Blog-Street-Art-altinnov.jpg?resize=2048%2C2048&amp;ssl=1 2048w, https:\/\/i0.wp.com\/altinnov.blog\/wp-content\/uploads\/2020\/08\/INVADER-Street-Art-Paris-Blog-Street-Art-altinnov.jpg?w=2280&amp;ssl=1 2280w\" width=\"556\" height=\"556\" loading=\"lazy\" data-original-width=\"556\" data-original-height=\"556\" itemprop=\"http:\/\/schema.org\/image\" title=\"INVADER - Street Art Paris - Blog Street Art altinnov\" alt=\"Mosa\u00efque r\u00e9alis\u00e9e par le Street Artiste Invader sur les quais de Seine \u00e0 Paris\" style=\"width: 556px; height: 556px;\" \/> <\/a> <div class=\"tiled-gallery-caption\" itemprop=\"caption description\"> Invader &#8211; Photo @Altinnov <\/div> <\/div> <\/div> <!-- close group --> <\/div> <!-- close row --> <\/div>\n<div class=\"tiled-gallery type-rectangular tiled-gallery-unresized\" data-original-width=\"1140\" data-carousel-extra='null' itemscope itemtype=\"http:\/\/schema.org\/ImageGallery\" > <div class=\"gallery-row\" style=\"width: 1140px; height: 570px;\" data-original-width=\"1140\" data-original-height=\"570\" > <div class=\"gallery-group images-1\" style=\"width: 570px; height: 570px;\" data-original-width=\"570\" data-original-height=\"570\" > <div class=\"tiled-gallery-item tiled-gallery-item-large\" itemprop=\"associatedMedia\" itemscope itemtype=\"http:\/\/schema.org\/ImageObject\"> <a href=\"https:\/\/altinnov.blog\/index.php\/fr\/2020\/08\/25\/christian-guemy-paris\/1-street-art-paris-le-marais-blog-street-art-altinnov\/\" border=\"0\" itemprop=\"url\"> <meta itemprop=\"width\" content=\"566\"> <meta itemprop=\"height\" content=\"566\"> <img class=\"\" data-attachment-id=\"2346\" data-orig-file=\"https:\/\/altinnov.blog\/wp-content\/uploads\/2020\/08\/1-Street-Art-Paris-Le-Marais-Blog-Street-Art-Altinnov.jpg\" data-orig-size=\"2448,2448\" data-comments-opened=\"1\" data-image-meta=\"{&quot;aperture&quot;:&quot;2.2&quot;,&quot;credit&quot;:&quot;&quot;,&quot;camera&quot;:&quot;iPhone 6&quot;,&quot;caption&quot;:&quot;&quot;,&quot;created_timestamp&quot;:&quot;1592501998&quot;,&quot;copyright&quot;:&quot;&quot;,&quot;focal_length&quot;:&quot;4.15&quot;,&quot;iso&quot;:&quot;32&quot;,&quot;shutter_speed&quot;:&quot;0.0062893081761006&quot;,&quot;title&quot;:&quot;&quot;,&quot;orientation&quot;:&quot;0&quot;}\" data-image-title=\"1-Street Art Paris &#8211; Le Marais &#8211; Blog Street Art Altinnov\" data-image-description=\"&lt;p&gt;Graffitis &#038; Tags dans le Marais \u00e0 Paris&lt;\/p&gt; \" data-medium-file=\"https:\/\/i0.wp.com\/altinnov.blog\/wp-content\/uploads\/2020\/08\/1-Street-Art-Paris-Le-Marais-Blog-Street-Art-Altinnov.jpg?fit=300%2C300&#038;ssl=1\" data-large-file=\"https:\/\/i0.wp.com\/altinnov.blog\/wp-content\/uploads\/2020\/08\/1-Street-Art-Paris-Le-Marais-Blog-Street-Art-Altinnov.jpg?fit=1024%2C1024&#038;ssl=1\" src=\"https:\/\/i0.wp.com\/altinnov.blog\/wp-content\/uploads\/2020\/08\/1-Street-Art-Paris-Le-Marais-Blog-Street-Art-Altinnov.jpg?w=566&#038;h=566&#038;crop=1&#038;ssl=1\" srcset=\"https:\/\/i0.wp.com\/altinnov.blog\/wp-content\/uploads\/2020\/08\/1-Street-Art-Paris-Le-Marais-Blog-Street-Art-Altinnov.jpg?w=2448&amp;ssl=1 2448w, https:\/\/i0.wp.com\/altinnov.blog\/wp-content\/uploads\/2020\/08\/1-Street-Art-Paris-Le-Marais-Blog-Street-Art-Altinnov.jpg?resize=300%2C300&amp;ssl=1 300w, https:\/\/i0.wp.com\/altinnov.blog\/wp-content\/uploads\/2020\/08\/1-Street-Art-Paris-Le-Marais-Blog-Street-Art-Altinnov.jpg?resize=1024%2C1024&amp;ssl=1 1024w, https:\/\/i0.wp.com\/altinnov.blog\/wp-content\/uploads\/2020\/08\/1-Street-Art-Paris-Le-Marais-Blog-Street-Art-Altinnov.jpg?resize=150%2C150&amp;ssl=1 150w, https:\/\/i0.wp.com\/altinnov.blog\/wp-content\/uploads\/2020\/08\/1-Street-Art-Paris-Le-Marais-Blog-Street-Art-Altinnov.jpg?resize=768%2C768&amp;ssl=1 768w, https:\/\/i0.wp.com\/altinnov.blog\/wp-content\/uploads\/2020\/08\/1-Street-Art-Paris-Le-Marais-Blog-Street-Art-Altinnov.jpg?resize=1536%2C1536&amp;ssl=1 1536w, https:\/\/i0.wp.com\/altinnov.blog\/wp-content\/uploads\/2020\/08\/1-Street-Art-Paris-Le-Marais-Blog-Street-Art-Altinnov.jpg?resize=2048%2C2048&amp;ssl=1 2048w, https:\/\/i0.wp.com\/altinnov.blog\/wp-content\/uploads\/2020\/08\/1-Street-Art-Paris-Le-Marais-Blog-Street-Art-Altinnov.jpg?w=2280&amp;ssl=1 2280w\" width=\"566\" height=\"566\" loading=\"lazy\" data-original-width=\"566\" data-original-height=\"566\" itemprop=\"http:\/\/schema.org\/image\" title=\"1-Street Art Paris - Le Marais - Blog Street Art Altinnov\" alt=\"Graffitis &amp; Tags dans le Marais \u00e0 Paris\" style=\"width: 566px; height: 566px;\" \/> <\/a> <div class=\"tiled-gallery-caption\" itemprop=\"caption description\"> Graffitis &#038; Tags &#8211; rue des Francs Bourgeois <\/div> <\/div> <\/div> <!-- close group --> <div class=\"gallery-group images-1\" style=\"width: 570px; height: 570px;\" data-original-width=\"570\" data-original-height=\"570\" > <div class=\"tiled-gallery-item tiled-gallery-item-large\" itemprop=\"associatedMedia\" itemscope itemtype=\"http:\/\/schema.org\/ImageObject\"> <a href=\"https:\/\/altinnov.blog\/index.php\/fr\/2020\/08\/25\/christian-guemy-paris\/2-street-art-paris-le-marais-blog-street-art-altinnov\/\" border=\"0\" itemprop=\"url\"> <meta itemprop=\"width\" content=\"566\"> <meta itemprop=\"height\" content=\"566\"> <img class=\"\" data-attachment-id=\"2345\" data-orig-file=\"https:\/\/altinnov.blog\/wp-content\/uploads\/2020\/08\/2-Street-Art-Paris-Le-Marais-Blog-Street-Art-Altinnov.jpg\" data-orig-size=\"2448,2448\" data-comments-opened=\"1\" data-image-meta=\"{&quot;aperture&quot;:&quot;2.2&quot;,&quot;credit&quot;:&quot;&quot;,&quot;camera&quot;:&quot;iPhone 6&quot;,&quot;caption&quot;:&quot;&quot;,&quot;created_timestamp&quot;:&quot;1592502025&quot;,&quot;copyright&quot;:&quot;&quot;,&quot;focal_length&quot;:&quot;4.15&quot;,&quot;iso&quot;:&quot;32&quot;,&quot;shutter_speed&quot;:&quot;0.008&quot;,&quot;title&quot;:&quot;&quot;,&quot;orientation&quot;:&quot;0&quot;}\" data-image-title=\"2-Street Art Paris &#8211; Le Marais &#8211; Blog Street Art Altinnov\" data-image-description=\"&lt;p&gt;Graffitis &#038; Tags dans le Marais \u00e0 Paris&lt;\/p&gt; \" data-medium-file=\"https:\/\/i0.wp.com\/altinnov.blog\/wp-content\/uploads\/2020\/08\/2-Street-Art-Paris-Le-Marais-Blog-Street-Art-Altinnov.jpg?fit=300%2C300&#038;ssl=1\" data-large-file=\"https:\/\/i0.wp.com\/altinnov.blog\/wp-content\/uploads\/2020\/08\/2-Street-Art-Paris-Le-Marais-Blog-Street-Art-Altinnov.jpg?fit=1024%2C1024&#038;ssl=1\" src=\"https:\/\/i0.wp.com\/altinnov.blog\/wp-content\/uploads\/2020\/08\/2-Street-Art-Paris-Le-Marais-Blog-Street-Art-Altinnov.jpg?w=566&#038;h=566&#038;crop=1&#038;ssl=1\" srcset=\"https:\/\/i0.wp.com\/altinnov.blog\/wp-content\/uploads\/2020\/08\/2-Street-Art-Paris-Le-Marais-Blog-Street-Art-Altinnov.jpg?w=2448&amp;ssl=1 2448w, https:\/\/i0.wp.com\/altinnov.blog\/wp-content\/uploads\/2020\/08\/2-Street-Art-Paris-Le-Marais-Blog-Street-Art-Altinnov.jpg?resize=300%2C300&amp;ssl=1 300w, https:\/\/i0.wp.com\/altinnov.blog\/wp-content\/uploads\/2020\/08\/2-Street-Art-Paris-Le-Marais-Blog-Street-Art-Altinnov.jpg?resize=1024%2C1024&amp;ssl=1 1024w, https:\/\/i0.wp.com\/altinnov.blog\/wp-content\/uploads\/2020\/08\/2-Street-Art-Paris-Le-Marais-Blog-Street-Art-Altinnov.jpg?resize=150%2C150&amp;ssl=1 150w, https:\/\/i0.wp.com\/altinnov.blog\/wp-content\/uploads\/2020\/08\/2-Street-Art-Paris-Le-Marais-Blog-Street-Art-Altinnov.jpg?resize=768%2C768&amp;ssl=1 768w, https:\/\/i0.wp.com\/altinnov.blog\/wp-content\/uploads\/2020\/08\/2-Street-Art-Paris-Le-Marais-Blog-Street-Art-Altinnov.jpg?resize=1536%2C1536&amp;ssl=1 1536w, https:\/\/i0.wp.com\/altinnov.blog\/wp-content\/uploads\/2020\/08\/2-Street-Art-Paris-Le-Marais-Blog-Street-Art-Altinnov.jpg?resize=2048%2C2048&amp;ssl=1 2048w, https:\/\/i0.wp.com\/altinnov.blog\/wp-content\/uploads\/2020\/08\/2-Street-Art-Paris-Le-Marais-Blog-Street-Art-Altinnov.jpg?w=2280&amp;ssl=1 2280w\" width=\"566\" height=\"566\" loading=\"lazy\" data-original-width=\"566\" data-original-height=\"566\" itemprop=\"http:\/\/schema.org\/image\" title=\"2-Street Art Paris - Le Marais - Blog Street Art Altinnov\" alt=\"Graffitis &amp; Tags dans le Marais \u00e0 Paris\" style=\"width: 566px; height: 566px;\" \/> <\/a> <div class=\"tiled-gallery-caption\" itemprop=\"caption description\"> Photo @Altinnov <\/div> <\/div> <\/div> <!-- close group --> <\/div> <!-- close row --> <\/div>\n<p>Si vous \u00eates fan d\u2019histoire ou de pochoir, vous pourrez d\u00e9couvrir d\u2019autres \u0153uvres de Christian Gu\u00e9my li\u00e9es \u00e0 l\u2019histoire de France dans mon article <a href=\"https:\/\/altinnov.blog\/index.php\/fr\/2018\/07\/12\/christian-guemy-street-art-pantheon\/\"><strong>\u00ab\u00a0Le Street Art au Panth\u00e9on avec l\u2019artiste Christian Gu\u00e9my \u00bb<\/strong><\/a>. Vous l\u2019avez compris cet artiste est passionn\u00e9 par certaines p\u00e9riodes de l\u2019histoire de France\u00a0; mais sachez qu\u2019il a aussi jou\u00e9 un r\u00f4le tr\u00e8s important dans <strong><a href=\"https:\/\/altinnov.blog\/index.php\/fr\/2020\/06\/29\/street-art-vitry-sur-seine\/\">l\u2019histoire du Street Art \u00e0 Vitry-sur-Seine o\u00f9 il a contribu\u00e9 \u00e0 faire de cette ville un incontournable du Street Art international<\/a>\u00a0<\/strong>!<\/p>\n<p>Je vous laisse surfer sur le blog pour faire de belles d\u00e9couvertes, et vais de ce pas chausser mes baskets\u00a0; car je vous avais promis sur <strong><a href=\"https:\/\/www.facebook.com\/Altinnov\/\" target=\"_blank\" rel=\"noopener noreferrer\">Facebook<\/a><\/strong> une d\u00e9couverte du Street Art dans le 19<sup>\u00e8me<\/sup> le long du canal de l\u2019Ourcq\u00a0!<\/p>\n<p>A tr\u00e8s bient\u00f4t pour de nouvelles aventures Street Art\u00a0\ud83d\ude09<\/p><div id=\"altin-3494989597\" class=\"altin-contenu altin-entity-placement\"><script async src=\"\/\/pagead2.googlesyndication.com\/pagead\/js\/adsbygoogle.js?client=ca-pub-4035181110757945\" crossorigin=\"anonymous\"><\/script><ins class=\"adsbygoogle\" style=\"display:block; text-align:center;\" data-ad-client=\"ca-pub-4035181110757945\" \ndata-ad-slot=\"9414912321\" \ndata-ad-layout=\"in-article\"\ndata-ad-format=\"fluid\"><\/ins>\n<script> \n(adsbygoogle = window.adsbygoogle || []).push({}); \n<\/script>\n<\/div>\n<div id=\"altin-965999402\" class=\"altin-apres-le-contenu_2 altin-entity-placement\"><!-- Ezoic - bas article - native_bottom -->\r\n<div id=\"ezoic-pub-ad-placeholder-102\"> <\/div>\r\n<!-- End Ezoic - bas article - native_bottom --><\/div><div id=\"altin-2341358357\" class=\"altin-apres-le-contenu altin-entity-placement\" style=\"margin-left: auto;margin-right: auto;text-align: center;\"><script async src=\"\/\/pagead2.googlesyndication.com\/pagead\/js\/adsbygoogle.js?client=ca-pub-4035181110757945\" crossorigin=\"anonymous\"><\/script><ins class=\"adsbygoogle\" style=\"display:block; text-align:center;\" data-ad-client=\"ca-pub-4035181110757945\" \ndata-ad-slot=\"9414912321\" \ndata-ad-layout=\"in-article\"\ndata-ad-format=\"fluid\"><\/ins>\n<script> \n(adsbygoogle = window.adsbygoogle || []).push({}); \n<\/script>\n<\/div>","protected":false},"excerpt":{"rendered":"<p>Christian Gu\u00e9my revisite, en pochoirs, l&rsquo;Histoire de France dans les rues de Paris. Je vous am\u00e8ne dans le Marais pour une belle promenade !<\/p>\n","protected":false},"author":1,"featured_media":2352,"comment_status":"open","ping_status":"open","sticky":false,"template":"","format":"standard","meta":{"jetpack_post_was_ever_published":false,"_jetpack_newsletter_access":"","_jetpack_dont_email_post_to_subs":false,"_jetpack_newsletter_tier_id":0,"_jetpack_memberships_contains_paywalled_content":false,"footnotes":"","_jetpack_memberships_contains_paid_content":false},"categories":[29],"tags":[1871,995,1877,1003,1413,1009],"yoast_head":"<!-- This site is optimized with the Yoast SEO plugin v22.6 - https:\/\/yoast.com\/wordpress\/plugins\/seo\/ -->\n<title>Christian Gu\u00e9my : quand le Street Art rencontre l\u2019Histoire de France - ALTINNOV<\/title>\n<meta name=\"description\" content=\"Christian Gu\u00e9my revisite, en pochoirs, l&#039;Histoire de France dans les rues de Paris. Je vous am\u00e8ne dans le Marais pour une belle promenade !\" \/>\n<meta name=\"robots\" content=\"index, follow, max-snippet:-1, max-image-preview:large, max-video-preview:-1\" \/>\n<link rel=\"canonical\" href=\"https:\/\/altinnov.blog\/index.php\/fr\/2020\/08\/25\/christian-guemy-paris\/\" \/>\n<meta property=\"og:locale\" content=\"fr_FR\" \/>\n<meta property=\"og:type\" content=\"article\" \/>\n<meta property=\"og:title\" content=\"Christian Gu\u00e9my : quand le Street Art rencontre l\u2019Histoire de France - ALTINNOV\" \/>\n<meta property=\"og:description\" content=\"Christian Gu\u00e9my revisite, en pochoirs, l&#039;Histoire de France dans les rues de Paris. Je vous am\u00e8ne dans le Marais pour une belle promenade !\" \/>\n<meta property=\"og:url\" content=\"https:\/\/altinnov.blog\/index.php\/fr\/2020\/08\/25\/christian-guemy-paris\/\" \/>\n<meta property=\"og:site_name\" content=\"ALTINNOV\" \/>\n<meta property=\"article:publisher\" content=\"https:\/\/www.facebook.com\/Altinnov\/\" \/>\n<meta property=\"article:author\" content=\"https:\/\/www.facebook.com\/Altinnov\/\" \/>\n<meta property=\"article:published_time\" content=\"2020-08-25T12:40:48+00:00\" \/>\n<meta property=\"article:modified_time\" content=\"2021-01-13T13:50:05+00:00\" \/>\n<meta property=\"og:image\" content=\"https:\/\/i1.wp.com\/altinnov.blog\/wp-content\/uploads\/2020\/08\/Paul-Scarron-Le-Grand-Sie\u0300cle-du-Marais-Christian-Gue\u0301my-C215-Street-Art.jpg?fit=2236%2C1789&ssl=1\" \/>\n\t<meta property=\"og:image:width\" content=\"2236\" \/>\n\t<meta property=\"og:image:height\" content=\"1789\" \/>\n\t<meta property=\"og:image:type\" content=\"image\/jpeg\" \/>\n<meta name=\"author\" content=\"S\u00e9verine\" \/>\n<meta name=\"twitter:card\" content=\"summary_large_image\" \/>\n<meta name=\"twitter:creator\" content=\"@Altinnov1\" \/>\n<meta name=\"twitter:site\" content=\"@Altinnov1\" \/>\n<meta name=\"twitter:label1\" content=\"\u00c9crit par\" \/>\n\t<meta name=\"twitter:data1\" content=\"S\u00e9verine\" \/>\n\t<meta name=\"twitter:label2\" content=\"Dur\u00e9e de lecture estim\u00e9e\" \/>\n\t<meta name=\"twitter:data2\" content=\"3 minutes\" \/>\n<script type=\"application\/ld+json\" class=\"yoast-schema-graph\">{\"@context\":\"https:\/\/schema.org\",\"@graph\":[{\"@type\":\"Article\",\"@id\":\"https:\/\/altinnov.blog\/index.php\/fr\/2020\/08\/25\/christian-guemy-paris\/#article\",\"isPartOf\":{\"@id\":\"https:\/\/altinnov.blog\/index.php\/fr\/2020\/08\/25\/christian-guemy-paris\/\"},\"author\":{\"name\":\"S\u00e9verine\",\"@id\":\"https:\/\/altinnov.blog\/#\/schema\/person\/fb38574bf72ee22878743e54d687ae5a\"},\"headline\":\"Christian Gu\u00e9my : quand le Street Art rencontre l\u2019Histoire de France\",\"datePublished\":\"2020-08-25T12:40:48+00:00\",\"dateModified\":\"2021-01-13T13:50:05+00:00\",\"mainEntityOfPage\":{\"@id\":\"https:\/\/altinnov.blog\/index.php\/fr\/2020\/08\/25\/christian-guemy-paris\/\"},\"wordCount\":586,\"commentCount\":0,\"publisher\":{\"@id\":\"https:\/\/altinnov.blog\/#\/schema\/person\/fb38574bf72ee22878743e54d687ae5a\"},\"image\":{\"@id\":\"https:\/\/altinnov.blog\/index.php\/fr\/2020\/08\/25\/christian-guemy-paris\/#primaryimage\"},\"thumbnailUrl\":\"https:\/\/i0.wp.com\/altinnov.blog\/wp-content\/uploads\/2020\/08\/Paul-Scarron-Le-Grand-Sie\u0300cle-du-Marais-Christian-Gue\u0301my-C215-Street-Art.jpg?fit=2236%2C1789&ssl=1\",\"keywords\":[\"Aydar\",\"C215 Christian Gu\u00e9my\",\"EZK Erik Ze King\",\"France\",\"Hopare\",\"invader\"],\"articleSection\":[\"Balades Street Art\"],\"inLanguage\":\"fr-FR\",\"potentialAction\":[{\"@type\":\"CommentAction\",\"name\":\"Comment\",\"target\":[\"https:\/\/altinnov.blog\/index.php\/fr\/2020\/08\/25\/christian-guemy-paris\/#respond\"]}]},{\"@type\":\"WebPage\",\"@id\":\"https:\/\/altinnov.blog\/index.php\/fr\/2020\/08\/25\/christian-guemy-paris\/\",\"url\":\"https:\/\/altinnov.blog\/index.php\/fr\/2020\/08\/25\/christian-guemy-paris\/\",\"name\":\"Christian Gu\u00e9my : quand le Street Art rencontre l\u2019Histoire de France - ALTINNOV\",\"isPartOf\":{\"@id\":\"https:\/\/altinnov.blog\/#website\"},\"primaryImageOfPage\":{\"@id\":\"https:\/\/altinnov.blog\/index.php\/fr\/2020\/08\/25\/christian-guemy-paris\/#primaryimage\"},\"image\":{\"@id\":\"https:\/\/altinnov.blog\/index.php\/fr\/2020\/08\/25\/christian-guemy-paris\/#primaryimage\"},\"thumbnailUrl\":\"https:\/\/i0.wp.com\/altinnov.blog\/wp-content\/uploads\/2020\/08\/Paul-Scarron-Le-Grand-Sie\u0300cle-du-Marais-Christian-Gue\u0301my-C215-Street-Art.jpg?fit=2236%2C1789&ssl=1\",\"datePublished\":\"2020-08-25T12:40:48+00:00\",\"dateModified\":\"2021-01-13T13:50:05+00:00\",\"description\":\"Christian Gu\u00e9my revisite, en pochoirs, l'Histoire de France dans les rues de Paris. Je vous am\u00e8ne dans le Marais pour une belle promenade !\",\"breadcrumb\":{\"@id\":\"https:\/\/altinnov.blog\/index.php\/fr\/2020\/08\/25\/christian-guemy-paris\/#breadcrumb\"},\"inLanguage\":\"fr-FR\",\"potentialAction\":[{\"@type\":\"ReadAction\",\"target\":[\"https:\/\/altinnov.blog\/index.php\/fr\/2020\/08\/25\/christian-guemy-paris\/\"]}]},{\"@type\":\"ImageObject\",\"inLanguage\":\"fr-FR\",\"@id\":\"https:\/\/altinnov.blog\/index.php\/fr\/2020\/08\/25\/christian-guemy-paris\/#primaryimage\",\"url\":\"https:\/\/i0.wp.com\/altinnov.blog\/wp-content\/uploads\/2020\/08\/Paul-Scarron-Le-Grand-Sie\u0300cle-du-Marais-Christian-Gue\u0301my-C215-Street-Art.jpg?fit=2236%2C1789&ssl=1\",\"contentUrl\":\"https:\/\/i0.wp.com\/altinnov.blog\/wp-content\/uploads\/2020\/08\/Paul-Scarron-Le-Grand-Sie\u0300cle-du-Marais-Christian-Gue\u0301my-C215-Street-Art.jpg?fit=2236%2C1789&ssl=1\",\"width\":2236,\"height\":1789,\"caption\":\"Paul Scarron par Christian Gu\u00e9my\"},{\"@type\":\"BreadcrumbList\",\"@id\":\"https:\/\/altinnov.blog\/index.php\/fr\/2020\/08\/25\/christian-guemy-paris\/#breadcrumb\",\"itemListElement\":[{\"@type\":\"ListItem\",\"position\":1,\"name\":\"Accueil\",\"item\":\"https:\/\/altinnov.blog\/\"},{\"@type\":\"ListItem\",\"position\":2,\"name\":\"Christian Gu\u00e9my : quand le Street Art rencontre l\u2019Histoire de France\"}]},{\"@type\":\"WebSite\",\"@id\":\"https:\/\/altinnov.blog\/#website\",\"url\":\"https:\/\/altinnov.blog\/\",\"name\":\"ALTINNOV\",\"description\":\"BLOG STREET ART &amp; LIFESTYLE\",\"publisher\":{\"@id\":\"https:\/\/altinnov.blog\/#\/schema\/person\/fb38574bf72ee22878743e54d687ae5a\"},\"potentialAction\":[{\"@type\":\"SearchAction\",\"target\":{\"@type\":\"EntryPoint\",\"urlTemplate\":\"https:\/\/altinnov.blog\/?s={search_term_string}\"},\"query-input\":\"required name=search_term_string\"}],\"inLanguage\":\"fr-FR\"},{\"@type\":[\"Person\",\"Organization\"],\"@id\":\"https:\/\/altinnov.blog\/#\/schema\/person\/fb38574bf72ee22878743e54d687ae5a\",\"name\":\"S\u00e9verine\",\"image\":{\"@type\":\"ImageObject\",\"inLanguage\":\"fr-FR\",\"@id\":\"https:\/\/altinnov.blog\/#\/schema\/person\/image\/\",\"url\":\"https:\/\/i0.wp.com\/altinnov.blog\/wp-content\/uploads\/2021\/07\/SkatePark-re\u0301alise\u0301-par-JonOne-dans-lespace-transition-ephe\u0301me\u0300re-dAbbeville-scaled.jpg?fit=2560%2C1920&ssl=1\",\"contentUrl\":\"https:\/\/i0.wp.com\/altinnov.blog\/wp-content\/uploads\/2021\/07\/SkatePark-re\u0301alise\u0301-par-JonOne-dans-lespace-transition-ephe\u0301me\u0300re-dAbbeville-scaled.jpg?fit=2560%2C1920&ssl=1\",\"width\":2560,\"height\":1920,\"caption\":\"S\u00e9verine\"},\"logo\":{\"@id\":\"https:\/\/altinnov.blog\/#\/schema\/person\/image\/\"},\"sameAs\":[\"https:\/\/altinnov.blog\/\",\"https:\/\/www.facebook.com\/Altinnov\/\",\"https:\/\/www.instagram.com\/Altinnov\/\",\"https:\/\/www.linkedin.com\/in\/severinetp\/\",\"https:\/\/www.pinterest.fr\/SeverineTP\/\",\"https:\/\/x.com\/Altinnov1\"]}]}<\/script>\n<!-- \/ Yoast SEO plugin. -->","yoast_head_json":{"title":"Christian Gu\u00e9my : quand le Street Art rencontre l\u2019Histoire de France - ALTINNOV","description":"Christian Gu\u00e9my revisite, en pochoirs, l'Histoire de France dans les rues de Paris. Je vous am\u00e8ne dans le Marais pour une belle promenade !","robots":{"index":"index","follow":"follow","max-snippet":"max-snippet:-1","max-image-preview":"max-image-preview:large","max-video-preview":"max-video-preview:-1"},"canonical":"https:\/\/altinnov.blog\/index.php\/fr\/2020\/08\/25\/christian-guemy-paris\/","og_locale":"fr_FR","og_type":"article","og_title":"Christian Gu\u00e9my : quand le Street Art rencontre l\u2019Histoire de France - ALTINNOV","og_description":"Christian Gu\u00e9my revisite, en pochoirs, l'Histoire de France dans les rues de Paris. Je vous am\u00e8ne dans le Marais pour une belle promenade !","og_url":"https:\/\/altinnov.blog\/index.php\/fr\/2020\/08\/25\/christian-guemy-paris\/","og_site_name":"ALTINNOV","article_publisher":"https:\/\/www.facebook.com\/Altinnov\/","article_author":"https:\/\/www.facebook.com\/Altinnov\/","article_published_time":"2020-08-25T12:40:48+00:00","article_modified_time":"2021-01-13T13:50:05+00:00","og_image":[{"width":2236,"height":1789,"url":"https:\/\/i1.wp.com\/altinnov.blog\/wp-content\/uploads\/2020\/08\/Paul-Scarron-Le-Grand-Sie\u0300cle-du-Marais-Christian-Gue\u0301my-C215-Street-Art.jpg?fit=2236%2C1789&ssl=1","type":"image\/jpeg"}],"author":"S\u00e9verine","twitter_card":"summary_large_image","twitter_creator":"@Altinnov1","twitter_site":"@Altinnov1","twitter_misc":{"\u00c9crit par":"S\u00e9verine","Dur\u00e9e de lecture estim\u00e9e":"3 minutes"},"schema":{"@context":"https:\/\/schema.org","@graph":[{"@type":"Article","@id":"https:\/\/altinnov.blog\/index.php\/fr\/2020\/08\/25\/christian-guemy-paris\/#article","isPartOf":{"@id":"https:\/\/altinnov.blog\/index.php\/fr\/2020\/08\/25\/christian-guemy-paris\/"},"author":{"name":"S\u00e9verine","@id":"https:\/\/altinnov.blog\/#\/schema\/person\/fb38574bf72ee22878743e54d687ae5a"},"headline":"Christian Gu\u00e9my : quand le Street Art rencontre l\u2019Histoire de France","datePublished":"2020-08-25T12:40:48+00:00","dateModified":"2021-01-13T13:50:05+00:00","mainEntityOfPage":{"@id":"https:\/\/altinnov.blog\/index.php\/fr\/2020\/08\/25\/christian-guemy-paris\/"},"wordCount":586,"commentCount":0,"publisher":{"@id":"https:\/\/altinnov.blog\/#\/schema\/person\/fb38574bf72ee22878743e54d687ae5a"},"image":{"@id":"https:\/\/altinnov.blog\/index.php\/fr\/2020\/08\/25\/christian-guemy-paris\/#primaryimage"},"thumbnailUrl":"https:\/\/i0.wp.com\/altinnov.blog\/wp-content\/uploads\/2020\/08\/Paul-Scarron-Le-Grand-Sie\u0300cle-du-Marais-Christian-Gue\u0301my-C215-Street-Art.jpg?fit=2236%2C1789&ssl=1","keywords":["Aydar","C215 Christian Gu\u00e9my","EZK Erik Ze King","France","Hopare","invader"],"articleSection":["Balades Street Art"],"inLanguage":"fr-FR","potentialAction":[{"@type":"CommentAction","name":"Comment","target":["https:\/\/altinnov.blog\/index.php\/fr\/2020\/08\/25\/christian-guemy-paris\/#respond"]}]},{"@type":"WebPage","@id":"https:\/\/altinnov.blog\/index.php\/fr\/2020\/08\/25\/christian-guemy-paris\/","url":"https:\/\/altinnov.blog\/index.php\/fr\/2020\/08\/25\/christian-guemy-paris\/","name":"Christian Gu\u00e9my : quand le Street Art rencontre l\u2019Histoire de France - ALTINNOV","isPartOf":{"@id":"https:\/\/altinnov.blog\/#website"},"primaryImageOfPage":{"@id":"https:\/\/altinnov.blog\/index.php\/fr\/2020\/08\/25\/christian-guemy-paris\/#primaryimage"},"image":{"@id":"https:\/\/altinnov.blog\/index.php\/fr\/2020\/08\/25\/christian-guemy-paris\/#primaryimage"},"thumbnailUrl":"https:\/\/i0.wp.com\/altinnov.blog\/wp-content\/uploads\/2020\/08\/Paul-Scarron-Le-Grand-Sie\u0300cle-du-Marais-Christian-Gue\u0301my-C215-Street-Art.jpg?fit=2236%2C1789&ssl=1","datePublished":"2020-08-25T12:40:48+00:00","dateModified":"2021-01-13T13:50:05+00:00","description":"Christian Gu\u00e9my revisite, en pochoirs, l'Histoire de France dans les rues de Paris. Je vous am\u00e8ne dans le Marais pour une belle promenade !","breadcrumb":{"@id":"https:\/\/altinnov.blog\/index.php\/fr\/2020\/08\/25\/christian-guemy-paris\/#breadcrumb"},"inLanguage":"fr-FR","potentialAction":[{"@type":"ReadAction","target":["https:\/\/altinnov.blog\/index.php\/fr\/2020\/08\/25\/christian-guemy-paris\/"]}]},{"@type":"ImageObject","inLanguage":"fr-FR","@id":"https:\/\/altinnov.blog\/index.php\/fr\/2020\/08\/25\/christian-guemy-paris\/#primaryimage","url":"https:\/\/i0.wp.com\/altinnov.blog\/wp-content\/uploads\/2020\/08\/Paul-Scarron-Le-Grand-Sie\u0300cle-du-Marais-Christian-Gue\u0301my-C215-Street-Art.jpg?fit=2236%2C1789&ssl=1","contentUrl":"https:\/\/i0.wp.com\/altinnov.blog\/wp-content\/uploads\/2020\/08\/Paul-Scarron-Le-Grand-Sie\u0300cle-du-Marais-Christian-Gue\u0301my-C215-Street-Art.jpg?fit=2236%2C1789&ssl=1","width":2236,"height":1789,"caption":"Paul Scarron par Christian Gu\u00e9my"},{"@type":"BreadcrumbList","@id":"https:\/\/altinnov.blog\/index.php\/fr\/2020\/08\/25\/christian-guemy-paris\/#breadcrumb","itemListElement":[{"@type":"ListItem","position":1,"name":"Accueil","item":"https:\/\/altinnov.blog\/"},{"@type":"ListItem","position":2,"name":"Christian Gu\u00e9my : quand le Street Art rencontre l\u2019Histoire de France"}]},{"@type":"WebSite","@id":"https:\/\/altinnov.blog\/#website","url":"https:\/\/altinnov.blog\/","name":"ALTINNOV","description":"BLOG STREET ART &amp; LIFESTYLE","publisher":{"@id":"https:\/\/altinnov.blog\/#\/schema\/person\/fb38574bf72ee22878743e54d687ae5a"},"potentialAction":[{"@type":"SearchAction","target":{"@type":"EntryPoint","urlTemplate":"https:\/\/altinnov.blog\/?s={search_term_string}"},"query-input":"required name=search_term_string"}],"inLanguage":"fr-FR"},{"@type":["Person","Organization"],"@id":"https:\/\/altinnov.blog\/#\/schema\/person\/fb38574bf72ee22878743e54d687ae5a","name":"S\u00e9verine","image":{"@type":"ImageObject","inLanguage":"fr-FR","@id":"https:\/\/altinnov.blog\/#\/schema\/person\/image\/","url":"https:\/\/i0.wp.com\/altinnov.blog\/wp-content\/uploads\/2021\/07\/SkatePark-re\u0301alise\u0301-par-JonOne-dans-lespace-transition-ephe\u0301me\u0300re-dAbbeville-scaled.jpg?fit=2560%2C1920&ssl=1","contentUrl":"https:\/\/i0.wp.com\/altinnov.blog\/wp-content\/uploads\/2021\/07\/SkatePark-re\u0301alise\u0301-par-JonOne-dans-lespace-transition-ephe\u0301me\u0300re-dAbbeville-scaled.jpg?fit=2560%2C1920&ssl=1","width":2560,"height":1920,"caption":"S\u00e9verine"},"logo":{"@id":"https:\/\/altinnov.blog\/#\/schema\/person\/image\/"},"sameAs":["https:\/\/altinnov.blog\/","https:\/\/www.facebook.com\/Altinnov\/","https:\/\/www.instagram.com\/Altinnov\/","https:\/\/www.linkedin.com\/in\/severinetp\/","https:\/\/www.pinterest.fr\/SeverineTP\/","https:\/\/x.com\/Altinnov1"]}]}},"jetpack_sharing_enabled":true,"jetpack_featured_media_url":"https:\/\/i0.wp.com\/altinnov.blog\/wp-content\/uploads\/2020\/08\/Paul-Scarron-Le-Grand-Sie\u0300cle-du-Marais-Christian-Gue\u0301my-C215-Street-Art.jpg?fit=2236%2C1789&ssl=1","jetpack_shortlink":"https:\/\/wp.me\/pakAzb-BL","jetpack_likes_enabled":false,"jetpack-related-posts":[],"_links":{"self":[{"href":"https:\/\/altinnov.blog\/index.php\/wp-json\/wp\/v2\/posts\/2341"}],"collection":[{"href":"https:\/\/altinnov.blog\/index.php\/wp-json\/wp\/v2\/posts"}],"about":[{"href":"https:\/\/altinnov.blog\/index.php\/wp-json\/wp\/v2\/types\/post"}],"author":[{"embeddable":true,"href":"https:\/\/altinnov.blog\/index.php\/wp-json\/wp\/v2\/users\/1"}],"replies":[{"embeddable":true,"href":"https:\/\/altinnov.blog\/index.php\/wp-json\/wp\/v2\/comments?post=2341"}],"version-history":[{"count":15,"href":"https:\/\/altinnov.blog\/index.php\/wp-json\/wp\/v2\/posts\/2341\/revisions"}],"predecessor-version":[{"id":2387,"href":"https:\/\/altinnov.blog\/index.php\/wp-json\/wp\/v2\/posts\/2341\/revisions\/2387"}],"wp:featuredmedia":[{"embeddable":true,"href":"https:\/\/altinnov.blog\/index.php\/wp-json\/wp\/v2\/media\/2352"}],"wp:attachment":[{"href":"https:\/\/altinnov.blog\/index.php\/wp-json\/wp\/v2\/media?parent=2341"}],"wp:term":[{"taxonomy":"category","embeddable":true,"href":"https:\/\/altinnov.blog\/index.php\/wp-json\/wp\/v2\/categories?post=2341"},{"taxonomy":"post_tag","embeddable":true,"href":"https:\/\/altinnov.blog\/index.php\/wp-json\/wp\/v2\/tags?post=2341"}],"curies":[{"name":"wp","href":"https:\/\/api.w.org\/{rel}","templated":true}]}}