{"id":1547,"date":"2019-08-02T14:04:35","date_gmt":"2019-08-02T12:04:35","guid":{"rendered":"https:\/\/altinnov.blog\/?p=1547"},"modified":"2021-01-12T19:15:12","modified_gmt":"2021-01-12T18:15:12","slug":"paris-street-art-wall-revolutionary","status":"publish","type":"post","link":"https:\/\/altinnov.blog\/index.php\/en\/2019\/08\/02\/paris-street-art-wall-revolutionary\/","title":{"rendered":"in Paris, a Street Art wall transformed into a revolutionary pamphlet!"},"content":{"rendered":"<p>The Ordener wall, located in the north of the 18th district of Paris, has been dedicated to Street Art for decades. There were mainly graffiti with highly worked Blaze focusing on urban cultures: Hip Hop, Rap, &#8230; But here it is; in recent weeks the wall has really changed face and taken a libertarian twist, even revolutionary. For the first time, the Ordener wall becomes the witness of our French news, witnessing the economic crisis, police violence against yellow vests, &#8230; As the new frescoes begin to be covered with graffiti, I went there before everything has disappeared. I am registering as a witness of this change!<\/p>\n<p>&nbsp;<\/p><div id=\"altin-1311244977\" class=\"altin-contenu_2 altin-entity-placement\"><script async src=\"\/\/pagead2.googlesyndication.com\/pagead\/js\/adsbygoogle.js?client=ca-pub-4035181110757945\" crossorigin=\"anonymous\"><\/script><ins class=\"adsbygoogle\" style=\"display:block; text-align:center;\" data-ad-client=\"ca-pub-4035181110757945\" \ndata-ad-slot=\"9414912321\" \ndata-ad-layout=\"in-article\"\ndata-ad-format=\"fluid\"><\/ins>\n<script> \n(adsbygoogle = window.adsbygoogle || []).push({}); \n<\/script>\n<\/div>\n<p><strong>The Desperate Man of Gustave Courbet reinterpreted by PBOY: We love it!<\/strong><\/p>\n<p>Impossible not to put this incredible fresco on the cover of my article! Its realization is magic! Pointillism made with aerosol for incredible rendering! The artist <a href=\"https:\/\/www.pboy-art.com\/\" target=\"_blank\" rel=\"noopener noreferrer\"><strong>Pascal Boyart, aka PBOY<\/strong><\/a>, is not only a libertarian artist; but he reinterprets brilliantly the works of painters such as Gustave Courbet, Edouard Manet, or Gustave Delacroix. A committed and innovative artist, he denounces in his works the current financial system and inserts in each of his frescoes a QR Code to receive donations in Bitcoin. You will understand that this talented artist is transgressive and personally I find it quite exciting; since he manages to finance his paintings thanks to generous donors.<\/p>\n<p>&nbsp;<\/p>\n<h4>Parisian graffriti Crews take a stand for yellow vests<\/h4>\n<p>The Ordener wall has changed in a few weeks and as you will understand, I will try to stay factual in talking to you.Far from me the idea of \u200b\u200bentering political debates, even if these new frescoes are totally covering the French politic situation.<\/p>\n<p>The crews <a href=\"https:\/\/www.instagram.com\/cktcrew\/\" target=\"_blank\" rel=\"noopener noreferrer\"><strong>CKT<\/strong><\/a> and <strong>CP5<\/strong>, having some well known artists as <a href=\"https:\/\/www.instagram.com\/barth.painter\/\" target=\"_blank\" rel=\"noopener noreferrer\"><strong>Barth Le Sablier<\/strong><\/a> or <a href=\"https:\/\/www.instagram.com\/sun.c\/\" target=\"_blank\" rel=\"noopener noreferrer\"><strong>Sun.C<\/strong><\/a> allied themselves with the protest movement <a href=\"https:\/\/www.instagram.com\/blacklinescommunity\/\" target=\"_blank\" rel=\"noopener noreferrer\"><strong>Black Lines Community<\/strong><\/a>; a movement where the politically correct has no place.<\/p>\n<p>They denounce police violence, broken promises, censorship &#8230;. As you can see in my photos, the images are powerful and we feel a certain amount of violence, even discomfort watching them. They are the reflection, very realistic, of the terrible clashes that took place in France in the past months.<\/p>\n<div class=\"tiled-gallery type-rectangular tiled-gallery-unresized\" data-original-width=\"1140\" data-carousel-extra='null' itemscope itemtype=\"http:\/\/schema.org\/ImageGallery\" > <div class=\"gallery-row\" style=\"width: 1140px; height: 429px;\" data-original-width=\"1140\" data-original-height=\"429\" > <div class=\"gallery-group images-1\" style=\"width: 570px; height: 429px;\" data-original-width=\"570\" data-original-height=\"429\" > <div class=\"tiled-gallery-item tiled-gallery-item-large\" itemprop=\"associatedMedia\" itemscope itemtype=\"http:\/\/schema.org\/ImageObject\"> <a href=\"https:\/\/altinnov.blog\/index.php\/fr\/2019\/08\/02\/street-art-paris-mur-ordener\/blacklines-community-2\/\" border=\"0\" itemprop=\"url\"> <meta itemprop=\"width\" content=\"566\"> <meta itemprop=\"height\" content=\"425\"> <img class=\"\" data-attachment-id=\"1530\" data-orig-file=\"https:\/\/altinnov.blog\/wp-content\/uploads\/2019\/08\/Blacklines-community-2.jpg\" data-orig-size=\"3264,2448\" data-comments-opened=\"1\" data-image-meta=\"{&quot;aperture&quot;:&quot;2.2&quot;,&quot;credit&quot;:&quot;&quot;,&quot;camera&quot;:&quot;iPhone 6&quot;,&quot;caption&quot;:&quot;&quot;,&quot;created_timestamp&quot;:&quot;1564573310&quot;,&quot;copyright&quot;:&quot;&quot;,&quot;focal_length&quot;:&quot;4.15&quot;,&quot;iso&quot;:&quot;32&quot;,&quot;shutter_speed&quot;:&quot;0.00075815011372252&quot;,&quot;title&quot;:&quot;&quot;,&quot;orientation&quot;:&quot;0&quot;}\" data-image-title=\"Blacklines community 2\" data-image-description=\"&lt;p&gt;Street Art Paris &#8211; fresque d\u00e9non\u00e7ant les violences polici\u00e8res&lt;\/p&gt; \" data-medium-file=\"https:\/\/i0.wp.com\/altinnov.blog\/wp-content\/uploads\/2019\/08\/Blacklines-community-2.jpg?fit=300%2C225&#038;ssl=1\" data-large-file=\"https:\/\/i0.wp.com\/altinnov.blog\/wp-content\/uploads\/2019\/08\/Blacklines-community-2.jpg?fit=1024%2C768&#038;ssl=1\" src=\"https:\/\/i0.wp.com\/altinnov.blog\/wp-content\/uploads\/2019\/08\/Blacklines-community-2.jpg?w=566&#038;h=425&#038;ssl=1\" srcset=\"https:\/\/i0.wp.com\/altinnov.blog\/wp-content\/uploads\/2019\/08\/Blacklines-community-2.jpg?w=3264&amp;ssl=1 3264w, https:\/\/i0.wp.com\/altinnov.blog\/wp-content\/uploads\/2019\/08\/Blacklines-community-2.jpg?resize=300%2C225&amp;ssl=1 300w, https:\/\/i0.wp.com\/altinnov.blog\/wp-content\/uploads\/2019\/08\/Blacklines-community-2.jpg?resize=768%2C576&amp;ssl=1 768w, https:\/\/i0.wp.com\/altinnov.blog\/wp-content\/uploads\/2019\/08\/Blacklines-community-2.jpg?resize=1024%2C768&amp;ssl=1 1024w, https:\/\/i0.wp.com\/altinnov.blog\/wp-content\/uploads\/2019\/08\/Blacklines-community-2.jpg?resize=160%2C120&amp;ssl=1 160w, https:\/\/i0.wp.com\/altinnov.blog\/wp-content\/uploads\/2019\/08\/Blacklines-community-2.jpg?w=2280&amp;ssl=1 2280w\" width=\"566\" height=\"425\" loading=\"lazy\" data-original-width=\"566\" data-original-height=\"425\" itemprop=\"http:\/\/schema.org\/image\" title=\"Blacklines community 2\" alt=\"Street Art Paris - fresque d\u00e9non\u00e7ant les violences polici\u00e8resStreet Art Paris - fresque d\u00e9non\u00e7ant les violences polici\u00e8res\" style=\"width: 566px; height: 425px;\" \/> <\/a> <div class=\"tiled-gallery-caption\" itemprop=\"caption description\"> Fresque d\u00e9non\u00e7ant les violences polici\u00e8res <\/div> <\/div> <\/div> <!-- close group --> <div class=\"gallery-group images-1\" style=\"width: 570px; height: 429px;\" data-original-width=\"570\" data-original-height=\"429\" > <div class=\"tiled-gallery-item tiled-gallery-item-large\" itemprop=\"associatedMedia\" itemscope itemtype=\"http:\/\/schema.org\/ImageObject\"> <a href=\"https:\/\/altinnov.blog\/index.php\/fr\/2019\/08\/02\/street-art-paris-mur-ordener\/black-lines-community1\/\" border=\"0\" itemprop=\"url\"> <meta itemprop=\"width\" content=\"566\"> <meta itemprop=\"height\" content=\"425\"> <img class=\"\" data-attachment-id=\"1529\" data-orig-file=\"https:\/\/altinnov.blog\/wp-content\/uploads\/2019\/08\/Black-Lines-community1.jpg\" data-orig-size=\"3264,2448\" data-comments-opened=\"1\" data-image-meta=\"{&quot;aperture&quot;:&quot;2.2&quot;,&quot;credit&quot;:&quot;&quot;,&quot;camera&quot;:&quot;iPhone 6&quot;,&quot;caption&quot;:&quot;&quot;,&quot;created_timestamp&quot;:&quot;1564573245&quot;,&quot;copyright&quot;:&quot;&quot;,&quot;focal_length&quot;:&quot;4.15&quot;,&quot;iso&quot;:&quot;32&quot;,&quot;shutter_speed&quot;:&quot;0.001187648456057&quot;,&quot;title&quot;:&quot;&quot;,&quot;orientation&quot;:&quot;0&quot;}\" data-image-title=\"Black Lines community1\" data-image-description=\"&lt;p&gt;Street Art Paris &#8211; fresque d\u00e9non\u00e7ant les violences polici\u00e8res&lt;\/p&gt; \" data-medium-file=\"https:\/\/i0.wp.com\/altinnov.blog\/wp-content\/uploads\/2019\/08\/Black-Lines-community1.jpg?fit=300%2C225&#038;ssl=1\" data-large-file=\"https:\/\/i0.wp.com\/altinnov.blog\/wp-content\/uploads\/2019\/08\/Black-Lines-community1.jpg?fit=1024%2C768&#038;ssl=1\" src=\"https:\/\/i0.wp.com\/altinnov.blog\/wp-content\/uploads\/2019\/08\/Black-Lines-community1.jpg?w=566&#038;h=425&#038;ssl=1\" srcset=\"https:\/\/i0.wp.com\/altinnov.blog\/wp-content\/uploads\/2019\/08\/Black-Lines-community1.jpg?w=3264&amp;ssl=1 3264w, https:\/\/i0.wp.com\/altinnov.blog\/wp-content\/uploads\/2019\/08\/Black-Lines-community1.jpg?resize=300%2C225&amp;ssl=1 300w, https:\/\/i0.wp.com\/altinnov.blog\/wp-content\/uploads\/2019\/08\/Black-Lines-community1.jpg?resize=768%2C576&amp;ssl=1 768w, https:\/\/i0.wp.com\/altinnov.blog\/wp-content\/uploads\/2019\/08\/Black-Lines-community1.jpg?resize=1024%2C768&amp;ssl=1 1024w, https:\/\/i0.wp.com\/altinnov.blog\/wp-content\/uploads\/2019\/08\/Black-Lines-community1.jpg?resize=160%2C120&amp;ssl=1 160w, https:\/\/i0.wp.com\/altinnov.blog\/wp-content\/uploads\/2019\/08\/Black-Lines-community1.jpg?w=2280&amp;ssl=1 2280w\" width=\"566\" height=\"425\" loading=\"lazy\" data-original-width=\"566\" data-original-height=\"425\" itemprop=\"http:\/\/schema.org\/image\" title=\"Black Lines community1\" alt=\"Street Art Paris - fresque d\u00e9non\u00e7ant les violences polici\u00e8res\" style=\"width: 566px; height: 425px;\" \/> <\/a> <div class=\"tiled-gallery-caption\" itemprop=\"caption description\"> Black Lines Communiy &#8211; Photo \u00a9Altinnov <\/div> <\/div> <\/div> <!-- close group --> <\/div> <!-- close row --> <\/div>\n<div class=\"tiled-gallery type-rectangular tiled-gallery-unresized\" data-original-width=\"1140\" data-carousel-extra='null' itemscope itemtype=\"http:\/\/schema.org\/ImageGallery\" > <div class=\"gallery-row\" style=\"width: 1140px; height: 570px;\" data-original-width=\"1140\" data-original-height=\"570\" > <div class=\"gallery-group images-1\" style=\"width: 570px; height: 570px;\" data-original-width=\"570\" data-original-height=\"570\" > <div class=\"tiled-gallery-item tiled-gallery-item-large\" itemprop=\"associatedMedia\" itemscope itemtype=\"http:\/\/schema.org\/ImageObject\"> <a href=\"https:\/\/altinnov.blog\/index.php\/fr\/2019\/08\/02\/street-art-paris-mur-ordener\/barth-le-sablier\/\" border=\"0\" itemprop=\"url\"> <meta itemprop=\"width\" content=\"566\"> <meta itemprop=\"height\" content=\"566\"> <img class=\"\" data-attachment-id=\"1533\" data-orig-file=\"https:\/\/altinnov.blog\/wp-content\/uploads\/2019\/08\/Barth-le-sablier.jpg\" data-orig-size=\"2448,2448\" data-comments-opened=\"1\" data-image-meta=\"{&quot;aperture&quot;:&quot;2.2&quot;,&quot;credit&quot;:&quot;&quot;,&quot;camera&quot;:&quot;iPhone 6&quot;,&quot;caption&quot;:&quot;&quot;,&quot;created_timestamp&quot;:&quot;1564573341&quot;,&quot;copyright&quot;:&quot;&quot;,&quot;focal_length&quot;:&quot;4.15&quot;,&quot;iso&quot;:&quot;32&quot;,&quot;shutter_speed&quot;:&quot;0.0010373443983402&quot;,&quot;title&quot;:&quot;&quot;,&quot;orientation&quot;:&quot;0&quot;}\" data-image-title=\"Barth le sablier\" data-image-description=\"\" data-medium-file=\"https:\/\/i0.wp.com\/altinnov.blog\/wp-content\/uploads\/2019\/08\/Barth-le-sablier.jpg?fit=300%2C300&#038;ssl=1\" data-large-file=\"https:\/\/i0.wp.com\/altinnov.blog\/wp-content\/uploads\/2019\/08\/Barth-le-sablier.jpg?fit=1024%2C1024&#038;ssl=1\" src=\"https:\/\/i0.wp.com\/altinnov.blog\/wp-content\/uploads\/2019\/08\/Barth-le-sablier.jpg?w=566&#038;h=566&#038;crop=1&#038;ssl=1\" srcset=\"https:\/\/i0.wp.com\/altinnov.blog\/wp-content\/uploads\/2019\/08\/Barth-le-sablier.jpg?w=2448&amp;ssl=1 2448w, https:\/\/i0.wp.com\/altinnov.blog\/wp-content\/uploads\/2019\/08\/Barth-le-sablier.jpg?resize=150%2C150&amp;ssl=1 150w, https:\/\/i0.wp.com\/altinnov.blog\/wp-content\/uploads\/2019\/08\/Barth-le-sablier.jpg?resize=300%2C300&amp;ssl=1 300w, https:\/\/i0.wp.com\/altinnov.blog\/wp-content\/uploads\/2019\/08\/Barth-le-sablier.jpg?resize=768%2C768&amp;ssl=1 768w, https:\/\/i0.wp.com\/altinnov.blog\/wp-content\/uploads\/2019\/08\/Barth-le-sablier.jpg?resize=1024%2C1024&amp;ssl=1 1024w, https:\/\/i0.wp.com\/altinnov.blog\/wp-content\/uploads\/2019\/08\/Barth-le-sablier.jpg?w=2280&amp;ssl=1 2280w\" width=\"566\" height=\"566\" loading=\"lazy\" data-original-width=\"566\" data-original-height=\"566\" itemprop=\"http:\/\/schema.org\/image\" title=\"Barth le sablier\" alt=\"Street Art Paris - Fresque contestataire r\u00e9alis\u00e9e par Barth Le Sablier sur le Mur ordenere\" style=\"width: 566px; height: 566px;\" \/> <\/a> <div class=\"tiled-gallery-caption\" itemprop=\"caption description\"> Barth Le Sablier &#8211; Copyright : @Altinnov <\/div> <\/div> <\/div> <!-- close group --> <div class=\"gallery-group images-1\" style=\"width: 570px; height: 570px;\" data-original-width=\"570\" data-original-height=\"570\" > <div class=\"tiled-gallery-item tiled-gallery-item-large\" itemprop=\"associatedMedia\" itemscope itemtype=\"http:\/\/schema.org\/ImageObject\"> <a href=\"https:\/\/altinnov.blog\/index.php\/fr\/2019\/08\/02\/street-art-paris-mur-ordener\/sunc-934crew\/\" border=\"0\" itemprop=\"url\"> <meta itemprop=\"width\" content=\"566\"> <meta itemprop=\"height\" content=\"566\"> <img class=\"\" data-attachment-id=\"1532\" data-orig-file=\"https:\/\/altinnov.blog\/wp-content\/uploads\/2019\/08\/SunC-934Crew.jpg\" data-orig-size=\"2448,2448\" data-comments-opened=\"1\" data-image-meta=\"{&quot;aperture&quot;:&quot;2.2&quot;,&quot;credit&quot;:&quot;&quot;,&quot;camera&quot;:&quot;iPhone 6&quot;,&quot;caption&quot;:&quot;&quot;,&quot;created_timestamp&quot;:&quot;1564573167&quot;,&quot;copyright&quot;:&quot;&quot;,&quot;focal_length&quot;:&quot;4.15&quot;,&quot;iso&quot;:&quot;32&quot;,&quot;shutter_speed&quot;:&quot;0.0015174506828528&quot;,&quot;title&quot;:&quot;&quot;,&quot;orientation&quot;:&quot;0&quot;}\" data-image-title=\"SunC-934Crew\" data-image-description=\"&lt;p&gt;Street Art Paris &#8211; fresque r\u00e9alis\u00e9e par Sun.c contre les promesses politiques non tenues&lt;\/p&gt; \" data-medium-file=\"https:\/\/i0.wp.com\/altinnov.blog\/wp-content\/uploads\/2019\/08\/SunC-934Crew.jpg?fit=300%2C300&#038;ssl=1\" data-large-file=\"https:\/\/i0.wp.com\/altinnov.blog\/wp-content\/uploads\/2019\/08\/SunC-934Crew.jpg?fit=1024%2C1024&#038;ssl=1\" src=\"https:\/\/i0.wp.com\/altinnov.blog\/wp-content\/uploads\/2019\/08\/SunC-934Crew.jpg?w=566&#038;h=566&#038;crop=1&#038;ssl=1\" srcset=\"https:\/\/i0.wp.com\/altinnov.blog\/wp-content\/uploads\/2019\/08\/SunC-934Crew.jpg?w=2448&amp;ssl=1 2448w, https:\/\/i0.wp.com\/altinnov.blog\/wp-content\/uploads\/2019\/08\/SunC-934Crew.jpg?resize=150%2C150&amp;ssl=1 150w, https:\/\/i0.wp.com\/altinnov.blog\/wp-content\/uploads\/2019\/08\/SunC-934Crew.jpg?resize=300%2C300&amp;ssl=1 300w, https:\/\/i0.wp.com\/altinnov.blog\/wp-content\/uploads\/2019\/08\/SunC-934Crew.jpg?resize=768%2C768&amp;ssl=1 768w, https:\/\/i0.wp.com\/altinnov.blog\/wp-content\/uploads\/2019\/08\/SunC-934Crew.jpg?resize=1024%2C1024&amp;ssl=1 1024w, https:\/\/i0.wp.com\/altinnov.blog\/wp-content\/uploads\/2019\/08\/SunC-934Crew.jpg?w=2280&amp;ssl=1 2280w\" width=\"566\" height=\"566\" loading=\"lazy\" data-original-width=\"566\" data-original-height=\"566\" itemprop=\"http:\/\/schema.org\/image\" title=\"SunC-934Crew\" alt=\"Street Art Paris - fresque r\u00e9alis\u00e9e par Sun.c contre les promesses politiques non tenues\" style=\"width: 566px; height: 566px;\" \/> <\/a> <div class=\"tiled-gallery-caption\" itemprop=\"caption description\"> Sun.C &#8211; Copyright : @Altinnov <\/div> <\/div> <\/div> <!-- close group --> <\/div> <!-- close row --> <\/div>\n<p>I come to this fresco which made me cold in the back. And I would like you to tell me in comment your feelings. Personally I had the strange feeling that she was calling for violence and it bothered me. But, I still want to show it to you, because it is there, on the Ordener wall with this provocative text \u00ab\u00a0Jesus was a Black Block\u00a0\u00bb. Frankly if you have a minute and an opinion; I would be happy to know it!<\/p>\n<div id=\"attachment_1536\" style=\"width: 1034px\" class=\"wp-caption aligncenter\"><img aria-describedby=\"caption-attachment-1536\" decoding=\"async\" loading=\"lazy\" class=\"size-large wp-image-1536\" src=\"https:\/\/i0.wp.com\/altinnov.blog\/wp-content\/uploads\/2019\/08\/Black-Lines-Community-Jesus-was-a-Black-Block.jpg?resize=1024%2C608&#038;ssl=1\" alt=\"Fresque r\u00e9volutionnaire &quot;Jesus was a Black Block&quot; par le collectif Black Lines Community sur le mur Ordener \u00e0 Paris\" width=\"1024\" height=\"608\" srcset=\"https:\/\/i0.wp.com\/altinnov.blog\/wp-content\/uploads\/2019\/08\/Black-Lines-Community-Jesus-was-a-Black-Block.jpg?resize=1024%2C608&amp;ssl=1 1024w, https:\/\/i0.wp.com\/altinnov.blog\/wp-content\/uploads\/2019\/08\/Black-Lines-Community-Jesus-was-a-Black-Block.jpg?resize=300%2C178&amp;ssl=1 300w, https:\/\/i0.wp.com\/altinnov.blog\/wp-content\/uploads\/2019\/08\/Black-Lines-Community-Jesus-was-a-Black-Block.jpg?resize=768%2C456&amp;ssl=1 768w\" sizes=\"(max-width: 1024px) 100vw, 1024px\" data-recalc-dims=\"1\" \/><p id=\"caption-attachment-1536\" class=\"wp-caption-text\">\u00ab\u00a0Jesus was a Black Block\u00a0\u00bb &#8211; Black Lines Community &#8211; Copyright : @Altinnov<\/p><\/div>\n<p>&nbsp;<\/p><div id=\"altin-677060164\" class=\"altin-contenu altin-entity-placement\"><script async src=\"\/\/pagead2.googlesyndication.com\/pagead\/js\/adsbygoogle.js?client=ca-pub-4035181110757945\" crossorigin=\"anonymous\"><\/script><ins class=\"adsbygoogle\" style=\"display:block; text-align:center;\" data-ad-client=\"ca-pub-4035181110757945\" \ndata-ad-slot=\"9414912321\" \ndata-ad-layout=\"in-article\"\ndata-ad-format=\"fluid\"><\/ins>\n<script> \n(adsbygoogle = window.adsbygoogle || []).push({}); \n<\/script>\n<\/div>\n<h4>Fortunately, Street Art in Paris is also lightness!<\/h4>\n<p>I&rsquo;m not going to hide it, I found the atmosphere around the Ordener wall was heavy, almost scary. But as I told you at the beginning of the article; the fun side of Street Art is gradually taking over. So I&rsquo;m going to finish this article with a lighter Street Art; which is in complete offset with the previous frescoes!<\/p>\n<div class=\"tiled-gallery type-rectangular tiled-gallery-unresized\" data-original-width=\"1140\" data-carousel-extra='null' itemscope itemtype=\"http:\/\/schema.org\/ImageGallery\" > <div class=\"gallery-row\" style=\"width: 1140px; height: 570px;\" data-original-width=\"1140\" data-original-height=\"570\" > <div class=\"gallery-group images-1\" style=\"width: 570px; height: 570px;\" data-original-width=\"570\" data-original-height=\"570\" > <div class=\"tiled-gallery-item tiled-gallery-item-large\" itemprop=\"associatedMedia\" itemscope itemtype=\"http:\/\/schema.org\/ImageObject\"> <a href=\"https:\/\/altinnov.blog\/index.php\/fr\/2019\/08\/02\/street-art-paris-mur-ordener\/ckt-mur-ordener-1\/\" border=\"0\" itemprop=\"url\"> <meta itemprop=\"width\" content=\"566\"> <meta itemprop=\"height\" content=\"566\"> <img class=\"\" data-attachment-id=\"1539\" data-orig-file=\"https:\/\/altinnov.blog\/wp-content\/uploads\/2019\/08\/CKT-mur-Ordener-1.jpg\" data-orig-size=\"2448,2448\" data-comments-opened=\"1\" data-image-meta=\"{&quot;aperture&quot;:&quot;2.2&quot;,&quot;credit&quot;:&quot;&quot;,&quot;camera&quot;:&quot;iPhone 6&quot;,&quot;caption&quot;:&quot;&quot;,&quot;created_timestamp&quot;:&quot;1564572323&quot;,&quot;copyright&quot;:&quot;&quot;,&quot;focal_length&quot;:&quot;4.15&quot;,&quot;iso&quot;:&quot;32&quot;,&quot;shutter_speed&quot;:&quot;0.0013404825737265&quot;,&quot;title&quot;:&quot;&quot;,&quot;orientation&quot;:&quot;0&quot;}\" data-image-title=\"CKT-mur Ordener-1\" data-image-description=\"&lt;p&gt;Fresque et graffitis r\u00e9alis\u00e9s par le CKT Crew sur le mur Ordener \u00e0 Paris&lt;\/p&gt; \" data-medium-file=\"https:\/\/i0.wp.com\/altinnov.blog\/wp-content\/uploads\/2019\/08\/CKT-mur-Ordener-1.jpg?fit=300%2C300&#038;ssl=1\" data-large-file=\"https:\/\/i0.wp.com\/altinnov.blog\/wp-content\/uploads\/2019\/08\/CKT-mur-Ordener-1.jpg?fit=1024%2C1024&#038;ssl=1\" src=\"https:\/\/i0.wp.com\/altinnov.blog\/wp-content\/uploads\/2019\/08\/CKT-mur-Ordener-1.jpg?w=566&#038;h=566&#038;crop=1&#038;ssl=1\" srcset=\"https:\/\/i0.wp.com\/altinnov.blog\/wp-content\/uploads\/2019\/08\/CKT-mur-Ordener-1.jpg?w=2448&amp;ssl=1 2448w, https:\/\/i0.wp.com\/altinnov.blog\/wp-content\/uploads\/2019\/08\/CKT-mur-Ordener-1.jpg?resize=150%2C150&amp;ssl=1 150w, https:\/\/i0.wp.com\/altinnov.blog\/wp-content\/uploads\/2019\/08\/CKT-mur-Ordener-1.jpg?resize=300%2C300&amp;ssl=1 300w, https:\/\/i0.wp.com\/altinnov.blog\/wp-content\/uploads\/2019\/08\/CKT-mur-Ordener-1.jpg?resize=768%2C768&amp;ssl=1 768w, https:\/\/i0.wp.com\/altinnov.blog\/wp-content\/uploads\/2019\/08\/CKT-mur-Ordener-1.jpg?resize=1024%2C1024&amp;ssl=1 1024w, https:\/\/i0.wp.com\/altinnov.blog\/wp-content\/uploads\/2019\/08\/CKT-mur-Ordener-1.jpg?w=2280&amp;ssl=1 2280w\" width=\"566\" height=\"566\" loading=\"lazy\" data-original-width=\"566\" data-original-height=\"566\" itemprop=\"http:\/\/schema.org\/image\" title=\"CKT-mur Ordener-1\" alt=\"Fresque et graffitis r\u00e9alis\u00e9s par le CKT Crew sur le mur Ordener \u00e0 Paris\" style=\"width: 566px; height: 566px;\" \/> <\/a> <div class=\"tiled-gallery-caption\" itemprop=\"caption description\"> Fresque &#038; graffitis par CKT Crew <\/div> <\/div> <\/div> <!-- close group --> <div class=\"gallery-group images-1\" style=\"width: 570px; height: 570px;\" data-original-width=\"570\" data-original-height=\"570\" > <div class=\"tiled-gallery-item tiled-gallery-item-large\" itemprop=\"associatedMedia\" itemscope itemtype=\"http:\/\/schema.org\/ImageObject\"> <a href=\"https:\/\/altinnov.blog\/index.php\/fr\/2019\/08\/02\/street-art-paris-mur-ordener\/ckt-mur-ordener-2\/\" border=\"0\" itemprop=\"url\"> <meta itemprop=\"width\" content=\"566\"> <meta itemprop=\"height\" content=\"566\"> <img class=\"\" data-attachment-id=\"1540\" data-orig-file=\"https:\/\/altinnov.blog\/wp-content\/uploads\/2019\/08\/CKT-mur-Ordener-2.jpg\" data-orig-size=\"2448,2448\" data-comments-opened=\"1\" data-image-meta=\"{&quot;aperture&quot;:&quot;2.2&quot;,&quot;credit&quot;:&quot;&quot;,&quot;camera&quot;:&quot;iPhone 6&quot;,&quot;caption&quot;:&quot;&quot;,&quot;created_timestamp&quot;:&quot;1564572372&quot;,&quot;copyright&quot;:&quot;&quot;,&quot;focal_length&quot;:&quot;4.15&quot;,&quot;iso&quot;:&quot;32&quot;,&quot;shutter_speed&quot;:&quot;0.00063211125158028&quot;,&quot;title&quot;:&quot;&quot;,&quot;orientation&quot;:&quot;0&quot;}\" data-image-title=\"CKT-mur Ordener-2\" data-image-description=\"&lt;p&gt;Fresque et graffitis r\u00e9alis\u00e9s par le CKT Crew sur le mur Ordener \u00e0 Paris&lt;\/p&gt; \" data-medium-file=\"https:\/\/i0.wp.com\/altinnov.blog\/wp-content\/uploads\/2019\/08\/CKT-mur-Ordener-2.jpg?fit=300%2C300&#038;ssl=1\" data-large-file=\"https:\/\/i0.wp.com\/altinnov.blog\/wp-content\/uploads\/2019\/08\/CKT-mur-Ordener-2.jpg?fit=1024%2C1024&#038;ssl=1\" src=\"https:\/\/i0.wp.com\/altinnov.blog\/wp-content\/uploads\/2019\/08\/CKT-mur-Ordener-2.jpg?w=566&#038;h=566&#038;crop=1&#038;ssl=1\" srcset=\"https:\/\/i0.wp.com\/altinnov.blog\/wp-content\/uploads\/2019\/08\/CKT-mur-Ordener-2.jpg?w=2448&amp;ssl=1 2448w, https:\/\/i0.wp.com\/altinnov.blog\/wp-content\/uploads\/2019\/08\/CKT-mur-Ordener-2.jpg?resize=150%2C150&amp;ssl=1 150w, https:\/\/i0.wp.com\/altinnov.blog\/wp-content\/uploads\/2019\/08\/CKT-mur-Ordener-2.jpg?resize=300%2C300&amp;ssl=1 300w, https:\/\/i0.wp.com\/altinnov.blog\/wp-content\/uploads\/2019\/08\/CKT-mur-Ordener-2.jpg?resize=768%2C768&amp;ssl=1 768w, https:\/\/i0.wp.com\/altinnov.blog\/wp-content\/uploads\/2019\/08\/CKT-mur-Ordener-2.jpg?resize=1024%2C1024&amp;ssl=1 1024w, https:\/\/i0.wp.com\/altinnov.blog\/wp-content\/uploads\/2019\/08\/CKT-mur-Ordener-2.jpg?w=2280&amp;ssl=1 2280w\" width=\"566\" height=\"566\" loading=\"lazy\" data-original-width=\"566\" data-original-height=\"566\" itemprop=\"http:\/\/schema.org\/image\" title=\"CKT-mur Ordener-2\" alt=\"Fresque et graffitis r\u00e9alis\u00e9s par le CKT Crew sur le mur Ordener \u00e0 Paris\" style=\"width: 566px; height: 566px;\" \/> <\/a> <div class=\"tiled-gallery-caption\" itemprop=\"caption description\"> Copyright : @Altinnov <\/div> <\/div> <\/div> <!-- close group --> <\/div> <!-- close row --> <\/div>\n<div id=\"attachment_1542\" style=\"width: 1034px\" class=\"wp-caption aligncenter\"><img aria-describedby=\"caption-attachment-1542\" decoding=\"async\" loading=\"lazy\" class=\"size-large wp-image-1542\" src=\"https:\/\/i0.wp.com\/altinnov.blog\/wp-content\/uploads\/2019\/08\/Sun.C-934-Crew.jpg?resize=1024%2C576&#038;ssl=1\" alt=\"Fresque murale r\u00e9alis\u00e9e par Sun.C et le 934 Crew Mur Ordener Paris\" width=\"1024\" height=\"576\" srcset=\"https:\/\/i0.wp.com\/altinnov.blog\/wp-content\/uploads\/2019\/08\/Sun.C-934-Crew.jpg?resize=1024%2C576&amp;ssl=1 1024w, https:\/\/i0.wp.com\/altinnov.blog\/wp-content\/uploads\/2019\/08\/Sun.C-934-Crew.jpg?resize=300%2C169&amp;ssl=1 300w, https:\/\/i0.wp.com\/altinnov.blog\/wp-content\/uploads\/2019\/08\/Sun.C-934-Crew.jpg?resize=768%2C432&amp;ssl=1 768w, https:\/\/i0.wp.com\/altinnov.blog\/wp-content\/uploads\/2019\/08\/Sun.C-934-Crew.jpg?resize=1140%2C641&amp;ssl=1 1140w, https:\/\/i0.wp.com\/altinnov.blog\/wp-content\/uploads\/2019\/08\/Sun.C-934-Crew.jpg?resize=720%2C405&amp;ssl=1 720w, https:\/\/i0.wp.com\/altinnov.blog\/wp-content\/uploads\/2019\/08\/Sun.C-934-Crew.jpg?w=2280&amp;ssl=1 2280w\" sizes=\"(max-width: 1024px) 100vw, 1024px\" data-recalc-dims=\"1\" \/><p id=\"caption-attachment-1542\" class=\"wp-caption-text\">Sunc.C &amp; 934 Crew &#8211; Copyright : @Altinnov<\/p><\/div>\n<div id=\"attachment_1544\" style=\"width: 1034px\" class=\"wp-caption aligncenter\"><img aria-describedby=\"caption-attachment-1544\" decoding=\"async\" loading=\"lazy\" class=\"size-large wp-image-1544\" src=\"https:\/\/i0.wp.com\/altinnov.blog\/wp-content\/uploads\/2019\/08\/Andrew-Wallas.jpg?resize=1024%2C576&#038;ssl=1\" alt=\"Fresque murale repr\u00e9sentant Ang\u00e9lina Jolie - r\u00e9alis\u00e9e par Andrew Wallas sur le mur Ordener Paris\" width=\"1024\" height=\"576\" srcset=\"https:\/\/i0.wp.com\/altinnov.blog\/wp-content\/uploads\/2019\/08\/Andrew-Wallas.jpg?resize=1024%2C576&amp;ssl=1 1024w, https:\/\/i0.wp.com\/altinnov.blog\/wp-content\/uploads\/2019\/08\/Andrew-Wallas.jpg?resize=300%2C169&amp;ssl=1 300w, https:\/\/i0.wp.com\/altinnov.blog\/wp-content\/uploads\/2019\/08\/Andrew-Wallas.jpg?resize=768%2C432&amp;ssl=1 768w, https:\/\/i0.wp.com\/altinnov.blog\/wp-content\/uploads\/2019\/08\/Andrew-Wallas.jpg?resize=1140%2C641&amp;ssl=1 1140w, https:\/\/i0.wp.com\/altinnov.blog\/wp-content\/uploads\/2019\/08\/Andrew-Wallas.jpg?resize=720%2C405&amp;ssl=1 720w, https:\/\/i0.wp.com\/altinnov.blog\/wp-content\/uploads\/2019\/08\/Andrew-Wallas.jpg?w=2280&amp;ssl=1 2280w\" sizes=\"(max-width: 1024px) 100vw, 1024px\" data-recalc-dims=\"1\" \/><p id=\"caption-attachment-1544\" class=\"wp-caption-text\">Ang\u00e9lina Jolie par Andrew Wallas &#8211; Copyright : @Altinnov<\/p><\/div>\n<p>The Ordener wall is really long; so you can find all my fresco pictures and graffiti on my <strong><a href=\"https:\/\/www.instagram.com\/Altinnov\/\" target=\"_blank\" rel=\"noopener noreferrer\">Instagram<\/a><\/strong>.<\/p>\n<p>If you have the time and the desire, I invite you to travel with me in France at <a href=\"https:\/\/altinnov.blog\/index.php\/en\/2019\/07\/03\/street-art-city-french-countryside\/\"><strong>Street Art City<\/strong><\/a>, in <strong><a href=\"https:\/\/altinnov.blog\/index.php\/en\/2019\/07\/05\/graffiti-street-art-lyon-france\/\">Lyon<\/a><\/strong> and also in the small <a href=\"https:\/\/altinnov.blog\/index.php\/en\/2019\/06\/27\/graffitis-street-art-cadaques-salvador-dali-surreal\/\"><strong>Spanish village of Salvador Dal\u00ed; Cadaqu\u00e8s<\/strong><\/a>!<\/p>\n<p>If you liked, thank you for sharing and commenting; It will please me !<\/p>\n<p>See you soon for new walks around Street Art.<\/p>\n<div id=\"altin-1820953499\" class=\"altin-apres-le-contenu_2 altin-entity-placement\"><!-- Ezoic - bas article - native_bottom -->\r\n<div id=\"ezoic-pub-ad-placeholder-102\"> <\/div>\r\n<!-- End Ezoic - bas article - native_bottom --><\/div><div id=\"altin-2196494107\" class=\"altin-apres-le-contenu altin-entity-placement\" style=\"margin-left: auto;margin-right: auto;text-align: center;\"><script async src=\"\/\/pagead2.googlesyndication.com\/pagead\/js\/adsbygoogle.js?client=ca-pub-4035181110757945\" crossorigin=\"anonymous\"><\/script><ins class=\"adsbygoogle\" style=\"display:block; text-align:center;\" data-ad-client=\"ca-pub-4035181110757945\" \ndata-ad-slot=\"9414912321\" \ndata-ad-layout=\"in-article\"\ndata-ad-format=\"fluid\"><\/ins>\n<script> \n(adsbygoogle = window.adsbygoogle || []).push({}); \n<\/script>\n<\/div>","protected":false},"excerpt":{"rendered":"<p>The Ordener wall, located in the north of the 18th district of Paris, has been dedicated to Street Art for&hellip;<\/p>\n","protected":false},"author":1,"featured_media":1527,"comment_status":"open","ping_status":"open","sticky":false,"template":"","format":"standard","meta":{"jetpack_post_was_ever_published":false,"_jetpack_newsletter_access":"","_jetpack_dont_email_post_to_subs":false,"_jetpack_newsletter_tier_id":0,"_jetpack_memberships_contains_paywalled_content":false,"footnotes":"","_jetpack_memberships_contains_paid_content":false},"categories":[891],"tags":[1591,1585,1589,1057,1583,1587],"yoast_head":"<!-- This site is optimized with the Yoast SEO plugin v22.6 - https:\/\/yoast.com\/wordpress\/plugins\/seo\/ -->\n<title>in Paris, a Street Art wall transformed into a revolutionary pamphlet! - ALTINNOV<\/title>\n<meta name=\"description\" content=\"Le mur Ordener, \u00e0 Paris, est d\u00e9di\u00e9 au Street Art depuis des d\u00e9cennies. Mais voil\u00e0, le mur a chang\u00e9 de visage et est devenu libertaire et r\u00e9volutionnaire !\" \/>\n<meta name=\"robots\" content=\"index, follow, max-snippet:-1, max-image-preview:large, max-video-preview:-1\" \/>\n<link rel=\"canonical\" href=\"https:\/\/altinnov.blog\/index.php\/en\/2019\/08\/02\/paris-street-art-wall-revolutionary\/\" \/>\n<meta property=\"og:locale\" content=\"fr_FR\" \/>\n<meta property=\"og:type\" content=\"article\" \/>\n<meta property=\"og:title\" content=\"in Paris, a Street Art wall transformed into a revolutionary pamphlet! - ALTINNOV\" \/>\n<meta property=\"og:description\" content=\"Le mur Ordener, \u00e0 Paris, est d\u00e9di\u00e9 au Street Art depuis des d\u00e9cennies. Mais voil\u00e0, le mur a chang\u00e9 de visage et est devenu libertaire et r\u00e9volutionnaire !\" \/>\n<meta property=\"og:url\" content=\"https:\/\/altinnov.blog\/index.php\/en\/2019\/08\/02\/paris-street-art-wall-revolutionary\/\" \/>\n<meta property=\"og:site_name\" content=\"ALTINNOV\" \/>\n<meta property=\"article:publisher\" content=\"https:\/\/www.facebook.com\/Altinnov\/\" \/>\n<meta property=\"article:author\" content=\"https:\/\/www.facebook.com\/Altinnov\/\" \/>\n<meta property=\"article:published_time\" content=\"2019-08-02T12:04:35+00:00\" \/>\n<meta property=\"article:modified_time\" content=\"2021-01-12T18:15:12+00:00\" \/>\n<meta property=\"og:image\" content=\"https:\/\/altinnov.blog\/wp-content\/uploads\/2019\/08\/PBOY-Gustave-Courbet-1024x653.jpg\" \/>\n\t<meta property=\"og:image:width\" content=\"1024\" \/>\n\t<meta property=\"og:image:height\" content=\"653\" \/>\n\t<meta property=\"og:image:type\" content=\"image\/jpeg\" \/>\n<meta name=\"author\" content=\"S\u00e9verine\" \/>\n<meta name=\"twitter:card\" content=\"summary_large_image\" \/>\n<meta name=\"twitter:creator\" content=\"@Altinnov1\" \/>\n<meta name=\"twitter:site\" content=\"@Altinnov1\" \/>\n<meta name=\"twitter:label1\" content=\"\u00c9crit par\" \/>\n\t<meta name=\"twitter:data1\" content=\"S\u00e9verine\" \/>\n\t<meta name=\"twitter:label2\" content=\"Dur\u00e9e de lecture estim\u00e9e\" \/>\n\t<meta name=\"twitter:data2\" content=\"3 minutes\" \/>\n<script type=\"application\/ld+json\" class=\"yoast-schema-graph\">{\"@context\":\"https:\/\/schema.org\",\"@graph\":[{\"@type\":\"Article\",\"@id\":\"https:\/\/altinnov.blog\/index.php\/en\/2019\/08\/02\/paris-street-art-wall-revolutionary\/#article\",\"isPartOf\":{\"@id\":\"https:\/\/altinnov.blog\/index.php\/en\/2019\/08\/02\/paris-street-art-wall-revolutionary\/\"},\"author\":{\"name\":\"S\u00e9verine\",\"@id\":\"https:\/\/altinnov.blog\/#\/schema\/person\/fb38574bf72ee22878743e54d687ae5a\"},\"headline\":\"in Paris, a Street Art wall transformed into a revolutionary pamphlet!\",\"datePublished\":\"2019-08-02T12:04:35+00:00\",\"dateModified\":\"2021-01-12T18:15:12+00:00\",\"mainEntityOfPage\":{\"@id\":\"https:\/\/altinnov.blog\/index.php\/en\/2019\/08\/02\/paris-street-art-wall-revolutionary\/\"},\"wordCount\":668,\"commentCount\":2,\"publisher\":{\"@id\":\"https:\/\/altinnov.blog\/#\/schema\/person\/fb38574bf72ee22878743e54d687ae5a\"},\"image\":{\"@id\":\"https:\/\/altinnov.blog\/index.php\/en\/2019\/08\/02\/paris-street-art-wall-revolutionary\/#primaryimage\"},\"thumbnailUrl\":\"https:\/\/i0.wp.com\/altinnov.blog\/wp-content\/uploads\/2019\/08\/PBOY-Gustave-Courbet.jpg?fit=3264%2C2081&ssl=1\",\"keywords\":[\"Andrew Wallas\",\"Barth Le Sablier\",\"Black Lines Community\",\"France\",\"PBOY Pascal Boyart\",\"Sun.C\"],\"articleSection\":[\"Street Art Walks\"],\"inLanguage\":\"fr-FR\",\"potentialAction\":[{\"@type\":\"CommentAction\",\"name\":\"Comment\",\"target\":[\"https:\/\/altinnov.blog\/index.php\/en\/2019\/08\/02\/paris-street-art-wall-revolutionary\/#respond\"]}]},{\"@type\":\"WebPage\",\"@id\":\"https:\/\/altinnov.blog\/index.php\/en\/2019\/08\/02\/paris-street-art-wall-revolutionary\/\",\"url\":\"https:\/\/altinnov.blog\/index.php\/en\/2019\/08\/02\/paris-street-art-wall-revolutionary\/\",\"name\":\"in Paris, a Street Art wall transformed into a revolutionary pamphlet! - ALTINNOV\",\"isPartOf\":{\"@id\":\"https:\/\/altinnov.blog\/#website\"},\"primaryImageOfPage\":{\"@id\":\"https:\/\/altinnov.blog\/index.php\/en\/2019\/08\/02\/paris-street-art-wall-revolutionary\/#primaryimage\"},\"image\":{\"@id\":\"https:\/\/altinnov.blog\/index.php\/en\/2019\/08\/02\/paris-street-art-wall-revolutionary\/#primaryimage\"},\"thumbnailUrl\":\"https:\/\/i0.wp.com\/altinnov.blog\/wp-content\/uploads\/2019\/08\/PBOY-Gustave-Courbet.jpg?fit=3264%2C2081&ssl=1\",\"datePublished\":\"2019-08-02T12:04:35+00:00\",\"dateModified\":\"2021-01-12T18:15:12+00:00\",\"description\":\"Le mur Ordener, \u00e0 Paris, est d\u00e9di\u00e9 au Street Art depuis des d\u00e9cennies. Mais voil\u00e0, le mur a chang\u00e9 de visage et est devenu libertaire et r\u00e9volutionnaire !\",\"breadcrumb\":{\"@id\":\"https:\/\/altinnov.blog\/index.php\/en\/2019\/08\/02\/paris-street-art-wall-revolutionary\/#breadcrumb\"},\"inLanguage\":\"fr-FR\",\"potentialAction\":[{\"@type\":\"ReadAction\",\"target\":[\"https:\/\/altinnov.blog\/index.php\/en\/2019\/08\/02\/paris-street-art-wall-revolutionary\/\"]}]},{\"@type\":\"ImageObject\",\"inLanguage\":\"fr-FR\",\"@id\":\"https:\/\/altinnov.blog\/index.php\/en\/2019\/08\/02\/paris-street-art-wall-revolutionary\/#primaryimage\",\"url\":\"https:\/\/i0.wp.com\/altinnov.blog\/wp-content\/uploads\/2019\/08\/PBOY-Gustave-Courbet.jpg?fit=3264%2C2081&ssl=1\",\"contentUrl\":\"https:\/\/i0.wp.com\/altinnov.blog\/wp-content\/uploads\/2019\/08\/PBOY-Gustave-Courbet.jpg?fit=3264%2C2081&ssl=1\",\"width\":3264,\"height\":2081,\"caption\":\"Le d\u00e9sesp\u00e9r\u00e9 par PBOY - Photo \u00a9Altinnov\"},{\"@type\":\"BreadcrumbList\",\"@id\":\"https:\/\/altinnov.blog\/index.php\/en\/2019\/08\/02\/paris-street-art-wall-revolutionary\/#breadcrumb\",\"itemListElement\":[{\"@type\":\"ListItem\",\"position\":1,\"name\":\"Accueil\",\"item\":\"https:\/\/altinnov.blog\/\"},{\"@type\":\"ListItem\",\"position\":2,\"name\":\"in Paris, a Street Art wall transformed into a revolutionary pamphlet!\"}]},{\"@type\":\"WebSite\",\"@id\":\"https:\/\/altinnov.blog\/#website\",\"url\":\"https:\/\/altinnov.blog\/\",\"name\":\"ALTINNOV\",\"description\":\"BLOG STREET ART &amp; LIFESTYLE\",\"publisher\":{\"@id\":\"https:\/\/altinnov.blog\/#\/schema\/person\/fb38574bf72ee22878743e54d687ae5a\"},\"potentialAction\":[{\"@type\":\"SearchAction\",\"target\":{\"@type\":\"EntryPoint\",\"urlTemplate\":\"https:\/\/altinnov.blog\/?s={search_term_string}\"},\"query-input\":\"required name=search_term_string\"}],\"inLanguage\":\"fr-FR\"},{\"@type\":[\"Person\",\"Organization\"],\"@id\":\"https:\/\/altinnov.blog\/#\/schema\/person\/fb38574bf72ee22878743e54d687ae5a\",\"name\":\"S\u00e9verine\",\"image\":{\"@type\":\"ImageObject\",\"inLanguage\":\"fr-FR\",\"@id\":\"https:\/\/altinnov.blog\/#\/schema\/person\/image\/\",\"url\":\"https:\/\/i0.wp.com\/altinnov.blog\/wp-content\/uploads\/2021\/07\/SkatePark-re\u0301alise\u0301-par-JonOne-dans-lespace-transition-ephe\u0301me\u0300re-dAbbeville-scaled.jpg?fit=2560%2C1920&ssl=1\",\"contentUrl\":\"https:\/\/i0.wp.com\/altinnov.blog\/wp-content\/uploads\/2021\/07\/SkatePark-re\u0301alise\u0301-par-JonOne-dans-lespace-transition-ephe\u0301me\u0300re-dAbbeville-scaled.jpg?fit=2560%2C1920&ssl=1\",\"width\":2560,\"height\":1920,\"caption\":\"S\u00e9verine\"},\"logo\":{\"@id\":\"https:\/\/altinnov.blog\/#\/schema\/person\/image\/\"},\"sameAs\":[\"https:\/\/altinnov.blog\/\",\"https:\/\/www.facebook.com\/Altinnov\/\",\"https:\/\/www.instagram.com\/Altinnov\/\",\"https:\/\/www.linkedin.com\/in\/severinetp\/\",\"https:\/\/www.pinterest.fr\/SeverineTP\/\",\"https:\/\/x.com\/Altinnov1\"]}]}<\/script>\n<!-- \/ Yoast SEO plugin. -->","yoast_head_json":{"title":"in Paris, a Street Art wall transformed into a revolutionary pamphlet! - ALTINNOV","description":"Le mur Ordener, \u00e0 Paris, est d\u00e9di\u00e9 au Street Art depuis des d\u00e9cennies. Mais voil\u00e0, le mur a chang\u00e9 de visage et est devenu libertaire et r\u00e9volutionnaire !","robots":{"index":"index","follow":"follow","max-snippet":"max-snippet:-1","max-image-preview":"max-image-preview:large","max-video-preview":"max-video-preview:-1"},"canonical":"https:\/\/altinnov.blog\/index.php\/en\/2019\/08\/02\/paris-street-art-wall-revolutionary\/","og_locale":"fr_FR","og_type":"article","og_title":"in Paris, a Street Art wall transformed into a revolutionary pamphlet! - ALTINNOV","og_description":"Le mur Ordener, \u00e0 Paris, est d\u00e9di\u00e9 au Street Art depuis des d\u00e9cennies. Mais voil\u00e0, le mur a chang\u00e9 de visage et est devenu libertaire et r\u00e9volutionnaire !","og_url":"https:\/\/altinnov.blog\/index.php\/en\/2019\/08\/02\/paris-street-art-wall-revolutionary\/","og_site_name":"ALTINNOV","article_publisher":"https:\/\/www.facebook.com\/Altinnov\/","article_author":"https:\/\/www.facebook.com\/Altinnov\/","article_published_time":"2019-08-02T12:04:35+00:00","article_modified_time":"2021-01-12T18:15:12+00:00","og_image":[{"width":1024,"height":653,"url":"https:\/\/altinnov.blog\/wp-content\/uploads\/2019\/08\/PBOY-Gustave-Courbet-1024x653.jpg","type":"image\/jpeg"}],"author":"S\u00e9verine","twitter_card":"summary_large_image","twitter_creator":"@Altinnov1","twitter_site":"@Altinnov1","twitter_misc":{"\u00c9crit par":"S\u00e9verine","Dur\u00e9e de lecture estim\u00e9e":"3 minutes"},"schema":{"@context":"https:\/\/schema.org","@graph":[{"@type":"Article","@id":"https:\/\/altinnov.blog\/index.php\/en\/2019\/08\/02\/paris-street-art-wall-revolutionary\/#article","isPartOf":{"@id":"https:\/\/altinnov.blog\/index.php\/en\/2019\/08\/02\/paris-street-art-wall-revolutionary\/"},"author":{"name":"S\u00e9verine","@id":"https:\/\/altinnov.blog\/#\/schema\/person\/fb38574bf72ee22878743e54d687ae5a"},"headline":"in Paris, a Street Art wall transformed into a revolutionary pamphlet!","datePublished":"2019-08-02T12:04:35+00:00","dateModified":"2021-01-12T18:15:12+00:00","mainEntityOfPage":{"@id":"https:\/\/altinnov.blog\/index.php\/en\/2019\/08\/02\/paris-street-art-wall-revolutionary\/"},"wordCount":668,"commentCount":2,"publisher":{"@id":"https:\/\/altinnov.blog\/#\/schema\/person\/fb38574bf72ee22878743e54d687ae5a"},"image":{"@id":"https:\/\/altinnov.blog\/index.php\/en\/2019\/08\/02\/paris-street-art-wall-revolutionary\/#primaryimage"},"thumbnailUrl":"https:\/\/i0.wp.com\/altinnov.blog\/wp-content\/uploads\/2019\/08\/PBOY-Gustave-Courbet.jpg?fit=3264%2C2081&ssl=1","keywords":["Andrew Wallas","Barth Le Sablier","Black Lines Community","France","PBOY Pascal Boyart","Sun.C"],"articleSection":["Street Art Walks"],"inLanguage":"fr-FR","potentialAction":[{"@type":"CommentAction","name":"Comment","target":["https:\/\/altinnov.blog\/index.php\/en\/2019\/08\/02\/paris-street-art-wall-revolutionary\/#respond"]}]},{"@type":"WebPage","@id":"https:\/\/altinnov.blog\/index.php\/en\/2019\/08\/02\/paris-street-art-wall-revolutionary\/","url":"https:\/\/altinnov.blog\/index.php\/en\/2019\/08\/02\/paris-street-art-wall-revolutionary\/","name":"in Paris, a Street Art wall transformed into a revolutionary pamphlet! - ALTINNOV","isPartOf":{"@id":"https:\/\/altinnov.blog\/#website"},"primaryImageOfPage":{"@id":"https:\/\/altinnov.blog\/index.php\/en\/2019\/08\/02\/paris-street-art-wall-revolutionary\/#primaryimage"},"image":{"@id":"https:\/\/altinnov.blog\/index.php\/en\/2019\/08\/02\/paris-street-art-wall-revolutionary\/#primaryimage"},"thumbnailUrl":"https:\/\/i0.wp.com\/altinnov.blog\/wp-content\/uploads\/2019\/08\/PBOY-Gustave-Courbet.jpg?fit=3264%2C2081&ssl=1","datePublished":"2019-08-02T12:04:35+00:00","dateModified":"2021-01-12T18:15:12+00:00","description":"Le mur Ordener, \u00e0 Paris, est d\u00e9di\u00e9 au Street Art depuis des d\u00e9cennies. Mais voil\u00e0, le mur a chang\u00e9 de visage et est devenu libertaire et r\u00e9volutionnaire !","breadcrumb":{"@id":"https:\/\/altinnov.blog\/index.php\/en\/2019\/08\/02\/paris-street-art-wall-revolutionary\/#breadcrumb"},"inLanguage":"fr-FR","potentialAction":[{"@type":"ReadAction","target":["https:\/\/altinnov.blog\/index.php\/en\/2019\/08\/02\/paris-street-art-wall-revolutionary\/"]}]},{"@type":"ImageObject","inLanguage":"fr-FR","@id":"https:\/\/altinnov.blog\/index.php\/en\/2019\/08\/02\/paris-street-art-wall-revolutionary\/#primaryimage","url":"https:\/\/i0.wp.com\/altinnov.blog\/wp-content\/uploads\/2019\/08\/PBOY-Gustave-Courbet.jpg?fit=3264%2C2081&ssl=1","contentUrl":"https:\/\/i0.wp.com\/altinnov.blog\/wp-content\/uploads\/2019\/08\/PBOY-Gustave-Courbet.jpg?fit=3264%2C2081&ssl=1","width":3264,"height":2081,"caption":"Le d\u00e9sesp\u00e9r\u00e9 par PBOY - Photo \u00a9Altinnov"},{"@type":"BreadcrumbList","@id":"https:\/\/altinnov.blog\/index.php\/en\/2019\/08\/02\/paris-street-art-wall-revolutionary\/#breadcrumb","itemListElement":[{"@type":"ListItem","position":1,"name":"Accueil","item":"https:\/\/altinnov.blog\/"},{"@type":"ListItem","position":2,"name":"in Paris, a Street Art wall transformed into a revolutionary pamphlet!"}]},{"@type":"WebSite","@id":"https:\/\/altinnov.blog\/#website","url":"https:\/\/altinnov.blog\/","name":"ALTINNOV","description":"BLOG STREET ART &amp; LIFESTYLE","publisher":{"@id":"https:\/\/altinnov.blog\/#\/schema\/person\/fb38574bf72ee22878743e54d687ae5a"},"potentialAction":[{"@type":"SearchAction","target":{"@type":"EntryPoint","urlTemplate":"https:\/\/altinnov.blog\/?s={search_term_string}"},"query-input":"required name=search_term_string"}],"inLanguage":"fr-FR"},{"@type":["Person","Organization"],"@id":"https:\/\/altinnov.blog\/#\/schema\/person\/fb38574bf72ee22878743e54d687ae5a","name":"S\u00e9verine","image":{"@type":"ImageObject","inLanguage":"fr-FR","@id":"https:\/\/altinnov.blog\/#\/schema\/person\/image\/","url":"https:\/\/i0.wp.com\/altinnov.blog\/wp-content\/uploads\/2021\/07\/SkatePark-re\u0301alise\u0301-par-JonOne-dans-lespace-transition-ephe\u0301me\u0300re-dAbbeville-scaled.jpg?fit=2560%2C1920&ssl=1","contentUrl":"https:\/\/i0.wp.com\/altinnov.blog\/wp-content\/uploads\/2021\/07\/SkatePark-re\u0301alise\u0301-par-JonOne-dans-lespace-transition-ephe\u0301me\u0300re-dAbbeville-scaled.jpg?fit=2560%2C1920&ssl=1","width":2560,"height":1920,"caption":"S\u00e9verine"},"logo":{"@id":"https:\/\/altinnov.blog\/#\/schema\/person\/image\/"},"sameAs":["https:\/\/altinnov.blog\/","https:\/\/www.facebook.com\/Altinnov\/","https:\/\/www.instagram.com\/Altinnov\/","https:\/\/www.linkedin.com\/in\/severinetp\/","https:\/\/www.pinterest.fr\/SeverineTP\/","https:\/\/x.com\/Altinnov1"]}]}},"jetpack_sharing_enabled":true,"jetpack_featured_media_url":"https:\/\/i0.wp.com\/altinnov.blog\/wp-content\/uploads\/2019\/08\/PBOY-Gustave-Courbet.jpg?fit=3264%2C2081&ssl=1","jetpack_shortlink":"https:\/\/wp.me\/pakAzb-oX","jetpack_likes_enabled":false,"jetpack-related-posts":[],"_links":{"self":[{"href":"https:\/\/altinnov.blog\/index.php\/wp-json\/wp\/v2\/posts\/1547"}],"collection":[{"href":"https:\/\/altinnov.blog\/index.php\/wp-json\/wp\/v2\/posts"}],"about":[{"href":"https:\/\/altinnov.blog\/index.php\/wp-json\/wp\/v2\/types\/post"}],"author":[{"embeddable":true,"href":"https:\/\/altinnov.blog\/index.php\/wp-json\/wp\/v2\/users\/1"}],"replies":[{"embeddable":true,"href":"https:\/\/altinnov.blog\/index.php\/wp-json\/wp\/v2\/comments?post=1547"}],"version-history":[{"count":2,"href":"https:\/\/altinnov.blog\/index.php\/wp-json\/wp\/v2\/posts\/1547\/revisions"}],"predecessor-version":[{"id":1549,"href":"https:\/\/altinnov.blog\/index.php\/wp-json\/wp\/v2\/posts\/1547\/revisions\/1549"}],"wp:featuredmedia":[{"embeddable":true,"href":"https:\/\/altinnov.blog\/index.php\/wp-json\/wp\/v2\/media\/1527"}],"wp:attachment":[{"href":"https:\/\/altinnov.blog\/index.php\/wp-json\/wp\/v2\/media?parent=1547"}],"wp:term":[{"taxonomy":"category","embeddable":true,"href":"https:\/\/altinnov.blog\/index.php\/wp-json\/wp\/v2\/categories?post=1547"},{"taxonomy":"post_tag","embeddable":true,"href":"https:\/\/altinnov.blog\/index.php\/wp-json\/wp\/v2\/tags?post=1547"}],"curies":[{"name":"wp","href":"https:\/\/api.w.org\/{rel}","templated":true}]}}